{"id":415,"date":"2020-02-10T09:58:00","date_gmt":"2020-02-10T12:58:00","guid":{"rendered":"https:\/\/elcanillita.info\/press\/?p=415"},"modified":"2020-02-11T10:00:53","modified_gmt":"2020-02-11T13:00:53","slug":"satelite-victoria-iran-consigue-llegar-orbita","status":"publish","type":"post","link":"https:\/\/elcanillita.info\/press\/2020\/02\/10\/satelite-victoria-iran-consigue-llegar-orbita\/","title":{"rendered":"Sat\u00e9lite &#8220;Victoria&#8221; de Ir\u00e1n no consigue llegar a la \u00f3rbita"},"content":{"rendered":"\n<p>Teheran, 10.02.2020 &#8211; Ir\u00e1n dio a conocer el domingo un nuevo misil de corto alcance llamado Thunder y lanz\u00f3 un sat\u00e9lite al que denomin\u00f3 \u201cVictoria\u201d, que no pudo alcanzar la \u00f3rbita.<\/p>\n\n\n\n<p>Los acontecimientos tuvieron lugar en momentos de alta tensi\u00f3n con Estados Unidos, que orden\u00f3 matar al comandante militar iran\u00ed Qassem Soleimani en un bombardeo de aviones no tripulados en Bagdad el 3 de enero, lo que provoc\u00f3 un ataque con misiles iran\u00edes contra una base estadounidense en Irak.<\/p>\n\n\n\n<p>El ministro iran\u00ed de Tecnolog\u00eda de la Informaci\u00f3n y las Comunicaciones, Mohammad Javad Azari-Jahromi, dijo que el lanzamiento del sat\u00e9lite no hab\u00eda salido seg\u00fan lo planeado.<\/p>\n\n\n\n<p>\u201cQuer\u00eda hacerlos felices con buenas noticias, pero a veces la vida no sale como queremos. El lanzamiento no fue exitoso\u201d, declar\u00f3 en Twitter.<\/p>\n\n\n\n<p>Un funcionario del Ministerio de Defensa dijo anteriormente a la televisi\u00f3n estatal que el sat\u00e9lite \u201cZafar\u201d (\u201cVictoria\u201d) se hab\u00eda lanzado con \u00e9xito, pero no hab\u00eda alcanzado la \u00f3rbita.<\/p>\n\n\n\n<p>\u201cHaremos mejoras para futuros lanzamientos\u201d, declar\u00f3.<\/p>\n\n\n\n<p>Las autoridades estadounidenses dicen que temen que la tecnolog\u00eda bal\u00edstica de largo alcance utilizada para poner en \u00f3rbita sat\u00e9lites tambi\u00e9n pueda emplearse para lanzar ojivas nucleares. Teher\u00e1n dice que nunca ha buscado desarrollar armas nucleares.<\/p>\n\n\n\n<p>La televisi\u00f3n estatal inform\u00f3 que las Guardias Revolucionarios de Ir\u00e1n, que est\u00e1n a cargo del programa de misiles del pa\u00eds, hab\u00eda presentado el nuevo misil, llamado Raad-500, la expresi\u00f3n en farsi para Thunder (Trueno).<\/p>\n\n\n\n<p>Los gobernantes de Ir\u00e1n han dicho que el programa de misiles de Teher\u00e1n es exclusivamente defensivo.<\/p>\n\n\n\n<p>La primera imagen que el sat\u00e9lite deb\u00eda transmitir a los medios estatales habr\u00eda sido de Soleimani, dijo Azari-Jahromi a la televisi\u00f3n estatal.<\/p>\n\n\n<p>A\u00f1adi\u00f3 que el sat\u00e9lite fue lanzado desde el Centro Espacial Im\u00e1n Jomeini de Ir\u00e1n en la provincia de Semnan, una instalaci\u00f3n bajo el control del Ministerio de Defensa del pa\u00eds.<\/p>\n<p><small>SalaStampa.Eu, affiliate of the networks operated by Broadcasting Board of Governors \u00a9 2019 BBG<small><\/small><\/small><\/p>","protected":false},"excerpt":{"rendered":"<p>Teheran, 10.02.2020 &#8211; Ir\u00e1n dio a conocer el domingo un nuevo misil de corto alcance llamado Thunder y lanz\u00f3 un sat\u00e9lite al que denomin\u00f3 \u201cVictoria\u201d, que no pudo alcanzar la \u00f3rbita.<\/p>\n","protected":false},"author":1,"featured_media":0,"comment_status":"closed","ping_status":"closed","sticky":false,"template":"","format":"standard","meta":{"footnotes":"","_links_to":"","_links_to_target":""},"categories":[70,24,15,25],"tags":[31],"class_list":["post-415","post","type-post","status-publish","format-standard","hentry","category-actualidad","category-ciencia-tecnologia","category-medio-oriente","category-sociedad","tag-iran","entry","double"],"yoast_head":"<!-- This site is optimized with the Yoast SEO plugin v27.5 - https:\/\/yoast.com\/product\/yoast-seo-wordpress\/ -->\n<title>Sat\u00e9lite &quot;Victoria&quot; de Ir\u00e1n no consigue llegar a la \u00f3rbita - ElCanillita.Info<\/title>\n<meta name=\"robots\" content=\"index, follow, max-snippet:-1, max-image-preview:large, max-video-preview:-1\" \/>\n<link rel=\"canonical\" href=\"https:\/\/elcanillita.info\/press\/2020\/02\/10\/satelite-victoria-iran-consigue-llegar-orbita\/\" \/>\n<meta property=\"og:locale\" content=\"es_ES\" \/>\n<meta property=\"og:type\" content=\"article\" \/>\n<meta property=\"og:title\" content=\"Sat\u00e9lite &quot;Victoria&quot; de Ir\u00e1n no consigue llegar a la \u00f3rbita - ElCanillita.Info\" \/>\n<meta property=\"og:description\" content=\"Teheran, 10.02.2020 - Ir\u00e1n dio a conocer el domingo un nuevo misil de corto alcance llamado Thunder y lanz\u00f3 un sat\u00e9lite al que denomin\u00f3 \u201cVictoria\u201d, que no pudo alcanzar la \u00f3rbita.\" \/>\n<meta property=\"og:url\" content=\"https:\/\/elcanillita.info\/press\/2020\/02\/10\/satelite-victoria-iran-consigue-llegar-orbita\/\" \/>\n<meta property=\"og:site_name\" content=\"ElCanillita.Info\" \/>\n<meta property=\"article:publisher\" content=\"https:\/\/ar-ar.facebook.com\/ElCanillitainfo-114249515285712\/\" \/>\n<meta property=\"article:published_time\" content=\"2020-02-10T12:58:00+00:00\" \/>\n<meta property=\"article:modified_time\" content=\"2020-02-11T13:00:53+00:00\" \/>\n<meta name=\"author\" content=\"SalaStampa.eu, world press service\" \/>\n<meta name=\"twitter:card\" content=\"summary_large_image\" \/>\n<meta name=\"twitter:label1\" content=\"Escrito por\" \/>\n\t<meta name=\"twitter:data1\" content=\"SalaStampa.eu, world press service\" \/>\n\t<meta name=\"twitter:label2\" content=\"Tiempo de lectura\" \/>\n\t<meta name=\"twitter:data2\" content=\"2 minutos\" \/>\n<script type=\"application\/ld+json\" class=\"yoast-schema-graph\">{\"@context\":\"https:\\\/\\\/schema.org\",\"@graph\":[{\"@type\":\"Article\",\"@id\":\"https:\\\/\\\/elcanillita.info\\\/press\\\/2020\\\/02\\\/10\\\/satelite-victoria-iran-consigue-llegar-orbita\\\/#article\",\"isPartOf\":{\"@id\":\"https:\\\/\\\/elcanillita.info\\\/press\\\/2020\\\/02\\\/10\\\/satelite-victoria-iran-consigue-llegar-orbita\\\/\"},\"author\":{\"name\":\"SalaStampa.eu, world press service\",\"@id\":\"https:\\\/\\\/elcanillita.info\\\/press\\\/#\\\/schema\\\/person\\\/7fcb79f38045700919f7da6d97e71ba0\"},\"headline\":\"Sat\u00e9lite &#8220;Victoria&#8221; de Ir\u00e1n no consigue llegar a la \u00f3rbita\",\"datePublished\":\"2020-02-10T12:58:00+00:00\",\"dateModified\":\"2020-02-11T13:00:53+00:00\",\"mainEntityOfPage\":{\"@id\":\"https:\\\/\\\/elcanillita.info\\\/press\\\/2020\\\/02\\\/10\\\/satelite-victoria-iran-consigue-llegar-orbita\\\/\"},\"wordCount\":359,\"publisher\":{\"@id\":\"https:\\\/\\\/elcanillita.info\\\/press\\\/#organization\"},\"keywords\":[\"Ir\u00e1n\"],\"articleSection\":[\"Actualidad\",\"Ciencia y Tecnologia\",\"Medio Oriente\",\"Sociedad\"],\"inLanguage\":\"es-AR\"},{\"@type\":\"WebPage\",\"@id\":\"https:\\\/\\\/elcanillita.info\\\/press\\\/2020\\\/02\\\/10\\\/satelite-victoria-iran-consigue-llegar-orbita\\\/\",\"url\":\"https:\\\/\\\/elcanillita.info\\\/press\\\/2020\\\/02\\\/10\\\/satelite-victoria-iran-consigue-llegar-orbita\\\/\",\"name\":\"Sat\u00e9lite \\\"Victoria\\\" de Ir\u00e1n no consigue llegar a la \u00f3rbita - ElCanillita.Info\",\"isPartOf\":{\"@id\":\"https:\\\/\\\/elcanillita.info\\\/press\\\/#website\"},\"datePublished\":\"2020-02-10T12:58:00+00:00\",\"dateModified\":\"2020-02-11T13:00:53+00:00\",\"inLanguage\":\"es-AR\",\"potentialAction\":[{\"@type\":\"ReadAction\",\"target\":[\"https:\\\/\\\/elcanillita.info\\\/press\\\/2020\\\/02\\\/10\\\/satelite-victoria-iran-consigue-llegar-orbita\\\/\"]}]},{\"@type\":\"WebSite\",\"@id\":\"https:\\\/\\\/elcanillita.info\\\/press\\\/#website\",\"url\":\"https:\\\/\\\/elcanillita.info\\\/press\\\/\",\"name\":\"ElCanillita.Info\",\"description\":\"desde los Apeninos a los Andes\",\"publisher\":{\"@id\":\"https:\\\/\\\/elcanillita.info\\\/press\\\/#organization\"},\"potentialAction\":[{\"@type\":\"SearchAction\",\"target\":{\"@type\":\"EntryPoint\",\"urlTemplate\":\"https:\\\/\\\/elcanillita.info\\\/press\\\/?s={search_term_string}\"},\"query-input\":{\"@type\":\"PropertyValueSpecification\",\"valueRequired\":true,\"valueName\":\"search_term_string\"}}],\"inLanguage\":\"es-AR\"},{\"@type\":\"Organization\",\"@id\":\"https:\\\/\\\/elcanillita.info\\\/press\\\/#organization\",\"name\":\"Guzzo Photos & Graphic Publications\",\"url\":\"https:\\\/\\\/elcanillita.info\\\/press\\\/\",\"logo\":{\"@type\":\"ImageObject\",\"inLanguage\":\"es-AR\",\"@id\":\"https:\\\/\\\/elcanillita.info\\\/press\\\/#\\\/schema\\\/logo\\\/image\\\/\",\"url\":\"https:\\\/\\\/elcanillita.info\\\/press\\\/images\\\/2020\\\/01\\\/cropped-cropped-cropped-elcanillitainfo.png\",\"contentUrl\":\"https:\\\/\\\/elcanillita.info\\\/press\\\/images\\\/2020\\\/01\\\/cropped-cropped-cropped-elcanillitainfo.png\",\"width\":460,\"height\":50,\"caption\":\"Guzzo Photos & Graphic Publications\"},\"image\":{\"@id\":\"https:\\\/\\\/elcanillita.info\\\/press\\\/#\\\/schema\\\/logo\\\/image\\\/\"},\"sameAs\":[\"https:\\\/\\\/ar-ar.facebook.com\\\/ElCanillitainfo-114249515285712\\\/\"]},{\"@type\":\"Person\",\"@id\":\"https:\\\/\\\/elcanillita.info\\\/press\\\/#\\\/schema\\\/person\\\/7fcb79f38045700919f7da6d97e71ba0\",\"name\":\"SalaStampa.eu, world press service\",\"image\":{\"@type\":\"ImageObject\",\"inLanguage\":\"es-AR\",\"@id\":\"https:\\\/\\\/secure.gravatar.com\\\/avatar\\\/c2f0e0d515a107624234994507816ca4724c7199cef73fc8bedebf6931d73888?s=96&d=mm&r=g\",\"url\":\"https:\\\/\\\/secure.gravatar.com\\\/avatar\\\/c2f0e0d515a107624234994507816ca4724c7199cef73fc8bedebf6931d73888?s=96&d=mm&r=g\",\"contentUrl\":\"https:\\\/\\\/secure.gravatar.com\\\/avatar\\\/c2f0e0d515a107624234994507816ca4724c7199cef73fc8bedebf6931d73888?s=96&d=mm&r=g\",\"caption\":\"SalaStampa.eu, world press service\"}}]}<\/script>\n<!-- \/ Yoast SEO plugin. -->","yoast_head_json":{"title":"Sat\u00e9lite \"Victoria\" de Ir\u00e1n no consigue llegar a la \u00f3rbita - ElCanillita.Info","robots":{"index":"index","follow":"follow","max-snippet":"max-snippet:-1","max-image-preview":"max-image-preview:large","max-video-preview":"max-video-preview:-1"},"canonical":"https:\/\/elcanillita.info\/press\/2020\/02\/10\/satelite-victoria-iran-consigue-llegar-orbita\/","og_locale":"es_ES","og_type":"article","og_title":"Sat\u00e9lite \"Victoria\" de Ir\u00e1n no consigue llegar a la \u00f3rbita - ElCanillita.Info","og_description":"Teheran, 10.02.2020 - Ir\u00e1n dio a conocer el domingo un nuevo misil de corto alcance llamado Thunder y lanz\u00f3 un sat\u00e9lite al que denomin\u00f3 \u201cVictoria\u201d, que no pudo alcanzar la \u00f3rbita.","og_url":"https:\/\/elcanillita.info\/press\/2020\/02\/10\/satelite-victoria-iran-consigue-llegar-orbita\/","og_site_name":"ElCanillita.Info","article_publisher":"https:\/\/ar-ar.facebook.com\/ElCanillitainfo-114249515285712\/","article_published_time":"2020-02-10T12:58:00+00:00","article_modified_time":"2020-02-11T13:00:53+00:00","author":"SalaStampa.eu, world press service","twitter_card":"summary_large_image","twitter_misc":{"Escrito por":"SalaStampa.eu, world press service","Tiempo de lectura":"2 minutos"},"schema":{"@context":"https:\/\/schema.org","@graph":[{"@type":"Article","@id":"https:\/\/elcanillita.info\/press\/2020\/02\/10\/satelite-victoria-iran-consigue-llegar-orbita\/#article","isPartOf":{"@id":"https:\/\/elcanillita.info\/press\/2020\/02\/10\/satelite-victoria-iran-consigue-llegar-orbita\/"},"author":{"name":"SalaStampa.eu, world press service","@id":"https:\/\/elcanillita.info\/press\/#\/schema\/person\/7fcb79f38045700919f7da6d97e71ba0"},"headline":"Sat\u00e9lite &#8220;Victoria&#8221; de Ir\u00e1n no consigue llegar a la \u00f3rbita","datePublished":"2020-02-10T12:58:00+00:00","dateModified":"2020-02-11T13:00:53+00:00","mainEntityOfPage":{"@id":"https:\/\/elcanillita.info\/press\/2020\/02\/10\/satelite-victoria-iran-consigue-llegar-orbita\/"},"wordCount":359,"publisher":{"@id":"https:\/\/elcanillita.info\/press\/#organization"},"keywords":["Ir\u00e1n"],"articleSection":["Actualidad","Ciencia y Tecnologia","Medio Oriente","Sociedad"],"inLanguage":"es-AR"},{"@type":"WebPage","@id":"https:\/\/elcanillita.info\/press\/2020\/02\/10\/satelite-victoria-iran-consigue-llegar-orbita\/","url":"https:\/\/elcanillita.info\/press\/2020\/02\/10\/satelite-victoria-iran-consigue-llegar-orbita\/","name":"Sat\u00e9lite \"Victoria\" de Ir\u00e1n no consigue llegar a la \u00f3rbita - ElCanillita.Info","isPartOf":{"@id":"https:\/\/elcanillita.info\/press\/#website"},"datePublished":"2020-02-10T12:58:00+00:00","dateModified":"2020-02-11T13:00:53+00:00","inLanguage":"es-AR","potentialAction":[{"@type":"ReadAction","target":["https:\/\/elcanillita.info\/press\/2020\/02\/10\/satelite-victoria-iran-consigue-llegar-orbita\/"]}]},{"@type":"WebSite","@id":"https:\/\/elcanillita.info\/press\/#website","url":"https:\/\/elcanillita.info\/press\/","name":"ElCanillita.Info","description":"desde los Apeninos a los Andes","publisher":{"@id":"https:\/\/elcanillita.info\/press\/#organization"},"potentialAction":[{"@type":"SearchAction","target":{"@type":"EntryPoint","urlTemplate":"https:\/\/elcanillita.info\/press\/?s={search_term_string}"},"query-input":{"@type":"PropertyValueSpecification","valueRequired":true,"valueName":"search_term_string"}}],"inLanguage":"es-AR"},{"@type":"Organization","@id":"https:\/\/elcanillita.info\/press\/#organization","name":"Guzzo Photos & Graphic Publications","url":"https:\/\/elcanillita.info\/press\/","logo":{"@type":"ImageObject","inLanguage":"es-AR","@id":"https:\/\/elcanillita.info\/press\/#\/schema\/logo\/image\/","url":"https:\/\/elcanillita.info\/press\/images\/2020\/01\/cropped-cropped-cropped-elcanillitainfo.png","contentUrl":"https:\/\/elcanillita.info\/press\/images\/2020\/01\/cropped-cropped-cropped-elcanillitainfo.png","width":460,"height":50,"caption":"Guzzo Photos & Graphic Publications"},"image":{"@id":"https:\/\/elcanillita.info\/press\/#\/schema\/logo\/image\/"},"sameAs":["https:\/\/ar-ar.facebook.com\/ElCanillitainfo-114249515285712\/"]},{"@type":"Person","@id":"https:\/\/elcanillita.info\/press\/#\/schema\/person\/7fcb79f38045700919f7da6d97e71ba0","name":"SalaStampa.eu, world press service","image":{"@type":"ImageObject","inLanguage":"es-AR","@id":"https:\/\/secure.gravatar.com\/avatar\/c2f0e0d515a107624234994507816ca4724c7199cef73fc8bedebf6931d73888?s=96&d=mm&r=g","url":"https:\/\/secure.gravatar.com\/avatar\/c2f0e0d515a107624234994507816ca4724c7199cef73fc8bedebf6931d73888?s=96&d=mm&r=g","contentUrl":"https:\/\/secure.gravatar.com\/avatar\/c2f0e0d515a107624234994507816ca4724c7199cef73fc8bedebf6931d73888?s=96&d=mm&r=g","caption":"SalaStampa.eu, world press service"}}]}},"views":766,"_links":{"self":[{"href":"https:\/\/elcanillita.info\/press\/wp-json\/wp\/v2\/posts\/415","targetHints":{"allow":["GET"]}}],"collection":[{"href":"https:\/\/elcanillita.info\/press\/wp-json\/wp\/v2\/posts"}],"about":[{"href":"https:\/\/elcanillita.info\/press\/wp-json\/wp\/v2\/types\/post"}],"author":[{"embeddable":true,"href":"https:\/\/elcanillita.info\/press\/wp-json\/wp\/v2\/users\/1"}],"replies":[{"embeddable":true,"href":"https:\/\/elcanillita.info\/press\/wp-json\/wp\/v2\/comments?post=415"}],"version-history":[{"count":0,"href":"https:\/\/elcanillita.info\/press\/wp-json\/wp\/v2\/posts\/415\/revisions"}],"wp:attachment":[{"href":"https:\/\/elcanillita.info\/press\/wp-json\/wp\/v2\/media?parent=415"}],"wp:term":[{"taxonomy":"category","embeddable":true,"href":"https:\/\/elcanillita.info\/press\/wp-json\/wp\/v2\/categories?post=415"},{"taxonomy":"post_tag","embeddable":true,"href":"https:\/\/elcanillita.info\/press\/wp-json\/wp\/v2\/tags?post=415"}],"curies":[{"name":"wp","href":"https:\/\/api.w.org\/{rel}","templated":true}]}}