{"id":4145,"date":"2024-06-09T14:11:36","date_gmt":"2024-06-09T17:11:36","guid":{"rendered":"https:\/\/elcanillita.info\/press\/?p=4145"},"modified":"2024-06-09T15:49:14","modified_gmt":"2024-06-09T18:49:14","slug":"the-godfather-argentino","status":"publish","type":"post","link":"https:\/\/elcanillita.info\/press\/2024\/06\/09\/the-godfather-argentino\/","title":{"rendered":"The Godfather argentino"},"content":{"rendered":"\n<figure class=\"wp-block-image size-full\"><img loading=\"lazy\" decoding=\"async\" width=\"600\" height=\"400\" src=\"https:\/\/elcanillita.info\/press\/images\/2024\/01\/edpension.jpg\" alt=\"\" class=\"wp-image-3964\" srcset=\"https:\/\/elcanillita.info\/press\/images\/2024\/01\/edpension.jpg 600w, https:\/\/elcanillita.info\/press\/images\/2024\/01\/edpension-300x200.jpg 300w\" sizes=\"auto, (max-width: 600px) 100vw, 600px\" \/><\/figure>\n\n\n\n<p><strong>por Enrique Guillermo Avogadro<\/strong><\/p>\n\n\n\n<p>Buenos Aires, 9 Junio 2024<br>Sin caer en la paranoia, la forma en que se est\u00e1n comportando los actores de la oposici\u00f3n al gobierno no hace m\u00e1s que confirmar sus intenciones destituyentes; no hay m\u00e1s que ver la parici\u00f3n de una nueva alianza entre el sindicalista Hugo Moyano y sus camioneros, y los gremios trotskistas y kirchneristas que componen la CTA (incluyendo a los maestros de Baradel), que ahora busca incorporar a los delincuenciales movimientos sociales.<br>Esa apertura del Jimmy Hoffa local respecto a la c\u00fapula de la CGT, que integra, promete la divisi\u00f3n de la central obrera, ya que los \u201cgordos\u201d est\u00e1n convencidos de que cargan en sus mochilas con un enorme desprestigio y consideran que no es momento, a\u00fan, para romper lanzas con un Gobierno que, a pesar de la monumental crisis, conserva un voluminoso respaldo de la sociedad.<\/p>\n\n\n\n<p>Los gremialistas comparten con los miembros del H\u00b0 Aguantadero el \u00faltimo escal\u00f3n en la consideraci\u00f3n de la ciudadan\u00eda, que los culpa por la sistem\u00e1tica negativa a sancionar alguna de las leyes que Javier Milei, a seis meses de su asunci\u00f3n, necesita para encarar el cambio que, un 56% de los votantes eligi\u00f3, y que mira con verdadero asco c\u00f3mo intentan dinamitar todos los esfuerzos que hicimos en ese per\u00edodo para reducir el gasto y disminuir la inflaci\u00f3n, mientras se auto-incrementan los salarios.<\/p>\n\n\n\n<p>Los efectos de esa conducta, que implicar\u00eda volver al dispendio de los recursos p\u00fablicos y a la desenfrenada corrupci\u00f3n que produjeron la persistente decadencia nacional durante ochenta a\u00f1os, se vieron de inmediato en los mercados internacionales, en los cuales las acciones y los bonos argentinos recibieron un duro castigo a la par que el riesgo-pa\u00eds retornaba a niveles de default.<br>Y es que todos ellos \u2013legisladores de todos los colores y gremialistas eternos- saben que, si La Libertad Avanza logra imponerse en los comicios de octubre de 2025, el ciclo vital de los dirigentes ricos y dirigidos pobres se habr\u00e1 terminado y, probablemente, muchos de los primeros terminen tras las rejas al no poder explicar sus inmensas fortunas.<\/p>\n\n\n\n<p>Entonces, aunque signifique sacrificar la \u00faltima oportunidad de regeneraci\u00f3n para este tan sufrido pa\u00eds zafe de caer al precipicio definitivo y desaparezca como naci\u00f3n independiente, como ha sucedido con tantas en la historia, est\u00e1n dispuestos a cualquier canallada para conservar poder y privilegios.<br>Pero es posible, aunque poco probable dados los antecedentes, que esta vez encuentren una fuerte resistencia en la calle de parte de aqu\u00e9llos que han tomado conciencia de la imperiosa necesidad de cambiar para sobrevivir y salga a defender a este Presidente que, con todos sus defectos, encarna el generalizado pavor al regreso de los muertos vivos responsables del fracaso nacional en todos los campos en los cuales la presencia del Estado es inevitable (salud, educaci\u00f3n, justicia, defensa, seguridad y relaciones exteriores) e imprescindible.<\/p>\n\n\n\n<p>De todos modos, deber\u00edamos exigir a Milei que explique claramente por qu\u00e9 se mantienen los enormes para\u00edsos fiscales de los que gozan las armadur\u00edas de Tierra del Fuego, por qu\u00e9 permite que unos pocos se enriquezcan con la explotaci\u00f3n de los recursos pesqueros del Mar Argentino, y por qu\u00e9 a\u00fan es tan tolerante con la industria del juego, todas actividades que, de ser recortadas o eliminadas sus canonj\u00edas impositivas, permitir\u00edan mejorar las cuentas p\u00fablicas en forma sustancial.<br>Pensemos que, con s\u00f3lo un fallo de la Corte Suprema, ahora el \u201cse\u00f1or del tabaco\u201d deber\u00e1 pagar a las arcas del Estado la bonita suma de US$ 400 millones, que unos extra\u00f1os jueces le permitieron evadir durante varios a\u00f1os.<\/p>\n\n\n\n<p>La otra espl\u00e9ndida noticia que lleg\u00f3 desde la c\u00fapula del Poder Judicial fue la revocatoria del rar\u00edsimo sobreseimiento que hab\u00eda beneficiado a Crist\u00f3bal L\u00f3pez y Fabi\u00e1n de Souza por el robo de US$ 1000 millones del impuesto a los combustibles, una cantidad enorme que les permiti\u00f3 comprar empresas de todo tipo, incluyendo medios de comunicaci\u00f3n desde los cuales se dispara diariamente contra el Gobierno.<\/p>\n\n\n\n<p>Pero no debemos olvidar tampoco que, mientras tantos personajes condenados por corrupci\u00f3n siguen libres y cobrando del Estado jubilaciones de privilegio, tantos otros, ya ancianos y enfermos, permanecen injustamente tras las rejas, expulsados de las fuerzas armadas y sin percibir suma alguna.<\/p>\n\n\n\n<p>Esta semana habr\u00e1 que alquilar otra vez balcones para ver qu\u00e9 hace el Senado cuando trate tanto la Ley de Bases como el nuevo r\u00e9gimen previsional que llegar\u00e1, con media sanci\u00f3n, desde Diputados.<br><br><small>\u00a9 Copyright 2024 Enrique Guillermo Avogadro<br>\u00a9 2024 ElCanillita.info \/ SalaStampa.Eu, servicio mundial de prensa<\/small><\/p>\n","protected":false},"excerpt":{"rendered":"<p>La parici\u00f3n de una nueva alianza entre el sindicalista Hugo Moyano y sus camioneros, y los gremios trotskistas y kirchneristas que componen la CTA (incluyendo a los maestros de Baradel), ahora busca incorporar a los delincuenciales movimientos sociales.<\/p>\n","protected":false},"author":1,"featured_media":2597,"comment_status":"closed","ping_status":"closed","sticky":false,"template":"","format":"standard","meta":{"footnotes":"","_links_to":"","_links_to_target":""},"categories":[108,121,70,118,23],"tags":[],"class_list":["post-4145","post","type-post","status-publish","format-standard","has-post-thumbnail","hentry","category-blogdiario","category-dc24","category-actualidad","category-corrupcion","category-politica","entry","double"],"yoast_head":"<!-- This site is optimized with the Yoast SEO plugin v27.4 - https:\/\/yoast.com\/product\/yoast-seo-wordpress\/ -->\n<title>The Godfather argentino - ElCanillita.Info<\/title>\n<meta name=\"robots\" content=\"index, follow, max-snippet:-1, max-image-preview:large, max-video-preview:-1\" \/>\n<link rel=\"canonical\" href=\"https:\/\/elcanillita.info\/press\/2024\/06\/09\/the-godfather-argentino\/\" \/>\n<meta property=\"og:locale\" content=\"es_ES\" \/>\n<meta property=\"og:type\" content=\"article\" \/>\n<meta property=\"og:title\" content=\"The Godfather argentino - ElCanillita.Info\" \/>\n<meta property=\"og:description\" content=\"La parici\u00f3n de una nueva alianza entre el sindicalista Hugo Moyano y sus camioneros, y los gremios trotskistas y kirchneristas que componen la CTA (incluyendo a los maestros de Baradel), ahora busca incorporar a los delincuenciales movimientos sociales.\" \/>\n<meta property=\"og:url\" content=\"https:\/\/elcanillita.info\/press\/2024\/06\/09\/the-godfather-argentino\/\" \/>\n<meta property=\"og:site_name\" content=\"ElCanillita.Info\" \/>\n<meta property=\"article:publisher\" content=\"https:\/\/ar-ar.facebook.com\/ElCanillitainfo-114249515285712\/\" \/>\n<meta property=\"article:published_time\" content=\"2024-06-09T17:11:36+00:00\" \/>\n<meta property=\"article:modified_time\" content=\"2024-06-09T18:49:14+00:00\" \/>\n<meta property=\"og:image\" content=\"https:\/\/elcanillita.info\/press\/images\/2022\/07\/omerta-1.jpg\" \/>\n\t<meta property=\"og:image:width\" content=\"600\" \/>\n\t<meta property=\"og:image:height\" content=\"403\" \/>\n\t<meta property=\"og:image:type\" content=\"image\/jpeg\" \/>\n<meta name=\"author\" content=\"SalaStampa.eu, world press service\" \/>\n<meta name=\"twitter:card\" content=\"summary_large_image\" \/>\n<meta name=\"twitter:label1\" content=\"Escrito por\" \/>\n\t<meta name=\"twitter:data1\" content=\"SalaStampa.eu, world press service\" \/>\n\t<meta name=\"twitter:label2\" content=\"Tiempo de lectura\" \/>\n\t<meta name=\"twitter:data2\" content=\"4 minutos\" \/>\n<script type=\"application\/ld+json\" class=\"yoast-schema-graph\">{\"@context\":\"https:\\\/\\\/schema.org\",\"@graph\":[{\"@type\":\"Article\",\"@id\":\"https:\\\/\\\/elcanillita.info\\\/press\\\/2024\\\/06\\\/09\\\/the-godfather-argentino\\\/#article\",\"isPartOf\":{\"@id\":\"https:\\\/\\\/elcanillita.info\\\/press\\\/2024\\\/06\\\/09\\\/the-godfather-argentino\\\/\"},\"author\":{\"name\":\"SalaStampa.eu, world press service\",\"@id\":\"https:\\\/\\\/elcanillita.info\\\/press\\\/#\\\/schema\\\/person\\\/7fcb79f38045700919f7da6d97e71ba0\"},\"headline\":\"The Godfather argentino\",\"datePublished\":\"2024-06-09T17:11:36+00:00\",\"dateModified\":\"2024-06-09T18:49:14+00:00\",\"mainEntityOfPage\":{\"@id\":\"https:\\\/\\\/elcanillita.info\\\/press\\\/2024\\\/06\\\/09\\\/the-godfather-argentino\\\/\"},\"wordCount\":787,\"publisher\":{\"@id\":\"https:\\\/\\\/elcanillita.info\\\/press\\\/#organization\"},\"image\":{\"@id\":\"https:\\\/\\\/elcanillita.info\\\/press\\\/2024\\\/06\\\/09\\\/the-godfather-argentino\\\/#primaryimage\"},\"thumbnailUrl\":\"https:\\\/\\\/elcanillita.info\\\/press\\\/images\\\/2022\\\/07\\\/omerta-1.jpg\",\"articleSection\":[\".\",\".\",\"Actualidad\",\"Corrupci\u00f3n\",\"Politica\"],\"inLanguage\":\"es-AR\"},{\"@type\":\"WebPage\",\"@id\":\"https:\\\/\\\/elcanillita.info\\\/press\\\/2024\\\/06\\\/09\\\/the-godfather-argentino\\\/\",\"url\":\"https:\\\/\\\/elcanillita.info\\\/press\\\/2024\\\/06\\\/09\\\/the-godfather-argentino\\\/\",\"name\":\"The Godfather argentino - ElCanillita.Info\",\"isPartOf\":{\"@id\":\"https:\\\/\\\/elcanillita.info\\\/press\\\/#website\"},\"primaryImageOfPage\":{\"@id\":\"https:\\\/\\\/elcanillita.info\\\/press\\\/2024\\\/06\\\/09\\\/the-godfather-argentino\\\/#primaryimage\"},\"image\":{\"@id\":\"https:\\\/\\\/elcanillita.info\\\/press\\\/2024\\\/06\\\/09\\\/the-godfather-argentino\\\/#primaryimage\"},\"thumbnailUrl\":\"https:\\\/\\\/elcanillita.info\\\/press\\\/images\\\/2022\\\/07\\\/omerta-1.jpg\",\"datePublished\":\"2024-06-09T17:11:36+00:00\",\"dateModified\":\"2024-06-09T18:49:14+00:00\",\"inLanguage\":\"es-AR\",\"potentialAction\":[{\"@type\":\"ReadAction\",\"target\":[\"https:\\\/\\\/elcanillita.info\\\/press\\\/2024\\\/06\\\/09\\\/the-godfather-argentino\\\/\"]}]},{\"@type\":\"ImageObject\",\"inLanguage\":\"es-AR\",\"@id\":\"https:\\\/\\\/elcanillita.info\\\/press\\\/2024\\\/06\\\/09\\\/the-godfather-argentino\\\/#primaryimage\",\"url\":\"https:\\\/\\\/elcanillita.info\\\/press\\\/images\\\/2022\\\/07\\\/omerta-1.jpg\",\"contentUrl\":\"https:\\\/\\\/elcanillita.info\\\/press\\\/images\\\/2022\\\/07\\\/omerta-1.jpg\",\"width\":600,\"height\":403},{\"@type\":\"WebSite\",\"@id\":\"https:\\\/\\\/elcanillita.info\\\/press\\\/#website\",\"url\":\"https:\\\/\\\/elcanillita.info\\\/press\\\/\",\"name\":\"ElCanillita.Info\",\"description\":\"desde los Apeninos a los Andes\",\"publisher\":{\"@id\":\"https:\\\/\\\/elcanillita.info\\\/press\\\/#organization\"},\"potentialAction\":[{\"@type\":\"SearchAction\",\"target\":{\"@type\":\"EntryPoint\",\"urlTemplate\":\"https:\\\/\\\/elcanillita.info\\\/press\\\/?s={search_term_string}\"},\"query-input\":{\"@type\":\"PropertyValueSpecification\",\"valueRequired\":true,\"valueName\":\"search_term_string\"}}],\"inLanguage\":\"es-AR\"},{\"@type\":\"Organization\",\"@id\":\"https:\\\/\\\/elcanillita.info\\\/press\\\/#organization\",\"name\":\"Guzzo Photos & Graphic Publications\",\"url\":\"https:\\\/\\\/elcanillita.info\\\/press\\\/\",\"logo\":{\"@type\":\"ImageObject\",\"inLanguage\":\"es-AR\",\"@id\":\"https:\\\/\\\/elcanillita.info\\\/press\\\/#\\\/schema\\\/logo\\\/image\\\/\",\"url\":\"https:\\\/\\\/elcanillita.info\\\/press\\\/images\\\/2020\\\/01\\\/cropped-cropped-cropped-elcanillitainfo.png\",\"contentUrl\":\"https:\\\/\\\/elcanillita.info\\\/press\\\/images\\\/2020\\\/01\\\/cropped-cropped-cropped-elcanillitainfo.png\",\"width\":460,\"height\":50,\"caption\":\"Guzzo Photos & Graphic Publications\"},\"image\":{\"@id\":\"https:\\\/\\\/elcanillita.info\\\/press\\\/#\\\/schema\\\/logo\\\/image\\\/\"},\"sameAs\":[\"https:\\\/\\\/ar-ar.facebook.com\\\/ElCanillitainfo-114249515285712\\\/\"]},{\"@type\":\"Person\",\"@id\":\"https:\\\/\\\/elcanillita.info\\\/press\\\/#\\\/schema\\\/person\\\/7fcb79f38045700919f7da6d97e71ba0\",\"name\":\"SalaStampa.eu, world press service\",\"image\":{\"@type\":\"ImageObject\",\"inLanguage\":\"es-AR\",\"@id\":\"https:\\\/\\\/secure.gravatar.com\\\/avatar\\\/c2f0e0d515a107624234994507816ca4724c7199cef73fc8bedebf6931d73888?s=96&d=mm&r=g\",\"url\":\"https:\\\/\\\/secure.gravatar.com\\\/avatar\\\/c2f0e0d515a107624234994507816ca4724c7199cef73fc8bedebf6931d73888?s=96&d=mm&r=g\",\"contentUrl\":\"https:\\\/\\\/secure.gravatar.com\\\/avatar\\\/c2f0e0d515a107624234994507816ca4724c7199cef73fc8bedebf6931d73888?s=96&d=mm&r=g\",\"caption\":\"SalaStampa.eu, world press service\"}}]}<\/script>\n<!-- \/ Yoast SEO plugin. -->","yoast_head_json":{"title":"The Godfather argentino - ElCanillita.Info","robots":{"index":"index","follow":"follow","max-snippet":"max-snippet:-1","max-image-preview":"max-image-preview:large","max-video-preview":"max-video-preview:-1"},"canonical":"https:\/\/elcanillita.info\/press\/2024\/06\/09\/the-godfather-argentino\/","og_locale":"es_ES","og_type":"article","og_title":"The Godfather argentino - ElCanillita.Info","og_description":"La parici\u00f3n de una nueva alianza entre el sindicalista Hugo Moyano y sus camioneros, y los gremios trotskistas y kirchneristas que componen la CTA (incluyendo a los maestros de Baradel), ahora busca incorporar a los delincuenciales movimientos sociales.","og_url":"https:\/\/elcanillita.info\/press\/2024\/06\/09\/the-godfather-argentino\/","og_site_name":"ElCanillita.Info","article_publisher":"https:\/\/ar-ar.facebook.com\/ElCanillitainfo-114249515285712\/","article_published_time":"2024-06-09T17:11:36+00:00","article_modified_time":"2024-06-09T18:49:14+00:00","og_image":[{"width":600,"height":403,"url":"https:\/\/elcanillita.info\/press\/images\/2022\/07\/omerta-1.jpg","type":"image\/jpeg"}],"author":"SalaStampa.eu, world press service","twitter_card":"summary_large_image","twitter_misc":{"Escrito por":"SalaStampa.eu, world press service","Tiempo de lectura":"4 minutos"},"schema":{"@context":"https:\/\/schema.org","@graph":[{"@type":"Article","@id":"https:\/\/elcanillita.info\/press\/2024\/06\/09\/the-godfather-argentino\/#article","isPartOf":{"@id":"https:\/\/elcanillita.info\/press\/2024\/06\/09\/the-godfather-argentino\/"},"author":{"name":"SalaStampa.eu, world press service","@id":"https:\/\/elcanillita.info\/press\/#\/schema\/person\/7fcb79f38045700919f7da6d97e71ba0"},"headline":"The Godfather argentino","datePublished":"2024-06-09T17:11:36+00:00","dateModified":"2024-06-09T18:49:14+00:00","mainEntityOfPage":{"@id":"https:\/\/elcanillita.info\/press\/2024\/06\/09\/the-godfather-argentino\/"},"wordCount":787,"publisher":{"@id":"https:\/\/elcanillita.info\/press\/#organization"},"image":{"@id":"https:\/\/elcanillita.info\/press\/2024\/06\/09\/the-godfather-argentino\/#primaryimage"},"thumbnailUrl":"https:\/\/elcanillita.info\/press\/images\/2022\/07\/omerta-1.jpg","articleSection":[".",".","Actualidad","Corrupci\u00f3n","Politica"],"inLanguage":"es-AR"},{"@type":"WebPage","@id":"https:\/\/elcanillita.info\/press\/2024\/06\/09\/the-godfather-argentino\/","url":"https:\/\/elcanillita.info\/press\/2024\/06\/09\/the-godfather-argentino\/","name":"The Godfather argentino - ElCanillita.Info","isPartOf":{"@id":"https:\/\/elcanillita.info\/press\/#website"},"primaryImageOfPage":{"@id":"https:\/\/elcanillita.info\/press\/2024\/06\/09\/the-godfather-argentino\/#primaryimage"},"image":{"@id":"https:\/\/elcanillita.info\/press\/2024\/06\/09\/the-godfather-argentino\/#primaryimage"},"thumbnailUrl":"https:\/\/elcanillita.info\/press\/images\/2022\/07\/omerta-1.jpg","datePublished":"2024-06-09T17:11:36+00:00","dateModified":"2024-06-09T18:49:14+00:00","inLanguage":"es-AR","potentialAction":[{"@type":"ReadAction","target":["https:\/\/elcanillita.info\/press\/2024\/06\/09\/the-godfather-argentino\/"]}]},{"@type":"ImageObject","inLanguage":"es-AR","@id":"https:\/\/elcanillita.info\/press\/2024\/06\/09\/the-godfather-argentino\/#primaryimage","url":"https:\/\/elcanillita.info\/press\/images\/2022\/07\/omerta-1.jpg","contentUrl":"https:\/\/elcanillita.info\/press\/images\/2022\/07\/omerta-1.jpg","width":600,"height":403},{"@type":"WebSite","@id":"https:\/\/elcanillita.info\/press\/#website","url":"https:\/\/elcanillita.info\/press\/","name":"ElCanillita.Info","description":"desde los Apeninos a los Andes","publisher":{"@id":"https:\/\/elcanillita.info\/press\/#organization"},"potentialAction":[{"@type":"SearchAction","target":{"@type":"EntryPoint","urlTemplate":"https:\/\/elcanillita.info\/press\/?s={search_term_string}"},"query-input":{"@type":"PropertyValueSpecification","valueRequired":true,"valueName":"search_term_string"}}],"inLanguage":"es-AR"},{"@type":"Organization","@id":"https:\/\/elcanillita.info\/press\/#organization","name":"Guzzo Photos & Graphic Publications","url":"https:\/\/elcanillita.info\/press\/","logo":{"@type":"ImageObject","inLanguage":"es-AR","@id":"https:\/\/elcanillita.info\/press\/#\/schema\/logo\/image\/","url":"https:\/\/elcanillita.info\/press\/images\/2020\/01\/cropped-cropped-cropped-elcanillitainfo.png","contentUrl":"https:\/\/elcanillita.info\/press\/images\/2020\/01\/cropped-cropped-cropped-elcanillitainfo.png","width":460,"height":50,"caption":"Guzzo Photos & Graphic Publications"},"image":{"@id":"https:\/\/elcanillita.info\/press\/#\/schema\/logo\/image\/"},"sameAs":["https:\/\/ar-ar.facebook.com\/ElCanillitainfo-114249515285712\/"]},{"@type":"Person","@id":"https:\/\/elcanillita.info\/press\/#\/schema\/person\/7fcb79f38045700919f7da6d97e71ba0","name":"SalaStampa.eu, world press service","image":{"@type":"ImageObject","inLanguage":"es-AR","@id":"https:\/\/secure.gravatar.com\/avatar\/c2f0e0d515a107624234994507816ca4724c7199cef73fc8bedebf6931d73888?s=96&d=mm&r=g","url":"https:\/\/secure.gravatar.com\/avatar\/c2f0e0d515a107624234994507816ca4724c7199cef73fc8bedebf6931d73888?s=96&d=mm&r=g","contentUrl":"https:\/\/secure.gravatar.com\/avatar\/c2f0e0d515a107624234994507816ca4724c7199cef73fc8bedebf6931d73888?s=96&d=mm&r=g","caption":"SalaStampa.eu, world press service"}}]}},"views":417,"_links":{"self":[{"href":"https:\/\/elcanillita.info\/press\/wp-json\/wp\/v2\/posts\/4145","targetHints":{"allow":["GET"]}}],"collection":[{"href":"https:\/\/elcanillita.info\/press\/wp-json\/wp\/v2\/posts"}],"about":[{"href":"https:\/\/elcanillita.info\/press\/wp-json\/wp\/v2\/types\/post"}],"author":[{"embeddable":true,"href":"https:\/\/elcanillita.info\/press\/wp-json\/wp\/v2\/users\/1"}],"replies":[{"embeddable":true,"href":"https:\/\/elcanillita.info\/press\/wp-json\/wp\/v2\/comments?post=4145"}],"version-history":[{"count":0,"href":"https:\/\/elcanillita.info\/press\/wp-json\/wp\/v2\/posts\/4145\/revisions"}],"wp:featuredmedia":[{"embeddable":true,"href":"https:\/\/elcanillita.info\/press\/wp-json\/wp\/v2\/media\/2597"}],"wp:attachment":[{"href":"https:\/\/elcanillita.info\/press\/wp-json\/wp\/v2\/media?parent=4145"}],"wp:term":[{"taxonomy":"category","embeddable":true,"href":"https:\/\/elcanillita.info\/press\/wp-json\/wp\/v2\/categories?post=4145"},{"taxonomy":"post_tag","embeddable":true,"href":"https:\/\/elcanillita.info\/press\/wp-json\/wp\/v2\/tags?post=4145"}],"curies":[{"name":"wp","href":"https:\/\/api.w.org\/{rel}","templated":true}]}}