{"id":4144,"date":"2024-06-01T18:52:50","date_gmt":"2024-06-01T21:52:50","guid":{"rendered":"https:\/\/elcanillita.info\/press\/?p=4144"},"modified":"2024-06-01T18:52:51","modified_gmt":"2024-06-01T21:52:51","slug":"tres-aspectos-de-la-realidad-argentina","status":"publish","type":"post","link":"https:\/\/elcanillita.info\/press\/2024\/06\/01\/tres-aspectos-de-la-realidad-argentina\/","title":{"rendered":"Tres aspectos de la realidad argentina"},"content":{"rendered":"\n<figure class=\"wp-block-image size-full\"><img loading=\"lazy\" decoding=\"async\" width=\"668\" height=\"418\" src=\"https:\/\/elcanillita.info\/press\/images\/2023\/11\/2023-11-21-02-38-47.jpg\" alt=\"\" class=\"wp-image-3834\" srcset=\"https:\/\/elcanillita.info\/press\/images\/2023\/11\/2023-11-21-02-38-47.jpg 668w, https:\/\/elcanillita.info\/press\/images\/2023\/11\/2023-11-21-02-38-47-300x188.jpg 300w\" sizes=\"auto, (max-width: 668px) 100vw, 668px\" \/><\/figure>\n\n\n\n<p> <strong>por Enrique Guillermo Avogadro<\/strong><br><br>Buenos Aires, 01 Junio 2024<br>En mis notas vuelvo, recurrentemente, a los tres aspectos de la realidad argentina que m\u00e1s me preocupan: la inmoral prisi\u00f3n de tantos militares y civiles, tolerada por una sociedad hip\u00f3crita que los transform\u00f3 en chivos expiatorios de generalizados pecados; la monumental condena en Nueva York contra la Argentina por la re-estatizaci\u00f3n de la mayor\u00eda accionaria de YPF, para cometer un nuevo desfalco contra el pa\u00eds y enriquecer, a\u00fan m\u00e1s, a Cristina y sus hijos; y la inexplicable insistencia de Javier Milei en la nominaci\u00f3n de Ariel Lijo para la Corte.<br><br>En el primer tema, me indigna la inacci\u00f3n del Gobierno ante tama\u00f1a infamia; ante el c\u00famulo de pruebas que acreditan las estafas que sufri\u00f3 el pa\u00eds por la v\u00eda de las falsas indemnizaciones, deber\u00eda haber instado, hace meses, una investigaci\u00f3n sobre los procesos judiciales que mantienen a tantos (2.700) en injustas prisiones y, desde la Procuraci\u00f3n General, instruir a los fiscales militantes a terminar con su inicua man\u00eda persecutoria y recomendar, en todos los casos, la prisi\u00f3n domiciliaria en virtud tanto de la edad de los presos cuanto de la imposibilidad que tienen de alterar las \u201cpruebas\u201d y, mucho menos, de fugarse.<br><br>En el segundo tema, recuerdo a todos que, si Lijo no hubiera \u201cdormido\u201d la causa de YPF, la Argentina hubiera podido invocar, como lo hizo en su momento Bernardo Saravia Fr\u00edas, ex Procurador, que todo hab\u00eda sido producto de una enorme corrupci\u00f3n y que, consecuentemente, nadie pod\u00eda obtener beneficios de la misma.<br><br>Y en el \u00faltimo punto, y pese a los much\u00edsimos a\u00f1os que llevo en mi mochila, no consigo entender qu\u00e9 busca el Presidente con esa clar\u00edsima aberraci\u00f3n. Si lo que pretende es contar con los votos kirchneristas para la aprobaci\u00f3n de las leyes que necesita, se equivoca de medio a medio, ignorando una m\u00e1xima pol\u00edtica de antigua data: \u201cal peronismo hay que cobrarle al contado, y pagarle en cuotas\u201d.<br><br>En ese caso, el Presidente debiera ser consciente de un hecho concreto: Lijo, si ingresa a la Corte, se quedar\u00e1 veinte a\u00f1os, un lapso que excede, en mucho, cualquier sue\u00f1o de reelecci\u00f3n de Milei, y condicionar\u00e1 la jurisprudencia por mucho m\u00e1s tiempo.<br><br>Con el env\u00edo del pliego de este cuestionado individuo, Milei ha enterrado en el fango la pureza de acci\u00f3n que mayoritariamente votamos en noviembre. Nada ni nadie encarna m\u00e1s a la denostada \u201ccasta\u201d que Lijo.<br>Y si se tratara de ofrecer a los ladrones pasados trocar impunidad para el pasado a cambio de evitarse problemas judiciales en el futuro, tambi\u00e9n se equivocar\u00eda: pedirle a este funesto Juez que respete una palabra dada es no conocer la personalidad del tipo, capaz de entregar a su propia madre para conseguir poder y dinero.<br><br>Ruego a todos quienes coincidan con esta postura que comparezcan a las audiencias p\u00fablicas que el Senado deber\u00e1 realizar antes de aprobar su pliego; al menos, podremos dejar constancia, en letras de molde para la historia, que no todos los argentinos estamos dispuestos, por fidelidad pol\u00edtica, a mirar para otro lado cuando de corrupci\u00f3n se trata.<br><br>Quiero, entonces, aclarar qu\u00e9 pienso: sigo apoyando al Gobierno para invertir el rumbo de colisi\u00f3n que elegimos hace casi ochenta a\u00f1os, pero modificar\u00e9 mi posici\u00f3n si este disparate se concreta, y asumir\u00e9 los riesgos que tal conducta podr\u00eda significar.<br><br>Pero, por ahora, me niego rotundamente a creer que el discurso de Milei sea tan mentiroso y vac\u00edo de principios como lo fueron los de los pol\u00edticos que nos gobernaron en las \u00faltimas cuatro d\u00e9cadas.<br><br>Estamos en una encrucijada que podr\u00eda significar salir de nuestro laberinto como se debe, por arriba, y llevamos seis meses haciendo duros sacrificios personales; espero que todo no se convierta en una nueva y definitiva frustraci\u00f3n.<br><br>Hasta nuestro pr\u00f3ximo encuentro.<br><br><small> Copyright 2024 Enrique Guillermo Avogadro<br>\u00a9 2024 ElCanillita.info \/ SalaStampa.Eu, servicio mundial de prensa<\/small><\/p>\n\n\n\n<p><br><\/p>\n","protected":false},"excerpt":{"rendered":"<p>Ruego a todos quienes coincidan con esta postura que comparezcan a las audiencias p\u00fablicas que el Senado deber\u00e1 realizar&#8230;<\/p>\n","protected":false},"author":1,"featured_media":3836,"comment_status":"closed","ping_status":"closed","sticky":false,"template":"","format":"standard","meta":{"footnotes":"","_links_to":"","_links_to_target":""},"categories":[108,121,70,11,23,25],"tags":[29],"class_list":["post-4144","post","type-post","status-publish","format-standard","has-post-thumbnail","hentry","category-blogdiario","category-dc24","category-actualidad","category-america-del-sur","category-politica","category-sociedad","tag-argentina","entry","double"],"yoast_head":"<!-- This site is optimized with the Yoast SEO plugin v27.4 - https:\/\/yoast.com\/product\/yoast-seo-wordpress\/ -->\n<title>Tres aspectos de la realidad argentina - ElCanillita.Info<\/title>\n<meta name=\"robots\" content=\"index, follow, max-snippet:-1, max-image-preview:large, max-video-preview:-1\" \/>\n<link rel=\"canonical\" href=\"https:\/\/elcanillita.info\/press\/2024\/06\/01\/tres-aspectos-de-la-realidad-argentina\/\" \/>\n<meta property=\"og:locale\" content=\"es_ES\" \/>\n<meta property=\"og:type\" content=\"article\" \/>\n<meta property=\"og:title\" content=\"Tres aspectos de la realidad argentina - ElCanillita.Info\" \/>\n<meta property=\"og:description\" content=\"Ruego a todos quienes coincidan con esta postura que comparezcan a las audiencias p\u00fablicas que el Senado deber\u00e1 realizar...\" \/>\n<meta property=\"og:url\" content=\"https:\/\/elcanillita.info\/press\/2024\/06\/01\/tres-aspectos-de-la-realidad-argentina\/\" \/>\n<meta property=\"og:site_name\" content=\"ElCanillita.Info\" \/>\n<meta property=\"article:publisher\" content=\"https:\/\/ar-ar.facebook.com\/ElCanillitainfo-114249515285712\/\" \/>\n<meta property=\"article:published_time\" content=\"2024-06-01T21:52:50+00:00\" \/>\n<meta property=\"article:modified_time\" content=\"2024-06-01T21:52:51+00:00\" \/>\n<meta property=\"og:image\" content=\"https:\/\/elcanillita.info\/press\/images\/2023\/11\/1000_20231120.jpg\" \/>\n\t<meta property=\"og:image:width\" content=\"600\" \/>\n\t<meta property=\"og:image:height\" content=\"376\" \/>\n\t<meta property=\"og:image:type\" content=\"image\/jpeg\" \/>\n<meta name=\"author\" content=\"SalaStampa.eu, world press service\" \/>\n<meta name=\"twitter:card\" content=\"summary_large_image\" \/>\n<meta name=\"twitter:label1\" content=\"Escrito por\" \/>\n\t<meta name=\"twitter:data1\" content=\"SalaStampa.eu, world press service\" \/>\n\t<meta name=\"twitter:label2\" content=\"Tiempo de lectura\" \/>\n\t<meta name=\"twitter:data2\" content=\"4 minutos\" \/>\n<script type=\"application\/ld+json\" class=\"yoast-schema-graph\">{\"@context\":\"https:\\\/\\\/schema.org\",\"@graph\":[{\"@type\":\"Article\",\"@id\":\"https:\\\/\\\/elcanillita.info\\\/press\\\/2024\\\/06\\\/01\\\/tres-aspectos-de-la-realidad-argentina\\\/#article\",\"isPartOf\":{\"@id\":\"https:\\\/\\\/elcanillita.info\\\/press\\\/2024\\\/06\\\/01\\\/tres-aspectos-de-la-realidad-argentina\\\/\"},\"author\":{\"name\":\"SalaStampa.eu, world press service\",\"@id\":\"https:\\\/\\\/elcanillita.info\\\/press\\\/#\\\/schema\\\/person\\\/7fcb79f38045700919f7da6d97e71ba0\"},\"headline\":\"Tres aspectos de la realidad argentina\",\"datePublished\":\"2024-06-01T21:52:50+00:00\",\"dateModified\":\"2024-06-01T21:52:51+00:00\",\"mainEntityOfPage\":{\"@id\":\"https:\\\/\\\/elcanillita.info\\\/press\\\/2024\\\/06\\\/01\\\/tres-aspectos-de-la-realidad-argentina\\\/\"},\"wordCount\":692,\"publisher\":{\"@id\":\"https:\\\/\\\/elcanillita.info\\\/press\\\/#organization\"},\"image\":{\"@id\":\"https:\\\/\\\/elcanillita.info\\\/press\\\/2024\\\/06\\\/01\\\/tres-aspectos-de-la-realidad-argentina\\\/#primaryimage\"},\"thumbnailUrl\":\"https:\\\/\\\/elcanillita.info\\\/press\\\/images\\\/2023\\\/11\\\/1000_20231120.jpg\",\"keywords\":[\"Argentina\"],\"articleSection\":[\".\",\".\",\"Actualidad\",\"Am\u00e9rica del Sur\",\"Politica\",\"Sociedad\"],\"inLanguage\":\"es-AR\"},{\"@type\":\"WebPage\",\"@id\":\"https:\\\/\\\/elcanillita.info\\\/press\\\/2024\\\/06\\\/01\\\/tres-aspectos-de-la-realidad-argentina\\\/\",\"url\":\"https:\\\/\\\/elcanillita.info\\\/press\\\/2024\\\/06\\\/01\\\/tres-aspectos-de-la-realidad-argentina\\\/\",\"name\":\"Tres aspectos de la realidad argentina - ElCanillita.Info\",\"isPartOf\":{\"@id\":\"https:\\\/\\\/elcanillita.info\\\/press\\\/#website\"},\"primaryImageOfPage\":{\"@id\":\"https:\\\/\\\/elcanillita.info\\\/press\\\/2024\\\/06\\\/01\\\/tres-aspectos-de-la-realidad-argentina\\\/#primaryimage\"},\"image\":{\"@id\":\"https:\\\/\\\/elcanillita.info\\\/press\\\/2024\\\/06\\\/01\\\/tres-aspectos-de-la-realidad-argentina\\\/#primaryimage\"},\"thumbnailUrl\":\"https:\\\/\\\/elcanillita.info\\\/press\\\/images\\\/2023\\\/11\\\/1000_20231120.jpg\",\"datePublished\":\"2024-06-01T21:52:50+00:00\",\"dateModified\":\"2024-06-01T21:52:51+00:00\",\"inLanguage\":\"es-AR\",\"potentialAction\":[{\"@type\":\"ReadAction\",\"target\":[\"https:\\\/\\\/elcanillita.info\\\/press\\\/2024\\\/06\\\/01\\\/tres-aspectos-de-la-realidad-argentina\\\/\"]}]},{\"@type\":\"ImageObject\",\"inLanguage\":\"es-AR\",\"@id\":\"https:\\\/\\\/elcanillita.info\\\/press\\\/2024\\\/06\\\/01\\\/tres-aspectos-de-la-realidad-argentina\\\/#primaryimage\",\"url\":\"https:\\\/\\\/elcanillita.info\\\/press\\\/images\\\/2023\\\/11\\\/1000_20231120.jpg\",\"contentUrl\":\"https:\\\/\\\/elcanillita.info\\\/press\\\/images\\\/2023\\\/11\\\/1000_20231120.jpg\",\"width\":600,\"height\":376},{\"@type\":\"WebSite\",\"@id\":\"https:\\\/\\\/elcanillita.info\\\/press\\\/#website\",\"url\":\"https:\\\/\\\/elcanillita.info\\\/press\\\/\",\"name\":\"ElCanillita.Info\",\"description\":\"desde los Apeninos a los Andes\",\"publisher\":{\"@id\":\"https:\\\/\\\/elcanillita.info\\\/press\\\/#organization\"},\"potentialAction\":[{\"@type\":\"SearchAction\",\"target\":{\"@type\":\"EntryPoint\",\"urlTemplate\":\"https:\\\/\\\/elcanillita.info\\\/press\\\/?s={search_term_string}\"},\"query-input\":{\"@type\":\"PropertyValueSpecification\",\"valueRequired\":true,\"valueName\":\"search_term_string\"}}],\"inLanguage\":\"es-AR\"},{\"@type\":\"Organization\",\"@id\":\"https:\\\/\\\/elcanillita.info\\\/press\\\/#organization\",\"name\":\"Guzzo Photos & Graphic Publications\",\"url\":\"https:\\\/\\\/elcanillita.info\\\/press\\\/\",\"logo\":{\"@type\":\"ImageObject\",\"inLanguage\":\"es-AR\",\"@id\":\"https:\\\/\\\/elcanillita.info\\\/press\\\/#\\\/schema\\\/logo\\\/image\\\/\",\"url\":\"https:\\\/\\\/elcanillita.info\\\/press\\\/images\\\/2020\\\/01\\\/cropped-cropped-cropped-elcanillitainfo.png\",\"contentUrl\":\"https:\\\/\\\/elcanillita.info\\\/press\\\/images\\\/2020\\\/01\\\/cropped-cropped-cropped-elcanillitainfo.png\",\"width\":460,\"height\":50,\"caption\":\"Guzzo Photos & Graphic Publications\"},\"image\":{\"@id\":\"https:\\\/\\\/elcanillita.info\\\/press\\\/#\\\/schema\\\/logo\\\/image\\\/\"},\"sameAs\":[\"https:\\\/\\\/ar-ar.facebook.com\\\/ElCanillitainfo-114249515285712\\\/\"]},{\"@type\":\"Person\",\"@id\":\"https:\\\/\\\/elcanillita.info\\\/press\\\/#\\\/schema\\\/person\\\/7fcb79f38045700919f7da6d97e71ba0\",\"name\":\"SalaStampa.eu, world press service\",\"image\":{\"@type\":\"ImageObject\",\"inLanguage\":\"es-AR\",\"@id\":\"https:\\\/\\\/secure.gravatar.com\\\/avatar\\\/c2f0e0d515a107624234994507816ca4724c7199cef73fc8bedebf6931d73888?s=96&d=mm&r=g\",\"url\":\"https:\\\/\\\/secure.gravatar.com\\\/avatar\\\/c2f0e0d515a107624234994507816ca4724c7199cef73fc8bedebf6931d73888?s=96&d=mm&r=g\",\"contentUrl\":\"https:\\\/\\\/secure.gravatar.com\\\/avatar\\\/c2f0e0d515a107624234994507816ca4724c7199cef73fc8bedebf6931d73888?s=96&d=mm&r=g\",\"caption\":\"SalaStampa.eu, world press service\"}}]}<\/script>\n<!-- \/ Yoast SEO plugin. -->","yoast_head_json":{"title":"Tres aspectos de la realidad argentina - ElCanillita.Info","robots":{"index":"index","follow":"follow","max-snippet":"max-snippet:-1","max-image-preview":"max-image-preview:large","max-video-preview":"max-video-preview:-1"},"canonical":"https:\/\/elcanillita.info\/press\/2024\/06\/01\/tres-aspectos-de-la-realidad-argentina\/","og_locale":"es_ES","og_type":"article","og_title":"Tres aspectos de la realidad argentina - ElCanillita.Info","og_description":"Ruego a todos quienes coincidan con esta postura que comparezcan a las audiencias p\u00fablicas que el Senado deber\u00e1 realizar...","og_url":"https:\/\/elcanillita.info\/press\/2024\/06\/01\/tres-aspectos-de-la-realidad-argentina\/","og_site_name":"ElCanillita.Info","article_publisher":"https:\/\/ar-ar.facebook.com\/ElCanillitainfo-114249515285712\/","article_published_time":"2024-06-01T21:52:50+00:00","article_modified_time":"2024-06-01T21:52:51+00:00","og_image":[{"width":600,"height":376,"url":"https:\/\/elcanillita.info\/press\/images\/2023\/11\/1000_20231120.jpg","type":"image\/jpeg"}],"author":"SalaStampa.eu, world press service","twitter_card":"summary_large_image","twitter_misc":{"Escrito por":"SalaStampa.eu, world press service","Tiempo de lectura":"4 minutos"},"schema":{"@context":"https:\/\/schema.org","@graph":[{"@type":"Article","@id":"https:\/\/elcanillita.info\/press\/2024\/06\/01\/tres-aspectos-de-la-realidad-argentina\/#article","isPartOf":{"@id":"https:\/\/elcanillita.info\/press\/2024\/06\/01\/tres-aspectos-de-la-realidad-argentina\/"},"author":{"name":"SalaStampa.eu, world press service","@id":"https:\/\/elcanillita.info\/press\/#\/schema\/person\/7fcb79f38045700919f7da6d97e71ba0"},"headline":"Tres aspectos de la realidad argentina","datePublished":"2024-06-01T21:52:50+00:00","dateModified":"2024-06-01T21:52:51+00:00","mainEntityOfPage":{"@id":"https:\/\/elcanillita.info\/press\/2024\/06\/01\/tres-aspectos-de-la-realidad-argentina\/"},"wordCount":692,"publisher":{"@id":"https:\/\/elcanillita.info\/press\/#organization"},"image":{"@id":"https:\/\/elcanillita.info\/press\/2024\/06\/01\/tres-aspectos-de-la-realidad-argentina\/#primaryimage"},"thumbnailUrl":"https:\/\/elcanillita.info\/press\/images\/2023\/11\/1000_20231120.jpg","keywords":["Argentina"],"articleSection":[".",".","Actualidad","Am\u00e9rica del Sur","Politica","Sociedad"],"inLanguage":"es-AR"},{"@type":"WebPage","@id":"https:\/\/elcanillita.info\/press\/2024\/06\/01\/tres-aspectos-de-la-realidad-argentina\/","url":"https:\/\/elcanillita.info\/press\/2024\/06\/01\/tres-aspectos-de-la-realidad-argentina\/","name":"Tres aspectos de la realidad argentina - ElCanillita.Info","isPartOf":{"@id":"https:\/\/elcanillita.info\/press\/#website"},"primaryImageOfPage":{"@id":"https:\/\/elcanillita.info\/press\/2024\/06\/01\/tres-aspectos-de-la-realidad-argentina\/#primaryimage"},"image":{"@id":"https:\/\/elcanillita.info\/press\/2024\/06\/01\/tres-aspectos-de-la-realidad-argentina\/#primaryimage"},"thumbnailUrl":"https:\/\/elcanillita.info\/press\/images\/2023\/11\/1000_20231120.jpg","datePublished":"2024-06-01T21:52:50+00:00","dateModified":"2024-06-01T21:52:51+00:00","inLanguage":"es-AR","potentialAction":[{"@type":"ReadAction","target":["https:\/\/elcanillita.info\/press\/2024\/06\/01\/tres-aspectos-de-la-realidad-argentina\/"]}]},{"@type":"ImageObject","inLanguage":"es-AR","@id":"https:\/\/elcanillita.info\/press\/2024\/06\/01\/tres-aspectos-de-la-realidad-argentina\/#primaryimage","url":"https:\/\/elcanillita.info\/press\/images\/2023\/11\/1000_20231120.jpg","contentUrl":"https:\/\/elcanillita.info\/press\/images\/2023\/11\/1000_20231120.jpg","width":600,"height":376},{"@type":"WebSite","@id":"https:\/\/elcanillita.info\/press\/#website","url":"https:\/\/elcanillita.info\/press\/","name":"ElCanillita.Info","description":"desde los Apeninos a los Andes","publisher":{"@id":"https:\/\/elcanillita.info\/press\/#organization"},"potentialAction":[{"@type":"SearchAction","target":{"@type":"EntryPoint","urlTemplate":"https:\/\/elcanillita.info\/press\/?s={search_term_string}"},"query-input":{"@type":"PropertyValueSpecification","valueRequired":true,"valueName":"search_term_string"}}],"inLanguage":"es-AR"},{"@type":"Organization","@id":"https:\/\/elcanillita.info\/press\/#organization","name":"Guzzo Photos & Graphic Publications","url":"https:\/\/elcanillita.info\/press\/","logo":{"@type":"ImageObject","inLanguage":"es-AR","@id":"https:\/\/elcanillita.info\/press\/#\/schema\/logo\/image\/","url":"https:\/\/elcanillita.info\/press\/images\/2020\/01\/cropped-cropped-cropped-elcanillitainfo.png","contentUrl":"https:\/\/elcanillita.info\/press\/images\/2020\/01\/cropped-cropped-cropped-elcanillitainfo.png","width":460,"height":50,"caption":"Guzzo Photos & Graphic Publications"},"image":{"@id":"https:\/\/elcanillita.info\/press\/#\/schema\/logo\/image\/"},"sameAs":["https:\/\/ar-ar.facebook.com\/ElCanillitainfo-114249515285712\/"]},{"@type":"Person","@id":"https:\/\/elcanillita.info\/press\/#\/schema\/person\/7fcb79f38045700919f7da6d97e71ba0","name":"SalaStampa.eu, world press service","image":{"@type":"ImageObject","inLanguage":"es-AR","@id":"https:\/\/secure.gravatar.com\/avatar\/c2f0e0d515a107624234994507816ca4724c7199cef73fc8bedebf6931d73888?s=96&d=mm&r=g","url":"https:\/\/secure.gravatar.com\/avatar\/c2f0e0d515a107624234994507816ca4724c7199cef73fc8bedebf6931d73888?s=96&d=mm&r=g","contentUrl":"https:\/\/secure.gravatar.com\/avatar\/c2f0e0d515a107624234994507816ca4724c7199cef73fc8bedebf6931d73888?s=96&d=mm&r=g","caption":"SalaStampa.eu, world press service"}}]}},"views":506,"_links":{"self":[{"href":"https:\/\/elcanillita.info\/press\/wp-json\/wp\/v2\/posts\/4144","targetHints":{"allow":["GET"]}}],"collection":[{"href":"https:\/\/elcanillita.info\/press\/wp-json\/wp\/v2\/posts"}],"about":[{"href":"https:\/\/elcanillita.info\/press\/wp-json\/wp\/v2\/types\/post"}],"author":[{"embeddable":true,"href":"https:\/\/elcanillita.info\/press\/wp-json\/wp\/v2\/users\/1"}],"replies":[{"embeddable":true,"href":"https:\/\/elcanillita.info\/press\/wp-json\/wp\/v2\/comments?post=4144"}],"version-history":[{"count":0,"href":"https:\/\/elcanillita.info\/press\/wp-json\/wp\/v2\/posts\/4144\/revisions"}],"wp:featuredmedia":[{"embeddable":true,"href":"https:\/\/elcanillita.info\/press\/wp-json\/wp\/v2\/media\/3836"}],"wp:attachment":[{"href":"https:\/\/elcanillita.info\/press\/wp-json\/wp\/v2\/media?parent=4144"}],"wp:term":[{"taxonomy":"category","embeddable":true,"href":"https:\/\/elcanillita.info\/press\/wp-json\/wp\/v2\/categories?post=4144"},{"taxonomy":"post_tag","embeddable":true,"href":"https:\/\/elcanillita.info\/press\/wp-json\/wp\/v2\/tags?post=4144"}],"curies":[{"name":"wp","href":"https:\/\/api.w.org\/{rel}","templated":true}]}}