{"id":414,"date":"2020-02-09T09:55:00","date_gmt":"2020-02-09T12:55:00","guid":{"rendered":"https:\/\/elcanillita.info\/press\/?p=414"},"modified":"2020-02-25T13:58:29","modified_gmt":"2020-02-25T16:58:29","slug":"que-pasara-investigacion-ataque-amia-muerte-juez-bonadio","status":"publish","type":"post","link":"https:\/\/elcanillita.info\/press\/2020\/02\/09\/que-pasara-investigacion-ataque-amia-muerte-juez-bonadio\/","title":{"rendered":"\u00bfQu\u00e9 pasar\u00e1 con la investigaci\u00f3n del ataque a la AMIA tras la muerte de juez Bonadio?"},"content":{"rendered":"\n<p>Buenos Aires, 09.02.2020 &#8211; En Argentina, la muerte el pasado 4 de febrero del juez Claudio Bonadio, ha asestado un fuerte golpe a la investigaci\u00f3n que realizan&nbsp;autoridades judiciales del pa\u00eds para enjuiciar a funcionarios sospechosos de encubrir el presunto rol de Ir\u00e1n en el ataque terrorista de 1984 a la Asociaci\u00f3n Mutual Israelita Argentina, AMIA.<\/p>\n\n\n\n<p>El juez Bonadio, quien era el&nbsp;&nbsp;titular de la Fiscal\u00eda Nacional en lo&nbsp;Criminal&nbsp;y&nbsp;Correccional&nbsp;Federal&nbsp;n.\u00ba&nbsp;11, muri\u00f3 a los 64 a\u00f1os, luego de una operaci\u00f3n el a\u00f1o pasado por un tumor cerebral.<\/p>\n\n\n\n<p>Muere juez argentino que proces\u00f3 a Cristina Fern\u00e1ndez<\/p>\n\n\n\n<p>Bonadio pas\u00f3 a\u00f1os elaborando un caso contra funcionarios argentinos que aprobaron un controversial memor\u00e1ndum de entendimiento (MDE) con Ir\u00e1n en 2013 sobre el ataque a la AMIA, y hab\u00eda reunido evidencia seg\u00fan la cual, el MDE era parte de un trato ilegal por el cual el gobierno argentino encubrir\u00eda a los sospechosos iran\u00edes del ataque de 1994 para que no enfrenten la justicia, a cambio de asegurar petr\u00f3leo y otros beneficios econ\u00f3micos de parte de Ir\u00e1n.<\/p>\n\n\n\n<p>Su secretaria M\u00f3nica Mica, dijo a la Voz de Am\u00e9rica en entrevista telef\u00f3nica, que el juez Bonadio trabaj\u00f3 hasta el 30 de diciembre (2019), antes de salir de vacaciones en enero.<\/p>\n\n\n\n<p>Antes de salir en diciembre, el juez entreg\u00f3&nbsp;la parte central del caso al&nbsp;Juzgado Criminal y Correccional n\u00famero 8, confim\u00f3 a la VOA, tambi\u00e9n v\u00eda telef\u00f3nica, el funcionario del tribunal, Ignacio Rodr\u00edguez Varela.&nbsp; Ese juzgado decide, luego de analizar las evidencias del juez investigador, si se debe llevar a juicio un caso y emite un veredicto.<\/p>\n\n\n\n<p>Bonadio hab\u00eda emprendido la investigaci\u00f3n de los funcionarios argentinos que aprobaron el memorando de entendimiento con Ir\u00e1n despu\u00e9s de un rev\u00e9s anterior en el caso: la muerte en enero de 2015 del fiscal Alberto Nisman.<\/p>\n\n\n\n<p>Argentina: Investigan si fiscal se suicid\u00f3<\/p>\n\n\n\n<p>Nisman hab\u00eda iniciado la investigaci\u00f3n del MDE aprobado por la entonces presidenta argentina, Cristina Fern\u00e1ndez de Kirchner, y estaba a horas de presentar su evidencia de encubrimiento al Congreso argentino cuando fue encontrado muerto en su casa de un disparo en la cabeza.&nbsp;<\/p>\n\n\n\n<p>Kirchner dijo que se suicid\u00f3, pero un informe de 2017 de la Gendarmer\u00eda Nacional Argentina, una fuerza de seguridad nacional, dijo que hab\u00eda sido asesinado. La muerte de Nisman sigue siendo un asunto legal sin resolver en Argentina.<\/p>\n\n\n\n<p>Kirchner, quien ocup\u00f3 dos mandatos como presidenta desde 2007 hasta 2015, regres\u00f3 al gobierno como vicepresidenta de la naci\u00f3n en diciembre, ganando las elecciones como la compa\u00f1era de boleta del presidente Alberto Fern\u00e1ndez (sin relaci\u00f3n de consanguineidad) despu\u00e9s de haber servido dos a\u00f1os como senadora.<\/p>\n\n\n\n<p>Argentina debe salir de recesi\u00f3n para pagar al FMI, dice la vicepresidente<\/p>\n\n\n\n<p>La disputa legal sobre el testimonio de testigos en el caso del MDE continu\u00f3 hasta el mes pasado (enero-2020), seg\u00fan el sitio de noticias argentino Infobae, lo que indica que Bonadio ten\u00eda m\u00e1s trabajo por hacer.<\/p>\n\n\n\n<p>El juez Sebasti\u00e1n Casanello, que trabaja en el Juzgado Criminal&nbsp;y Correccional Federal N\u00ba 7, fue asignado temporalmente para manejar los casos de Bonadio, dijo su secretaria a la VOA en una llamada telef\u00f3nica el viernes.&nbsp; La secretaria dijo que Casanello comenz\u00f3 a trabajar en esos casos el mi\u00e9rcoles, un d\u00eda despu\u00e9s de la muerte de Bonadio.<\/p>\n\n\n\n<p>&#8220;No est\u00e1 claro si Casanello o el eventual reemplazo permanente de Bonadio traer\u00e1 el profundo compromiso con el caso que trajo Bonadio, dada la influencia renovada de (Cristina) Kirchner como vicepresidente&#8221;, dijo Toby Dershowitz, vicepresidente s\u00e9nior de relaciones gubernamentales y estrategia de la&nbsp;Fundaci\u00f3n para la Defensa de las Democracias (con sede en Washington), en un mensaje al Servicio Persa de la VOA.<\/p>\n\n\n\n<p>El abogado de la vicepresidenta, Gregorio Dalb\u00f3n, hablando con la&nbsp;VOA en una entrevista telef\u00f3nica el jueves, dijo que Bonadio no hab\u00eda presentado ninguna evidencia directa de un delito por parte de su cliente.<\/p>\n\n\n\n<p>&#8220;El caso del MDE ser\u00e1 archivado o ser\u00e1 exonerada en ese y en todos los dem\u00e1s casos porque son parte de una campa\u00f1a de &#8220;guerra legal &#8221; (mal uso de los sistemas y principios legales contra un enemigo). Bonadio pas\u00f3 sus a\u00f1os como juez buscando pol\u00edtica, no justicia \u201d, dijo Dalb\u00f3n.<\/p>\n\n\n\n<p>Un portavoz del tribunal que se comunic\u00f3 por tel\u00e9fono el viernes no dijo si decidi\u00f3 celebrar un juicio o cu\u00e1ndo se tomar\u00e1 esa decisi\u00f3n, pero dijo que no era probable archivar el caso.<\/p>\n\n\n\n<p>Tribunal argentino revoca pedido de prisi\u00f3n de CFK<\/p>\n\n\n\n<p>La muerte de Bonadio tambi\u00e9n podr\u00eda envalentonar los planes de Kirchner y el presidente Fern\u00e1ndez para reformar el sistema de loter\u00eda computarizado que asigna jueces a los casos que involucran a figuras pol\u00edticas.<\/p>\n\n\n\n<p>&#8220;Sospech\u00e1bamos y nos preguntamos por qu\u00e9 todos los casos relacionados con Kirchner terminaron en manos de Bonadio&#8221;, dijo Dalb\u00f3n. \u201cCreemos que el proceso de asignar un caso a un juez debe ser p\u00fablico y transparente. Esta ser\u00e1 una de las reformas del presidente Fern\u00e1ndez&#8221;, agreg\u00f3 el abogado.<\/p>\n\n\n\n<p>Benjamin Gedan, director del Proyecto Argentina en el Centro Wilson de Washington, dijo al Servicio Persa de la VOA que el poder judicial argentino ha tenido problemas de larga data con interferencia pol\u00edtica y corrupci\u00f3n bajo los gobiernos de todos los partidos pol\u00edticos.<\/p>\n\n\n\n<p>&#8220;Creo que los esfuerzos para reformar el poder judicial son necesarios&#8221;, dijo Gedan. &#8220;Pero es dif\u00edcil no pensar que la motivaci\u00f3n es garantizar la impunidad para los miembros del gobierno de Kirchner y Fern\u00e1ndez&#8221;.<\/p>\n\n\n\n<p>No est\u00e1 claro qu\u00e9 impacto tendr\u00e1 la muerte del juez en el enfoque del nuevo gobierno argentino para llevar a juicio a los sospechosos iran\u00edes y de Hezbol\u00e1 en el atentado de la AMIA.<\/p>\n\n\n\n<p>El presidente argentino, Mauricio Macri, saluda a sus partidarios durante un mitin de despedida en el palacio presidencial de Casa Rosada en la Plaza de Mayo, en Buenos Aires, el 7 de diciembre de 2019.<\/p>\n\n\n\n<p>El anterior gobierno argentino, que presidi\u00f3 Mauricio Macri, de 2015 a 2019, hab\u00eda pedido a Ir\u00e1n que cooperara con Argentina en el tema y hab\u00eda pedido a otros pa\u00edses que detengan a los sospechosos que ingresaron a sus territorios.<\/p>\n\n\n\n<p>\u201cEl nuevo gobierno est\u00e1 buscando revertir todos y cada uno de los pasos positivos que se han tomado para llevar una medida de justicia a las v\u00edctimas del atentado de AMIA y sus familias. Ser\u00eda una parodia de justicia para Argentina si estos esfuerzos tuvieran \u00e9xito &#8220;, dijo Dershowitz de FDD.<\/p>\n\n\n\n<p>&#8220;Personalmente, soy esc\u00e9ptico sobre el caso de AMIA&#8221;, dijo Dalb\u00f3n. \u201cLos casos que duran m\u00e1s de 20 a\u00f1os rara vez pueden llegar a la verdad. La justicia lenta no es justicia&#8221;.<\/p>\n\n\n\n<p>El&nbsp;atentado suicida con coche bomba en el centro comunitario jud\u00edo de la Asociaci\u00f3n Mutua Israelita Argentina, el 18 de julio de 1994, en la capital argentina,&nbsp; caus\u00f3 la muerte a 85 personas y sigue siendo el ataque terrorista m\u00e1s mort\u00edfero de Am\u00e9rica Latina.<\/p>\n\n\n\n<div class=\"wp-block-group\"><div class=\"wp-block-group__inner-container is-layout-flow wp-block-group-is-layout-flow\">\n<p>En los a\u00f1os siguientes, las autoridades judiciales argentinas acusaron al grupo militante liban\u00e9s Hezbol\u00e1 de llevar a cabo el ataque por orden de funcionarios iran\u00edes. Ir\u00e1n y Hezbol\u00e1 negaron su participaci\u00f3n y se negaron a enviar a los sospechosos nombrados por Argentina para ser juzgados all\u00ed.<br> Este art\u00edculo fue producido en colaboraci\u00f3n con la Divisi\u00f3n Latinoamericana de la VOA.<br><br> <small>SalaStampa.Eu, affiliate of the networks operated by Broadcasting Board of Governors \u00a9 2019 BBG<\/small><\/p>\n<\/div><\/div>\n","protected":false},"excerpt":{"rendered":"<p>Buenos Aires, 09.02.2020 &#8211; En Argentina, la muerte el pasado 4 de febrero del juez Claudio Bonadio, ha asestado un fuerte golpe a la investigaci\u00f3n que realizan autoridades judiciales del pa\u00eds para enjuiciar a funcionarios sospechosos de encubrir el presunto rol de Ir\u00e1n en el ataque terrorista de 1984 a la Asociaci\u00f3n Mutual Israelita Argentina, AMIA.<\/p>\n","protected":false},"author":1,"featured_media":0,"comment_status":"closed","ping_status":"closed","sticky":false,"template":"","format":"standard","meta":{"footnotes":"","_links_to":"","_links_to_target":""},"categories":[70,11,22,25],"tags":[29],"class_list":["post-414","post","type-post","status-publish","format-standard","hentry","category-actualidad","category-america-del-sur","category-justicia","category-sociedad","tag-argentina","entry","double"],"yoast_head":"<!-- This site is optimized with the Yoast SEO plugin v27.4 - https:\/\/yoast.com\/product\/yoast-seo-wordpress\/ -->\n<title>\u00bfQu\u00e9 pasar\u00e1 con la investigaci\u00f3n del ataque a la AMIA tras la muerte de juez Bonadio? - ElCanillita.Info<\/title>\n<meta name=\"robots\" content=\"index, follow, max-snippet:-1, max-image-preview:large, max-video-preview:-1\" \/>\n<link rel=\"canonical\" href=\"https:\/\/elcanillita.info\/press\/2020\/02\/09\/que-pasara-investigacion-ataque-amia-muerte-juez-bonadio\/\" \/>\n<meta property=\"og:locale\" content=\"es_ES\" \/>\n<meta property=\"og:type\" content=\"article\" \/>\n<meta property=\"og:title\" content=\"\u00bfQu\u00e9 pasar\u00e1 con la investigaci\u00f3n del ataque a la AMIA tras la muerte de juez Bonadio? - ElCanillita.Info\" \/>\n<meta property=\"og:description\" content=\"Buenos Aires, 09.02.2020 - En Argentina, la muerte el pasado 4 de febrero del juez Claudio Bonadio, ha asestado un fuerte golpe a la investigaci\u00f3n que realizan autoridades judiciales del pa\u00eds para enjuiciar a funcionarios sospechosos de encubrir el presunto rol de Ir\u00e1n en el ataque terrorista de 1984 a la Asociaci\u00f3n Mutual Israelita Argentina, AMIA.\" \/>\n<meta property=\"og:url\" content=\"https:\/\/elcanillita.info\/press\/2020\/02\/09\/que-pasara-investigacion-ataque-amia-muerte-juez-bonadio\/\" \/>\n<meta property=\"og:site_name\" content=\"ElCanillita.Info\" \/>\n<meta property=\"article:publisher\" content=\"https:\/\/ar-ar.facebook.com\/ElCanillitainfo-114249515285712\/\" \/>\n<meta property=\"article:published_time\" content=\"2020-02-09T12:55:00+00:00\" \/>\n<meta property=\"article:modified_time\" content=\"2020-02-25T16:58:29+00:00\" \/>\n<meta name=\"author\" content=\"SalaStampa.eu, world press service\" \/>\n<meta name=\"twitter:card\" content=\"summary_large_image\" \/>\n<meta name=\"twitter:label1\" content=\"Escrito por\" \/>\n\t<meta name=\"twitter:data1\" content=\"SalaStampa.eu, world press service\" \/>\n\t<meta name=\"twitter:label2\" content=\"Tiempo de lectura\" \/>\n\t<meta name=\"twitter:data2\" content=\"6 minutos\" \/>\n<script type=\"application\/ld+json\" class=\"yoast-schema-graph\">{\"@context\":\"https:\\\/\\\/schema.org\",\"@graph\":[{\"@type\":\"Article\",\"@id\":\"https:\\\/\\\/elcanillita.info\\\/press\\\/2020\\\/02\\\/09\\\/que-pasara-investigacion-ataque-amia-muerte-juez-bonadio\\\/#article\",\"isPartOf\":{\"@id\":\"https:\\\/\\\/elcanillita.info\\\/press\\\/2020\\\/02\\\/09\\\/que-pasara-investigacion-ataque-amia-muerte-juez-bonadio\\\/\"},\"author\":{\"name\":\"SalaStampa.eu, world press service\",\"@id\":\"https:\\\/\\\/elcanillita.info\\\/press\\\/#\\\/schema\\\/person\\\/7fcb79f38045700919f7da6d97e71ba0\"},\"headline\":\"\u00bfQu\u00e9 pasar\u00e1 con la investigaci\u00f3n del ataque a la AMIA tras la muerte de juez Bonadio?\",\"datePublished\":\"2020-02-09T12:55:00+00:00\",\"dateModified\":\"2020-02-25T16:58:29+00:00\",\"mainEntityOfPage\":{\"@id\":\"https:\\\/\\\/elcanillita.info\\\/press\\\/2020\\\/02\\\/09\\\/que-pasara-investigacion-ataque-amia-muerte-juez-bonadio\\\/\"},\"wordCount\":1302,\"publisher\":{\"@id\":\"https:\\\/\\\/elcanillita.info\\\/press\\\/#organization\"},\"keywords\":[\"Argentina\"],\"articleSection\":[\"Actualidad\",\"Am\u00e9rica del Sur\",\"Justicia\",\"Sociedad\"],\"inLanguage\":\"es-AR\"},{\"@type\":\"WebPage\",\"@id\":\"https:\\\/\\\/elcanillita.info\\\/press\\\/2020\\\/02\\\/09\\\/que-pasara-investigacion-ataque-amia-muerte-juez-bonadio\\\/\",\"url\":\"https:\\\/\\\/elcanillita.info\\\/press\\\/2020\\\/02\\\/09\\\/que-pasara-investigacion-ataque-amia-muerte-juez-bonadio\\\/\",\"name\":\"\u00bfQu\u00e9 pasar\u00e1 con la investigaci\u00f3n del ataque a la AMIA tras la muerte de juez Bonadio? - ElCanillita.Info\",\"isPartOf\":{\"@id\":\"https:\\\/\\\/elcanillita.info\\\/press\\\/#website\"},\"datePublished\":\"2020-02-09T12:55:00+00:00\",\"dateModified\":\"2020-02-25T16:58:29+00:00\",\"inLanguage\":\"es-AR\",\"potentialAction\":[{\"@type\":\"ReadAction\",\"target\":[\"https:\\\/\\\/elcanillita.info\\\/press\\\/2020\\\/02\\\/09\\\/que-pasara-investigacion-ataque-amia-muerte-juez-bonadio\\\/\"]}]},{\"@type\":\"WebSite\",\"@id\":\"https:\\\/\\\/elcanillita.info\\\/press\\\/#website\",\"url\":\"https:\\\/\\\/elcanillita.info\\\/press\\\/\",\"name\":\"ElCanillita.Info\",\"description\":\"desde los Apeninos a los Andes\",\"publisher\":{\"@id\":\"https:\\\/\\\/elcanillita.info\\\/press\\\/#organization\"},\"potentialAction\":[{\"@type\":\"SearchAction\",\"target\":{\"@type\":\"EntryPoint\",\"urlTemplate\":\"https:\\\/\\\/elcanillita.info\\\/press\\\/?s={search_term_string}\"},\"query-input\":{\"@type\":\"PropertyValueSpecification\",\"valueRequired\":true,\"valueName\":\"search_term_string\"}}],\"inLanguage\":\"es-AR\"},{\"@type\":\"Organization\",\"@id\":\"https:\\\/\\\/elcanillita.info\\\/press\\\/#organization\",\"name\":\"Guzzo Photos & Graphic Publications\",\"url\":\"https:\\\/\\\/elcanillita.info\\\/press\\\/\",\"logo\":{\"@type\":\"ImageObject\",\"inLanguage\":\"es-AR\",\"@id\":\"https:\\\/\\\/elcanillita.info\\\/press\\\/#\\\/schema\\\/logo\\\/image\\\/\",\"url\":\"https:\\\/\\\/elcanillita.info\\\/press\\\/images\\\/2020\\\/01\\\/cropped-cropped-cropped-elcanillitainfo.png\",\"contentUrl\":\"https:\\\/\\\/elcanillita.info\\\/press\\\/images\\\/2020\\\/01\\\/cropped-cropped-cropped-elcanillitainfo.png\",\"width\":460,\"height\":50,\"caption\":\"Guzzo Photos & Graphic Publications\"},\"image\":{\"@id\":\"https:\\\/\\\/elcanillita.info\\\/press\\\/#\\\/schema\\\/logo\\\/image\\\/\"},\"sameAs\":[\"https:\\\/\\\/ar-ar.facebook.com\\\/ElCanillitainfo-114249515285712\\\/\"]},{\"@type\":\"Person\",\"@id\":\"https:\\\/\\\/elcanillita.info\\\/press\\\/#\\\/schema\\\/person\\\/7fcb79f38045700919f7da6d97e71ba0\",\"name\":\"SalaStampa.eu, world press service\",\"image\":{\"@type\":\"ImageObject\",\"inLanguage\":\"es-AR\",\"@id\":\"https:\\\/\\\/secure.gravatar.com\\\/avatar\\\/c2f0e0d515a107624234994507816ca4724c7199cef73fc8bedebf6931d73888?s=96&d=mm&r=g\",\"url\":\"https:\\\/\\\/secure.gravatar.com\\\/avatar\\\/c2f0e0d515a107624234994507816ca4724c7199cef73fc8bedebf6931d73888?s=96&d=mm&r=g\",\"contentUrl\":\"https:\\\/\\\/secure.gravatar.com\\\/avatar\\\/c2f0e0d515a107624234994507816ca4724c7199cef73fc8bedebf6931d73888?s=96&d=mm&r=g\",\"caption\":\"SalaStampa.eu, world press service\"}}]}<\/script>\n<!-- \/ Yoast SEO plugin. -->","yoast_head_json":{"title":"\u00bfQu\u00e9 pasar\u00e1 con la investigaci\u00f3n del ataque a la AMIA tras la muerte de juez Bonadio? - ElCanillita.Info","robots":{"index":"index","follow":"follow","max-snippet":"max-snippet:-1","max-image-preview":"max-image-preview:large","max-video-preview":"max-video-preview:-1"},"canonical":"https:\/\/elcanillita.info\/press\/2020\/02\/09\/que-pasara-investigacion-ataque-amia-muerte-juez-bonadio\/","og_locale":"es_ES","og_type":"article","og_title":"\u00bfQu\u00e9 pasar\u00e1 con la investigaci\u00f3n del ataque a la AMIA tras la muerte de juez Bonadio? - ElCanillita.Info","og_description":"Buenos Aires, 09.02.2020 - En Argentina, la muerte el pasado 4 de febrero del juez Claudio Bonadio, ha asestado un fuerte golpe a la investigaci\u00f3n que realizan autoridades judiciales del pa\u00eds para enjuiciar a funcionarios sospechosos de encubrir el presunto rol de Ir\u00e1n en el ataque terrorista de 1984 a la Asociaci\u00f3n Mutual Israelita Argentina, AMIA.","og_url":"https:\/\/elcanillita.info\/press\/2020\/02\/09\/que-pasara-investigacion-ataque-amia-muerte-juez-bonadio\/","og_site_name":"ElCanillita.Info","article_publisher":"https:\/\/ar-ar.facebook.com\/ElCanillitainfo-114249515285712\/","article_published_time":"2020-02-09T12:55:00+00:00","article_modified_time":"2020-02-25T16:58:29+00:00","author":"SalaStampa.eu, world press service","twitter_card":"summary_large_image","twitter_misc":{"Escrito por":"SalaStampa.eu, world press service","Tiempo de lectura":"6 minutos"},"schema":{"@context":"https:\/\/schema.org","@graph":[{"@type":"Article","@id":"https:\/\/elcanillita.info\/press\/2020\/02\/09\/que-pasara-investigacion-ataque-amia-muerte-juez-bonadio\/#article","isPartOf":{"@id":"https:\/\/elcanillita.info\/press\/2020\/02\/09\/que-pasara-investigacion-ataque-amia-muerte-juez-bonadio\/"},"author":{"name":"SalaStampa.eu, world press service","@id":"https:\/\/elcanillita.info\/press\/#\/schema\/person\/7fcb79f38045700919f7da6d97e71ba0"},"headline":"\u00bfQu\u00e9 pasar\u00e1 con la investigaci\u00f3n del ataque a la AMIA tras la muerte de juez Bonadio?","datePublished":"2020-02-09T12:55:00+00:00","dateModified":"2020-02-25T16:58:29+00:00","mainEntityOfPage":{"@id":"https:\/\/elcanillita.info\/press\/2020\/02\/09\/que-pasara-investigacion-ataque-amia-muerte-juez-bonadio\/"},"wordCount":1302,"publisher":{"@id":"https:\/\/elcanillita.info\/press\/#organization"},"keywords":["Argentina"],"articleSection":["Actualidad","Am\u00e9rica del Sur","Justicia","Sociedad"],"inLanguage":"es-AR"},{"@type":"WebPage","@id":"https:\/\/elcanillita.info\/press\/2020\/02\/09\/que-pasara-investigacion-ataque-amia-muerte-juez-bonadio\/","url":"https:\/\/elcanillita.info\/press\/2020\/02\/09\/que-pasara-investigacion-ataque-amia-muerte-juez-bonadio\/","name":"\u00bfQu\u00e9 pasar\u00e1 con la investigaci\u00f3n del ataque a la AMIA tras la muerte de juez Bonadio? - ElCanillita.Info","isPartOf":{"@id":"https:\/\/elcanillita.info\/press\/#website"},"datePublished":"2020-02-09T12:55:00+00:00","dateModified":"2020-02-25T16:58:29+00:00","inLanguage":"es-AR","potentialAction":[{"@type":"ReadAction","target":["https:\/\/elcanillita.info\/press\/2020\/02\/09\/que-pasara-investigacion-ataque-amia-muerte-juez-bonadio\/"]}]},{"@type":"WebSite","@id":"https:\/\/elcanillita.info\/press\/#website","url":"https:\/\/elcanillita.info\/press\/","name":"ElCanillita.Info","description":"desde los Apeninos a los Andes","publisher":{"@id":"https:\/\/elcanillita.info\/press\/#organization"},"potentialAction":[{"@type":"SearchAction","target":{"@type":"EntryPoint","urlTemplate":"https:\/\/elcanillita.info\/press\/?s={search_term_string}"},"query-input":{"@type":"PropertyValueSpecification","valueRequired":true,"valueName":"search_term_string"}}],"inLanguage":"es-AR"},{"@type":"Organization","@id":"https:\/\/elcanillita.info\/press\/#organization","name":"Guzzo Photos & Graphic Publications","url":"https:\/\/elcanillita.info\/press\/","logo":{"@type":"ImageObject","inLanguage":"es-AR","@id":"https:\/\/elcanillita.info\/press\/#\/schema\/logo\/image\/","url":"https:\/\/elcanillita.info\/press\/images\/2020\/01\/cropped-cropped-cropped-elcanillitainfo.png","contentUrl":"https:\/\/elcanillita.info\/press\/images\/2020\/01\/cropped-cropped-cropped-elcanillitainfo.png","width":460,"height":50,"caption":"Guzzo Photos & Graphic Publications"},"image":{"@id":"https:\/\/elcanillita.info\/press\/#\/schema\/logo\/image\/"},"sameAs":["https:\/\/ar-ar.facebook.com\/ElCanillitainfo-114249515285712\/"]},{"@type":"Person","@id":"https:\/\/elcanillita.info\/press\/#\/schema\/person\/7fcb79f38045700919f7da6d97e71ba0","name":"SalaStampa.eu, world press service","image":{"@type":"ImageObject","inLanguage":"es-AR","@id":"https:\/\/secure.gravatar.com\/avatar\/c2f0e0d515a107624234994507816ca4724c7199cef73fc8bedebf6931d73888?s=96&d=mm&r=g","url":"https:\/\/secure.gravatar.com\/avatar\/c2f0e0d515a107624234994507816ca4724c7199cef73fc8bedebf6931d73888?s=96&d=mm&r=g","contentUrl":"https:\/\/secure.gravatar.com\/avatar\/c2f0e0d515a107624234994507816ca4724c7199cef73fc8bedebf6931d73888?s=96&d=mm&r=g","caption":"SalaStampa.eu, world press service"}}]}},"views":887,"_links":{"self":[{"href":"https:\/\/elcanillita.info\/press\/wp-json\/wp\/v2\/posts\/414","targetHints":{"allow":["GET"]}}],"collection":[{"href":"https:\/\/elcanillita.info\/press\/wp-json\/wp\/v2\/posts"}],"about":[{"href":"https:\/\/elcanillita.info\/press\/wp-json\/wp\/v2\/types\/post"}],"author":[{"embeddable":true,"href":"https:\/\/elcanillita.info\/press\/wp-json\/wp\/v2\/users\/1"}],"replies":[{"embeddable":true,"href":"https:\/\/elcanillita.info\/press\/wp-json\/wp\/v2\/comments?post=414"}],"version-history":[{"count":0,"href":"https:\/\/elcanillita.info\/press\/wp-json\/wp\/v2\/posts\/414\/revisions"}],"wp:attachment":[{"href":"https:\/\/elcanillita.info\/press\/wp-json\/wp\/v2\/media?parent=414"}],"wp:term":[{"taxonomy":"category","embeddable":true,"href":"https:\/\/elcanillita.info\/press\/wp-json\/wp\/v2\/categories?post=414"},{"taxonomy":"post_tag","embeddable":true,"href":"https:\/\/elcanillita.info\/press\/wp-json\/wp\/v2\/tags?post=414"}],"curies":[{"name":"wp","href":"https:\/\/api.w.org\/{rel}","templated":true}]}}