{"id":4131,"date":"2024-05-04T09:42:10","date_gmt":"2024-05-04T12:42:10","guid":{"rendered":"https:\/\/elcanillita.info\/press\/?p=4131"},"modified":"2024-05-04T09:42:11","modified_gmt":"2024-05-04T12:42:11","slug":"ni-tan-tan-ni-muy-muy","status":"publish","type":"post","link":"https:\/\/elcanillita.info\/press\/2024\/05\/04\/ni-tan-tan-ni-muy-muy\/","title":{"rendered":"Ni tan tan, ni muy muy"},"content":{"rendered":"\n<figure class=\"wp-block-image size-full\"><img loading=\"lazy\" decoding=\"async\" width=\"600\" height=\"400\" src=\"https:\/\/elcanillita.info\/press\/images\/2024\/05\/lij_20240504.jpg\" alt=\"\" class=\"wp-image-4132\" srcset=\"https:\/\/elcanillita.info\/press\/images\/2024\/05\/lij_20240504.jpg 600w, https:\/\/elcanillita.info\/press\/images\/2024\/05\/lij_20240504-300x200.jpg 300w\" sizes=\"auto, (max-width: 600px) 100vw, 600px\" \/><figcaption class=\"wp-element-caption\">Ariel Lijo, segundo desde la derecha, junto con otros jueces federales argentinos, durante un Simposio sobre crimen econ\u00f3mico, en Jesus College, Cambridge, Inglaterra, donde Gabriel Cavallo asisti\u00f3 como expositor. De izquierda a derecha: Marcelo Figueiras, Gabriel Cavallo, Marcelo Ruiz, Guillermo Montenegro, Ariel Lijo y Alfredo Lijo. Fecha: 11 Agosto 2015<\/figcaption><\/figure>\n\n\n\n<p><strong>por Enrique Guillermo Avogadro <\/strong><\/p>\n\n\n\n<p class=\"has-text-align-right\"><small>Las democracias requieren negociaci\u00f3n y concesiones. <\/small><br><small>Los contratiempos son inevitables; las victorias, siempre parciales. <\/small><br><small>Las iniciativas p\u00fablicas m\u00e1s importantes para un Presidente <\/small><br><small>puede ser destrozadas por los medios, malograrse en el Congreso, <\/small><br><small>o ser rechazadas por las Cortes\u201d<br> S. Levitsky y D. Ziblatt.<\/small><\/p>\n\n\n\n<p>Los argumentos que utiliz\u00f3 Javier Milei para defender, contra viento&nbsp; y marea, su ins\u00f3lita e inexplicable insistencia en imponer al impresentable y tan cuestionado Juez Ariel Lijo como ministro de la Corte Suprema no pueden ser m\u00e1s falsos. Dijo, sin ponerse colorado, que la sosten\u00eda por la eficiencia y el conocimiento del candidato sobre el funcionamiento de la Justicia. Con ello, las sospechas de pactos subterr\u00e1neos con el kirchnerismo \u2013cuyos votos positivos en el Senado le resultar\u00e1n indispensables para lograrlo- reverdecen y huelen, cada vez m\u00e1s, a impunidad de la corrupci\u00f3n.<\/p>\n\n\n\n<p>La oposici\u00f3n a que Lijo se incorpore al Tribunal supremo no hace m\u00e1s que crecer, a punto tal que esta semana la Federaci\u00f3n Argentina de Colegios de Abogados, que nuclea a 84 asociaciones profesionales, se expres\u00f3 severamente en contra, diciendo que el nombrado carece de los requisitos m\u00ednimos de antecedentes acad\u00e9micos, probidad y sapiencia; por su parte, el Instituto de Estudios Comparados en Ciencias Penales y Sociales public\u00f3 un estudio que demuestra que este Juez es el menos eficaz entre quienes habitan el maloliente edificio de Comodoro Py, y que \u201cduerme\u201d las causas indefinidamente, sobre todo aqu\u00e9llas en las que hay funcionarios acusados.<\/p>\n\n\n\n<p>La ciudadan\u00eda, en general, no est\u00e1 prestando demasiada atenci\u00f3n a este crucial tema, pues est\u00e1 m\u00e1s preocupada por la p\u00e9rdida de poder adquisitivo de salarios y jubilaciones, el aumento de los servicios y por la ca\u00edda en la actividad, que pone en riesgo puestos de trabajo. Sin embargo, debiera hacerlo porque, de lograr su prop\u00f3sito el Presidente, las libertades individuales y los patrimonios personales de todos los argentinos estar\u00e1n sometidos a la voluntad de un personaje que deja tanto que desear, y la prometida persecuci\u00f3n a los delincuentes de guante blanco que saquearon el pa\u00eds se convertir\u00e1 en una nueva desilusi\u00f3n para una sociedad tan castigada.<\/p>\n\n\n\n<p>La Corte Suprema tiene un important\u00edsimo papel asignado por nuestra carta magna: exclusivamente, ser el \u00e1rbitro final de la constitucionalidad de los actos, leyes y resoluciones de los otros dos poderes del Estado y de los tribunales inferiores. Que aqu\u00ed, como hemos hecho con tantos otros asuntos relevantes, hayamos conseguido deformar esa funci\u00f3n, transform\u00e1ndola en una tercera instancia para cientos de miles de juicios, los previsionales incluidos, no significa que ese rol no deba recuperarse. Y mucho menos intentar convertirla en un mero y condescendiente ap\u00e9ndice del Ejecutivo, que convalide las decisiones m\u00e1s extravagantes de \u00e9ste con la formaci\u00f3n de una mayor\u00eda autom\u00e1tica, como tantas veces hemos hecho.<\/p>\n\n\n\n<p>Toleramos que se elevara a la Corte a Julio Nazareno, Eugenio Zaffaroni (el garantista que nos someti\u00f3 a la mayor inseguridad cotidiana) o Ricardo Lorenzetti (ahora sostiene la candidatura de Lijo), y hemos pagado un alt\u00edsimo precio institucional por ello. Para mostrar nuestra masiva cr\u00edtica a la iniciativa presidencial, <strong>nos reuniremos ante el Palacio de Justicia de la ciudad de Buenos Aires el lunes 6 de mayo, a las 1830 horas<\/strong>, y gritaremos nuestro \u201cno\u201d; nuestro pa\u00eds est\u00e1 plagado de hombres y mujeres probos, intachables y capaces que podr\u00edan ser designados, si en realidad Milei quisiera cumplir sus promesas de avanzar contra la casta saqueadora y no, como parece, pactar con ella, aunque sea para obtener respaldo legislativo para sus iniciativas. Para acompa\u00f1arnos, \u00e9ste es el link: <a href=\"https:\/\/l1nk.dev\/juGXm\">https:\/\/l1nk.dev\/juGXm<\/a>.<br><br>Cierto es que, enfrente, todas las estructuras de la oposici\u00f3n aparecen desflecadas e impotentes, y los anta\u00f1o disciplinados bloques partidarios en el H\u00b0 Aguantadero se resquebrajan cada d\u00eda, tal como se vio en el reciente debate de la Ley de Bases en Diputados; por eso creo que, para el Gobierno, la sanci\u00f3n de ese esencial instrumento por el Senado no debiera ser demasiado dif\u00edcil, despu\u00e9s del bochorno de la auto-triplicaci\u00f3n de las dietas que sus miembros protagonizaron. Algo similar ocurre con los dirigentes sindicales en sus amenazas de paros y huelgas, y hasta con los gerentes de la pobreza, acosados por los permanentes descubrimientos de fraudes en la ayuda social. La manifestaci\u00f3n universitaria del 23 de abril, en otras \u00e9pocas, se hubiera convertido, por su masividad, en un complicado punto de inflexi\u00f3n para el Presidente, no pudo ser aprovechado por el fracasado \u201cclub del helic\u00f3ptero\u201d para desestabilizar al Gobierno.<\/p>\n\n\n\n<p>Estoy convencido que, si Javier Milei logra llegar a mitad de a\u00f1o sin que se produzca un improbable estallido social, con la inflaci\u00f3n reducida a un d\u00edgito mensual y en ca\u00edda, con alguna recuperaci\u00f3n de la actividad, del salario y de las jubilaciones, habr\u00e1 atravesado el dram\u00e1tico Jord\u00e1n que tantos pronosticaban y que adquirir\u00e1 fuerza pol\u00edtica cuando se diriman las elecciones de medio t\u00e9rmino, a fines del a\u00f1o pr\u00f3ximo. Y para ello cuenta con un activo incomparable: en materia econ\u00f3mica no nos minti\u00f3 en campa\u00f1a y, cuando nos dijo que har\u00eda precisamente lo que est\u00e1 haciendo, lo votamos masivamente, hartos de d\u00e9cadas de fracaso colectivo.<br><br><small>\u00a9 Copyright 2024 Enrique Guillermo Avogadro<br>\u00a9 2024 ElCanillita.info \/ SalaStampa.Eu, servicio mundial de prensa<\/small><\/p>\n","protected":false},"excerpt":{"rendered":"<p>La oposici\u00f3n a que Lijo se incorpore al Tribunal supremo no hace m\u00e1s que crecer, a punto tal que esta semana la Federaci\u00f3n Argentina de Colegios de Abogados, que nuclea a 84 asociaciones profesionales, se expres\u00f3 severamente en contra, diciendo que el nombrado carece de los requisitos m\u00ednimos de antecedentes acad\u00e9micos, probidad y sapiencia<\/p>\n","protected":false},"author":1,"featured_media":4133,"comment_status":"closed","ping_status":"closed","sticky":false,"template":"","format":"standard","meta":{"footnotes":"","_links_to":"","_links_to_target":""},"categories":[108,121,70,11,118,23],"tags":[29],"class_list":["post-4131","post","type-post","status-publish","format-standard","has-post-thumbnail","hentry","category-blogdiario","category-dc24","category-actualidad","category-america-del-sur","category-corrupcion","category-politica","tag-argentina","entry","double"],"yoast_head":"<!-- This site is optimized with the Yoast SEO plugin v27.4 - https:\/\/yoast.com\/product\/yoast-seo-wordpress\/ -->\n<title>Ni tan tan, ni muy muy - ElCanillita.Info<\/title>\n<meta name=\"robots\" content=\"index, follow, max-snippet:-1, max-image-preview:large, max-video-preview:-1\" \/>\n<link rel=\"canonical\" href=\"https:\/\/elcanillita.info\/press\/2024\/05\/04\/ni-tan-tan-ni-muy-muy\/\" \/>\n<meta property=\"og:locale\" content=\"es_ES\" \/>\n<meta property=\"og:type\" content=\"article\" \/>\n<meta property=\"og:title\" content=\"Ni tan tan, ni muy muy - ElCanillita.Info\" \/>\n<meta property=\"og:description\" content=\"La oposici\u00f3n a que Lijo se incorpore al Tribunal supremo no hace m\u00e1s que crecer, a punto tal que esta semana la Federaci\u00f3n Argentina de Colegios de Abogados, que nuclea a 84 asociaciones profesionales, se expres\u00f3 severamente en contra, diciendo que el nombrado carece de los requisitos m\u00ednimos de antecedentes acad\u00e9micos, probidad y sapiencia\" \/>\n<meta property=\"og:url\" content=\"https:\/\/elcanillita.info\/press\/2024\/05\/04\/ni-tan-tan-ni-muy-muy\/\" \/>\n<meta property=\"og:site_name\" content=\"ElCanillita.Info\" \/>\n<meta property=\"article:publisher\" content=\"https:\/\/ar-ar.facebook.com\/ElCanillitainfo-114249515285712\/\" \/>\n<meta property=\"article:published_time\" content=\"2024-05-04T12:42:10+00:00\" \/>\n<meta property=\"article:modified_time\" content=\"2024-05-04T12:42:11+00:00\" \/>\n<meta property=\"og:image\" content=\"https:\/\/elcanillita.info\/press\/images\/2024\/05\/lijII_20240504.jpg\" \/>\n\t<meta property=\"og:image:width\" content=\"600\" \/>\n\t<meta property=\"og:image:height\" content=\"521\" \/>\n\t<meta property=\"og:image:type\" content=\"image\/jpeg\" \/>\n<meta name=\"author\" content=\"SalaStampa.eu, world press service\" \/>\n<meta name=\"twitter:card\" content=\"summary_large_image\" \/>\n<meta name=\"twitter:label1\" content=\"Escrito por\" \/>\n\t<meta name=\"twitter:data1\" content=\"SalaStampa.eu, world press service\" \/>\n\t<meta name=\"twitter:label2\" content=\"Tiempo de lectura\" \/>\n\t<meta name=\"twitter:data2\" content=\"5 minutos\" \/>\n<script type=\"application\/ld+json\" class=\"yoast-schema-graph\">{\"@context\":\"https:\\\/\\\/schema.org\",\"@graph\":[{\"@type\":\"Article\",\"@id\":\"https:\\\/\\\/elcanillita.info\\\/press\\\/2024\\\/05\\\/04\\\/ni-tan-tan-ni-muy-muy\\\/#article\",\"isPartOf\":{\"@id\":\"https:\\\/\\\/elcanillita.info\\\/press\\\/2024\\\/05\\\/04\\\/ni-tan-tan-ni-muy-muy\\\/\"},\"author\":{\"name\":\"SalaStampa.eu, world press service\",\"@id\":\"https:\\\/\\\/elcanillita.info\\\/press\\\/#\\\/schema\\\/person\\\/7fcb79f38045700919f7da6d97e71ba0\"},\"headline\":\"Ni tan tan, ni muy muy\",\"datePublished\":\"2024-05-04T12:42:10+00:00\",\"dateModified\":\"2024-05-04T12:42:11+00:00\",\"mainEntityOfPage\":{\"@id\":\"https:\\\/\\\/elcanillita.info\\\/press\\\/2024\\\/05\\\/04\\\/ni-tan-tan-ni-muy-muy\\\/\"},\"wordCount\":969,\"publisher\":{\"@id\":\"https:\\\/\\\/elcanillita.info\\\/press\\\/#organization\"},\"image\":{\"@id\":\"https:\\\/\\\/elcanillita.info\\\/press\\\/2024\\\/05\\\/04\\\/ni-tan-tan-ni-muy-muy\\\/#primaryimage\"},\"thumbnailUrl\":\"https:\\\/\\\/elcanillita.info\\\/press\\\/images\\\/2024\\\/05\\\/lijII_20240504.jpg\",\"keywords\":[\"Argentina\"],\"articleSection\":[\".\",\".\",\"Actualidad\",\"Am\u00e9rica del Sur\",\"Corrupci\u00f3n\",\"Politica\"],\"inLanguage\":\"es-AR\"},{\"@type\":\"WebPage\",\"@id\":\"https:\\\/\\\/elcanillita.info\\\/press\\\/2024\\\/05\\\/04\\\/ni-tan-tan-ni-muy-muy\\\/\",\"url\":\"https:\\\/\\\/elcanillita.info\\\/press\\\/2024\\\/05\\\/04\\\/ni-tan-tan-ni-muy-muy\\\/\",\"name\":\"Ni tan tan, ni muy muy - ElCanillita.Info\",\"isPartOf\":{\"@id\":\"https:\\\/\\\/elcanillita.info\\\/press\\\/#website\"},\"primaryImageOfPage\":{\"@id\":\"https:\\\/\\\/elcanillita.info\\\/press\\\/2024\\\/05\\\/04\\\/ni-tan-tan-ni-muy-muy\\\/#primaryimage\"},\"image\":{\"@id\":\"https:\\\/\\\/elcanillita.info\\\/press\\\/2024\\\/05\\\/04\\\/ni-tan-tan-ni-muy-muy\\\/#primaryimage\"},\"thumbnailUrl\":\"https:\\\/\\\/elcanillita.info\\\/press\\\/images\\\/2024\\\/05\\\/lijII_20240504.jpg\",\"datePublished\":\"2024-05-04T12:42:10+00:00\",\"dateModified\":\"2024-05-04T12:42:11+00:00\",\"inLanguage\":\"es-AR\",\"potentialAction\":[{\"@type\":\"ReadAction\",\"target\":[\"https:\\\/\\\/elcanillita.info\\\/press\\\/2024\\\/05\\\/04\\\/ni-tan-tan-ni-muy-muy\\\/\"]}]},{\"@type\":\"ImageObject\",\"inLanguage\":\"es-AR\",\"@id\":\"https:\\\/\\\/elcanillita.info\\\/press\\\/2024\\\/05\\\/04\\\/ni-tan-tan-ni-muy-muy\\\/#primaryimage\",\"url\":\"https:\\\/\\\/elcanillita.info\\\/press\\\/images\\\/2024\\\/05\\\/lijII_20240504.jpg\",\"contentUrl\":\"https:\\\/\\\/elcanillita.info\\\/press\\\/images\\\/2024\\\/05\\\/lijII_20240504.jpg\",\"width\":600,\"height\":521},{\"@type\":\"WebSite\",\"@id\":\"https:\\\/\\\/elcanillita.info\\\/press\\\/#website\",\"url\":\"https:\\\/\\\/elcanillita.info\\\/press\\\/\",\"name\":\"ElCanillita.Info\",\"description\":\"desde los Apeninos a los Andes\",\"publisher\":{\"@id\":\"https:\\\/\\\/elcanillita.info\\\/press\\\/#organization\"},\"potentialAction\":[{\"@type\":\"SearchAction\",\"target\":{\"@type\":\"EntryPoint\",\"urlTemplate\":\"https:\\\/\\\/elcanillita.info\\\/press\\\/?s={search_term_string}\"},\"query-input\":{\"@type\":\"PropertyValueSpecification\",\"valueRequired\":true,\"valueName\":\"search_term_string\"}}],\"inLanguage\":\"es-AR\"},{\"@type\":\"Organization\",\"@id\":\"https:\\\/\\\/elcanillita.info\\\/press\\\/#organization\",\"name\":\"Guzzo Photos & Graphic Publications\",\"url\":\"https:\\\/\\\/elcanillita.info\\\/press\\\/\",\"logo\":{\"@type\":\"ImageObject\",\"inLanguage\":\"es-AR\",\"@id\":\"https:\\\/\\\/elcanillita.info\\\/press\\\/#\\\/schema\\\/logo\\\/image\\\/\",\"url\":\"https:\\\/\\\/elcanillita.info\\\/press\\\/images\\\/2020\\\/01\\\/cropped-cropped-cropped-elcanillitainfo.png\",\"contentUrl\":\"https:\\\/\\\/elcanillita.info\\\/press\\\/images\\\/2020\\\/01\\\/cropped-cropped-cropped-elcanillitainfo.png\",\"width\":460,\"height\":50,\"caption\":\"Guzzo Photos & Graphic Publications\"},\"image\":{\"@id\":\"https:\\\/\\\/elcanillita.info\\\/press\\\/#\\\/schema\\\/logo\\\/image\\\/\"},\"sameAs\":[\"https:\\\/\\\/ar-ar.facebook.com\\\/ElCanillitainfo-114249515285712\\\/\"]},{\"@type\":\"Person\",\"@id\":\"https:\\\/\\\/elcanillita.info\\\/press\\\/#\\\/schema\\\/person\\\/7fcb79f38045700919f7da6d97e71ba0\",\"name\":\"SalaStampa.eu, world press service\",\"image\":{\"@type\":\"ImageObject\",\"inLanguage\":\"es-AR\",\"@id\":\"https:\\\/\\\/secure.gravatar.com\\\/avatar\\\/c2f0e0d515a107624234994507816ca4724c7199cef73fc8bedebf6931d73888?s=96&d=mm&r=g\",\"url\":\"https:\\\/\\\/secure.gravatar.com\\\/avatar\\\/c2f0e0d515a107624234994507816ca4724c7199cef73fc8bedebf6931d73888?s=96&d=mm&r=g\",\"contentUrl\":\"https:\\\/\\\/secure.gravatar.com\\\/avatar\\\/c2f0e0d515a107624234994507816ca4724c7199cef73fc8bedebf6931d73888?s=96&d=mm&r=g\",\"caption\":\"SalaStampa.eu, world press service\"}}]}<\/script>\n<!-- \/ Yoast SEO plugin. -->","yoast_head_json":{"title":"Ni tan tan, ni muy muy - ElCanillita.Info","robots":{"index":"index","follow":"follow","max-snippet":"max-snippet:-1","max-image-preview":"max-image-preview:large","max-video-preview":"max-video-preview:-1"},"canonical":"https:\/\/elcanillita.info\/press\/2024\/05\/04\/ni-tan-tan-ni-muy-muy\/","og_locale":"es_ES","og_type":"article","og_title":"Ni tan tan, ni muy muy - ElCanillita.Info","og_description":"La oposici\u00f3n a que Lijo se incorpore al Tribunal supremo no hace m\u00e1s que crecer, a punto tal que esta semana la Federaci\u00f3n Argentina de Colegios de Abogados, que nuclea a 84 asociaciones profesionales, se expres\u00f3 severamente en contra, diciendo que el nombrado carece de los requisitos m\u00ednimos de antecedentes acad\u00e9micos, probidad y sapiencia","og_url":"https:\/\/elcanillita.info\/press\/2024\/05\/04\/ni-tan-tan-ni-muy-muy\/","og_site_name":"ElCanillita.Info","article_publisher":"https:\/\/ar-ar.facebook.com\/ElCanillitainfo-114249515285712\/","article_published_time":"2024-05-04T12:42:10+00:00","article_modified_time":"2024-05-04T12:42:11+00:00","og_image":[{"width":600,"height":521,"url":"https:\/\/elcanillita.info\/press\/images\/2024\/05\/lijII_20240504.jpg","type":"image\/jpeg"}],"author":"SalaStampa.eu, world press service","twitter_card":"summary_large_image","twitter_misc":{"Escrito por":"SalaStampa.eu, world press service","Tiempo de lectura":"5 minutos"},"schema":{"@context":"https:\/\/schema.org","@graph":[{"@type":"Article","@id":"https:\/\/elcanillita.info\/press\/2024\/05\/04\/ni-tan-tan-ni-muy-muy\/#article","isPartOf":{"@id":"https:\/\/elcanillita.info\/press\/2024\/05\/04\/ni-tan-tan-ni-muy-muy\/"},"author":{"name":"SalaStampa.eu, world press service","@id":"https:\/\/elcanillita.info\/press\/#\/schema\/person\/7fcb79f38045700919f7da6d97e71ba0"},"headline":"Ni tan tan, ni muy muy","datePublished":"2024-05-04T12:42:10+00:00","dateModified":"2024-05-04T12:42:11+00:00","mainEntityOfPage":{"@id":"https:\/\/elcanillita.info\/press\/2024\/05\/04\/ni-tan-tan-ni-muy-muy\/"},"wordCount":969,"publisher":{"@id":"https:\/\/elcanillita.info\/press\/#organization"},"image":{"@id":"https:\/\/elcanillita.info\/press\/2024\/05\/04\/ni-tan-tan-ni-muy-muy\/#primaryimage"},"thumbnailUrl":"https:\/\/elcanillita.info\/press\/images\/2024\/05\/lijII_20240504.jpg","keywords":["Argentina"],"articleSection":[".",".","Actualidad","Am\u00e9rica del Sur","Corrupci\u00f3n","Politica"],"inLanguage":"es-AR"},{"@type":"WebPage","@id":"https:\/\/elcanillita.info\/press\/2024\/05\/04\/ni-tan-tan-ni-muy-muy\/","url":"https:\/\/elcanillita.info\/press\/2024\/05\/04\/ni-tan-tan-ni-muy-muy\/","name":"Ni tan tan, ni muy muy - ElCanillita.Info","isPartOf":{"@id":"https:\/\/elcanillita.info\/press\/#website"},"primaryImageOfPage":{"@id":"https:\/\/elcanillita.info\/press\/2024\/05\/04\/ni-tan-tan-ni-muy-muy\/#primaryimage"},"image":{"@id":"https:\/\/elcanillita.info\/press\/2024\/05\/04\/ni-tan-tan-ni-muy-muy\/#primaryimage"},"thumbnailUrl":"https:\/\/elcanillita.info\/press\/images\/2024\/05\/lijII_20240504.jpg","datePublished":"2024-05-04T12:42:10+00:00","dateModified":"2024-05-04T12:42:11+00:00","inLanguage":"es-AR","potentialAction":[{"@type":"ReadAction","target":["https:\/\/elcanillita.info\/press\/2024\/05\/04\/ni-tan-tan-ni-muy-muy\/"]}]},{"@type":"ImageObject","inLanguage":"es-AR","@id":"https:\/\/elcanillita.info\/press\/2024\/05\/04\/ni-tan-tan-ni-muy-muy\/#primaryimage","url":"https:\/\/elcanillita.info\/press\/images\/2024\/05\/lijII_20240504.jpg","contentUrl":"https:\/\/elcanillita.info\/press\/images\/2024\/05\/lijII_20240504.jpg","width":600,"height":521},{"@type":"WebSite","@id":"https:\/\/elcanillita.info\/press\/#website","url":"https:\/\/elcanillita.info\/press\/","name":"ElCanillita.Info","description":"desde los Apeninos a los Andes","publisher":{"@id":"https:\/\/elcanillita.info\/press\/#organization"},"potentialAction":[{"@type":"SearchAction","target":{"@type":"EntryPoint","urlTemplate":"https:\/\/elcanillita.info\/press\/?s={search_term_string}"},"query-input":{"@type":"PropertyValueSpecification","valueRequired":true,"valueName":"search_term_string"}}],"inLanguage":"es-AR"},{"@type":"Organization","@id":"https:\/\/elcanillita.info\/press\/#organization","name":"Guzzo Photos & Graphic Publications","url":"https:\/\/elcanillita.info\/press\/","logo":{"@type":"ImageObject","inLanguage":"es-AR","@id":"https:\/\/elcanillita.info\/press\/#\/schema\/logo\/image\/","url":"https:\/\/elcanillita.info\/press\/images\/2020\/01\/cropped-cropped-cropped-elcanillitainfo.png","contentUrl":"https:\/\/elcanillita.info\/press\/images\/2020\/01\/cropped-cropped-cropped-elcanillitainfo.png","width":460,"height":50,"caption":"Guzzo Photos & Graphic Publications"},"image":{"@id":"https:\/\/elcanillita.info\/press\/#\/schema\/logo\/image\/"},"sameAs":["https:\/\/ar-ar.facebook.com\/ElCanillitainfo-114249515285712\/"]},{"@type":"Person","@id":"https:\/\/elcanillita.info\/press\/#\/schema\/person\/7fcb79f38045700919f7da6d97e71ba0","name":"SalaStampa.eu, world press service","image":{"@type":"ImageObject","inLanguage":"es-AR","@id":"https:\/\/secure.gravatar.com\/avatar\/c2f0e0d515a107624234994507816ca4724c7199cef73fc8bedebf6931d73888?s=96&d=mm&r=g","url":"https:\/\/secure.gravatar.com\/avatar\/c2f0e0d515a107624234994507816ca4724c7199cef73fc8bedebf6931d73888?s=96&d=mm&r=g","contentUrl":"https:\/\/secure.gravatar.com\/avatar\/c2f0e0d515a107624234994507816ca4724c7199cef73fc8bedebf6931d73888?s=96&d=mm&r=g","caption":"SalaStampa.eu, world press service"}}]}},"views":528,"_links":{"self":[{"href":"https:\/\/elcanillita.info\/press\/wp-json\/wp\/v2\/posts\/4131","targetHints":{"allow":["GET"]}}],"collection":[{"href":"https:\/\/elcanillita.info\/press\/wp-json\/wp\/v2\/posts"}],"about":[{"href":"https:\/\/elcanillita.info\/press\/wp-json\/wp\/v2\/types\/post"}],"author":[{"embeddable":true,"href":"https:\/\/elcanillita.info\/press\/wp-json\/wp\/v2\/users\/1"}],"replies":[{"embeddable":true,"href":"https:\/\/elcanillita.info\/press\/wp-json\/wp\/v2\/comments?post=4131"}],"version-history":[{"count":0,"href":"https:\/\/elcanillita.info\/press\/wp-json\/wp\/v2\/posts\/4131\/revisions"}],"wp:featuredmedia":[{"embeddable":true,"href":"https:\/\/elcanillita.info\/press\/wp-json\/wp\/v2\/media\/4133"}],"wp:attachment":[{"href":"https:\/\/elcanillita.info\/press\/wp-json\/wp\/v2\/media?parent=4131"}],"wp:term":[{"taxonomy":"category","embeddable":true,"href":"https:\/\/elcanillita.info\/press\/wp-json\/wp\/v2\/categories?post=4131"},{"taxonomy":"post_tag","embeddable":true,"href":"https:\/\/elcanillita.info\/press\/wp-json\/wp\/v2\/tags?post=4131"}],"curies":[{"name":"wp","href":"https:\/\/api.w.org\/{rel}","templated":true}]}}