{"id":413,"date":"2020-02-09T09:50:00","date_gmt":"2020-02-09T12:50:00","guid":{"rendered":"https:\/\/elcanillita.info\/press\/?p=413"},"modified":"2020-02-11T08:54:54","modified_gmt":"2020-02-11T11:54:54","slug":"presidente-ucraniano-pide-ayuda-papa-francisco-liberar-prisioneros-guerra","status":"publish","type":"post","link":"https:\/\/elcanillita.info\/press\/2020\/02\/09\/presidente-ucraniano-pide-ayuda-papa-francisco-liberar-prisioneros-guerra\/","title":{"rendered":"Presidente ucraniano pide ayuda al Papa Francisco para liberar a prisioneros de guerra"},"content":{"rendered":"\n<p>Ciudad del Vaticano, 09.02.2020 &#8211; El presidente ucraniano le pidi\u00f3 al papa Francisco ayuda para asegurar la liberaci\u00f3n de los prisioneros de guerra capturados por Rusia y por los separatistas apoyados por Rusia en el este de Ucrania.<\/p>\n\n\n\n<p>Volodymyr&nbsp;Zelenskiy hizo la petici\u00f3n en una reuni\u00f3n el s\u00e1bado con el pont\u00edfice en el Vaticano.<\/p>\n\n\n\n<p>\u201c(El papa) hace todo lo posible para alcanzar la paz y armon\u00eda en todo el mundo\u201d, dijo Zelenskiy en un tuit despu\u00e9s de la reuni\u00f3n.<\/p>\n\n\n\n<p>\u201cPed\u00ed ayuda con la liberaci\u00f3n de ucranianos capturados en Donbas, Crimea y Rusia\u201d, agreg\u00f3.<\/p>\n\n\n\n<p>Rusia se anex\u00f3 Crimea, una pen\u00ednsula en el Mar Negro,&nbsp;en marzo de 2014. Un mes despu\u00e9s, estallaron combates en el este de Ucrania, y desde entonces el conflicto ha dejado&nbsp;m\u00e1s de 13.000 personas muertas&nbsp;y ha desplazado a m\u00e1s de 1 mill\u00f3n.&nbsp;<\/p>\n\n\n\n<p>Desde que fue elegido en en mayo de 2019, Zelenskiy ha supervisado&nbsp;dos intercambios de prisioneros con Rusia y con los separatistas que Mosc\u00fa apoya&nbsp;en el este ucraniano.<\/p>\n\n\n\n<p>El papa Francisco, el l\u00edder de 83 a\u00f1os de la iglesia cat\u00f3lica romana, ha expresado varias veces su esperanza por un fin al conflicto.<\/p>\n\n\n\n<p>Francisco ofreci\u00f3 una plegaria antes de de la cumbre clave que involucra a Zelenskiy y al presidente ruso Vladimir Putin en Par\u00eds en diciembre de 2019. El papa tambi\u00e9n llam\u00f3 a la paz en el este de Ucrania en su mensaje de Navidad.<\/p>\n\n\n\n<p>La gran mayor\u00eda de los cristianos ucranianos son cristianos ortodoxos, solo un peque\u00f1o porcentaje se consideran cat\u00f3licos romanos.<\/p>\n\n\n\n<p>Sin embargo, los cat\u00f3licos griegos o de rito oriental son la segunda denominaci\u00f3n cristiana m\u00e1s grande del pa\u00eds y reconocen al Papa como su l\u00edder espiritual.<\/p>\n\n\n\n<p>El papa Francisco, conversa con el presidente de Ucrania, Volodymyr Zelenski, durante una audiencia privada en el Vaticano. A la izquierda, la primera dama de Ucrania, Olena Zelenska. Febrero 8 de 2020. Gregorio Borgia\/Pool v\u00eda Reuters.<\/p>\n\n\n\n<p>Durante la sesi\u00f3n de fotos de la reuni\u00f3n, que estuvo abierta a reporteros, Francisco le dio a Zelenskiy una medalla&nbsp;de San Mart\u00edn de Tours, patrono de la Guardia Suiza pontificia, dici\u00e9ndole que espera que el santo \u201cproteja a tu pueblo de la guerra\u201d.<\/p>\n\n\n\n<p>Zelenskiy lleg\u00f3 a Italia el viernes, y el mismo d\u00eda se reuni\u00f3 con el primer ministro italiano Giuseppe Conte.<\/p>\n\n\n\n<p>Las conversaciones en Roma fueron reportadas como enfocadas en Vitaliy\u00a0Markiv, un guardia nacional ucraniano sentenciado en 2019 por una corte italiana a 24 a\u00f1os de prisi\u00f3n por su papel en la muerte de un fotoperiodista italiano y su traductor durante una pelea cerca del este de Ucrania, en la ciudad de Slovyansk en 2014.<br><br>\n<small>SalaStampa.Eu, affiliate of the networks operated by Broadcasting Board of Governors \u00a9 2019 BBG<small><\/p>\n","protected":false},"excerpt":{"rendered":"<p>Ciudad del Vaticano, 09.02.2020 &#8211; El presidente ucraniano le pidi\u00f3 al papa Francisco ayuda para asegurar la liberaci\u00f3n de los prisioneros de guerra capturados por Rusia y por los separatistas apoyados por Rusia en el este de Ucrania.<\/p>\n","protected":false},"author":1,"featured_media":0,"comment_status":"closed","ping_status":"closed","sticky":false,"template":"","format":"standard","meta":{"footnotes":"","_links_to":"","_links_to_target":""},"categories":[70,5,22,23],"tags":[52],"class_list":["post-413","post","type-post","status-publish","format-standard","hentry","category-actualidad","category-europa","category-justicia","category-politica","tag-ucrania","entry","double"],"yoast_head":"<!-- This site is optimized with the Yoast SEO plugin v27.4 - https:\/\/yoast.com\/product\/yoast-seo-wordpress\/ -->\n<title>Presidente ucraniano pide ayuda al Papa Francisco para liberar a prisioneros de guerra - ElCanillita.Info<\/title>\n<meta name=\"robots\" content=\"index, follow, max-snippet:-1, max-image-preview:large, max-video-preview:-1\" \/>\n<link rel=\"canonical\" href=\"https:\/\/elcanillita.info\/press\/2020\/02\/09\/presidente-ucraniano-pide-ayuda-papa-francisco-liberar-prisioneros-guerra\/\" \/>\n<meta property=\"og:locale\" content=\"es_ES\" \/>\n<meta property=\"og:type\" content=\"article\" \/>\n<meta property=\"og:title\" content=\"Presidente ucraniano pide ayuda al Papa Francisco para liberar a prisioneros de guerra - ElCanillita.Info\" \/>\n<meta property=\"og:description\" content=\"Ciudad del Vaticano, 09.02.2020 - El presidente ucraniano le pidi\u00f3 al papa Francisco ayuda para asegurar la liberaci\u00f3n de los prisioneros de guerra capturados por Rusia y por los separatistas apoyados por Rusia en el este de Ucrania.\" \/>\n<meta property=\"og:url\" content=\"https:\/\/elcanillita.info\/press\/2020\/02\/09\/presidente-ucraniano-pide-ayuda-papa-francisco-liberar-prisioneros-guerra\/\" \/>\n<meta property=\"og:site_name\" content=\"ElCanillita.Info\" \/>\n<meta property=\"article:publisher\" content=\"https:\/\/ar-ar.facebook.com\/ElCanillitainfo-114249515285712\/\" \/>\n<meta property=\"article:published_time\" content=\"2020-02-09T12:50:00+00:00\" \/>\n<meta property=\"article:modified_time\" content=\"2020-02-11T11:54:54+00:00\" \/>\n<meta name=\"author\" content=\"SalaStampa.eu, world press service\" \/>\n<meta name=\"twitter:card\" content=\"summary_large_image\" \/>\n<meta name=\"twitter:label1\" content=\"Escrito por\" \/>\n\t<meta name=\"twitter:data1\" content=\"SalaStampa.eu, world press service\" \/>\n\t<meta name=\"twitter:label2\" content=\"Tiempo de lectura\" \/>\n\t<meta name=\"twitter:data2\" content=\"2 minutos\" \/>\n<script type=\"application\/ld+json\" class=\"yoast-schema-graph\">{\"@context\":\"https:\\\/\\\/schema.org\",\"@graph\":[{\"@type\":\"Article\",\"@id\":\"https:\\\/\\\/elcanillita.info\\\/press\\\/2020\\\/02\\\/09\\\/presidente-ucraniano-pide-ayuda-papa-francisco-liberar-prisioneros-guerra\\\/#article\",\"isPartOf\":{\"@id\":\"https:\\\/\\\/elcanillita.info\\\/press\\\/2020\\\/02\\\/09\\\/presidente-ucraniano-pide-ayuda-papa-francisco-liberar-prisioneros-guerra\\\/\"},\"author\":{\"name\":\"SalaStampa.eu, world press service\",\"@id\":\"https:\\\/\\\/elcanillita.info\\\/press\\\/#\\\/schema\\\/person\\\/7fcb79f38045700919f7da6d97e71ba0\"},\"headline\":\"Presidente ucraniano pide ayuda al Papa Francisco para liberar a prisioneros de guerra\",\"datePublished\":\"2020-02-09T12:50:00+00:00\",\"dateModified\":\"2020-02-11T11:54:54+00:00\",\"mainEntityOfPage\":{\"@id\":\"https:\\\/\\\/elcanillita.info\\\/press\\\/2020\\\/02\\\/09\\\/presidente-ucraniano-pide-ayuda-papa-francisco-liberar-prisioneros-guerra\\\/\"},\"wordCount\":489,\"publisher\":{\"@id\":\"https:\\\/\\\/elcanillita.info\\\/press\\\/#organization\"},\"keywords\":[\"Ucrania\"],\"articleSection\":[\"Actualidad\",\"Europa\",\"Justicia\",\"Politica\"],\"inLanguage\":\"es-AR\"},{\"@type\":\"WebPage\",\"@id\":\"https:\\\/\\\/elcanillita.info\\\/press\\\/2020\\\/02\\\/09\\\/presidente-ucraniano-pide-ayuda-papa-francisco-liberar-prisioneros-guerra\\\/\",\"url\":\"https:\\\/\\\/elcanillita.info\\\/press\\\/2020\\\/02\\\/09\\\/presidente-ucraniano-pide-ayuda-papa-francisco-liberar-prisioneros-guerra\\\/\",\"name\":\"Presidente ucraniano pide ayuda al Papa Francisco para liberar a prisioneros de guerra - ElCanillita.Info\",\"isPartOf\":{\"@id\":\"https:\\\/\\\/elcanillita.info\\\/press\\\/#website\"},\"datePublished\":\"2020-02-09T12:50:00+00:00\",\"dateModified\":\"2020-02-11T11:54:54+00:00\",\"inLanguage\":\"es-AR\",\"potentialAction\":[{\"@type\":\"ReadAction\",\"target\":[\"https:\\\/\\\/elcanillita.info\\\/press\\\/2020\\\/02\\\/09\\\/presidente-ucraniano-pide-ayuda-papa-francisco-liberar-prisioneros-guerra\\\/\"]}]},{\"@type\":\"WebSite\",\"@id\":\"https:\\\/\\\/elcanillita.info\\\/press\\\/#website\",\"url\":\"https:\\\/\\\/elcanillita.info\\\/press\\\/\",\"name\":\"ElCanillita.Info\",\"description\":\"desde los Apeninos a los Andes\",\"publisher\":{\"@id\":\"https:\\\/\\\/elcanillita.info\\\/press\\\/#organization\"},\"potentialAction\":[{\"@type\":\"SearchAction\",\"target\":{\"@type\":\"EntryPoint\",\"urlTemplate\":\"https:\\\/\\\/elcanillita.info\\\/press\\\/?s={search_term_string}\"},\"query-input\":{\"@type\":\"PropertyValueSpecification\",\"valueRequired\":true,\"valueName\":\"search_term_string\"}}],\"inLanguage\":\"es-AR\"},{\"@type\":\"Organization\",\"@id\":\"https:\\\/\\\/elcanillita.info\\\/press\\\/#organization\",\"name\":\"Guzzo Photos & Graphic Publications\",\"url\":\"https:\\\/\\\/elcanillita.info\\\/press\\\/\",\"logo\":{\"@type\":\"ImageObject\",\"inLanguage\":\"es-AR\",\"@id\":\"https:\\\/\\\/elcanillita.info\\\/press\\\/#\\\/schema\\\/logo\\\/image\\\/\",\"url\":\"https:\\\/\\\/elcanillita.info\\\/press\\\/images\\\/2020\\\/01\\\/cropped-cropped-cropped-elcanillitainfo.png\",\"contentUrl\":\"https:\\\/\\\/elcanillita.info\\\/press\\\/images\\\/2020\\\/01\\\/cropped-cropped-cropped-elcanillitainfo.png\",\"width\":460,\"height\":50,\"caption\":\"Guzzo Photos & Graphic Publications\"},\"image\":{\"@id\":\"https:\\\/\\\/elcanillita.info\\\/press\\\/#\\\/schema\\\/logo\\\/image\\\/\"},\"sameAs\":[\"https:\\\/\\\/ar-ar.facebook.com\\\/ElCanillitainfo-114249515285712\\\/\"]},{\"@type\":\"Person\",\"@id\":\"https:\\\/\\\/elcanillita.info\\\/press\\\/#\\\/schema\\\/person\\\/7fcb79f38045700919f7da6d97e71ba0\",\"name\":\"SalaStampa.eu, world press service\",\"image\":{\"@type\":\"ImageObject\",\"inLanguage\":\"es-AR\",\"@id\":\"https:\\\/\\\/secure.gravatar.com\\\/avatar\\\/c2f0e0d515a107624234994507816ca4724c7199cef73fc8bedebf6931d73888?s=96&d=mm&r=g\",\"url\":\"https:\\\/\\\/secure.gravatar.com\\\/avatar\\\/c2f0e0d515a107624234994507816ca4724c7199cef73fc8bedebf6931d73888?s=96&d=mm&r=g\",\"contentUrl\":\"https:\\\/\\\/secure.gravatar.com\\\/avatar\\\/c2f0e0d515a107624234994507816ca4724c7199cef73fc8bedebf6931d73888?s=96&d=mm&r=g\",\"caption\":\"SalaStampa.eu, world press service\"}}]}<\/script>\n<!-- \/ Yoast SEO plugin. -->","yoast_head_json":{"title":"Presidente ucraniano pide ayuda al Papa Francisco para liberar a prisioneros de guerra - ElCanillita.Info","robots":{"index":"index","follow":"follow","max-snippet":"max-snippet:-1","max-image-preview":"max-image-preview:large","max-video-preview":"max-video-preview:-1"},"canonical":"https:\/\/elcanillita.info\/press\/2020\/02\/09\/presidente-ucraniano-pide-ayuda-papa-francisco-liberar-prisioneros-guerra\/","og_locale":"es_ES","og_type":"article","og_title":"Presidente ucraniano pide ayuda al Papa Francisco para liberar a prisioneros de guerra - ElCanillita.Info","og_description":"Ciudad del Vaticano, 09.02.2020 - El presidente ucraniano le pidi\u00f3 al papa Francisco ayuda para asegurar la liberaci\u00f3n de los prisioneros de guerra capturados por Rusia y por los separatistas apoyados por Rusia en el este de Ucrania.","og_url":"https:\/\/elcanillita.info\/press\/2020\/02\/09\/presidente-ucraniano-pide-ayuda-papa-francisco-liberar-prisioneros-guerra\/","og_site_name":"ElCanillita.Info","article_publisher":"https:\/\/ar-ar.facebook.com\/ElCanillitainfo-114249515285712\/","article_published_time":"2020-02-09T12:50:00+00:00","article_modified_time":"2020-02-11T11:54:54+00:00","author":"SalaStampa.eu, world press service","twitter_card":"summary_large_image","twitter_misc":{"Escrito por":"SalaStampa.eu, world press service","Tiempo de lectura":"2 minutos"},"schema":{"@context":"https:\/\/schema.org","@graph":[{"@type":"Article","@id":"https:\/\/elcanillita.info\/press\/2020\/02\/09\/presidente-ucraniano-pide-ayuda-papa-francisco-liberar-prisioneros-guerra\/#article","isPartOf":{"@id":"https:\/\/elcanillita.info\/press\/2020\/02\/09\/presidente-ucraniano-pide-ayuda-papa-francisco-liberar-prisioneros-guerra\/"},"author":{"name":"SalaStampa.eu, world press service","@id":"https:\/\/elcanillita.info\/press\/#\/schema\/person\/7fcb79f38045700919f7da6d97e71ba0"},"headline":"Presidente ucraniano pide ayuda al Papa Francisco para liberar a prisioneros de guerra","datePublished":"2020-02-09T12:50:00+00:00","dateModified":"2020-02-11T11:54:54+00:00","mainEntityOfPage":{"@id":"https:\/\/elcanillita.info\/press\/2020\/02\/09\/presidente-ucraniano-pide-ayuda-papa-francisco-liberar-prisioneros-guerra\/"},"wordCount":489,"publisher":{"@id":"https:\/\/elcanillita.info\/press\/#organization"},"keywords":["Ucrania"],"articleSection":["Actualidad","Europa","Justicia","Politica"],"inLanguage":"es-AR"},{"@type":"WebPage","@id":"https:\/\/elcanillita.info\/press\/2020\/02\/09\/presidente-ucraniano-pide-ayuda-papa-francisco-liberar-prisioneros-guerra\/","url":"https:\/\/elcanillita.info\/press\/2020\/02\/09\/presidente-ucraniano-pide-ayuda-papa-francisco-liberar-prisioneros-guerra\/","name":"Presidente ucraniano pide ayuda al Papa Francisco para liberar a prisioneros de guerra - ElCanillita.Info","isPartOf":{"@id":"https:\/\/elcanillita.info\/press\/#website"},"datePublished":"2020-02-09T12:50:00+00:00","dateModified":"2020-02-11T11:54:54+00:00","inLanguage":"es-AR","potentialAction":[{"@type":"ReadAction","target":["https:\/\/elcanillita.info\/press\/2020\/02\/09\/presidente-ucraniano-pide-ayuda-papa-francisco-liberar-prisioneros-guerra\/"]}]},{"@type":"WebSite","@id":"https:\/\/elcanillita.info\/press\/#website","url":"https:\/\/elcanillita.info\/press\/","name":"ElCanillita.Info","description":"desde los Apeninos a los Andes","publisher":{"@id":"https:\/\/elcanillita.info\/press\/#organization"},"potentialAction":[{"@type":"SearchAction","target":{"@type":"EntryPoint","urlTemplate":"https:\/\/elcanillita.info\/press\/?s={search_term_string}"},"query-input":{"@type":"PropertyValueSpecification","valueRequired":true,"valueName":"search_term_string"}}],"inLanguage":"es-AR"},{"@type":"Organization","@id":"https:\/\/elcanillita.info\/press\/#organization","name":"Guzzo Photos & Graphic Publications","url":"https:\/\/elcanillita.info\/press\/","logo":{"@type":"ImageObject","inLanguage":"es-AR","@id":"https:\/\/elcanillita.info\/press\/#\/schema\/logo\/image\/","url":"https:\/\/elcanillita.info\/press\/images\/2020\/01\/cropped-cropped-cropped-elcanillitainfo.png","contentUrl":"https:\/\/elcanillita.info\/press\/images\/2020\/01\/cropped-cropped-cropped-elcanillitainfo.png","width":460,"height":50,"caption":"Guzzo Photos & Graphic Publications"},"image":{"@id":"https:\/\/elcanillita.info\/press\/#\/schema\/logo\/image\/"},"sameAs":["https:\/\/ar-ar.facebook.com\/ElCanillitainfo-114249515285712\/"]},{"@type":"Person","@id":"https:\/\/elcanillita.info\/press\/#\/schema\/person\/7fcb79f38045700919f7da6d97e71ba0","name":"SalaStampa.eu, world press service","image":{"@type":"ImageObject","inLanguage":"es-AR","@id":"https:\/\/secure.gravatar.com\/avatar\/c2f0e0d515a107624234994507816ca4724c7199cef73fc8bedebf6931d73888?s=96&d=mm&r=g","url":"https:\/\/secure.gravatar.com\/avatar\/c2f0e0d515a107624234994507816ca4724c7199cef73fc8bedebf6931d73888?s=96&d=mm&r=g","contentUrl":"https:\/\/secure.gravatar.com\/avatar\/c2f0e0d515a107624234994507816ca4724c7199cef73fc8bedebf6931d73888?s=96&d=mm&r=g","caption":"SalaStampa.eu, world press service"}}]}},"views":726,"_links":{"self":[{"href":"https:\/\/elcanillita.info\/press\/wp-json\/wp\/v2\/posts\/413","targetHints":{"allow":["GET"]}}],"collection":[{"href":"https:\/\/elcanillita.info\/press\/wp-json\/wp\/v2\/posts"}],"about":[{"href":"https:\/\/elcanillita.info\/press\/wp-json\/wp\/v2\/types\/post"}],"author":[{"embeddable":true,"href":"https:\/\/elcanillita.info\/press\/wp-json\/wp\/v2\/users\/1"}],"replies":[{"embeddable":true,"href":"https:\/\/elcanillita.info\/press\/wp-json\/wp\/v2\/comments?post=413"}],"version-history":[{"count":0,"href":"https:\/\/elcanillita.info\/press\/wp-json\/wp\/v2\/posts\/413\/revisions"}],"wp:attachment":[{"href":"https:\/\/elcanillita.info\/press\/wp-json\/wp\/v2\/media?parent=413"}],"wp:term":[{"taxonomy":"category","embeddable":true,"href":"https:\/\/elcanillita.info\/press\/wp-json\/wp\/v2\/categories?post=413"},{"taxonomy":"post_tag","embeddable":true,"href":"https:\/\/elcanillita.info\/press\/wp-json\/wp\/v2\/tags?post=413"}],"curies":[{"name":"wp","href":"https:\/\/api.w.org\/{rel}","templated":true}]}}