{"id":4123,"date":"2024-04-26T07:09:04","date_gmt":"2024-04-26T10:09:04","guid":{"rendered":"https:\/\/elcanillita.info\/press\/?p=4123"},"modified":"2024-04-26T07:24:51","modified_gmt":"2024-04-26T10:24:51","slug":"quimericas-vacaciones-del-pueblo-chino","status":"publish","type":"post","link":"https:\/\/elcanillita.info\/press\/2024\/04\/26\/quimericas-vacaciones-del-pueblo-chino\/","title":{"rendered":"Quim\u00e9ricas vacaciones del pueblo chino"},"content":{"rendered":"\n<figure class=\"wp-block-image size-full\"><img loading=\"lazy\" decoding=\"async\" width=\"600\" height=\"337\" src=\"https:\/\/elcanillita.info\/press\/images\/2024\/04\/vachincov_20240421.jpg\" alt=\"\" class=\"wp-image-4124\" srcset=\"https:\/\/elcanillita.info\/press\/images\/2024\/04\/vachincov_20240421.jpg 600w, https:\/\/elcanillita.info\/press\/images\/2024\/04\/vachincov_20240421-300x169.jpg 300w\" sizes=\"auto, (max-width: 600px) 100vw, 600px\" \/><figcaption class=\"wp-element-caption\">Mao Zedong disfrut\u00f3 de un tiempo en la playa en 1960, en el apogeo de su poder. Hoy se espera que sus compatriotas hagan lo mismo.<\/figcaption><\/figure>\n\n\n\n<p>Pekin, Jueves 25 abril 2024<\/p>\n\n\n\n<p>\u00bfQue cosa son las vacaciones? es la respuesta de los ciudadanos chinos, gracias a la antigua costumbre de los jefes del pa\u00eds de compensar los d\u00edas de descanso reglamentarios con trabajo extra los fines de semana.<\/p>\n\n\n\n<p>Esa pr\u00e1ctica habitual, la pesadilla de los padres y un rompecabezas constante para los extranjeros establecidos en el pa\u00eds, est\u00e1 siendo contestada por primera vez. Las pr\u00f3ximas vacaciones del Primero de Mayo han centrado las mentes e iniciado un debate en toda China.<\/p>\n\n\n\n<p>El gobierno, en un momento de generosidad que tambi\u00e9n marc\u00f3 las ra\u00edces a menudo olvidadas del gobernante Partido Comunista en los derechos de los trabajadores, ha ampliado la fiesta, que antes era un solo d\u00eda libre, a cinco d\u00edas en los \u00faltimos a\u00f1os. Pero los empresarios han tomado represalias insistiendo en que los empleados trabajen m\u00e1s d\u00edas los fines de semana antes y despu\u00e9s de las vacaciones, reduci\u00e9ndolas a un solo d\u00eda.<\/p>\n\n\n\n<figure class=\"wp-block-image size-full\"><img loading=\"lazy\" decoding=\"async\" width=\"600\" height=\"407\" src=\"https:\/\/elcanillita.info\/press\/images\/2024\/04\/vachin2_20240421.jpg\" alt=\"\" class=\"wp-image-4125\" srcset=\"https:\/\/elcanillita.info\/press\/images\/2024\/04\/vachin2_20240421.jpg 600w, https:\/\/elcanillita.info\/press\/images\/2024\/04\/vachin2_20240421-300x204.jpg 300w\" sizes=\"auto, (max-width: 600px) 100vw, 600px\" \/><figcaption class=\"wp-element-caption\">Visitantes posan en la playa de Beidaihe, Qinhuangdao, en la provincia septentrional china de Hebei<\/figcaption><\/figure>\n\n\n\n<p> Familias disfrutan de su limitado tiempo libre en una playa de la provincia de Hebei.  <\/p>\n\n\n\n<p>China bate regularmente r\u00e9cords de personas que viajan al mismo tiempo, gracias a sus tradiciones festivas. El a\u00f1o pasado se registraron 274 millones de personas que tomaron trenes, aviones y autom\u00f3viles durante las fiestas de Mayo.<\/p>\n\n\n\n<p>&#8220;Es muy injusto que los trabajadores chinos tengamos que soportar estos lugares tur\u00edsticos abarrotados cuando ya estamos agotados de trabajar seis d\u00edas seguidos&#8221;, manifest\u00f3 un ciudadano de nombre Liu.<\/p>\n\n\n\n<p>En los \u00faltimos a\u00f1os, el partido se ha vuelto m\u00e1s sensible a las cr\u00edticas sobre su historial de derechos laborales y, en particular, a que el auge econ\u00f3mico del pa\u00eds se deba simplemente a que ha vendido una mano de obra sobrecargada de trabajo a las empresas manufactureras occidentales.<\/p>\n\n\n\n<p>Sin embargo, las empresas esclavistas encuentran formas habituales de eludir las normas. De hecho, una de las muchas quejas de los padres sobre la pr\u00e1ctica de los &#8220;ajustes por d\u00edas libres&#8221;, como se conoce eufem\u00edsticamente, es que interfiere con su rutina de obligar a sus hijos a pasar los fines de semana en clases extraescolares de ingl\u00e9s, m\u00fasica o cocina.<\/p>\n\n\n\n<p>El tema ha sido ampliamente debatido en Internet, al considerarse apol\u00edtico y eludir as\u00ed la censura. De hecho, el Gobierno es partidario de que los trabajadores disfruten de todas sus vacaciones, ya que considera que gastar en turismo y reuniones familiares es una buena forma de impulsar el consumo en una econom\u00eda en dificultades.<\/p>\n\n\n\n<p>China Newsweek, una gran revista de actualidad, realiz\u00f3 un sondeo de opini\u00f3n con un resultado nada sorprendente: puestos a elegir el modelo de vacaciones, la inmensa mayor\u00eda de los encuestados opt\u00f3 por &#8220;vacaciones m\u00e1s largas, sin ajustes de fin de semana&#8221;.<\/p>\n\n\n\n<p>La pr\u00e1ctica de ofrecer al personal vacaciones pagadas fuera de los d\u00edas festivos se est\u00e1 imponiendo en algunas empresas, pero no en todas.<\/p>\n\n\n\n<p>A muchas personas se les permite ampliar las vacaciones anuales m\u00e1s importantes, el A\u00f1o Nuevo chino, de una semana oficial a dos, creando un respiro cuyo impacto econ\u00f3mico es tal que las estad\u00edsticas de crecimiento chino de los dos primeros meses del a\u00f1o se toman juntas para evitar distorsiones.<\/p>\n\n\n\n<p>Comentaristas serios han aprovechado el debate para se\u00f1alar que el mercado laboral chino s\u00f3lo estar\u00e1 &#8220;maduro&#8221; cuando las empresas permitan la elecci\u00f3n personal de las vacaciones, lo que adem\u00e1s tendr\u00eda la ventaja de repartir el consumo asociado a lo largo del a\u00f1o.<\/p>\n\n\n\n<p>Los propios empleados se desahogaron en Internet contra sus empresas. Un comentario popular rezaba as\u00ed: &#8220;Para el genio que invent\u00f3 los &#8216;d\u00edas libres ajustables&#8217;, le sugiero que pruebe a no comer durante los pr\u00f3ximos tres d\u00edas, hoy, ma\u00f1ana y pasado. Luego, el cuarto d\u00eda, que haga nueve comidas. As\u00ed ahorrar\u00e1 tiempo y seguir\u00e1 comiendo mucho&#8221;.<\/p>\n\n\n\n<p>Una serie de informes sobre trabajadores que mor\u00edan en las f\u00e1bricas por exceso de trabajo llevaron a endurecer las normas y, en teor\u00eda, todos los empleados deben tener al menos un d\u00eda libre a la semana. El Presidente Xi ha ido m\u00e1s lejos, introduciendo normas que controlan el n\u00famero de actividades extraescolares, como la ense\u00f1anza de idiomas, que los padres pueden imponer a sus hijos.<br><br><small>Copyright \u00a9 2024 ElCanillita.info \/ SalaStampa.Eu, servicio mundial de prensa<\/small><\/p>\n\n\n\n<p><br><\/p>\n","protected":false},"excerpt":{"rendered":"<p>Los ciudadanos chinos viajan por todo el pa\u00eds para visitar a sus familias durante los d\u00edas festivos. China tiene siete fechas festivas en un a\u00f1o, con un total de 32 d\u00edas<\/p>\n","protected":false},"author":1,"featured_media":4126,"comment_status":"closed","ping_status":"closed","sticky":false,"template":"","format":"standard","meta":{"footnotes":"","_links_to":"","_links_to_target":""},"categories":[108,121,16,20,23],"tags":[55],"class_list":["post-4123","post","type-post","status-publish","format-standard","has-post-thumbnail","hentry","category-blogdiario","category-dc24","category-asia","category-economia","category-politica","tag-china","entry","double"],"yoast_head":"<!-- This site is optimized with the Yoast SEO plugin v27.4 - https:\/\/yoast.com\/product\/yoast-seo-wordpress\/ -->\n<title>Quim\u00e9ricas vacaciones del pueblo chino - ElCanillita.Info<\/title>\n<meta name=\"robots\" content=\"index, follow, max-snippet:-1, max-image-preview:large, max-video-preview:-1\" \/>\n<link rel=\"canonical\" href=\"https:\/\/elcanillita.info\/press\/2024\/04\/26\/quimericas-vacaciones-del-pueblo-chino\/\" \/>\n<meta property=\"og:locale\" content=\"es_ES\" \/>\n<meta property=\"og:type\" content=\"article\" \/>\n<meta property=\"og:title\" content=\"Quim\u00e9ricas vacaciones del pueblo chino - ElCanillita.Info\" \/>\n<meta property=\"og:description\" content=\"Los ciudadanos chinos viajan por todo el pa\u00eds para visitar a sus familias durante los d\u00edas festivos. China tiene siete fechas festivas en un a\u00f1o, con un total de 32 d\u00edas\" \/>\n<meta property=\"og:url\" content=\"https:\/\/elcanillita.info\/press\/2024\/04\/26\/quimericas-vacaciones-del-pueblo-chino\/\" \/>\n<meta property=\"og:site_name\" content=\"ElCanillita.Info\" \/>\n<meta property=\"article:publisher\" content=\"https:\/\/ar-ar.facebook.com\/ElCanillitainfo-114249515285712\/\" \/>\n<meta property=\"article:published_time\" content=\"2024-04-26T10:09:04+00:00\" \/>\n<meta property=\"article:modified_time\" content=\"2024-04-26T10:24:51+00:00\" \/>\n<meta property=\"og:image\" content=\"https:\/\/elcanillita.info\/press\/images\/2024\/04\/vachin1_20240421.jpg\" \/>\n\t<meta property=\"og:image:width\" content=\"600\" \/>\n\t<meta property=\"og:image:height\" content=\"400\" \/>\n\t<meta property=\"og:image:type\" content=\"image\/jpeg\" \/>\n<meta name=\"author\" content=\"SalaStampa.eu, world press service\" \/>\n<meta name=\"twitter:card\" content=\"summary_large_image\" \/>\n<meta name=\"twitter:label1\" content=\"Escrito por\" \/>\n\t<meta name=\"twitter:data1\" content=\"SalaStampa.eu, world press service\" \/>\n\t<meta name=\"twitter:label2\" content=\"Tiempo de lectura\" \/>\n\t<meta name=\"twitter:data2\" content=\"4 minutos\" \/>\n<script type=\"application\/ld+json\" class=\"yoast-schema-graph\">{\"@context\":\"https:\\\/\\\/schema.org\",\"@graph\":[{\"@type\":\"Article\",\"@id\":\"https:\\\/\\\/elcanillita.info\\\/press\\\/2024\\\/04\\\/26\\\/quimericas-vacaciones-del-pueblo-chino\\\/#article\",\"isPartOf\":{\"@id\":\"https:\\\/\\\/elcanillita.info\\\/press\\\/2024\\\/04\\\/26\\\/quimericas-vacaciones-del-pueblo-chino\\\/\"},\"author\":{\"name\":\"SalaStampa.eu, world press service\",\"@id\":\"https:\\\/\\\/elcanillita.info\\\/press\\\/#\\\/schema\\\/person\\\/7fcb79f38045700919f7da6d97e71ba0\"},\"headline\":\"Quim\u00e9ricas vacaciones del pueblo chino\",\"datePublished\":\"2024-04-26T10:09:04+00:00\",\"dateModified\":\"2024-04-26T10:24:51+00:00\",\"mainEntityOfPage\":{\"@id\":\"https:\\\/\\\/elcanillita.info\\\/press\\\/2024\\\/04\\\/26\\\/quimericas-vacaciones-del-pueblo-chino\\\/\"},\"wordCount\":786,\"publisher\":{\"@id\":\"https:\\\/\\\/elcanillita.info\\\/press\\\/#organization\"},\"image\":{\"@id\":\"https:\\\/\\\/elcanillita.info\\\/press\\\/2024\\\/04\\\/26\\\/quimericas-vacaciones-del-pueblo-chino\\\/#primaryimage\"},\"thumbnailUrl\":\"https:\\\/\\\/elcanillita.info\\\/press\\\/images\\\/2024\\\/04\\\/vachin1_20240421.jpg\",\"keywords\":[\"China\"],\"articleSection\":[\".\",\".\",\"Asia\",\"Economia\",\"Politica\"],\"inLanguage\":\"es-AR\"},{\"@type\":\"WebPage\",\"@id\":\"https:\\\/\\\/elcanillita.info\\\/press\\\/2024\\\/04\\\/26\\\/quimericas-vacaciones-del-pueblo-chino\\\/\",\"url\":\"https:\\\/\\\/elcanillita.info\\\/press\\\/2024\\\/04\\\/26\\\/quimericas-vacaciones-del-pueblo-chino\\\/\",\"name\":\"Quim\u00e9ricas vacaciones del pueblo chino - ElCanillita.Info\",\"isPartOf\":{\"@id\":\"https:\\\/\\\/elcanillita.info\\\/press\\\/#website\"},\"primaryImageOfPage\":{\"@id\":\"https:\\\/\\\/elcanillita.info\\\/press\\\/2024\\\/04\\\/26\\\/quimericas-vacaciones-del-pueblo-chino\\\/#primaryimage\"},\"image\":{\"@id\":\"https:\\\/\\\/elcanillita.info\\\/press\\\/2024\\\/04\\\/26\\\/quimericas-vacaciones-del-pueblo-chino\\\/#primaryimage\"},\"thumbnailUrl\":\"https:\\\/\\\/elcanillita.info\\\/press\\\/images\\\/2024\\\/04\\\/vachin1_20240421.jpg\",\"datePublished\":\"2024-04-26T10:09:04+00:00\",\"dateModified\":\"2024-04-26T10:24:51+00:00\",\"inLanguage\":\"es-AR\",\"potentialAction\":[{\"@type\":\"ReadAction\",\"target\":[\"https:\\\/\\\/elcanillita.info\\\/press\\\/2024\\\/04\\\/26\\\/quimericas-vacaciones-del-pueblo-chino\\\/\"]}]},{\"@type\":\"ImageObject\",\"inLanguage\":\"es-AR\",\"@id\":\"https:\\\/\\\/elcanillita.info\\\/press\\\/2024\\\/04\\\/26\\\/quimericas-vacaciones-del-pueblo-chino\\\/#primaryimage\",\"url\":\"https:\\\/\\\/elcanillita.info\\\/press\\\/images\\\/2024\\\/04\\\/vachin1_20240421.jpg\",\"contentUrl\":\"https:\\\/\\\/elcanillita.info\\\/press\\\/images\\\/2024\\\/04\\\/vachin1_20240421.jpg\",\"width\":600,\"height\":400},{\"@type\":\"WebSite\",\"@id\":\"https:\\\/\\\/elcanillita.info\\\/press\\\/#website\",\"url\":\"https:\\\/\\\/elcanillita.info\\\/press\\\/\",\"name\":\"ElCanillita.Info\",\"description\":\"desde los Apeninos a los Andes\",\"publisher\":{\"@id\":\"https:\\\/\\\/elcanillita.info\\\/press\\\/#organization\"},\"potentialAction\":[{\"@type\":\"SearchAction\",\"target\":{\"@type\":\"EntryPoint\",\"urlTemplate\":\"https:\\\/\\\/elcanillita.info\\\/press\\\/?s={search_term_string}\"},\"query-input\":{\"@type\":\"PropertyValueSpecification\",\"valueRequired\":true,\"valueName\":\"search_term_string\"}}],\"inLanguage\":\"es-AR\"},{\"@type\":\"Organization\",\"@id\":\"https:\\\/\\\/elcanillita.info\\\/press\\\/#organization\",\"name\":\"Guzzo Photos & Graphic Publications\",\"url\":\"https:\\\/\\\/elcanillita.info\\\/press\\\/\",\"logo\":{\"@type\":\"ImageObject\",\"inLanguage\":\"es-AR\",\"@id\":\"https:\\\/\\\/elcanillita.info\\\/press\\\/#\\\/schema\\\/logo\\\/image\\\/\",\"url\":\"https:\\\/\\\/elcanillita.info\\\/press\\\/images\\\/2020\\\/01\\\/cropped-cropped-cropped-elcanillitainfo.png\",\"contentUrl\":\"https:\\\/\\\/elcanillita.info\\\/press\\\/images\\\/2020\\\/01\\\/cropped-cropped-cropped-elcanillitainfo.png\",\"width\":460,\"height\":50,\"caption\":\"Guzzo Photos & Graphic Publications\"},\"image\":{\"@id\":\"https:\\\/\\\/elcanillita.info\\\/press\\\/#\\\/schema\\\/logo\\\/image\\\/\"},\"sameAs\":[\"https:\\\/\\\/ar-ar.facebook.com\\\/ElCanillitainfo-114249515285712\\\/\"]},{\"@type\":\"Person\",\"@id\":\"https:\\\/\\\/elcanillita.info\\\/press\\\/#\\\/schema\\\/person\\\/7fcb79f38045700919f7da6d97e71ba0\",\"name\":\"SalaStampa.eu, world press service\",\"image\":{\"@type\":\"ImageObject\",\"inLanguage\":\"es-AR\",\"@id\":\"https:\\\/\\\/secure.gravatar.com\\\/avatar\\\/c2f0e0d515a107624234994507816ca4724c7199cef73fc8bedebf6931d73888?s=96&d=mm&r=g\",\"url\":\"https:\\\/\\\/secure.gravatar.com\\\/avatar\\\/c2f0e0d515a107624234994507816ca4724c7199cef73fc8bedebf6931d73888?s=96&d=mm&r=g\",\"contentUrl\":\"https:\\\/\\\/secure.gravatar.com\\\/avatar\\\/c2f0e0d515a107624234994507816ca4724c7199cef73fc8bedebf6931d73888?s=96&d=mm&r=g\",\"caption\":\"SalaStampa.eu, world press service\"}}]}<\/script>\n<!-- \/ Yoast SEO plugin. -->","yoast_head_json":{"title":"Quim\u00e9ricas vacaciones del pueblo chino - ElCanillita.Info","robots":{"index":"index","follow":"follow","max-snippet":"max-snippet:-1","max-image-preview":"max-image-preview:large","max-video-preview":"max-video-preview:-1"},"canonical":"https:\/\/elcanillita.info\/press\/2024\/04\/26\/quimericas-vacaciones-del-pueblo-chino\/","og_locale":"es_ES","og_type":"article","og_title":"Quim\u00e9ricas vacaciones del pueblo chino - ElCanillita.Info","og_description":"Los ciudadanos chinos viajan por todo el pa\u00eds para visitar a sus familias durante los d\u00edas festivos. China tiene siete fechas festivas en un a\u00f1o, con un total de 32 d\u00edas","og_url":"https:\/\/elcanillita.info\/press\/2024\/04\/26\/quimericas-vacaciones-del-pueblo-chino\/","og_site_name":"ElCanillita.Info","article_publisher":"https:\/\/ar-ar.facebook.com\/ElCanillitainfo-114249515285712\/","article_published_time":"2024-04-26T10:09:04+00:00","article_modified_time":"2024-04-26T10:24:51+00:00","og_image":[{"width":600,"height":400,"url":"https:\/\/elcanillita.info\/press\/images\/2024\/04\/vachin1_20240421.jpg","type":"image\/jpeg"}],"author":"SalaStampa.eu, world press service","twitter_card":"summary_large_image","twitter_misc":{"Escrito por":"SalaStampa.eu, world press service","Tiempo de lectura":"4 minutos"},"schema":{"@context":"https:\/\/schema.org","@graph":[{"@type":"Article","@id":"https:\/\/elcanillita.info\/press\/2024\/04\/26\/quimericas-vacaciones-del-pueblo-chino\/#article","isPartOf":{"@id":"https:\/\/elcanillita.info\/press\/2024\/04\/26\/quimericas-vacaciones-del-pueblo-chino\/"},"author":{"name":"SalaStampa.eu, world press service","@id":"https:\/\/elcanillita.info\/press\/#\/schema\/person\/7fcb79f38045700919f7da6d97e71ba0"},"headline":"Quim\u00e9ricas vacaciones del pueblo chino","datePublished":"2024-04-26T10:09:04+00:00","dateModified":"2024-04-26T10:24:51+00:00","mainEntityOfPage":{"@id":"https:\/\/elcanillita.info\/press\/2024\/04\/26\/quimericas-vacaciones-del-pueblo-chino\/"},"wordCount":786,"publisher":{"@id":"https:\/\/elcanillita.info\/press\/#organization"},"image":{"@id":"https:\/\/elcanillita.info\/press\/2024\/04\/26\/quimericas-vacaciones-del-pueblo-chino\/#primaryimage"},"thumbnailUrl":"https:\/\/elcanillita.info\/press\/images\/2024\/04\/vachin1_20240421.jpg","keywords":["China"],"articleSection":[".",".","Asia","Economia","Politica"],"inLanguage":"es-AR"},{"@type":"WebPage","@id":"https:\/\/elcanillita.info\/press\/2024\/04\/26\/quimericas-vacaciones-del-pueblo-chino\/","url":"https:\/\/elcanillita.info\/press\/2024\/04\/26\/quimericas-vacaciones-del-pueblo-chino\/","name":"Quim\u00e9ricas vacaciones del pueblo chino - ElCanillita.Info","isPartOf":{"@id":"https:\/\/elcanillita.info\/press\/#website"},"primaryImageOfPage":{"@id":"https:\/\/elcanillita.info\/press\/2024\/04\/26\/quimericas-vacaciones-del-pueblo-chino\/#primaryimage"},"image":{"@id":"https:\/\/elcanillita.info\/press\/2024\/04\/26\/quimericas-vacaciones-del-pueblo-chino\/#primaryimage"},"thumbnailUrl":"https:\/\/elcanillita.info\/press\/images\/2024\/04\/vachin1_20240421.jpg","datePublished":"2024-04-26T10:09:04+00:00","dateModified":"2024-04-26T10:24:51+00:00","inLanguage":"es-AR","potentialAction":[{"@type":"ReadAction","target":["https:\/\/elcanillita.info\/press\/2024\/04\/26\/quimericas-vacaciones-del-pueblo-chino\/"]}]},{"@type":"ImageObject","inLanguage":"es-AR","@id":"https:\/\/elcanillita.info\/press\/2024\/04\/26\/quimericas-vacaciones-del-pueblo-chino\/#primaryimage","url":"https:\/\/elcanillita.info\/press\/images\/2024\/04\/vachin1_20240421.jpg","contentUrl":"https:\/\/elcanillita.info\/press\/images\/2024\/04\/vachin1_20240421.jpg","width":600,"height":400},{"@type":"WebSite","@id":"https:\/\/elcanillita.info\/press\/#website","url":"https:\/\/elcanillita.info\/press\/","name":"ElCanillita.Info","description":"desde los Apeninos a los Andes","publisher":{"@id":"https:\/\/elcanillita.info\/press\/#organization"},"potentialAction":[{"@type":"SearchAction","target":{"@type":"EntryPoint","urlTemplate":"https:\/\/elcanillita.info\/press\/?s={search_term_string}"},"query-input":{"@type":"PropertyValueSpecification","valueRequired":true,"valueName":"search_term_string"}}],"inLanguage":"es-AR"},{"@type":"Organization","@id":"https:\/\/elcanillita.info\/press\/#organization","name":"Guzzo Photos & Graphic Publications","url":"https:\/\/elcanillita.info\/press\/","logo":{"@type":"ImageObject","inLanguage":"es-AR","@id":"https:\/\/elcanillita.info\/press\/#\/schema\/logo\/image\/","url":"https:\/\/elcanillita.info\/press\/images\/2020\/01\/cropped-cropped-cropped-elcanillitainfo.png","contentUrl":"https:\/\/elcanillita.info\/press\/images\/2020\/01\/cropped-cropped-cropped-elcanillitainfo.png","width":460,"height":50,"caption":"Guzzo Photos & Graphic Publications"},"image":{"@id":"https:\/\/elcanillita.info\/press\/#\/schema\/logo\/image\/"},"sameAs":["https:\/\/ar-ar.facebook.com\/ElCanillitainfo-114249515285712\/"]},{"@type":"Person","@id":"https:\/\/elcanillita.info\/press\/#\/schema\/person\/7fcb79f38045700919f7da6d97e71ba0","name":"SalaStampa.eu, world press service","image":{"@type":"ImageObject","inLanguage":"es-AR","@id":"https:\/\/secure.gravatar.com\/avatar\/c2f0e0d515a107624234994507816ca4724c7199cef73fc8bedebf6931d73888?s=96&d=mm&r=g","url":"https:\/\/secure.gravatar.com\/avatar\/c2f0e0d515a107624234994507816ca4724c7199cef73fc8bedebf6931d73888?s=96&d=mm&r=g","contentUrl":"https:\/\/secure.gravatar.com\/avatar\/c2f0e0d515a107624234994507816ca4724c7199cef73fc8bedebf6931d73888?s=96&d=mm&r=g","caption":"SalaStampa.eu, world press service"}}]}},"views":444,"_links":{"self":[{"href":"https:\/\/elcanillita.info\/press\/wp-json\/wp\/v2\/posts\/4123","targetHints":{"allow":["GET"]}}],"collection":[{"href":"https:\/\/elcanillita.info\/press\/wp-json\/wp\/v2\/posts"}],"about":[{"href":"https:\/\/elcanillita.info\/press\/wp-json\/wp\/v2\/types\/post"}],"author":[{"embeddable":true,"href":"https:\/\/elcanillita.info\/press\/wp-json\/wp\/v2\/users\/1"}],"replies":[{"embeddable":true,"href":"https:\/\/elcanillita.info\/press\/wp-json\/wp\/v2\/comments?post=4123"}],"version-history":[{"count":0,"href":"https:\/\/elcanillita.info\/press\/wp-json\/wp\/v2\/posts\/4123\/revisions"}],"wp:featuredmedia":[{"embeddable":true,"href":"https:\/\/elcanillita.info\/press\/wp-json\/wp\/v2\/media\/4126"}],"wp:attachment":[{"href":"https:\/\/elcanillita.info\/press\/wp-json\/wp\/v2\/media?parent=4123"}],"wp:term":[{"taxonomy":"category","embeddable":true,"href":"https:\/\/elcanillita.info\/press\/wp-json\/wp\/v2\/categories?post=4123"},{"taxonomy":"post_tag","embeddable":true,"href":"https:\/\/elcanillita.info\/press\/wp-json\/wp\/v2\/tags?post=4123"}],"curies":[{"name":"wp","href":"https:\/\/api.w.org\/{rel}","templated":true}]}}