{"id":4075,"date":"2024-03-29T17:56:00","date_gmt":"2024-03-29T20:56:00","guid":{"rendered":"https:\/\/elcanillita.info\/press\/?p=4075"},"modified":"2024-04-07T18:35:45","modified_gmt":"2024-04-07T21:35:45","slug":"noticias-de-cuba-03-29-2024","status":"publish","type":"post","link":"https:\/\/elcanillita.info\/press\/2024\/03\/29\/noticias-de-cuba-03-29-2024\/","title":{"rendered":"Noticias de Cuba 29\/03\/2024"},"content":{"rendered":"\n<figure class=\"wp-block-image size-full is-resized\"><img loading=\"lazy\" decoding=\"async\" width=\"500\" height=\"364\" src=\"https:\/\/elcanillita.info\/press\/images\/2024\/04\/Cuba20240339.jpg\" alt=\"\" class=\"wp-image-4079\" style=\"width:733px;height:auto\" srcset=\"https:\/\/elcanillita.info\/press\/images\/2024\/04\/Cuba20240339.jpg 500w, https:\/\/elcanillita.info\/press\/images\/2024\/04\/Cuba20240339-300x218.jpg 300w\" sizes=\"auto, (max-width: 500px) 100vw, 500px\" \/><\/figure>\n\n\n\n\n\n<figure class=\"wp-block-audio\"><audio controls src=\"https:\/\/elcanillita.info\/press\/images\/2024\/04\/cuba_20240329_m462420.mp3\"><\/audio><\/figure>\n\n\n\n<p>Western Union no reiniciar\u00e1 a\u00fan env\u00edo de remesas porque Cuba no colabora. Expertos alertan que en medio de la cr\u00edsis el gobierno cubano prioriza invertir en turismo. Cuba prorroga plazo para importar medicinas,alimentos y aseo, libres de impuesto. Camila Cabello estrena disco &#8220;I luv it&#8221; <br>Autor: Ricardo Espinosa &#8211; 2024-03-29 16:22:16 EST &#8211; Red: OCB <br><br><small>\u00a9 2024 SalaStampa.Eu affiliate with USAGM \u2013 Edited by Guzzo Photos &amp; Graphic Publications. Copyright \u00a9 1995-2024, VOA. Reprinted by ElCanillita.info with the permission of USAGM \u2013 Washington DC 20036<\/small><\/p>\n","protected":false},"excerpt":{"rendered":"<p>Western Union no reiniciar\u00e1 a\u00fan env\u00edo de remesas porque Cuba no colabora. Expertos alertan que en medio de la cr\u00edsis el gobierno cubano prioriza invertir en turismo. Cuba prorroga plazo para importar medicinas,alimentos y aseo, libres de impuesto. Camila Cabello estrena disco &#8220;I luv it&#8221; <\/p>\n","protected":false},"author":1,"featured_media":4079,"comment_status":"closed","ping_status":"closed","sticky":false,"template":"","format":"standard","meta":{"footnotes":"","_links_to":"","_links_to_target":""},"categories":[108,121,10,89],"tags":[48],"class_list":["post-4075","post","type-post","status-publish","format-standard","has-post-thumbnail","hentry","category-blogdiario","category-dc24","category-america-central","category-broadcasting","tag-cuba","entry","double"],"yoast_head":"<!-- This site is optimized with the Yoast SEO plugin v27.5 - https:\/\/yoast.com\/product\/yoast-seo-wordpress\/ -->\n<title>Noticias de Cuba 29\/03\/2024 - ElCanillita.Info<\/title>\n<meta name=\"robots\" content=\"index, follow, max-snippet:-1, max-image-preview:large, max-video-preview:-1\" \/>\n<link rel=\"canonical\" href=\"https:\/\/elcanillita.info\/press\/2024\/03\/29\/noticias-de-cuba-03-29-2024\/\" \/>\n<meta property=\"og:locale\" content=\"es_ES\" \/>\n<meta property=\"og:type\" content=\"article\" \/>\n<meta property=\"og:title\" content=\"Noticias de Cuba 29\/03\/2024 - ElCanillita.Info\" \/>\n<meta property=\"og:description\" content=\"Western Union no reiniciar\u00e1 a\u00fan env\u00edo de remesas porque Cuba no colabora. Expertos alertan que en medio de la cr\u00edsis el gobierno cubano prioriza invertir en turismo. Cuba prorroga plazo para importar medicinas,alimentos y aseo, libres de impuesto. Camila Cabello estrena disco &quot;I luv it&quot;\" \/>\n<meta property=\"og:url\" content=\"https:\/\/elcanillita.info\/press\/2024\/03\/29\/noticias-de-cuba-03-29-2024\/\" \/>\n<meta property=\"og:site_name\" content=\"ElCanillita.Info\" \/>\n<meta property=\"article:publisher\" content=\"https:\/\/ar-ar.facebook.com\/ElCanillitainfo-114249515285712\/\" \/>\n<meta property=\"article:published_time\" content=\"2024-03-29T20:56:00+00:00\" \/>\n<meta property=\"article:modified_time\" content=\"2024-04-07T21:35:45+00:00\" \/>\n<meta property=\"og:image\" content=\"https:\/\/elcanillita.info\/press\/images\/2024\/04\/Cuba20240339.jpg\" \/>\n\t<meta property=\"og:image:width\" content=\"500\" \/>\n\t<meta property=\"og:image:height\" content=\"364\" \/>\n\t<meta property=\"og:image:type\" content=\"image\/jpeg\" \/>\n<meta name=\"author\" content=\"SalaStampa.eu, world press service\" \/>\n<meta name=\"twitter:card\" content=\"summary_large_image\" \/>\n<meta name=\"twitter:label1\" content=\"Escrito por\" \/>\n\t<meta name=\"twitter:data1\" content=\"SalaStampa.eu, world press service\" \/>\n\t<meta name=\"twitter:label2\" content=\"Tiempo de lectura\" \/>\n\t<meta name=\"twitter:data2\" content=\"1 minuto\" \/>\n<script type=\"application\/ld+json\" class=\"yoast-schema-graph\">{\"@context\":\"https:\\\/\\\/schema.org\",\"@graph\":[{\"@type\":\"Article\",\"@id\":\"https:\\\/\\\/elcanillita.info\\\/press\\\/2024\\\/03\\\/29\\\/noticias-de-cuba-03-29-2024\\\/#article\",\"isPartOf\":{\"@id\":\"https:\\\/\\\/elcanillita.info\\\/press\\\/2024\\\/03\\\/29\\\/noticias-de-cuba-03-29-2024\\\/\"},\"author\":{\"name\":\"SalaStampa.eu, world press service\",\"@id\":\"https:\\\/\\\/elcanillita.info\\\/press\\\/#\\\/schema\\\/person\\\/7fcb79f38045700919f7da6d97e71ba0\"},\"headline\":\"Noticias de Cuba 29\\\/03\\\/2024\",\"datePublished\":\"2024-03-29T20:56:00+00:00\",\"dateModified\":\"2024-04-07T21:35:45+00:00\",\"mainEntityOfPage\":{\"@id\":\"https:\\\/\\\/elcanillita.info\\\/press\\\/2024\\\/03\\\/29\\\/noticias-de-cuba-03-29-2024\\\/\"},\"wordCount\":88,\"publisher\":{\"@id\":\"https:\\\/\\\/elcanillita.info\\\/press\\\/#organization\"},\"image\":{\"@id\":\"https:\\\/\\\/elcanillita.info\\\/press\\\/2024\\\/03\\\/29\\\/noticias-de-cuba-03-29-2024\\\/#primaryimage\"},\"thumbnailUrl\":\"https:\\\/\\\/elcanillita.info\\\/press\\\/images\\\/2024\\\/04\\\/Cuba20240339.jpg\",\"keywords\":[\"Cuba\"],\"articleSection\":[\".\",\".\",\"Am\u00e9rica Central\",\"broadcasting\"],\"inLanguage\":\"es-AR\"},{\"@type\":\"WebPage\",\"@id\":\"https:\\\/\\\/elcanillita.info\\\/press\\\/2024\\\/03\\\/29\\\/noticias-de-cuba-03-29-2024\\\/\",\"url\":\"https:\\\/\\\/elcanillita.info\\\/press\\\/2024\\\/03\\\/29\\\/noticias-de-cuba-03-29-2024\\\/\",\"name\":\"Noticias de Cuba 29\\\/03\\\/2024 - ElCanillita.Info\",\"isPartOf\":{\"@id\":\"https:\\\/\\\/elcanillita.info\\\/press\\\/#website\"},\"primaryImageOfPage\":{\"@id\":\"https:\\\/\\\/elcanillita.info\\\/press\\\/2024\\\/03\\\/29\\\/noticias-de-cuba-03-29-2024\\\/#primaryimage\"},\"image\":{\"@id\":\"https:\\\/\\\/elcanillita.info\\\/press\\\/2024\\\/03\\\/29\\\/noticias-de-cuba-03-29-2024\\\/#primaryimage\"},\"thumbnailUrl\":\"https:\\\/\\\/elcanillita.info\\\/press\\\/images\\\/2024\\\/04\\\/Cuba20240339.jpg\",\"datePublished\":\"2024-03-29T20:56:00+00:00\",\"dateModified\":\"2024-04-07T21:35:45+00:00\",\"inLanguage\":\"es-AR\",\"potentialAction\":[{\"@type\":\"ReadAction\",\"target\":[\"https:\\\/\\\/elcanillita.info\\\/press\\\/2024\\\/03\\\/29\\\/noticias-de-cuba-03-29-2024\\\/\"]}]},{\"@type\":\"ImageObject\",\"inLanguage\":\"es-AR\",\"@id\":\"https:\\\/\\\/elcanillita.info\\\/press\\\/2024\\\/03\\\/29\\\/noticias-de-cuba-03-29-2024\\\/#primaryimage\",\"url\":\"https:\\\/\\\/elcanillita.info\\\/press\\\/images\\\/2024\\\/04\\\/Cuba20240339.jpg\",\"contentUrl\":\"https:\\\/\\\/elcanillita.info\\\/press\\\/images\\\/2024\\\/04\\\/Cuba20240339.jpg\",\"width\":500,\"height\":364},{\"@type\":\"WebSite\",\"@id\":\"https:\\\/\\\/elcanillita.info\\\/press\\\/#website\",\"url\":\"https:\\\/\\\/elcanillita.info\\\/press\\\/\",\"name\":\"ElCanillita.Info\",\"description\":\"desde los Apeninos a los Andes\",\"publisher\":{\"@id\":\"https:\\\/\\\/elcanillita.info\\\/press\\\/#organization\"},\"potentialAction\":[{\"@type\":\"SearchAction\",\"target\":{\"@type\":\"EntryPoint\",\"urlTemplate\":\"https:\\\/\\\/elcanillita.info\\\/press\\\/?s={search_term_string}\"},\"query-input\":{\"@type\":\"PropertyValueSpecification\",\"valueRequired\":true,\"valueName\":\"search_term_string\"}}],\"inLanguage\":\"es-AR\"},{\"@type\":\"Organization\",\"@id\":\"https:\\\/\\\/elcanillita.info\\\/press\\\/#organization\",\"name\":\"Guzzo Photos & Graphic Publications\",\"url\":\"https:\\\/\\\/elcanillita.info\\\/press\\\/\",\"logo\":{\"@type\":\"ImageObject\",\"inLanguage\":\"es-AR\",\"@id\":\"https:\\\/\\\/elcanillita.info\\\/press\\\/#\\\/schema\\\/logo\\\/image\\\/\",\"url\":\"https:\\\/\\\/elcanillita.info\\\/press\\\/images\\\/2020\\\/01\\\/cropped-cropped-cropped-elcanillitainfo.png\",\"contentUrl\":\"https:\\\/\\\/elcanillita.info\\\/press\\\/images\\\/2020\\\/01\\\/cropped-cropped-cropped-elcanillitainfo.png\",\"width\":460,\"height\":50,\"caption\":\"Guzzo Photos & Graphic Publications\"},\"image\":{\"@id\":\"https:\\\/\\\/elcanillita.info\\\/press\\\/#\\\/schema\\\/logo\\\/image\\\/\"},\"sameAs\":[\"https:\\\/\\\/ar-ar.facebook.com\\\/ElCanillitainfo-114249515285712\\\/\"]},{\"@type\":\"Person\",\"@id\":\"https:\\\/\\\/elcanillita.info\\\/press\\\/#\\\/schema\\\/person\\\/7fcb79f38045700919f7da6d97e71ba0\",\"name\":\"SalaStampa.eu, world press service\",\"image\":{\"@type\":\"ImageObject\",\"inLanguage\":\"es-AR\",\"@id\":\"https:\\\/\\\/secure.gravatar.com\\\/avatar\\\/c2f0e0d515a107624234994507816ca4724c7199cef73fc8bedebf6931d73888?s=96&d=mm&r=g\",\"url\":\"https:\\\/\\\/secure.gravatar.com\\\/avatar\\\/c2f0e0d515a107624234994507816ca4724c7199cef73fc8bedebf6931d73888?s=96&d=mm&r=g\",\"contentUrl\":\"https:\\\/\\\/secure.gravatar.com\\\/avatar\\\/c2f0e0d515a107624234994507816ca4724c7199cef73fc8bedebf6931d73888?s=96&d=mm&r=g\",\"caption\":\"SalaStampa.eu, world press service\"}}]}<\/script>\n<!-- \/ Yoast SEO plugin. -->","yoast_head_json":{"title":"Noticias de Cuba 29\/03\/2024 - ElCanillita.Info","robots":{"index":"index","follow":"follow","max-snippet":"max-snippet:-1","max-image-preview":"max-image-preview:large","max-video-preview":"max-video-preview:-1"},"canonical":"https:\/\/elcanillita.info\/press\/2024\/03\/29\/noticias-de-cuba-03-29-2024\/","og_locale":"es_ES","og_type":"article","og_title":"Noticias de Cuba 29\/03\/2024 - ElCanillita.Info","og_description":"Western Union no reiniciar\u00e1 a\u00fan env\u00edo de remesas porque Cuba no colabora. Expertos alertan que en medio de la cr\u00edsis el gobierno cubano prioriza invertir en turismo. Cuba prorroga plazo para importar medicinas,alimentos y aseo, libres de impuesto. Camila Cabello estrena disco \"I luv it\"","og_url":"https:\/\/elcanillita.info\/press\/2024\/03\/29\/noticias-de-cuba-03-29-2024\/","og_site_name":"ElCanillita.Info","article_publisher":"https:\/\/ar-ar.facebook.com\/ElCanillitainfo-114249515285712\/","article_published_time":"2024-03-29T20:56:00+00:00","article_modified_time":"2024-04-07T21:35:45+00:00","og_image":[{"width":500,"height":364,"url":"https:\/\/elcanillita.info\/press\/images\/2024\/04\/Cuba20240339.jpg","type":"image\/jpeg"}],"author":"SalaStampa.eu, world press service","twitter_card":"summary_large_image","twitter_misc":{"Escrito por":"SalaStampa.eu, world press service","Tiempo de lectura":"1 minuto"},"schema":{"@context":"https:\/\/schema.org","@graph":[{"@type":"Article","@id":"https:\/\/elcanillita.info\/press\/2024\/03\/29\/noticias-de-cuba-03-29-2024\/#article","isPartOf":{"@id":"https:\/\/elcanillita.info\/press\/2024\/03\/29\/noticias-de-cuba-03-29-2024\/"},"author":{"name":"SalaStampa.eu, world press service","@id":"https:\/\/elcanillita.info\/press\/#\/schema\/person\/7fcb79f38045700919f7da6d97e71ba0"},"headline":"Noticias de Cuba 29\/03\/2024","datePublished":"2024-03-29T20:56:00+00:00","dateModified":"2024-04-07T21:35:45+00:00","mainEntityOfPage":{"@id":"https:\/\/elcanillita.info\/press\/2024\/03\/29\/noticias-de-cuba-03-29-2024\/"},"wordCount":88,"publisher":{"@id":"https:\/\/elcanillita.info\/press\/#organization"},"image":{"@id":"https:\/\/elcanillita.info\/press\/2024\/03\/29\/noticias-de-cuba-03-29-2024\/#primaryimage"},"thumbnailUrl":"https:\/\/elcanillita.info\/press\/images\/2024\/04\/Cuba20240339.jpg","keywords":["Cuba"],"articleSection":[".",".","Am\u00e9rica Central","broadcasting"],"inLanguage":"es-AR"},{"@type":"WebPage","@id":"https:\/\/elcanillita.info\/press\/2024\/03\/29\/noticias-de-cuba-03-29-2024\/","url":"https:\/\/elcanillita.info\/press\/2024\/03\/29\/noticias-de-cuba-03-29-2024\/","name":"Noticias de Cuba 29\/03\/2024 - ElCanillita.Info","isPartOf":{"@id":"https:\/\/elcanillita.info\/press\/#website"},"primaryImageOfPage":{"@id":"https:\/\/elcanillita.info\/press\/2024\/03\/29\/noticias-de-cuba-03-29-2024\/#primaryimage"},"image":{"@id":"https:\/\/elcanillita.info\/press\/2024\/03\/29\/noticias-de-cuba-03-29-2024\/#primaryimage"},"thumbnailUrl":"https:\/\/elcanillita.info\/press\/images\/2024\/04\/Cuba20240339.jpg","datePublished":"2024-03-29T20:56:00+00:00","dateModified":"2024-04-07T21:35:45+00:00","inLanguage":"es-AR","potentialAction":[{"@type":"ReadAction","target":["https:\/\/elcanillita.info\/press\/2024\/03\/29\/noticias-de-cuba-03-29-2024\/"]}]},{"@type":"ImageObject","inLanguage":"es-AR","@id":"https:\/\/elcanillita.info\/press\/2024\/03\/29\/noticias-de-cuba-03-29-2024\/#primaryimage","url":"https:\/\/elcanillita.info\/press\/images\/2024\/04\/Cuba20240339.jpg","contentUrl":"https:\/\/elcanillita.info\/press\/images\/2024\/04\/Cuba20240339.jpg","width":500,"height":364},{"@type":"WebSite","@id":"https:\/\/elcanillita.info\/press\/#website","url":"https:\/\/elcanillita.info\/press\/","name":"ElCanillita.Info","description":"desde los Apeninos a los Andes","publisher":{"@id":"https:\/\/elcanillita.info\/press\/#organization"},"potentialAction":[{"@type":"SearchAction","target":{"@type":"EntryPoint","urlTemplate":"https:\/\/elcanillita.info\/press\/?s={search_term_string}"},"query-input":{"@type":"PropertyValueSpecification","valueRequired":true,"valueName":"search_term_string"}}],"inLanguage":"es-AR"},{"@type":"Organization","@id":"https:\/\/elcanillita.info\/press\/#organization","name":"Guzzo Photos & Graphic Publications","url":"https:\/\/elcanillita.info\/press\/","logo":{"@type":"ImageObject","inLanguage":"es-AR","@id":"https:\/\/elcanillita.info\/press\/#\/schema\/logo\/image\/","url":"https:\/\/elcanillita.info\/press\/images\/2020\/01\/cropped-cropped-cropped-elcanillitainfo.png","contentUrl":"https:\/\/elcanillita.info\/press\/images\/2020\/01\/cropped-cropped-cropped-elcanillitainfo.png","width":460,"height":50,"caption":"Guzzo Photos & Graphic Publications"},"image":{"@id":"https:\/\/elcanillita.info\/press\/#\/schema\/logo\/image\/"},"sameAs":["https:\/\/ar-ar.facebook.com\/ElCanillitainfo-114249515285712\/"]},{"@type":"Person","@id":"https:\/\/elcanillita.info\/press\/#\/schema\/person\/7fcb79f38045700919f7da6d97e71ba0","name":"SalaStampa.eu, world press service","image":{"@type":"ImageObject","inLanguage":"es-AR","@id":"https:\/\/secure.gravatar.com\/avatar\/c2f0e0d515a107624234994507816ca4724c7199cef73fc8bedebf6931d73888?s=96&d=mm&r=g","url":"https:\/\/secure.gravatar.com\/avatar\/c2f0e0d515a107624234994507816ca4724c7199cef73fc8bedebf6931d73888?s=96&d=mm&r=g","contentUrl":"https:\/\/secure.gravatar.com\/avatar\/c2f0e0d515a107624234994507816ca4724c7199cef73fc8bedebf6931d73888?s=96&d=mm&r=g","caption":"SalaStampa.eu, world press service"}}]}},"views":352,"_links":{"self":[{"href":"https:\/\/elcanillita.info\/press\/wp-json\/wp\/v2\/posts\/4075","targetHints":{"allow":["GET"]}}],"collection":[{"href":"https:\/\/elcanillita.info\/press\/wp-json\/wp\/v2\/posts"}],"about":[{"href":"https:\/\/elcanillita.info\/press\/wp-json\/wp\/v2\/types\/post"}],"author":[{"embeddable":true,"href":"https:\/\/elcanillita.info\/press\/wp-json\/wp\/v2\/users\/1"}],"replies":[{"embeddable":true,"href":"https:\/\/elcanillita.info\/press\/wp-json\/wp\/v2\/comments?post=4075"}],"version-history":[{"count":0,"href":"https:\/\/elcanillita.info\/press\/wp-json\/wp\/v2\/posts\/4075\/revisions"}],"wp:featuredmedia":[{"embeddable":true,"href":"https:\/\/elcanillita.info\/press\/wp-json\/wp\/v2\/media\/4079"}],"wp:attachment":[{"href":"https:\/\/elcanillita.info\/press\/wp-json\/wp\/v2\/media?parent=4075"}],"wp:term":[{"taxonomy":"category","embeddable":true,"href":"https:\/\/elcanillita.info\/press\/wp-json\/wp\/v2\/categories?post=4075"},{"taxonomy":"post_tag","embeddable":true,"href":"https:\/\/elcanillita.info\/press\/wp-json\/wp\/v2\/tags?post=4075"}],"curies":[{"name":"wp","href":"https:\/\/api.w.org\/{rel}","templated":true}]}}