{"id":4071,"date":"2024-04-06T10:43:40","date_gmt":"2024-04-06T13:43:40","guid":{"rendered":"https:\/\/elcanillita.info\/press\/?p=4071"},"modified":"2024-04-06T10:49:51","modified_gmt":"2024-04-06T13:49:51","slug":"mexico-denuncia-a-ecuador-ante-la-corte-de-la-haya-y-suspende-las-relaciones-diplomaticas-con-quito","status":"publish","type":"post","link":"https:\/\/elcanillita.info\/press\/2024\/04\/06\/mexico-denuncia-a-ecuador-ante-la-corte-de-la-haya-y-suspende-las-relaciones-diplomaticas-con-quito\/","title":{"rendered":"M\u00e9xico denuncia a Ecuador ante la Corte de La Haya y suspende las relaciones diplom\u00e1ticas con Quito"},"content":{"rendered":"\n<figure class=\"wp-block-image size-full\"><img loading=\"lazy\" decoding=\"async\" width=\"600\" height=\"401\" src=\"https:\/\/elcanillita.info\/press\/images\/2024\/04\/Mexcov_20240408.jpg\" alt=\"\" class=\"wp-image-4072\" srcset=\"https:\/\/elcanillita.info\/press\/images\/2024\/04\/Mexcov_20240408.jpg 600w, https:\/\/elcanillita.info\/press\/images\/2024\/04\/Mexcov_20240408-300x201.jpg 300w\" sizes=\"auto, (max-width: 600px) 100vw, 600px\" \/><\/figure>\n\n\n\n<p>La canciller mexicana, Alicia B\u00e1rcena, confirm\u00f3 la interrupci\u00f3n inmediata de las relaciones diplom\u00e1ticas con Ecuador.<\/p>\n\n\n\n<p>Adem\u00e1s, M\u00e9xico recurrir\u00e1 a la &#8220;Corte Internacional de La Haya, contra Ecuador para denunciar violaciones al derecho internacional&#8221;, tras la incursi\u00f3n nocturna de un comando policial ecuatoriano en la embajada mexicana en Quito, para la detenci\u00f3n del ex vicepresidente Jorge David Glas Espinel, que hab\u00eda encontrado refugio all\u00ed.<\/p>\n\n\n\n<p>El presidente mexicano, Andr\u00e9s Manuel L\u00f3pez Obrador, declar\u00f3 ayer que su pa\u00eds suspender\u00eda las relaciones con Ecuador, despu\u00e9s de que la polic\u00eda allanara la embajada de M\u00e9xico en Quito para detener al ex vicepresidente Jorge Glas, que se hab\u00eda refugiado en el recinto diplom\u00e1tico.<\/p>\n\n\n\n<p>&#8220;Se trata de una violaci\u00f3n flagrante del derecho internacional y de la soberan\u00eda de M\u00e9xico&#8221;, escribi\u00f3 Obrador en X, a\u00f1adiendo que hab\u00eda ordenado la suspensi\u00f3n inmediata de las relaciones diplom\u00e1ticas con ese pa\u00eds.<\/p>\n\n\n\n<p>El exvicepresidente Jorge Glas fue sacado la noche de este viernes 5 de abril del 2024 de la Embajada de M\u00e9xico en la ciudad de Quito por elementos de la Polic\u00eda Nacional. Fue subido a un veh\u00edculo y se retiraron de la sede diplom\u00e1tica, seg\u00fan indic\u00f3 Roberto Canseco, embajador encargado.<\/p>\n\n\n\n<p>\u201cMe han golpeado. Me he golpeado contra el suelo. F\u00edsicamente trat\u00e9 de impedir que entraran. Como delincuentes allanaron la Embajada de M\u00e9xico en Ecuador. Esto no es posible. No puede ser. Es una locura\u201d, agreg\u00f3 Canseco.<\/p>\n\n\n\n<p>Se conoce que Glas fue trasladado, a la Fiscal\u00eda General del Estado; y luego se lo llevar\u00eda a la Unidad de Flagrancias.<\/p>\n\n\n\n<p>M\u00e1s temprano, en un comunicado, el Ministerio de Relaciones Exteriores confirm\u00f3 que Ecuador \u201cno otorgar\u00e1 salvoconducto alguno\u201d al exvicepresidente Glas y se\u00f1al\u00f3 que \u201cno es l\u00edcita la concesi\u00f3n de asilo diplom\u00e1tico\u201d de parte de M\u00e9xico.<\/p>\n\n\n\n<p>La respuesta de Ecuador se oficializ\u00f3 la tarde del viernes 5 de abril, horas despu\u00e9s que el Gobierno del presidente mexicano Andr\u00e9s Manuel L\u00f3pez Obrador (AMLO) decidi\u00f3 otorgar asilo pol\u00edtico al exvicepresidente de Rafael Correa y Len\u00edn Moreno.<\/p>\n\n\n\n<p>Jorge Glas, sentenciado por casos de corrupci\u00f3n, permanec\u00eda en la embajada de M\u00e9xico, en Quito, desde el 17 de diciembre de 2023.<\/p>\n\n\n\n<p>Ten\u00eda dos ordenes de localizaci\u00f3n y detenci\u00f3n. Una por incumplir la medida cautelar de presentaci\u00f3n peri\u00f3dica que le dio el juez Emerson Curipallo, la otra est\u00e1 relacionada con el proceso pro peculado.<\/p>\n\n\n\n<p>El 15 de diciembre de 2017 fue sentenciado a 6 a\u00f1os de prisi\u00f3n por retirar ilegalmente USD 13,5 millones del conglomerado brasile\u00f1o Odebrecht. En octubre de 2019, la Corte Suprema de Justicia de la Naci\u00f3n confirm\u00f3 la sentencia; Glas cumpli\u00f3 su condena en Latacunga, al sur de Quito.<\/p>\n\n\n\n<p>El 2 de enero de 2018, por estar inhabilitado para ejercer la vicepresidencia por m\u00e1s de 90 d\u00edas consecutivos, Glas fue privado de su cargo en virtud del art\u00edculo 146 de la Constituci\u00f3n ecuatoriana; en su lugar fue designada Mar\u00eda Alejandra Vicu\u00f1a.<\/p>\n\n\n\n<p>En abril de 2020 fue condenado a 8 a\u00f1os de prisi\u00f3n -m\u00e1s 25 a\u00f1os de p\u00e9rdida de derechos pol\u00edticos- por corrupci\u00f3n agravada.<\/p>\n\n\n\n<p>En enero de 2021, la Corte Suprema de Justicia de la Naci\u00f3n lo conden\u00f3 a otros 8 a\u00f1os de prisi\u00f3n por malversaci\u00f3n de caudales p\u00fablicos.<\/p>\n\n\n\n<p>El 10 de abril de 2022, se le concedi\u00f3 la libertad condicional por 40 d\u00edas, pero fue revocada por un tribunal de la provincia de Santa Elena, que orden\u00f3 su encarcelamiento. Glas se refugi\u00f3 entonces en la embajada de M\u00e9xico en Quito, obteniendo asilo pol\u00edtico. Ayer 5 de abril de 2024, polic\u00edas y soldados ecuatorianos irrumpieron en la embajada para detenerlo, violando as\u00ed el principio de extraterritorialidad garantizado generalmente a las embajadas; como consecuencia, M\u00e9xico rompi\u00f3 relaciones diplom\u00e1ticas con Ecuador.<br><br><small>Copyright \u00a9 2024 ElCanillita.info \/ BlogDiario.info \/ SalaStampa.eu, servicio mundial de prensa<\/small><\/p>\n","protected":false},"excerpt":{"rendered":"<p>Jorge Glas, sentenciado por casos de corrupci\u00f3n, permanec\u00eda en la embajada de M\u00e9xico, en Quito, desde el 17 de diciembre de 2023.<\/p>\n","protected":false},"author":1,"featured_media":4073,"comment_status":"closed","ping_status":"closed","sticky":false,"template":"","format":"standard","meta":{"footnotes":"","_links_to":"","_links_to_target":""},"categories":[121,108,70,11,118,23],"tags":[53,79],"class_list":["post-4071","post","type-post","status-publish","format-standard","has-post-thumbnail","hentry","category-dc24","category-blogdiario","category-actualidad","category-america-del-sur","category-corrupcion","category-politica","tag-ecuador","tag-mejico-2","entry","double"],"yoast_head":"<!-- This site is optimized with the Yoast SEO plugin v27.5 - https:\/\/yoast.com\/product\/yoast-seo-wordpress\/ -->\n<title>M\u00e9xico denuncia a Ecuador ante la Corte de La Haya y suspende las relaciones diplom\u00e1ticas con Quito - ElCanillita.Info<\/title>\n<meta name=\"robots\" content=\"index, follow, max-snippet:-1, max-image-preview:large, max-video-preview:-1\" \/>\n<link rel=\"canonical\" href=\"https:\/\/elcanillita.info\/press\/2024\/04\/06\/mexico-denuncia-a-ecuador-ante-la-corte-de-la-haya-y-suspende-las-relaciones-diplomaticas-con-quito\/\" \/>\n<meta property=\"og:locale\" content=\"es_ES\" \/>\n<meta property=\"og:type\" content=\"article\" \/>\n<meta property=\"og:title\" content=\"M\u00e9xico denuncia a Ecuador ante la Corte de La Haya y suspende las relaciones diplom\u00e1ticas con Quito - ElCanillita.Info\" \/>\n<meta property=\"og:description\" content=\"Jorge Glas, sentenciado por casos de corrupci\u00f3n, permanec\u00eda en la embajada de M\u00e9xico, en Quito, desde el 17 de diciembre de 2023.\" \/>\n<meta property=\"og:url\" content=\"https:\/\/elcanillita.info\/press\/2024\/04\/06\/mexico-denuncia-a-ecuador-ante-la-corte-de-la-haya-y-suspende-las-relaciones-diplomaticas-con-quito\/\" \/>\n<meta property=\"og:site_name\" content=\"ElCanillita.Info\" \/>\n<meta property=\"article:publisher\" content=\"https:\/\/ar-ar.facebook.com\/ElCanillitainfo-114249515285712\/\" \/>\n<meta property=\"article:published_time\" content=\"2024-04-06T13:43:40+00:00\" \/>\n<meta property=\"article:modified_time\" content=\"2024-04-06T13:49:51+00:00\" \/>\n<meta property=\"og:image\" content=\"https:\/\/elcanillita.info\/press\/images\/2024\/04\/Mex1_20240408.jpg\" \/>\n\t<meta property=\"og:image:width\" content=\"600\" \/>\n\t<meta property=\"og:image:height\" content=\"400\" \/>\n\t<meta property=\"og:image:type\" content=\"image\/jpeg\" \/>\n<meta name=\"author\" content=\"SalaStampa.eu, world press service\" \/>\n<meta name=\"twitter:card\" content=\"summary_large_image\" \/>\n<meta name=\"twitter:label1\" content=\"Escrito por\" \/>\n\t<meta name=\"twitter:data1\" content=\"SalaStampa.eu, world press service\" \/>\n\t<meta name=\"twitter:label2\" content=\"Tiempo de lectura\" \/>\n\t<meta name=\"twitter:data2\" content=\"4 minutos\" \/>\n<script type=\"application\/ld+json\" class=\"yoast-schema-graph\">{\"@context\":\"https:\\\/\\\/schema.org\",\"@graph\":[{\"@type\":\"Article\",\"@id\":\"https:\\\/\\\/elcanillita.info\\\/press\\\/2024\\\/04\\\/06\\\/mexico-denuncia-a-ecuador-ante-la-corte-de-la-haya-y-suspende-las-relaciones-diplomaticas-con-quito\\\/#article\",\"isPartOf\":{\"@id\":\"https:\\\/\\\/elcanillita.info\\\/press\\\/2024\\\/04\\\/06\\\/mexico-denuncia-a-ecuador-ante-la-corte-de-la-haya-y-suspende-las-relaciones-diplomaticas-con-quito\\\/\"},\"author\":{\"name\":\"SalaStampa.eu, world press service\",\"@id\":\"https:\\\/\\\/elcanillita.info\\\/press\\\/#\\\/schema\\\/person\\\/7fcb79f38045700919f7da6d97e71ba0\"},\"headline\":\"M\u00e9xico denuncia a Ecuador ante la Corte de La Haya y suspende las relaciones diplom\u00e1ticas con Quito\",\"datePublished\":\"2024-04-06T13:43:40+00:00\",\"dateModified\":\"2024-04-06T13:49:51+00:00\",\"mainEntityOfPage\":{\"@id\":\"https:\\\/\\\/elcanillita.info\\\/press\\\/2024\\\/04\\\/06\\\/mexico-denuncia-a-ecuador-ante-la-corte-de-la-haya-y-suspende-las-relaciones-diplomaticas-con-quito\\\/\"},\"wordCount\":679,\"publisher\":{\"@id\":\"https:\\\/\\\/elcanillita.info\\\/press\\\/#organization\"},\"image\":{\"@id\":\"https:\\\/\\\/elcanillita.info\\\/press\\\/2024\\\/04\\\/06\\\/mexico-denuncia-a-ecuador-ante-la-corte-de-la-haya-y-suspende-las-relaciones-diplomaticas-con-quito\\\/#primaryimage\"},\"thumbnailUrl\":\"https:\\\/\\\/elcanillita.info\\\/press\\\/images\\\/2024\\\/04\\\/Mex1_20240408.jpg\",\"keywords\":[\"Ecuador\",\"Mejico\"],\"articleSection\":[\".\",\".\",\"Actualidad\",\"Am\u00e9rica del Sur\",\"Corrupci\u00f3n\",\"Politica\"],\"inLanguage\":\"es-AR\"},{\"@type\":\"WebPage\",\"@id\":\"https:\\\/\\\/elcanillita.info\\\/press\\\/2024\\\/04\\\/06\\\/mexico-denuncia-a-ecuador-ante-la-corte-de-la-haya-y-suspende-las-relaciones-diplomaticas-con-quito\\\/\",\"url\":\"https:\\\/\\\/elcanillita.info\\\/press\\\/2024\\\/04\\\/06\\\/mexico-denuncia-a-ecuador-ante-la-corte-de-la-haya-y-suspende-las-relaciones-diplomaticas-con-quito\\\/\",\"name\":\"M\u00e9xico denuncia a Ecuador ante la Corte de La Haya y suspende las relaciones diplom\u00e1ticas con Quito - ElCanillita.Info\",\"isPartOf\":{\"@id\":\"https:\\\/\\\/elcanillita.info\\\/press\\\/#website\"},\"primaryImageOfPage\":{\"@id\":\"https:\\\/\\\/elcanillita.info\\\/press\\\/2024\\\/04\\\/06\\\/mexico-denuncia-a-ecuador-ante-la-corte-de-la-haya-y-suspende-las-relaciones-diplomaticas-con-quito\\\/#primaryimage\"},\"image\":{\"@id\":\"https:\\\/\\\/elcanillita.info\\\/press\\\/2024\\\/04\\\/06\\\/mexico-denuncia-a-ecuador-ante-la-corte-de-la-haya-y-suspende-las-relaciones-diplomaticas-con-quito\\\/#primaryimage\"},\"thumbnailUrl\":\"https:\\\/\\\/elcanillita.info\\\/press\\\/images\\\/2024\\\/04\\\/Mex1_20240408.jpg\",\"datePublished\":\"2024-04-06T13:43:40+00:00\",\"dateModified\":\"2024-04-06T13:49:51+00:00\",\"inLanguage\":\"es-AR\",\"potentialAction\":[{\"@type\":\"ReadAction\",\"target\":[\"https:\\\/\\\/elcanillita.info\\\/press\\\/2024\\\/04\\\/06\\\/mexico-denuncia-a-ecuador-ante-la-corte-de-la-haya-y-suspende-las-relaciones-diplomaticas-con-quito\\\/\"]}]},{\"@type\":\"ImageObject\",\"inLanguage\":\"es-AR\",\"@id\":\"https:\\\/\\\/elcanillita.info\\\/press\\\/2024\\\/04\\\/06\\\/mexico-denuncia-a-ecuador-ante-la-corte-de-la-haya-y-suspende-las-relaciones-diplomaticas-con-quito\\\/#primaryimage\",\"url\":\"https:\\\/\\\/elcanillita.info\\\/press\\\/images\\\/2024\\\/04\\\/Mex1_20240408.jpg\",\"contentUrl\":\"https:\\\/\\\/elcanillita.info\\\/press\\\/images\\\/2024\\\/04\\\/Mex1_20240408.jpg\",\"width\":600,\"height\":400},{\"@type\":\"WebSite\",\"@id\":\"https:\\\/\\\/elcanillita.info\\\/press\\\/#website\",\"url\":\"https:\\\/\\\/elcanillita.info\\\/press\\\/\",\"name\":\"ElCanillita.Info\",\"description\":\"desde los Apeninos a los Andes\",\"publisher\":{\"@id\":\"https:\\\/\\\/elcanillita.info\\\/press\\\/#organization\"},\"potentialAction\":[{\"@type\":\"SearchAction\",\"target\":{\"@type\":\"EntryPoint\",\"urlTemplate\":\"https:\\\/\\\/elcanillita.info\\\/press\\\/?s={search_term_string}\"},\"query-input\":{\"@type\":\"PropertyValueSpecification\",\"valueRequired\":true,\"valueName\":\"search_term_string\"}}],\"inLanguage\":\"es-AR\"},{\"@type\":\"Organization\",\"@id\":\"https:\\\/\\\/elcanillita.info\\\/press\\\/#organization\",\"name\":\"Guzzo Photos & Graphic Publications\",\"url\":\"https:\\\/\\\/elcanillita.info\\\/press\\\/\",\"logo\":{\"@type\":\"ImageObject\",\"inLanguage\":\"es-AR\",\"@id\":\"https:\\\/\\\/elcanillita.info\\\/press\\\/#\\\/schema\\\/logo\\\/image\\\/\",\"url\":\"https:\\\/\\\/elcanillita.info\\\/press\\\/images\\\/2020\\\/01\\\/cropped-cropped-cropped-elcanillitainfo.png\",\"contentUrl\":\"https:\\\/\\\/elcanillita.info\\\/press\\\/images\\\/2020\\\/01\\\/cropped-cropped-cropped-elcanillitainfo.png\",\"width\":460,\"height\":50,\"caption\":\"Guzzo Photos & Graphic Publications\"},\"image\":{\"@id\":\"https:\\\/\\\/elcanillita.info\\\/press\\\/#\\\/schema\\\/logo\\\/image\\\/\"},\"sameAs\":[\"https:\\\/\\\/ar-ar.facebook.com\\\/ElCanillitainfo-114249515285712\\\/\"]},{\"@type\":\"Person\",\"@id\":\"https:\\\/\\\/elcanillita.info\\\/press\\\/#\\\/schema\\\/person\\\/7fcb79f38045700919f7da6d97e71ba0\",\"name\":\"SalaStampa.eu, world press service\",\"image\":{\"@type\":\"ImageObject\",\"inLanguage\":\"es-AR\",\"@id\":\"https:\\\/\\\/secure.gravatar.com\\\/avatar\\\/c2f0e0d515a107624234994507816ca4724c7199cef73fc8bedebf6931d73888?s=96&d=mm&r=g\",\"url\":\"https:\\\/\\\/secure.gravatar.com\\\/avatar\\\/c2f0e0d515a107624234994507816ca4724c7199cef73fc8bedebf6931d73888?s=96&d=mm&r=g\",\"contentUrl\":\"https:\\\/\\\/secure.gravatar.com\\\/avatar\\\/c2f0e0d515a107624234994507816ca4724c7199cef73fc8bedebf6931d73888?s=96&d=mm&r=g\",\"caption\":\"SalaStampa.eu, world press service\"}}]}<\/script>\n<!-- \/ Yoast SEO plugin. -->","yoast_head_json":{"title":"M\u00e9xico denuncia a Ecuador ante la Corte de La Haya y suspende las relaciones diplom\u00e1ticas con Quito - ElCanillita.Info","robots":{"index":"index","follow":"follow","max-snippet":"max-snippet:-1","max-image-preview":"max-image-preview:large","max-video-preview":"max-video-preview:-1"},"canonical":"https:\/\/elcanillita.info\/press\/2024\/04\/06\/mexico-denuncia-a-ecuador-ante-la-corte-de-la-haya-y-suspende-las-relaciones-diplomaticas-con-quito\/","og_locale":"es_ES","og_type":"article","og_title":"M\u00e9xico denuncia a Ecuador ante la Corte de La Haya y suspende las relaciones diplom\u00e1ticas con Quito - ElCanillita.Info","og_description":"Jorge Glas, sentenciado por casos de corrupci\u00f3n, permanec\u00eda en la embajada de M\u00e9xico, en Quito, desde el 17 de diciembre de 2023.","og_url":"https:\/\/elcanillita.info\/press\/2024\/04\/06\/mexico-denuncia-a-ecuador-ante-la-corte-de-la-haya-y-suspende-las-relaciones-diplomaticas-con-quito\/","og_site_name":"ElCanillita.Info","article_publisher":"https:\/\/ar-ar.facebook.com\/ElCanillitainfo-114249515285712\/","article_published_time":"2024-04-06T13:43:40+00:00","article_modified_time":"2024-04-06T13:49:51+00:00","og_image":[{"width":600,"height":400,"url":"https:\/\/elcanillita.info\/press\/images\/2024\/04\/Mex1_20240408.jpg","type":"image\/jpeg"}],"author":"SalaStampa.eu, world press service","twitter_card":"summary_large_image","twitter_misc":{"Escrito por":"SalaStampa.eu, world press service","Tiempo de lectura":"4 minutos"},"schema":{"@context":"https:\/\/schema.org","@graph":[{"@type":"Article","@id":"https:\/\/elcanillita.info\/press\/2024\/04\/06\/mexico-denuncia-a-ecuador-ante-la-corte-de-la-haya-y-suspende-las-relaciones-diplomaticas-con-quito\/#article","isPartOf":{"@id":"https:\/\/elcanillita.info\/press\/2024\/04\/06\/mexico-denuncia-a-ecuador-ante-la-corte-de-la-haya-y-suspende-las-relaciones-diplomaticas-con-quito\/"},"author":{"name":"SalaStampa.eu, world press service","@id":"https:\/\/elcanillita.info\/press\/#\/schema\/person\/7fcb79f38045700919f7da6d97e71ba0"},"headline":"M\u00e9xico denuncia a Ecuador ante la Corte de La Haya y suspende las relaciones diplom\u00e1ticas con Quito","datePublished":"2024-04-06T13:43:40+00:00","dateModified":"2024-04-06T13:49:51+00:00","mainEntityOfPage":{"@id":"https:\/\/elcanillita.info\/press\/2024\/04\/06\/mexico-denuncia-a-ecuador-ante-la-corte-de-la-haya-y-suspende-las-relaciones-diplomaticas-con-quito\/"},"wordCount":679,"publisher":{"@id":"https:\/\/elcanillita.info\/press\/#organization"},"image":{"@id":"https:\/\/elcanillita.info\/press\/2024\/04\/06\/mexico-denuncia-a-ecuador-ante-la-corte-de-la-haya-y-suspende-las-relaciones-diplomaticas-con-quito\/#primaryimage"},"thumbnailUrl":"https:\/\/elcanillita.info\/press\/images\/2024\/04\/Mex1_20240408.jpg","keywords":["Ecuador","Mejico"],"articleSection":[".",".","Actualidad","Am\u00e9rica del Sur","Corrupci\u00f3n","Politica"],"inLanguage":"es-AR"},{"@type":"WebPage","@id":"https:\/\/elcanillita.info\/press\/2024\/04\/06\/mexico-denuncia-a-ecuador-ante-la-corte-de-la-haya-y-suspende-las-relaciones-diplomaticas-con-quito\/","url":"https:\/\/elcanillita.info\/press\/2024\/04\/06\/mexico-denuncia-a-ecuador-ante-la-corte-de-la-haya-y-suspende-las-relaciones-diplomaticas-con-quito\/","name":"M\u00e9xico denuncia a Ecuador ante la Corte de La Haya y suspende las relaciones diplom\u00e1ticas con Quito - ElCanillita.Info","isPartOf":{"@id":"https:\/\/elcanillita.info\/press\/#website"},"primaryImageOfPage":{"@id":"https:\/\/elcanillita.info\/press\/2024\/04\/06\/mexico-denuncia-a-ecuador-ante-la-corte-de-la-haya-y-suspende-las-relaciones-diplomaticas-con-quito\/#primaryimage"},"image":{"@id":"https:\/\/elcanillita.info\/press\/2024\/04\/06\/mexico-denuncia-a-ecuador-ante-la-corte-de-la-haya-y-suspende-las-relaciones-diplomaticas-con-quito\/#primaryimage"},"thumbnailUrl":"https:\/\/elcanillita.info\/press\/images\/2024\/04\/Mex1_20240408.jpg","datePublished":"2024-04-06T13:43:40+00:00","dateModified":"2024-04-06T13:49:51+00:00","inLanguage":"es-AR","potentialAction":[{"@type":"ReadAction","target":["https:\/\/elcanillita.info\/press\/2024\/04\/06\/mexico-denuncia-a-ecuador-ante-la-corte-de-la-haya-y-suspende-las-relaciones-diplomaticas-con-quito\/"]}]},{"@type":"ImageObject","inLanguage":"es-AR","@id":"https:\/\/elcanillita.info\/press\/2024\/04\/06\/mexico-denuncia-a-ecuador-ante-la-corte-de-la-haya-y-suspende-las-relaciones-diplomaticas-con-quito\/#primaryimage","url":"https:\/\/elcanillita.info\/press\/images\/2024\/04\/Mex1_20240408.jpg","contentUrl":"https:\/\/elcanillita.info\/press\/images\/2024\/04\/Mex1_20240408.jpg","width":600,"height":400},{"@type":"WebSite","@id":"https:\/\/elcanillita.info\/press\/#website","url":"https:\/\/elcanillita.info\/press\/","name":"ElCanillita.Info","description":"desde los Apeninos a los Andes","publisher":{"@id":"https:\/\/elcanillita.info\/press\/#organization"},"potentialAction":[{"@type":"SearchAction","target":{"@type":"EntryPoint","urlTemplate":"https:\/\/elcanillita.info\/press\/?s={search_term_string}"},"query-input":{"@type":"PropertyValueSpecification","valueRequired":true,"valueName":"search_term_string"}}],"inLanguage":"es-AR"},{"@type":"Organization","@id":"https:\/\/elcanillita.info\/press\/#organization","name":"Guzzo Photos & Graphic Publications","url":"https:\/\/elcanillita.info\/press\/","logo":{"@type":"ImageObject","inLanguage":"es-AR","@id":"https:\/\/elcanillita.info\/press\/#\/schema\/logo\/image\/","url":"https:\/\/elcanillita.info\/press\/images\/2020\/01\/cropped-cropped-cropped-elcanillitainfo.png","contentUrl":"https:\/\/elcanillita.info\/press\/images\/2020\/01\/cropped-cropped-cropped-elcanillitainfo.png","width":460,"height":50,"caption":"Guzzo Photos & Graphic Publications"},"image":{"@id":"https:\/\/elcanillita.info\/press\/#\/schema\/logo\/image\/"},"sameAs":["https:\/\/ar-ar.facebook.com\/ElCanillitainfo-114249515285712\/"]},{"@type":"Person","@id":"https:\/\/elcanillita.info\/press\/#\/schema\/person\/7fcb79f38045700919f7da6d97e71ba0","name":"SalaStampa.eu, world press service","image":{"@type":"ImageObject","inLanguage":"es-AR","@id":"https:\/\/secure.gravatar.com\/avatar\/c2f0e0d515a107624234994507816ca4724c7199cef73fc8bedebf6931d73888?s=96&d=mm&r=g","url":"https:\/\/secure.gravatar.com\/avatar\/c2f0e0d515a107624234994507816ca4724c7199cef73fc8bedebf6931d73888?s=96&d=mm&r=g","contentUrl":"https:\/\/secure.gravatar.com\/avatar\/c2f0e0d515a107624234994507816ca4724c7199cef73fc8bedebf6931d73888?s=96&d=mm&r=g","caption":"SalaStampa.eu, world press service"}}]}},"views":391,"_links":{"self":[{"href":"https:\/\/elcanillita.info\/press\/wp-json\/wp\/v2\/posts\/4071","targetHints":{"allow":["GET"]}}],"collection":[{"href":"https:\/\/elcanillita.info\/press\/wp-json\/wp\/v2\/posts"}],"about":[{"href":"https:\/\/elcanillita.info\/press\/wp-json\/wp\/v2\/types\/post"}],"author":[{"embeddable":true,"href":"https:\/\/elcanillita.info\/press\/wp-json\/wp\/v2\/users\/1"}],"replies":[{"embeddable":true,"href":"https:\/\/elcanillita.info\/press\/wp-json\/wp\/v2\/comments?post=4071"}],"version-history":[{"count":0,"href":"https:\/\/elcanillita.info\/press\/wp-json\/wp\/v2\/posts\/4071\/revisions"}],"wp:featuredmedia":[{"embeddable":true,"href":"https:\/\/elcanillita.info\/press\/wp-json\/wp\/v2\/media\/4073"}],"wp:attachment":[{"href":"https:\/\/elcanillita.info\/press\/wp-json\/wp\/v2\/media?parent=4071"}],"wp:term":[{"taxonomy":"category","embeddable":true,"href":"https:\/\/elcanillita.info\/press\/wp-json\/wp\/v2\/categories?post=4071"},{"taxonomy":"post_tag","embeddable":true,"href":"https:\/\/elcanillita.info\/press\/wp-json\/wp\/v2\/tags?post=4071"}],"curies":[{"name":"wp","href":"https:\/\/api.w.org\/{rel}","templated":true}]}}