{"id":4068,"date":"2024-03-29T20:18:37","date_gmt":"2024-03-29T23:18:37","guid":{"rendered":"https:\/\/elcanillita.info\/press\/?p=4068"},"modified":"2024-03-29T20:18:38","modified_gmt":"2024-03-29T23:18:38","slug":"lijando-para-la-impunidad","status":"publish","type":"post","link":"https:\/\/elcanillita.info\/press\/2024\/03\/29\/lijando-para-la-impunidad\/","title":{"rendered":"\u00bfLijando para la impunidad?"},"content":{"rendered":"<div class=\"wp-block-image\">\n<figure class=\"aligncenter size-full\"><img loading=\"lazy\" decoding=\"async\" width=\"388\" height=\"501\" src=\"https:\/\/elcanillita.info\/press\/images\/2024\/02\/mile_20240217.jpeg\" alt=\"\" class=\"wp-image-4032\" srcset=\"https:\/\/elcanillita.info\/press\/images\/2024\/02\/mile_20240217.jpeg 388w, https:\/\/elcanillita.info\/press\/images\/2024\/02\/mile_20240217-232x300.jpeg 232w\" sizes=\"auto, (max-width: 388px) 100vw, 388px\" \/><\/figure>\n<\/div>\n\n\n<p><strong>por Enrique Guillermo Avogadro<\/strong><br><br><small>\u201cErrar es humano. Perdonar es divino. Rectificar es de sabios\u201d. <\/small><br><small>Alexander Pope<\/small><br><br>Buenos Aires, 30 Marzo 2024<br>Mi estado de \u00e1nimo frente a la gesti\u00f3n de Javier Milei podr\u00eda resumirse as\u00ed: \u201cS\u00ed, claro, pero \u2026\u201d. Y creo que la mayor\u00eda de la ciudadan\u00eda, tal como confirman las encuestas que circulan, tiene la misma posici\u00f3n, aunque los \u201cperos\u201d de cada uno de nosotros puedan ser dis\u00edmiles, ya que en general debidos a la recesi\u00f3n y a la p\u00e9rdida de poder adquisitivo de salarios y jubilaciones que, por supuesto, tambi\u00e9n me afectan pero no priorizo. En mi caso, me duele aplaudir gestos y actitudes del Presidente que, sin piedad alguna, critiqu\u00e9 en N\u00e9stor y Cristina Kirchner cuando hac\u00edan algo similar, aunque en sentido opuesto.<\/p>\n\n\n\n<p>No entiendo la inexplicada pretensi\u00f3n de llevar a la Corte Suprema al actual Juez de Primera Instancia en lo Criminal Federal Ariel Lijo. Comparten mi estupor, y as\u00ed lo han manifestado, c\u00e1maras empresariales, colegios de abogados, periodistas prestigiosos, acad\u00e9micos de todos los colores ideol\u00f3gicos; en los muchos a\u00f1os que llevo ejerciendo mi profesi\u00f3n, nunca he visto un rechazo tan un\u00e1nime ni extendido.<\/p>\n\n\n\n<p>La raz\u00f3n para esa f\u00e9rrea oposici\u00f3n es simple, pero tajante. Lijo no re\u00fane, ni por asomo, las virtudes morales y los antecedentes acad\u00e9micos necesarios para llegar a ser ministro del supremo Tribunal de la Naci\u00f3n, int\u00e9rprete definitivo de la constitucionalidad de las leyes y reglamentos que rigen nuestra vida en com\u00fan, de nuestras libertades individuales y de nuestros patrimonios. Tan trascendentes son sus responsabilidades institucionales que el m\u00e1s elemental criterio exige que sus miembros sean, a la vista de la sociedad en su conjunto, absolutamente impolutos e intachables aunque, a veces, no coincidamos con sus sentencias. Ese rol le ha sido asignado a la Corte Suprema por la misma Constituci\u00f3n, que la convirti\u00f3 en cabeza de uno de los tres poderes del Estado y, en definitiva, en \u00e1rbitro y contrapeso de las disputas entre el Ejecutivo y el Legislativo.<\/p>\n\n\n\n<p>Por eso, esta candidatura es mucho m\u00e1s grave a\u00fan que la designaci\u00f3n del cuestionable Mariano C\u00faneo Libarona como Ministro de Justicia de la Naci\u00f3n; \u00e9ste puede ser desplazado por un simple decreto presidencial mientras que la remoci\u00f3n de un Juez de la Corte, inamovible hasta los 75 a\u00f1os, requiere cumplir un engorroso tr\u00e1mite ante el Congreso de la Naci\u00f3n, v\u00eda un juicio pol\u00edtico. Tan complicado es el procedimiento y tan dif\u00edcil obtener all\u00ed las mayor\u00edas especiales necesarias que ni siquiera la nefasta dupla de los Fern\u00e1ndez\u00b2 logr\u00f3 concretarlo cuando intent\u00f3 echar por mal desempe\u00f1o a Horacio Rosatti, Carlos Rosenkrantz y Juan Carlos Maqueda, pese a que dispon\u00eda de mayor\u00edas simples en ambas c\u00e1maras legislativas.<\/p>\n\n\n\n<p>&nbsp;Entonces, \u00bfqu\u00e9 ha llevado a Milei a proponer a Lijo como candidato? Como es economista y, por tanto, desconoce el mundo tribunalicio, \u00bfpuede atribuirse a un mero error? Si as\u00ed fuera, \u00bfpor qu\u00e9 no desiste ahora, que se le ha explicado con claridad? Por otra parte, si adem\u00e1s de este impresentable, propuso al incuestionable Manuel Garc\u00eda-Mansilla, un constitucionalista de enorme relevancia, para la Corte en reemplazo de Maqueda para cuando \u00e9ste cumpla la edad m\u00e1xima (75) a fin de a\u00f1o, \u00bfpor qu\u00e9 no invierte los t\u00e9rminos y relega hasta entonces al m\u00e1s cuestionado? En la medida en que no cuenta con un grupo significativo de senadores y sabe que, para que su candidato resulte aprobado, se requerir\u00e1 del apoyo de las bancadas kirchneristas; \u00bfqu\u00e9 est\u00e1 dispuesto a ofrecer a Cristina Fern\u00e1ndez para que ella ordene que lo acompa\u00f1en con sus votos?<\/p>\n\n\n\n<p>Como dije m\u00e1s arriba, la sociedad est\u00e1 mayoritariamente dispuesta a sacrificar su presente y soportar el irremediable ajuste que exige el poner orden en el desquicio heredado de las cuentas p\u00fablicas y en la desmadrada inflaci\u00f3n, con vistas a un futuro mejor para cada uno y sus descendientes. Pero, correlativamente, casi como un proceso de sanaci\u00f3n colectiva, demanda las mismas (y malversadas) \u201cmemoria, verdad y justicia\u201d, hasta ahora no concretada, para los imprescriptibles delitos de defraudaci\u00f3n al Estado cometidos por los clept\u00f3cratas que nos gobernaron 16 de los \u00faltimos 20 a\u00f1os, ninguno de ellos en la c\u00e1rcel. Porque ha sido tan gigantesca la malversaci\u00f3n de caudales p\u00fablicos y tan procaz la exhibici\u00f3n de las riquezas mal habidas, que ya nadie niega que es la real causa de la pobreza y la indigencia, del deterioro de la educaci\u00f3n y de la salud p\u00fablicas, de la extensi\u00f3n del narcotr\u00e1fico y de la violencia cotidiana.<\/p>\n\n\n\n<p>Entonces, si a la profunda herida que, al menos entre las \u00e9lites, ya produjo en la imagen del Presidente esta horrible nominaci\u00f3n, se le sumara que la sociedad entera comenzara a percibir que la moneda de cambio para la aprobaci\u00f3n de la candidatura de Lijo hubiera sido garantizar la impunidad del kirchnerismo, el castigo a La Libertad Avanza en las elecciones de medio t\u00e9rmino se convertir\u00e1 en una realidad irreversible. Esta misma semana vi a Milei claramente en campa\u00f1a para ellas y me parece que eso debiera llevarlo a reflexionar sobre este peliagudo tema y hacerlo desistir de esta tan criticada postulaci\u00f3n, que todos ignoramos qui\u00e9n le propuso. Si hubiera sido C\u00faneo Libarona, que tanto conoce al mundo de Comodoro Py, sede de la Justicia Penal Federal en la Capital Federal, el Ministro habr\u00e1 sumado una nueva mancha a su tan atigrado curriculum.<\/p>\n\n\n\n<p>Dada la importancia de la fecha, deseo a cada uno de mis lectores y a la Argentina misma, una muy feliz y santa Pascua de Resurrecci\u00f3n. Recemos para que este Cristo, que ma\u00f1ana habr\u00e1 salido nuevamente del sepulcro, recuerde que alguna vez se puso la camiseta nacional y otorgue, con su infinita paciencia, el perd\u00f3n a nuestros tan reiterados pecados colectivos.<br><br><small>\u00a9 Copyright 2024 Enrique Guillermo Avogadro<br>\u00a9 2024 ElCanillita.info \/ SalaStampa.Eu, servicio mundial de prensa<\/small><\/p>\n","protected":false},"excerpt":{"rendered":"<p>Recemos para que este Cristo, que ma\u00f1ana habr\u00e1 salido nuevamente del sepulcro, recuerde que alguna vez se puso la camiseta nacional y otorgue, con su infinita paciencia, el perd\u00f3n a nuestros tan reiterados pecados colectivos.<\/p>\n","protected":false},"author":1,"featured_media":3718,"comment_status":"closed","ping_status":"closed","sticky":false,"template":"","format":"standard","meta":{"footnotes":"","_links_to":"","_links_to_target":""},"categories":[108,121,70,11,118,23],"tags":[29],"class_list":["post-4068","post","type-post","status-publish","format-standard","has-post-thumbnail","hentry","category-blogdiario","category-dc24","category-actualidad","category-america-del-sur","category-corrupcion","category-politica","tag-argentina","entry","double"],"yoast_head":"<!-- This site is optimized with the Yoast SEO plugin v27.4 - https:\/\/yoast.com\/product\/yoast-seo-wordpress\/ -->\n<title>\u00bfLijando para la impunidad? - ElCanillita.Info<\/title>\n<meta name=\"robots\" content=\"index, follow, max-snippet:-1, max-image-preview:large, max-video-preview:-1\" \/>\n<link rel=\"canonical\" href=\"https:\/\/elcanillita.info\/press\/2024\/03\/29\/lijando-para-la-impunidad\/\" \/>\n<meta property=\"og:locale\" content=\"es_ES\" \/>\n<meta property=\"og:type\" content=\"article\" \/>\n<meta property=\"og:title\" content=\"\u00bfLijando para la impunidad? - ElCanillita.Info\" \/>\n<meta property=\"og:description\" content=\"Recemos para que este Cristo, que ma\u00f1ana habr\u00e1 salido nuevamente del sepulcro, recuerde que alguna vez se puso la camiseta nacional y otorgue, con su infinita paciencia, el perd\u00f3n a nuestros tan reiterados pecados colectivos.\" \/>\n<meta property=\"og:url\" content=\"https:\/\/elcanillita.info\/press\/2024\/03\/29\/lijando-para-la-impunidad\/\" \/>\n<meta property=\"og:site_name\" content=\"ElCanillita.Info\" \/>\n<meta property=\"article:publisher\" content=\"https:\/\/ar-ar.facebook.com\/ElCanillitainfo-114249515285712\/\" \/>\n<meta property=\"article:published_time\" content=\"2024-03-29T23:18:37+00:00\" \/>\n<meta property=\"article:modified_time\" content=\"2024-03-29T23:18:38+00:00\" \/>\n<meta property=\"og:image\" content=\"https:\/\/elcanillita.info\/press\/images\/2023\/09\/covER_20230903.jpg\" \/>\n\t<meta property=\"og:image:width\" content=\"600\" \/>\n\t<meta property=\"og:image:height\" content=\"400\" \/>\n\t<meta property=\"og:image:type\" content=\"image\/jpeg\" \/>\n<meta name=\"author\" content=\"SalaStampa.eu, world press service\" \/>\n<meta name=\"twitter:card\" content=\"summary_large_image\" \/>\n<meta name=\"twitter:label1\" content=\"Escrito por\" \/>\n\t<meta name=\"twitter:data1\" content=\"SalaStampa.eu, world press service\" \/>\n\t<meta name=\"twitter:label2\" content=\"Tiempo de lectura\" \/>\n\t<meta name=\"twitter:data2\" content=\"5 minutos\" \/>\n<script type=\"application\/ld+json\" class=\"yoast-schema-graph\">{\"@context\":\"https:\\\/\\\/schema.org\",\"@graph\":[{\"@type\":\"Article\",\"@id\":\"https:\\\/\\\/elcanillita.info\\\/press\\\/2024\\\/03\\\/29\\\/lijando-para-la-impunidad\\\/#article\",\"isPartOf\":{\"@id\":\"https:\\\/\\\/elcanillita.info\\\/press\\\/2024\\\/03\\\/29\\\/lijando-para-la-impunidad\\\/\"},\"author\":{\"name\":\"SalaStampa.eu, world press service\",\"@id\":\"https:\\\/\\\/elcanillita.info\\\/press\\\/#\\\/schema\\\/person\\\/7fcb79f38045700919f7da6d97e71ba0\"},\"headline\":\"\u00bfLijando para la impunidad?\",\"datePublished\":\"2024-03-29T23:18:37+00:00\",\"dateModified\":\"2024-03-29T23:18:38+00:00\",\"mainEntityOfPage\":{\"@id\":\"https:\\\/\\\/elcanillita.info\\\/press\\\/2024\\\/03\\\/29\\\/lijando-para-la-impunidad\\\/\"},\"wordCount\":1027,\"publisher\":{\"@id\":\"https:\\\/\\\/elcanillita.info\\\/press\\\/#organization\"},\"image\":{\"@id\":\"https:\\\/\\\/elcanillita.info\\\/press\\\/2024\\\/03\\\/29\\\/lijando-para-la-impunidad\\\/#primaryimage\"},\"thumbnailUrl\":\"https:\\\/\\\/elcanillita.info\\\/press\\\/images\\\/2023\\\/09\\\/covER_20230903.jpg\",\"keywords\":[\"Argentina\"],\"articleSection\":[\".\",\".\",\"Actualidad\",\"Am\u00e9rica del Sur\",\"Corrupci\u00f3n\",\"Politica\"],\"inLanguage\":\"es-AR\"},{\"@type\":\"WebPage\",\"@id\":\"https:\\\/\\\/elcanillita.info\\\/press\\\/2024\\\/03\\\/29\\\/lijando-para-la-impunidad\\\/\",\"url\":\"https:\\\/\\\/elcanillita.info\\\/press\\\/2024\\\/03\\\/29\\\/lijando-para-la-impunidad\\\/\",\"name\":\"\u00bfLijando para la impunidad? - ElCanillita.Info\",\"isPartOf\":{\"@id\":\"https:\\\/\\\/elcanillita.info\\\/press\\\/#website\"},\"primaryImageOfPage\":{\"@id\":\"https:\\\/\\\/elcanillita.info\\\/press\\\/2024\\\/03\\\/29\\\/lijando-para-la-impunidad\\\/#primaryimage\"},\"image\":{\"@id\":\"https:\\\/\\\/elcanillita.info\\\/press\\\/2024\\\/03\\\/29\\\/lijando-para-la-impunidad\\\/#primaryimage\"},\"thumbnailUrl\":\"https:\\\/\\\/elcanillita.info\\\/press\\\/images\\\/2023\\\/09\\\/covER_20230903.jpg\",\"datePublished\":\"2024-03-29T23:18:37+00:00\",\"dateModified\":\"2024-03-29T23:18:38+00:00\",\"inLanguage\":\"es-AR\",\"potentialAction\":[{\"@type\":\"ReadAction\",\"target\":[\"https:\\\/\\\/elcanillita.info\\\/press\\\/2024\\\/03\\\/29\\\/lijando-para-la-impunidad\\\/\"]}]},{\"@type\":\"ImageObject\",\"inLanguage\":\"es-AR\",\"@id\":\"https:\\\/\\\/elcanillita.info\\\/press\\\/2024\\\/03\\\/29\\\/lijando-para-la-impunidad\\\/#primaryimage\",\"url\":\"https:\\\/\\\/elcanillita.info\\\/press\\\/images\\\/2023\\\/09\\\/covER_20230903.jpg\",\"contentUrl\":\"https:\\\/\\\/elcanillita.info\\\/press\\\/images\\\/2023\\\/09\\\/covER_20230903.jpg\",\"width\":600,\"height\":400},{\"@type\":\"WebSite\",\"@id\":\"https:\\\/\\\/elcanillita.info\\\/press\\\/#website\",\"url\":\"https:\\\/\\\/elcanillita.info\\\/press\\\/\",\"name\":\"ElCanillita.Info\",\"description\":\"desde los Apeninos a los Andes\",\"publisher\":{\"@id\":\"https:\\\/\\\/elcanillita.info\\\/press\\\/#organization\"},\"potentialAction\":[{\"@type\":\"SearchAction\",\"target\":{\"@type\":\"EntryPoint\",\"urlTemplate\":\"https:\\\/\\\/elcanillita.info\\\/press\\\/?s={search_term_string}\"},\"query-input\":{\"@type\":\"PropertyValueSpecification\",\"valueRequired\":true,\"valueName\":\"search_term_string\"}}],\"inLanguage\":\"es-AR\"},{\"@type\":\"Organization\",\"@id\":\"https:\\\/\\\/elcanillita.info\\\/press\\\/#organization\",\"name\":\"Guzzo Photos & Graphic Publications\",\"url\":\"https:\\\/\\\/elcanillita.info\\\/press\\\/\",\"logo\":{\"@type\":\"ImageObject\",\"inLanguage\":\"es-AR\",\"@id\":\"https:\\\/\\\/elcanillita.info\\\/press\\\/#\\\/schema\\\/logo\\\/image\\\/\",\"url\":\"https:\\\/\\\/elcanillita.info\\\/press\\\/images\\\/2020\\\/01\\\/cropped-cropped-cropped-elcanillitainfo.png\",\"contentUrl\":\"https:\\\/\\\/elcanillita.info\\\/press\\\/images\\\/2020\\\/01\\\/cropped-cropped-cropped-elcanillitainfo.png\",\"width\":460,\"height\":50,\"caption\":\"Guzzo Photos & Graphic Publications\"},\"image\":{\"@id\":\"https:\\\/\\\/elcanillita.info\\\/press\\\/#\\\/schema\\\/logo\\\/image\\\/\"},\"sameAs\":[\"https:\\\/\\\/ar-ar.facebook.com\\\/ElCanillitainfo-114249515285712\\\/\"]},{\"@type\":\"Person\",\"@id\":\"https:\\\/\\\/elcanillita.info\\\/press\\\/#\\\/schema\\\/person\\\/7fcb79f38045700919f7da6d97e71ba0\",\"name\":\"SalaStampa.eu, world press service\",\"image\":{\"@type\":\"ImageObject\",\"inLanguage\":\"es-AR\",\"@id\":\"https:\\\/\\\/secure.gravatar.com\\\/avatar\\\/c2f0e0d515a107624234994507816ca4724c7199cef73fc8bedebf6931d73888?s=96&d=mm&r=g\",\"url\":\"https:\\\/\\\/secure.gravatar.com\\\/avatar\\\/c2f0e0d515a107624234994507816ca4724c7199cef73fc8bedebf6931d73888?s=96&d=mm&r=g\",\"contentUrl\":\"https:\\\/\\\/secure.gravatar.com\\\/avatar\\\/c2f0e0d515a107624234994507816ca4724c7199cef73fc8bedebf6931d73888?s=96&d=mm&r=g\",\"caption\":\"SalaStampa.eu, world press service\"}}]}<\/script>\n<!-- \/ Yoast SEO plugin. -->","yoast_head_json":{"title":"\u00bfLijando para la impunidad? - ElCanillita.Info","robots":{"index":"index","follow":"follow","max-snippet":"max-snippet:-1","max-image-preview":"max-image-preview:large","max-video-preview":"max-video-preview:-1"},"canonical":"https:\/\/elcanillita.info\/press\/2024\/03\/29\/lijando-para-la-impunidad\/","og_locale":"es_ES","og_type":"article","og_title":"\u00bfLijando para la impunidad? - ElCanillita.Info","og_description":"Recemos para que este Cristo, que ma\u00f1ana habr\u00e1 salido nuevamente del sepulcro, recuerde que alguna vez se puso la camiseta nacional y otorgue, con su infinita paciencia, el perd\u00f3n a nuestros tan reiterados pecados colectivos.","og_url":"https:\/\/elcanillita.info\/press\/2024\/03\/29\/lijando-para-la-impunidad\/","og_site_name":"ElCanillita.Info","article_publisher":"https:\/\/ar-ar.facebook.com\/ElCanillitainfo-114249515285712\/","article_published_time":"2024-03-29T23:18:37+00:00","article_modified_time":"2024-03-29T23:18:38+00:00","og_image":[{"width":600,"height":400,"url":"https:\/\/elcanillita.info\/press\/images\/2023\/09\/covER_20230903.jpg","type":"image\/jpeg"}],"author":"SalaStampa.eu, world press service","twitter_card":"summary_large_image","twitter_misc":{"Escrito por":"SalaStampa.eu, world press service","Tiempo de lectura":"5 minutos"},"schema":{"@context":"https:\/\/schema.org","@graph":[{"@type":"Article","@id":"https:\/\/elcanillita.info\/press\/2024\/03\/29\/lijando-para-la-impunidad\/#article","isPartOf":{"@id":"https:\/\/elcanillita.info\/press\/2024\/03\/29\/lijando-para-la-impunidad\/"},"author":{"name":"SalaStampa.eu, world press service","@id":"https:\/\/elcanillita.info\/press\/#\/schema\/person\/7fcb79f38045700919f7da6d97e71ba0"},"headline":"\u00bfLijando para la impunidad?","datePublished":"2024-03-29T23:18:37+00:00","dateModified":"2024-03-29T23:18:38+00:00","mainEntityOfPage":{"@id":"https:\/\/elcanillita.info\/press\/2024\/03\/29\/lijando-para-la-impunidad\/"},"wordCount":1027,"publisher":{"@id":"https:\/\/elcanillita.info\/press\/#organization"},"image":{"@id":"https:\/\/elcanillita.info\/press\/2024\/03\/29\/lijando-para-la-impunidad\/#primaryimage"},"thumbnailUrl":"https:\/\/elcanillita.info\/press\/images\/2023\/09\/covER_20230903.jpg","keywords":["Argentina"],"articleSection":[".",".","Actualidad","Am\u00e9rica del Sur","Corrupci\u00f3n","Politica"],"inLanguage":"es-AR"},{"@type":"WebPage","@id":"https:\/\/elcanillita.info\/press\/2024\/03\/29\/lijando-para-la-impunidad\/","url":"https:\/\/elcanillita.info\/press\/2024\/03\/29\/lijando-para-la-impunidad\/","name":"\u00bfLijando para la impunidad? - ElCanillita.Info","isPartOf":{"@id":"https:\/\/elcanillita.info\/press\/#website"},"primaryImageOfPage":{"@id":"https:\/\/elcanillita.info\/press\/2024\/03\/29\/lijando-para-la-impunidad\/#primaryimage"},"image":{"@id":"https:\/\/elcanillita.info\/press\/2024\/03\/29\/lijando-para-la-impunidad\/#primaryimage"},"thumbnailUrl":"https:\/\/elcanillita.info\/press\/images\/2023\/09\/covER_20230903.jpg","datePublished":"2024-03-29T23:18:37+00:00","dateModified":"2024-03-29T23:18:38+00:00","inLanguage":"es-AR","potentialAction":[{"@type":"ReadAction","target":["https:\/\/elcanillita.info\/press\/2024\/03\/29\/lijando-para-la-impunidad\/"]}]},{"@type":"ImageObject","inLanguage":"es-AR","@id":"https:\/\/elcanillita.info\/press\/2024\/03\/29\/lijando-para-la-impunidad\/#primaryimage","url":"https:\/\/elcanillita.info\/press\/images\/2023\/09\/covER_20230903.jpg","contentUrl":"https:\/\/elcanillita.info\/press\/images\/2023\/09\/covER_20230903.jpg","width":600,"height":400},{"@type":"WebSite","@id":"https:\/\/elcanillita.info\/press\/#website","url":"https:\/\/elcanillita.info\/press\/","name":"ElCanillita.Info","description":"desde los Apeninos a los Andes","publisher":{"@id":"https:\/\/elcanillita.info\/press\/#organization"},"potentialAction":[{"@type":"SearchAction","target":{"@type":"EntryPoint","urlTemplate":"https:\/\/elcanillita.info\/press\/?s={search_term_string}"},"query-input":{"@type":"PropertyValueSpecification","valueRequired":true,"valueName":"search_term_string"}}],"inLanguage":"es-AR"},{"@type":"Organization","@id":"https:\/\/elcanillita.info\/press\/#organization","name":"Guzzo Photos & Graphic Publications","url":"https:\/\/elcanillita.info\/press\/","logo":{"@type":"ImageObject","inLanguage":"es-AR","@id":"https:\/\/elcanillita.info\/press\/#\/schema\/logo\/image\/","url":"https:\/\/elcanillita.info\/press\/images\/2020\/01\/cropped-cropped-cropped-elcanillitainfo.png","contentUrl":"https:\/\/elcanillita.info\/press\/images\/2020\/01\/cropped-cropped-cropped-elcanillitainfo.png","width":460,"height":50,"caption":"Guzzo Photos & Graphic Publications"},"image":{"@id":"https:\/\/elcanillita.info\/press\/#\/schema\/logo\/image\/"},"sameAs":["https:\/\/ar-ar.facebook.com\/ElCanillitainfo-114249515285712\/"]},{"@type":"Person","@id":"https:\/\/elcanillita.info\/press\/#\/schema\/person\/7fcb79f38045700919f7da6d97e71ba0","name":"SalaStampa.eu, world press service","image":{"@type":"ImageObject","inLanguage":"es-AR","@id":"https:\/\/secure.gravatar.com\/avatar\/c2f0e0d515a107624234994507816ca4724c7199cef73fc8bedebf6931d73888?s=96&d=mm&r=g","url":"https:\/\/secure.gravatar.com\/avatar\/c2f0e0d515a107624234994507816ca4724c7199cef73fc8bedebf6931d73888?s=96&d=mm&r=g","contentUrl":"https:\/\/secure.gravatar.com\/avatar\/c2f0e0d515a107624234994507816ca4724c7199cef73fc8bedebf6931d73888?s=96&d=mm&r=g","caption":"SalaStampa.eu, world press service"}}]}},"views":405,"_links":{"self":[{"href":"https:\/\/elcanillita.info\/press\/wp-json\/wp\/v2\/posts\/4068","targetHints":{"allow":["GET"]}}],"collection":[{"href":"https:\/\/elcanillita.info\/press\/wp-json\/wp\/v2\/posts"}],"about":[{"href":"https:\/\/elcanillita.info\/press\/wp-json\/wp\/v2\/types\/post"}],"author":[{"embeddable":true,"href":"https:\/\/elcanillita.info\/press\/wp-json\/wp\/v2\/users\/1"}],"replies":[{"embeddable":true,"href":"https:\/\/elcanillita.info\/press\/wp-json\/wp\/v2\/comments?post=4068"}],"version-history":[{"count":0,"href":"https:\/\/elcanillita.info\/press\/wp-json\/wp\/v2\/posts\/4068\/revisions"}],"wp:featuredmedia":[{"embeddable":true,"href":"https:\/\/elcanillita.info\/press\/wp-json\/wp\/v2\/media\/3718"}],"wp:attachment":[{"href":"https:\/\/elcanillita.info\/press\/wp-json\/wp\/v2\/media?parent=4068"}],"wp:term":[{"taxonomy":"category","embeddable":true,"href":"https:\/\/elcanillita.info\/press\/wp-json\/wp\/v2\/categories?post=4068"},{"taxonomy":"post_tag","embeddable":true,"href":"https:\/\/elcanillita.info\/press\/wp-json\/wp\/v2\/tags?post=4068"}],"curies":[{"name":"wp","href":"https:\/\/api.w.org\/{rel}","templated":true}]}}