{"id":4057,"date":"2024-03-27T18:46:34","date_gmt":"2024-03-27T21:46:34","guid":{"rendered":"https:\/\/elcanillita.info\/press\/?p=4057"},"modified":"2024-03-27T18:48:55","modified_gmt":"2024-03-27T21:48:55","slug":"la-faa-renueva-la-flota-aerea-con-f-16","status":"publish","type":"post","link":"https:\/\/elcanillita.info\/press\/2024\/03\/27\/la-faa-renueva-la-flota-aerea-con-f-16\/","title":{"rendered":"La FAA renueva la flota a\u00e9rea con F-16"},"content":{"rendered":"\n<figure class=\"wp-block-image size-full\"><img loading=\"lazy\" decoding=\"async\" width=\"600\" height=\"407\" src=\"https:\/\/elcanillita.info\/press\/images\/2024\/03\/argentina_2_f16-20240327.jpg\" alt=\"\" class=\"wp-image-4058\" srcset=\"https:\/\/elcanillita.info\/press\/images\/2024\/03\/argentina_2_f16-20240327.jpg 600w, https:\/\/elcanillita.info\/press\/images\/2024\/03\/argentina_2_f16-20240327-300x204.jpg 300w\" sizes=\"auto, (max-width: 600px) 100vw, 600px\" \/><\/figure>\n\n\n\n<p><strong>Por Juan Antonio Grifol<\/strong><br><br>Buenos Aires, 27 Marzo 2024<br>El ministro de Defensa, Luis Petri, firm\u00f3 una carta de intenci\u00f3n con su hom\u00f3logo dan\u00e9s, Troels Lund Poulsen, para formalizar la compra por parte de la Fuerza A\u00e9rea Argentina de los F-16 Falcons pertenecientes a la Real Fuerza A\u00e9rea Danesa (RDAF).<\/p>\n\n\n\n<p>El acuerdo permitir\u00e1 a Buenos Aires recibir, gracias al apoyo econ\u00f3mico de Estados Unidos, un total de 24 aviones F-16 con armamento relacionado.<\/p>\n\n\n\n<p>Se espera que los primeros cazas F-16 lleguen a la Argentina a partir de diciembre de 2024, intervalo de tiempo pertinente para que se reconstruyan las pistas de aterrizaje necesarias.<\/p>\n\n\n\n<p>El factor decisivo de la operaci\u00f3n habr\u00eda sido el deseo del nuevo presidente Javier Milei de recuperar en el menor tiempo posible la capacidad operativa de la FAA, muy limitada desde hace mucho tiempo.<\/p>\n\n\n\n<p>La decisi\u00f3n de optar por el F-16 tambi\u00e9n aleja la confrontaci\u00f3n entre el pa\u00eds sudamericano y China, que habr\u00eda estado dispuesta a suministrar cazas JF-17 de nueva producci\u00f3n a un precio &#8220;particularmente competitivo&#8221;.<\/p>\n\n\n\n<p>En 2022 una delegaci\u00f3n argentina visit\u00f3 la planta de China Aircraft Company (CAC) y en las negociaciones con Beijing no se descart\u00f3 el montaje de los JF-17 directamente en Argentina.<\/p>\n\n\n\n<p>El pasado 13 de octubre de 2023, el Departamento de Estado en Washington entreg\u00f3 al embajador argentino en Estados Unidos una carta de aprobaci\u00f3n respecto del traslado de los cazabombarderos Locheed Martin F-16A\/B MLU que est\u00e1n en servicio en la Flyvev\u00e5bnet o Real Fuerza A\u00e9rea Danesa.<\/p>\n\n\n\n<p>La carta destac\u00f3 que la transferencia de estas aeronaves reafirma los estrechos v\u00ednculos de defensa y el firme apoyo de Estados Unidos a los esfuerzos de modernizaci\u00f3n de la Fuerza A\u00e9rea Argentina.<\/p>\n\n\n\n<p>Con la autorizaci\u00f3n de Estados Unidos llega a su fin (quiz\u00e1s) una historia que se arrastra desde hace m\u00e1s de una d\u00e9cada, la de la renovaci\u00f3n de la l\u00ednea de cazas de la Fuerza A\u00e9rea Argentina que, desde la radiaci\u00f3n del \u00faltimo Mirage III\/Daggers, ya no tiene en servicio un caza supers\u00f3nico, teniendo que &#8220;amortiguar&#8221; con modernizados A-4M y entrenadores Pampa, ambos tipos de aviones incapaces de realizar intercepciones a alta velocidad y gran altitud.<\/p>\n\n\n\n<p>En los \u00faltimos a\u00f1os se han vinculado a Argentina diversas soluciones, primero rusa, luego china, tambi\u00e9n francesa y finalmente ind\u00fa, que por otra parte nunca se materializaron debido tambi\u00e9n al inter\u00e9s de Washington en mantener al pa\u00eds sudamericano, siempre lidiando con enormes problemas econ\u00f3micos, en su esfera de influencia, contrarrestando el expansionismo chino, muy activo en ese continente.<\/p>\n\n\n\n<p>Durante a\u00f1os el proceso de modernizaci\u00f3n de la Fuerza A\u00e9rea Argentina estuvo bloqueado por el embargo brit\u00e1nico, impuesto en la \u00e9poca de la Guerra de las Malvinas y nunca revocado, a la venta y transferencia de sistemas de armas completos o incluso solo de componentes de fabricaci\u00f3n brit\u00e1nica; Esto ha complicado las posibilidades de renovaci\u00f3n de la Argentina, considerando que la industria aeron\u00e1utica brit\u00e1nica est\u00e1 ampliamente presente con sus componentes en buena parte de los cazas occidentales y los construidos por otros pa\u00edses.<\/p>\n\n\n\n<p>En el caso de los F-16, el Departamento de Estado habr\u00eda asegurado a la Argentina que no hay componentes brit\u00e1nicos a bordo de estos aviones que, debido al embargo actual, puedan comprometer su funcionamiento durante el posible servicio bajo la insignia Fuerza A\u00e9rea Argentina.<\/p>\n\n\n\n<p>El material trasladado, a pesar de haber sido modernizado en su momento, ciertamente no representa el estado del arte en el sector de los aviones de combate, pero para la Fuerza A\u00e9rea Argentina representa un enorme paso adelante, una especie de renacimiento tecnol\u00f3gico y operativo.<\/p>\n\n\n\n<p>Flyvev\u00e5bnet ha iniciado la sustituci\u00f3n de la l\u00ednea Fighting Falcon por el F-35A Lightning II tambi\u00e9n de Lockheed Martin, cuyos primeros cuatro ejemplares de los veintisiete pedidos hasta ahora fueron transferidos a Dinamarca el pasado mes de septiembre. Es muy probable que se revisen los programas para permitir la compra de m\u00e1s ejemplares (en este punto hay acuerdo entre el Gobierno, la mayor\u00eda y la oposici\u00f3n en el Parlamento), dado que las condiciones han cambiado significativamente debido a la guerra en curso entre Rusia y Ucrania y las necesidades operativas requieren un mayor n\u00famero de combatientes disponibles.<\/p>\n\n\n\n<p>En la actualidad, Dinamarca cuenta con 34 F-16AM y 10 F-16BM, de los cuales una treintena est\u00e1n operativos; de estos 24 ser\u00edan los sujetos a traslado a la Argentina. Para facilitar la negociaci\u00f3n, Estados Unidos cubrir\u00e1 parte del costo de compra encuadrandola con una Venta Militar Extranjera (FMS) por valor de 40 millones de d\u00f3lares y el resto lo pagar\u00eda Argentina (originalmente el Departamento de Estado hab\u00eda aprobado una posible venta militar al exterior por un monto m\u00e1ximo) de 38 antiguos F-16 daneses con un coste de 338 millones de d\u00f3lares).<\/p>\n\n\n\n<p>El paquete autorizar\u00eda la transferencia a la Fuerza A\u00e9rea Argentina de los misiles aire-aire AIM-9 Sidewinder con b\u00fasqueda de calor y del AIM-120 AMRAAM guiado por radar activo para enfrentamientos de mediano alcance, adem\u00e1s del apoyo t\u00e9cnico y log\u00edstico de Estados Unidos. .<\/p>\n\n\n\n<p> <small>Copyright \u00a9 2024 ElCanillita.info \/ Juan Antonio Grifol \/ SalaStampa.eu, servicio mundial de prensa<\/small><\/p>\n\n\n\n<p><\/p>\n","protected":false},"excerpt":{"rendered":"<p>El ministro de Defensa, Luis Petri, firm\u00f3 una carta de intenci\u00f3n con su hom\u00f3logo dan\u00e9s, Troels Lund Poulsen, para formalizar la compra por parte de la Fuerza A\u00e9rea Argentina de los F-16 Falcons pertenecientes a la Real Fuerza A\u00e9rea Danesa (RDAF).<\/p>\n","protected":false},"author":1,"featured_media":4059,"comment_status":"closed","ping_status":"closed","sticky":false,"template":"","format":"standard","meta":{"footnotes":"","_links_to":"","_links_to_target":""},"categories":[108,121,70,11],"tags":[29,105,34],"class_list":["post-4057","post","type-post","status-publish","format-standard","has-post-thumbnail","hentry","category-blogdiario","category-dc24","category-actualidad","category-america-del-sur","tag-argentina","tag-dinamarca","tag-estados-unidos","entry","double"],"yoast_head":"<!-- This site is optimized with the Yoast SEO plugin v27.4 - https:\/\/yoast.com\/product\/yoast-seo-wordpress\/ -->\n<title>La FAA renueva la flota a\u00e9rea con F-16 - ElCanillita.Info<\/title>\n<meta name=\"robots\" content=\"index, follow, max-snippet:-1, max-image-preview:large, max-video-preview:-1\" \/>\n<link rel=\"canonical\" href=\"https:\/\/elcanillita.info\/press\/2024\/03\/27\/la-faa-renueva-la-flota-aerea-con-f-16\/\" \/>\n<meta property=\"og:locale\" content=\"es_ES\" \/>\n<meta property=\"og:type\" content=\"article\" \/>\n<meta property=\"og:title\" content=\"La FAA renueva la flota a\u00e9rea con F-16 - ElCanillita.Info\" \/>\n<meta property=\"og:description\" content=\"El ministro de Defensa, Luis Petri, firm\u00f3 una carta de intenci\u00f3n con su hom\u00f3logo dan\u00e9s, Troels Lund Poulsen, para formalizar la compra por parte de la Fuerza A\u00e9rea Argentina de los F-16 Falcons pertenecientes a la Real Fuerza A\u00e9rea Danesa (RDAF).\" \/>\n<meta property=\"og:url\" content=\"https:\/\/elcanillita.info\/press\/2024\/03\/27\/la-faa-renueva-la-flota-aerea-con-f-16\/\" \/>\n<meta property=\"og:site_name\" content=\"ElCanillita.Info\" \/>\n<meta property=\"article:publisher\" content=\"https:\/\/ar-ar.facebook.com\/ElCanillitainfo-114249515285712\/\" \/>\n<meta property=\"article:published_time\" content=\"2024-03-27T21:46:34+00:00\" \/>\n<meta property=\"article:modified_time\" content=\"2024-03-27T21:48:55+00:00\" \/>\n<meta property=\"og:image\" content=\"https:\/\/elcanillita.info\/press\/images\/2024\/03\/argentina-f16-1024x681.jpg.webp\" \/>\n\t<meta property=\"og:image:width\" content=\"1024\" \/>\n\t<meta property=\"og:image:height\" content=\"681\" \/>\n\t<meta property=\"og:image:type\" content=\"image\/webp\" \/>\n<meta name=\"author\" content=\"SalaStampa.eu, world press service\" \/>\n<meta name=\"twitter:card\" content=\"summary_large_image\" \/>\n<meta name=\"twitter:label1\" content=\"Escrito por\" \/>\n\t<meta name=\"twitter:data1\" content=\"SalaStampa.eu, world press service\" \/>\n\t<meta name=\"twitter:label2\" content=\"Tiempo de lectura\" \/>\n\t<meta name=\"twitter:data2\" content=\"5 minutos\" \/>\n<script type=\"application\/ld+json\" class=\"yoast-schema-graph\">{\"@context\":\"https:\\\/\\\/schema.org\",\"@graph\":[{\"@type\":\"Article\",\"@id\":\"https:\\\/\\\/elcanillita.info\\\/press\\\/2024\\\/03\\\/27\\\/la-faa-renueva-la-flota-aerea-con-f-16\\\/#article\",\"isPartOf\":{\"@id\":\"https:\\\/\\\/elcanillita.info\\\/press\\\/2024\\\/03\\\/27\\\/la-faa-renueva-la-flota-aerea-con-f-16\\\/\"},\"author\":{\"name\":\"SalaStampa.eu, world press service\",\"@id\":\"https:\\\/\\\/elcanillita.info\\\/press\\\/#\\\/schema\\\/person\\\/7fcb79f38045700919f7da6d97e71ba0\"},\"headline\":\"La FAA renueva la flota a\u00e9rea con F-16\",\"datePublished\":\"2024-03-27T21:46:34+00:00\",\"dateModified\":\"2024-03-27T21:48:55+00:00\",\"mainEntityOfPage\":{\"@id\":\"https:\\\/\\\/elcanillita.info\\\/press\\\/2024\\\/03\\\/27\\\/la-faa-renueva-la-flota-aerea-con-f-16\\\/\"},\"wordCount\":902,\"publisher\":{\"@id\":\"https:\\\/\\\/elcanillita.info\\\/press\\\/#organization\"},\"image\":{\"@id\":\"https:\\\/\\\/elcanillita.info\\\/press\\\/2024\\\/03\\\/27\\\/la-faa-renueva-la-flota-aerea-con-f-16\\\/#primaryimage\"},\"thumbnailUrl\":\"https:\\\/\\\/elcanillita.info\\\/press\\\/images\\\/2024\\\/03\\\/argentina-f16-1024x681.jpg.webp\",\"keywords\":[\"Argentina\",\"Dinamarca\",\"Estados Unidos\"],\"articleSection\":[\".\",\".\",\"Actualidad\",\"Am\u00e9rica del Sur\"],\"inLanguage\":\"es-AR\"},{\"@type\":\"WebPage\",\"@id\":\"https:\\\/\\\/elcanillita.info\\\/press\\\/2024\\\/03\\\/27\\\/la-faa-renueva-la-flota-aerea-con-f-16\\\/\",\"url\":\"https:\\\/\\\/elcanillita.info\\\/press\\\/2024\\\/03\\\/27\\\/la-faa-renueva-la-flota-aerea-con-f-16\\\/\",\"name\":\"La FAA renueva la flota a\u00e9rea con F-16 - ElCanillita.Info\",\"isPartOf\":{\"@id\":\"https:\\\/\\\/elcanillita.info\\\/press\\\/#website\"},\"primaryImageOfPage\":{\"@id\":\"https:\\\/\\\/elcanillita.info\\\/press\\\/2024\\\/03\\\/27\\\/la-faa-renueva-la-flota-aerea-con-f-16\\\/#primaryimage\"},\"image\":{\"@id\":\"https:\\\/\\\/elcanillita.info\\\/press\\\/2024\\\/03\\\/27\\\/la-faa-renueva-la-flota-aerea-con-f-16\\\/#primaryimage\"},\"thumbnailUrl\":\"https:\\\/\\\/elcanillita.info\\\/press\\\/images\\\/2024\\\/03\\\/argentina-f16-1024x681.jpg.webp\",\"datePublished\":\"2024-03-27T21:46:34+00:00\",\"dateModified\":\"2024-03-27T21:48:55+00:00\",\"inLanguage\":\"es-AR\",\"potentialAction\":[{\"@type\":\"ReadAction\",\"target\":[\"https:\\\/\\\/elcanillita.info\\\/press\\\/2024\\\/03\\\/27\\\/la-faa-renueva-la-flota-aerea-con-f-16\\\/\"]}]},{\"@type\":\"ImageObject\",\"inLanguage\":\"es-AR\",\"@id\":\"https:\\\/\\\/elcanillita.info\\\/press\\\/2024\\\/03\\\/27\\\/la-faa-renueva-la-flota-aerea-con-f-16\\\/#primaryimage\",\"url\":\"https:\\\/\\\/elcanillita.info\\\/press\\\/images\\\/2024\\\/03\\\/argentina-f16-1024x681.jpg.webp\",\"contentUrl\":\"https:\\\/\\\/elcanillita.info\\\/press\\\/images\\\/2024\\\/03\\\/argentina-f16-1024x681.jpg.webp\",\"width\":1024,\"height\":681},{\"@type\":\"WebSite\",\"@id\":\"https:\\\/\\\/elcanillita.info\\\/press\\\/#website\",\"url\":\"https:\\\/\\\/elcanillita.info\\\/press\\\/\",\"name\":\"ElCanillita.Info\",\"description\":\"desde los Apeninos a los Andes\",\"publisher\":{\"@id\":\"https:\\\/\\\/elcanillita.info\\\/press\\\/#organization\"},\"potentialAction\":[{\"@type\":\"SearchAction\",\"target\":{\"@type\":\"EntryPoint\",\"urlTemplate\":\"https:\\\/\\\/elcanillita.info\\\/press\\\/?s={search_term_string}\"},\"query-input\":{\"@type\":\"PropertyValueSpecification\",\"valueRequired\":true,\"valueName\":\"search_term_string\"}}],\"inLanguage\":\"es-AR\"},{\"@type\":\"Organization\",\"@id\":\"https:\\\/\\\/elcanillita.info\\\/press\\\/#organization\",\"name\":\"Guzzo Photos & Graphic Publications\",\"url\":\"https:\\\/\\\/elcanillita.info\\\/press\\\/\",\"logo\":{\"@type\":\"ImageObject\",\"inLanguage\":\"es-AR\",\"@id\":\"https:\\\/\\\/elcanillita.info\\\/press\\\/#\\\/schema\\\/logo\\\/image\\\/\",\"url\":\"https:\\\/\\\/elcanillita.info\\\/press\\\/images\\\/2020\\\/01\\\/cropped-cropped-cropped-elcanillitainfo.png\",\"contentUrl\":\"https:\\\/\\\/elcanillita.info\\\/press\\\/images\\\/2020\\\/01\\\/cropped-cropped-cropped-elcanillitainfo.png\",\"width\":460,\"height\":50,\"caption\":\"Guzzo Photos & Graphic Publications\"},\"image\":{\"@id\":\"https:\\\/\\\/elcanillita.info\\\/press\\\/#\\\/schema\\\/logo\\\/image\\\/\"},\"sameAs\":[\"https:\\\/\\\/ar-ar.facebook.com\\\/ElCanillitainfo-114249515285712\\\/\"]},{\"@type\":\"Person\",\"@id\":\"https:\\\/\\\/elcanillita.info\\\/press\\\/#\\\/schema\\\/person\\\/7fcb79f38045700919f7da6d97e71ba0\",\"name\":\"SalaStampa.eu, world press service\",\"image\":{\"@type\":\"ImageObject\",\"inLanguage\":\"es-AR\",\"@id\":\"https:\\\/\\\/secure.gravatar.com\\\/avatar\\\/c2f0e0d515a107624234994507816ca4724c7199cef73fc8bedebf6931d73888?s=96&d=mm&r=g\",\"url\":\"https:\\\/\\\/secure.gravatar.com\\\/avatar\\\/c2f0e0d515a107624234994507816ca4724c7199cef73fc8bedebf6931d73888?s=96&d=mm&r=g\",\"contentUrl\":\"https:\\\/\\\/secure.gravatar.com\\\/avatar\\\/c2f0e0d515a107624234994507816ca4724c7199cef73fc8bedebf6931d73888?s=96&d=mm&r=g\",\"caption\":\"SalaStampa.eu, world press service\"}}]}<\/script>\n<!-- \/ Yoast SEO plugin. -->","yoast_head_json":{"title":"La FAA renueva la flota a\u00e9rea con F-16 - ElCanillita.Info","robots":{"index":"index","follow":"follow","max-snippet":"max-snippet:-1","max-image-preview":"max-image-preview:large","max-video-preview":"max-video-preview:-1"},"canonical":"https:\/\/elcanillita.info\/press\/2024\/03\/27\/la-faa-renueva-la-flota-aerea-con-f-16\/","og_locale":"es_ES","og_type":"article","og_title":"La FAA renueva la flota a\u00e9rea con F-16 - ElCanillita.Info","og_description":"El ministro de Defensa, Luis Petri, firm\u00f3 una carta de intenci\u00f3n con su hom\u00f3logo dan\u00e9s, Troels Lund Poulsen, para formalizar la compra por parte de la Fuerza A\u00e9rea Argentina de los F-16 Falcons pertenecientes a la Real Fuerza A\u00e9rea Danesa (RDAF).","og_url":"https:\/\/elcanillita.info\/press\/2024\/03\/27\/la-faa-renueva-la-flota-aerea-con-f-16\/","og_site_name":"ElCanillita.Info","article_publisher":"https:\/\/ar-ar.facebook.com\/ElCanillitainfo-114249515285712\/","article_published_time":"2024-03-27T21:46:34+00:00","article_modified_time":"2024-03-27T21:48:55+00:00","og_image":[{"width":1024,"height":681,"url":"https:\/\/elcanillita.info\/press\/images\/2024\/03\/argentina-f16-1024x681.jpg.webp","type":"image\/webp"}],"author":"SalaStampa.eu, world press service","twitter_card":"summary_large_image","twitter_misc":{"Escrito por":"SalaStampa.eu, world press service","Tiempo de lectura":"5 minutos"},"schema":{"@context":"https:\/\/schema.org","@graph":[{"@type":"Article","@id":"https:\/\/elcanillita.info\/press\/2024\/03\/27\/la-faa-renueva-la-flota-aerea-con-f-16\/#article","isPartOf":{"@id":"https:\/\/elcanillita.info\/press\/2024\/03\/27\/la-faa-renueva-la-flota-aerea-con-f-16\/"},"author":{"name":"SalaStampa.eu, world press service","@id":"https:\/\/elcanillita.info\/press\/#\/schema\/person\/7fcb79f38045700919f7da6d97e71ba0"},"headline":"La FAA renueva la flota a\u00e9rea con F-16","datePublished":"2024-03-27T21:46:34+00:00","dateModified":"2024-03-27T21:48:55+00:00","mainEntityOfPage":{"@id":"https:\/\/elcanillita.info\/press\/2024\/03\/27\/la-faa-renueva-la-flota-aerea-con-f-16\/"},"wordCount":902,"publisher":{"@id":"https:\/\/elcanillita.info\/press\/#organization"},"image":{"@id":"https:\/\/elcanillita.info\/press\/2024\/03\/27\/la-faa-renueva-la-flota-aerea-con-f-16\/#primaryimage"},"thumbnailUrl":"https:\/\/elcanillita.info\/press\/images\/2024\/03\/argentina-f16-1024x681.jpg.webp","keywords":["Argentina","Dinamarca","Estados Unidos"],"articleSection":[".",".","Actualidad","Am\u00e9rica del Sur"],"inLanguage":"es-AR"},{"@type":"WebPage","@id":"https:\/\/elcanillita.info\/press\/2024\/03\/27\/la-faa-renueva-la-flota-aerea-con-f-16\/","url":"https:\/\/elcanillita.info\/press\/2024\/03\/27\/la-faa-renueva-la-flota-aerea-con-f-16\/","name":"La FAA renueva la flota a\u00e9rea con F-16 - ElCanillita.Info","isPartOf":{"@id":"https:\/\/elcanillita.info\/press\/#website"},"primaryImageOfPage":{"@id":"https:\/\/elcanillita.info\/press\/2024\/03\/27\/la-faa-renueva-la-flota-aerea-con-f-16\/#primaryimage"},"image":{"@id":"https:\/\/elcanillita.info\/press\/2024\/03\/27\/la-faa-renueva-la-flota-aerea-con-f-16\/#primaryimage"},"thumbnailUrl":"https:\/\/elcanillita.info\/press\/images\/2024\/03\/argentina-f16-1024x681.jpg.webp","datePublished":"2024-03-27T21:46:34+00:00","dateModified":"2024-03-27T21:48:55+00:00","inLanguage":"es-AR","potentialAction":[{"@type":"ReadAction","target":["https:\/\/elcanillita.info\/press\/2024\/03\/27\/la-faa-renueva-la-flota-aerea-con-f-16\/"]}]},{"@type":"ImageObject","inLanguage":"es-AR","@id":"https:\/\/elcanillita.info\/press\/2024\/03\/27\/la-faa-renueva-la-flota-aerea-con-f-16\/#primaryimage","url":"https:\/\/elcanillita.info\/press\/images\/2024\/03\/argentina-f16-1024x681.jpg.webp","contentUrl":"https:\/\/elcanillita.info\/press\/images\/2024\/03\/argentina-f16-1024x681.jpg.webp","width":1024,"height":681},{"@type":"WebSite","@id":"https:\/\/elcanillita.info\/press\/#website","url":"https:\/\/elcanillita.info\/press\/","name":"ElCanillita.Info","description":"desde los Apeninos a los Andes","publisher":{"@id":"https:\/\/elcanillita.info\/press\/#organization"},"potentialAction":[{"@type":"SearchAction","target":{"@type":"EntryPoint","urlTemplate":"https:\/\/elcanillita.info\/press\/?s={search_term_string}"},"query-input":{"@type":"PropertyValueSpecification","valueRequired":true,"valueName":"search_term_string"}}],"inLanguage":"es-AR"},{"@type":"Organization","@id":"https:\/\/elcanillita.info\/press\/#organization","name":"Guzzo Photos & Graphic Publications","url":"https:\/\/elcanillita.info\/press\/","logo":{"@type":"ImageObject","inLanguage":"es-AR","@id":"https:\/\/elcanillita.info\/press\/#\/schema\/logo\/image\/","url":"https:\/\/elcanillita.info\/press\/images\/2020\/01\/cropped-cropped-cropped-elcanillitainfo.png","contentUrl":"https:\/\/elcanillita.info\/press\/images\/2020\/01\/cropped-cropped-cropped-elcanillitainfo.png","width":460,"height":50,"caption":"Guzzo Photos & Graphic Publications"},"image":{"@id":"https:\/\/elcanillita.info\/press\/#\/schema\/logo\/image\/"},"sameAs":["https:\/\/ar-ar.facebook.com\/ElCanillitainfo-114249515285712\/"]},{"@type":"Person","@id":"https:\/\/elcanillita.info\/press\/#\/schema\/person\/7fcb79f38045700919f7da6d97e71ba0","name":"SalaStampa.eu, world press service","image":{"@type":"ImageObject","inLanguage":"es-AR","@id":"https:\/\/secure.gravatar.com\/avatar\/c2f0e0d515a107624234994507816ca4724c7199cef73fc8bedebf6931d73888?s=96&d=mm&r=g","url":"https:\/\/secure.gravatar.com\/avatar\/c2f0e0d515a107624234994507816ca4724c7199cef73fc8bedebf6931d73888?s=96&d=mm&r=g","contentUrl":"https:\/\/secure.gravatar.com\/avatar\/c2f0e0d515a107624234994507816ca4724c7199cef73fc8bedebf6931d73888?s=96&d=mm&r=g","caption":"SalaStampa.eu, world press service"}}]}},"views":379,"_links":{"self":[{"href":"https:\/\/elcanillita.info\/press\/wp-json\/wp\/v2\/posts\/4057","targetHints":{"allow":["GET"]}}],"collection":[{"href":"https:\/\/elcanillita.info\/press\/wp-json\/wp\/v2\/posts"}],"about":[{"href":"https:\/\/elcanillita.info\/press\/wp-json\/wp\/v2\/types\/post"}],"author":[{"embeddable":true,"href":"https:\/\/elcanillita.info\/press\/wp-json\/wp\/v2\/users\/1"}],"replies":[{"embeddable":true,"href":"https:\/\/elcanillita.info\/press\/wp-json\/wp\/v2\/comments?post=4057"}],"version-history":[{"count":0,"href":"https:\/\/elcanillita.info\/press\/wp-json\/wp\/v2\/posts\/4057\/revisions"}],"wp:featuredmedia":[{"embeddable":true,"href":"https:\/\/elcanillita.info\/press\/wp-json\/wp\/v2\/media\/4059"}],"wp:attachment":[{"href":"https:\/\/elcanillita.info\/press\/wp-json\/wp\/v2\/media?parent=4057"}],"wp:term":[{"taxonomy":"category","embeddable":true,"href":"https:\/\/elcanillita.info\/press\/wp-json\/wp\/v2\/categories?post=4057"},{"taxonomy":"post_tag","embeddable":true,"href":"https:\/\/elcanillita.info\/press\/wp-json\/wp\/v2\/tags?post=4057"}],"curies":[{"name":"wp","href":"https:\/\/api.w.org\/{rel}","templated":true}]}}