{"id":4054,"date":"2024-03-15T20:15:46","date_gmt":"2024-03-15T23:15:46","guid":{"rendered":"https:\/\/elcanillita.info\/press\/?p=4054"},"modified":"2024-03-29T17:44:37","modified_gmt":"2024-03-29T20:44:37","slug":"con-que-cara","status":"publish","type":"post","link":"https:\/\/elcanillita.info\/press\/2024\/03\/15\/con-que-cara\/","title":{"rendered":"\u00bfCon qu\u00e9 cara?"},"content":{"rendered":"\n<p>por Enrique Guillermo Avogadro<\/p>\n\n\n\n<p><small><em>\u201cCuando la Patria est\u00e1 en peligro, se recurre a Dios y al soldado;  cuando el peligro pasa, Dios es olvidado y el soldado, despreciado\u201d<\/em><\/small><\/p>\n\n\n\n<p>Buenos Aires, 16 Marzo 2024<\/p>\n\n\n<div class=\"wp-block-image\">\n<figure data-wp-context=\"{&quot;imageId&quot;:&quot;69f2cfc23c85f&quot;}\" data-wp-interactive=\"core\/image\" data-wp-key=\"69f2cfc23c85f\" class=\"alignleft size-medium is-resized wp-lightbox-container\"><img loading=\"lazy\" decoding=\"async\" width=\"218\" height=\"300\" data-wp-class--hide=\"state.isContentHidden\" data-wp-class--show=\"state.isContentVisible\" data-wp-init=\"callbacks.setButtonStyles\" data-wp-on--click=\"actions.showLightbox\" data-wp-on--load=\"callbacks.setButtonStyles\" data-wp-on-window--resize=\"callbacks.setButtonStyles\" src=\"https:\/\/elcanillita.info\/press\/images\/2024\/03\/il-rilascio-millais-218x300.jpg\" alt=\"La Orden de Liberaci\u00f3n, Everett Millais\" class=\"wp-image-4055\" style=\"width:308px;height:auto\" srcset=\"https:\/\/elcanillita.info\/press\/images\/2024\/03\/il-rilascio-millais-218x300.jpg 218w, https:\/\/elcanillita.info\/press\/images\/2024\/03\/il-rilascio-millais.jpg 600w\" sizes=\"auto, (max-width: 218px) 100vw, 218px\" \/><button\n\t\t\tclass=\"lightbox-trigger\"\n\t\t\ttype=\"button\"\n\t\t\taria-haspopup=\"dialog\"\n\t\t\taria-label=\"Agrandar\"\n\t\t\tdata-wp-init=\"callbacks.initTriggerButton\"\n\t\t\tdata-wp-on--click=\"actions.showLightbox\"\n\t\t\tdata-wp-style--right=\"state.imageButtonRight\"\n\t\t\tdata-wp-style--top=\"state.imageButtonTop\"\n\t\t>\n\t\t\t<svg xmlns=\"http:\/\/www.w3.org\/2000\/svg\" width=\"12\" height=\"12\" fill=\"none\" viewBox=\"0 0 12 12\">\n\t\t\t\t<path fill=\"#fff\" d=\"M2 0a2 2 0 0 0-2 2v2h1.5V2a.5.5 0 0 1 .5-.5h2V0H2Zm2 10.5H2a.5.5 0 0 1-.5-.5V8H0v2a2 2 0 0 0 2 2h2v-1.5ZM8 12v-1.5h2a.5.5 0 0 0 .5-.5V8H12v2a2 2 0 0 1-2 2H8Zm2-12a2 2 0 0 1 2 2v2h-1.5V2a.5.5 0 0 0-.5-.5H8V0h2Z\" \/>\n\t\t\t<\/svg>\n\t\t<\/button><figcaption class=\"wp-element-caption\">John Everett Millais, La Orden de Liberaci\u00f3n (1746, 1852-1853) &#8211; Tate Britain, Londres<\/figcaption><\/figure>\n<\/div>\n\n\n<p>Hoy, tal como sucediera a partir de 1969, la Patria est\u00e1 en peligro frente al desalmado ataque del terrorismo, ahora derivado del narcotr\u00e1fico, cuya enorme expansi\u00f3n se debe a la sociedad comercial que mantuvo con el kirchnerismo y se sostiene a\u00fan con la protecci\u00f3n y colaboraci\u00f3n de pol\u00edticos, jueces, fiscales, polic\u00edas, corrompidos por la enorme masa de dinero que manejan los c\u00e1rteles. Y nuevamente, como en 1975, todas las miradas de la sociedad se concentran en las fuerzas armadas (FFAA) para disponerlas a \u201cexterminar\u201d (Juan Per\u00f3n, 19 Ene 74, tras el ataque al Regimiento de Tanques 10, de Azul) y \u201caniquilar\u201d (Decreto del 5 Feb 75, que orden\u00f3 el Operativo Independencia) a los nuevos agresores. Como han pasado casi 50 a\u00f1os de esos hechos, resulta imprescindible recordar que la mayor\u00eda de los ataques a guarniciones y comisar\u00edas, atentados con bombas (4380), de secuestros (758), de muertos (1094) y heridos (2368) que cometieron Montoneros y el ERP se dieron, precisamente, durante el gobierno constitucional del Presidente con mayor apoyo electoral de la historia.<\/p>\n\n\n\n<p>Ra\u00fal Alfons\u00edn comenz\u00f3 a desfinanciar a las FFAA y durante su gobierno, despu\u00e9s de juzgar y condenar a los integrantes de las tres juntas militares y a los jefes de las organizaciones terroristas, proceso en el cual el Tribunal reconoci\u00f3 que hab\u00edamos vivido una guerra, el Congreso dict\u00f3 las leyes de \u201cobediencia debida\u201d (responsabilidad penal limitada s\u00f3lo a los mandos superiores) y \u201cpunto final\u201d (l\u00edmite temporal a la posibilidad de denunciar presuntos delitos de lesa humanidad).<\/p>\n\n\n\n<p>Carlos Menem, am\u00e9n de continuar la pol\u00edtica de restricci\u00f3n de recursos presupuestarios, decret\u00f3 el indulto para todos, militares y terroristas, que hab\u00edan sido condenados en esos juicios. Despu\u00e9s de las breves presidencias de Fernando de la R\u00faa y de Eduardo Duhalde, en 2003 lleg\u00f3 al poder N\u00e9stor Kirchner y la tragedia se consum\u00f3 (y nada cambi\u00f3 durante las presidencias de Mauricio Macri y Alberto Fern\u00e1ndez). Para obtener la impunidad que le conced\u00eda la izquierda, inici\u00f3 una feroz cacer\u00eda de militares con la anuencia del Congreso y del Poder Judicial y extendi\u00f3 las indemnizaciones menemistas a todo un ins\u00f3lito universo de falsos reclamantes. A la vez, reglament\u00f3 la Ley de Defensa (1988) para limitar el accionar de las FFAA exclusivamente repeler a ej\u00e9rcitos extranjeros, formales y uniformados, que invadan nuestro territorio.<\/p>\n\n\n\n<p>Por sus instrucciones, el H\u00b0 Aguantadero resolvi\u00f3 la nulidad (s\u00f3lo para los jefes de las FFAA) de los indultos de Menem, derog\u00f3 el C\u00f3digo de Justicia Militar (las acciones militares fueron juzgadas con el C\u00f3digo Civil) y las leyes de \u201cobediencia debida\u201d y \u201cpunto final\u201d y miles de soldados de baja graduaci\u00f3n, civiles y sacerdotes fueron imputados y procesados en juicios absolutamente nulos; es m\u00e1s, para que no resultara aplicable a ellos la ley del \u201c2&#215;1\u201d (cada d\u00eda de prisi\u00f3n preventiva se computa doble para la pena), la \u201creinterpret\u00f3\u201d. Y el Presidente de la Corte, Ricardo Lorenzetti, dijo que se trataba de una pol\u00edtica \u201cconsensuada\u201d con los otros poderes del Estado.<\/p>\n\n\n\n<p>Para llevar adelante esos procesos kafkianos, se destruyeron todos los pilares del Derecho: los imputados no fueron juzgados por sus jueces naturales y, bajo una ley posterior a los hechos, dejaron de funcionar la presunci\u00f3n constitucional de inocencia y la ley m\u00e1s beneficiosa para el condenado, las limitaciones a las prisiones preventivas -transform\u00e1ndolas en penas anticipadas-, se manipularon testigos y se desvirtuaron las pruebas, y se resolvi\u00f3 la imprescriptibilidad de los llamados delitos de lesa humanidad.<\/p>\n\n\n\n<p>Para tener una idea de la magnitud de la represalia, en Nuremberg los aliados vencedores juzgaron a s\u00f3lo 24 jerarcas nazis, imputados por la matanza de 6 millones de personas; en la Argentina, los datos, al 28 de febrero de 2024, son diametralmente distintas: de los 2725 presos pol\u00edticos (PP), uniformados y civiles, han muerto en cautiverio 830, de los cuales s\u00f3lo 125 ten\u00edan sentencia firme; y pese a que la ley dice que la prisi\u00f3n preventiva s\u00f3lo puede extenderse por 2 a\u00f1os, prorrogable por uno m\u00e1s por causas justificadas (peligro de fuga o de alteraci\u00f3n de pruebas), 19 PP llevan 16 a\u00f1os en esa condici\u00f3n, 145 PP entre 11 y 15 a\u00f1os, 212 PP entre 6 y 10 a\u00f1os, y 142 entre 3 y 6 a\u00f1os. Y se trata de detenidos cuyas edades oscilan entre los 64 y los 100 a\u00f1os, con un promedio de 79. El absurdo lleg\u00f3 al paroxismo con el copamiento del regimiento de La Tablada, en enero de 1989, recuperado a sangre y fuego (10 militares muertos) por el Gral. Alfredo Arrillaga; \u00e9ste (91 a\u00f1os) est\u00e1 preso y los guerrilleros asesinos est\u00e1n libres e indemnizados.<\/p>\n\n\n\n<p>Esa canallesca persecuci\u00f3n, cuyo \u00fanico objetivo fue la venganza de los terroristas y, a la vez, habilitar el cobro de miles de indemnizaciones de US$ 300.000 a cada falso reclamante, fue consentida por una ciudadan\u00eda cobarde, hip\u00f3crita y suicida, y tolerada por los nuevos mandos de las FFAA que, salvo honros\u00edsimas excepciones, callaron sus debidos reclamos de verdadera justicia. As\u00ed, los PP fueron transformados en chivos expiatorios del casi un\u00e1nime pecado social de haberles exigido tomar el control de una situaci\u00f3n desmadrada por la violencia terrorista.<\/p>\n\n\n\n<p>En ese luctuoso espejo hoy se miran los j\u00f3venes oficiales y suboficiales mientras se preguntan con qu\u00e9 cara se los convocar\u00e1 ahora a combatir al narco-terrorismo, y se ven obligados a contemplar ese reflejo porque no saben qu\u00e9 suceder\u00eda si, am\u00e9n de carecer de aptitudes espec\u00edficas, despu\u00e9s de la sanci\u00f3n de una ley que habilite la participaci\u00f3n de las FFAA en esta nueva guerra interna, aqu\u00e9lla fuera otra vez derogada por el H\u00b0 Aguantadero y quienes hubieran participado en esa inevitablemente terrible guerra, juzgados dentro de muchas d\u00e9cadas como criminales comunes.<\/p>\n\n\n\n<p><small>\u00a9 Copyright 2024 Enrique Guillermo Avogadro<br>\u00a9 2024 ElCanillita.info \/ SalaStampa.Eu, servicio mundial de prensa<\/small><\/p>\n","protected":false},"excerpt":{"rendered":"<p>por Enrique Guillermo Avogadro<br \/>\n\u201cCuando la Patria est\u00e1 en peligro, se recurre a Dios y al soldado;  cuando el peligro pasa, Dios es olvidado y el soldado, despreciado\u201d<\/p>\n","protected":false},"author":1,"featured_media":4064,"comment_status":"closed","ping_status":"closed","sticky":false,"template":"","format":"standard","meta":{"footnotes":"","_links_to":"","_links_to_target":""},"categories":[108,121,70,123],"tags":[29],"class_list":["post-4054","post","type-post","status-publish","format-standard","has-post-thumbnail","hentry","category-blogdiario","category-dc24","category-actualidad","category-argentina","tag-argentina","entry","double"],"yoast_head":"<!-- This site is optimized with the Yoast SEO plugin v27.4 - https:\/\/yoast.com\/product\/yoast-seo-wordpress\/ -->\n<title>\u00bfCon qu\u00e9 cara? - ElCanillita.Info<\/title>\n<meta name=\"robots\" content=\"index, follow, max-snippet:-1, max-image-preview:large, max-video-preview:-1\" \/>\n<link rel=\"canonical\" href=\"https:\/\/elcanillita.info\/press\/2024\/03\/15\/con-que-cara\/\" \/>\n<meta property=\"og:locale\" content=\"es_ES\" \/>\n<meta property=\"og:type\" content=\"article\" \/>\n<meta property=\"og:title\" content=\"\u00bfCon qu\u00e9 cara? - ElCanillita.Info\" \/>\n<meta property=\"og:description\" content=\"por Enrique Guillermo Avogadro \u201cCuando la Patria est\u00e1 en peligro, se recurre a Dios y al soldado; cuando el peligro pasa, Dios es olvidado y el soldado, despreciado\u201d\" \/>\n<meta property=\"og:url\" content=\"https:\/\/elcanillita.info\/press\/2024\/03\/15\/con-que-cara\/\" \/>\n<meta property=\"og:site_name\" content=\"ElCanillita.Info\" \/>\n<meta property=\"article:publisher\" content=\"https:\/\/ar-ar.facebook.com\/ElCanillitainfo-114249515285712\/\" \/>\n<meta property=\"article:published_time\" content=\"2024-03-15T23:15:46+00:00\" \/>\n<meta property=\"article:modified_time\" content=\"2024-03-29T20:44:37+00:00\" \/>\n<meta property=\"og:image\" content=\"https:\/\/elcanillita.info\/press\/images\/2024\/03\/il-rilascio.jpg\" \/>\n\t<meta property=\"og:image:width\" content=\"600\" \/>\n\t<meta property=\"og:image:height\" content=\"400\" \/>\n\t<meta property=\"og:image:type\" content=\"image\/jpeg\" \/>\n<meta name=\"author\" content=\"SalaStampa.eu, world press service\" \/>\n<meta name=\"twitter:card\" content=\"summary_large_image\" \/>\n<meta name=\"twitter:label1\" content=\"Escrito por\" \/>\n\t<meta name=\"twitter:data1\" content=\"SalaStampa.eu, world press service\" \/>\n\t<meta name=\"twitter:label2\" content=\"Tiempo de lectura\" \/>\n\t<meta name=\"twitter:data2\" content=\"5 minutos\" \/>\n<script type=\"application\/ld+json\" class=\"yoast-schema-graph\">{\"@context\":\"https:\\\/\\\/schema.org\",\"@graph\":[{\"@type\":\"Article\",\"@id\":\"https:\\\/\\\/elcanillita.info\\\/press\\\/2024\\\/03\\\/15\\\/con-que-cara\\\/#article\",\"isPartOf\":{\"@id\":\"https:\\\/\\\/elcanillita.info\\\/press\\\/2024\\\/03\\\/15\\\/con-que-cara\\\/\"},\"author\":{\"name\":\"SalaStampa.eu, world press service\",\"@id\":\"https:\\\/\\\/elcanillita.info\\\/press\\\/#\\\/schema\\\/person\\\/7fcb79f38045700919f7da6d97e71ba0\"},\"headline\":\"\u00bfCon qu\u00e9 cara?\",\"datePublished\":\"2024-03-15T23:15:46+00:00\",\"dateModified\":\"2024-03-29T20:44:37+00:00\",\"mainEntityOfPage\":{\"@id\":\"https:\\\/\\\/elcanillita.info\\\/press\\\/2024\\\/03\\\/15\\\/con-que-cara\\\/\"},\"wordCount\":1024,\"publisher\":{\"@id\":\"https:\\\/\\\/elcanillita.info\\\/press\\\/#organization\"},\"image\":{\"@id\":\"https:\\\/\\\/elcanillita.info\\\/press\\\/2024\\\/03\\\/15\\\/con-que-cara\\\/#primaryimage\"},\"thumbnailUrl\":\"https:\\\/\\\/elcanillita.info\\\/press\\\/images\\\/2024\\\/03\\\/il-rilascio.jpg\",\"keywords\":[\"Argentina\"],\"articleSection\":[\".\",\".\",\"Actualidad\",\"Argentina\"],\"inLanguage\":\"es-AR\"},{\"@type\":\"WebPage\",\"@id\":\"https:\\\/\\\/elcanillita.info\\\/press\\\/2024\\\/03\\\/15\\\/con-que-cara\\\/\",\"url\":\"https:\\\/\\\/elcanillita.info\\\/press\\\/2024\\\/03\\\/15\\\/con-que-cara\\\/\",\"name\":\"\u00bfCon qu\u00e9 cara? - ElCanillita.Info\",\"isPartOf\":{\"@id\":\"https:\\\/\\\/elcanillita.info\\\/press\\\/#website\"},\"primaryImageOfPage\":{\"@id\":\"https:\\\/\\\/elcanillita.info\\\/press\\\/2024\\\/03\\\/15\\\/con-que-cara\\\/#primaryimage\"},\"image\":{\"@id\":\"https:\\\/\\\/elcanillita.info\\\/press\\\/2024\\\/03\\\/15\\\/con-que-cara\\\/#primaryimage\"},\"thumbnailUrl\":\"https:\\\/\\\/elcanillita.info\\\/press\\\/images\\\/2024\\\/03\\\/il-rilascio.jpg\",\"datePublished\":\"2024-03-15T23:15:46+00:00\",\"dateModified\":\"2024-03-29T20:44:37+00:00\",\"inLanguage\":\"es-AR\",\"potentialAction\":[{\"@type\":\"ReadAction\",\"target\":[\"https:\\\/\\\/elcanillita.info\\\/press\\\/2024\\\/03\\\/15\\\/con-que-cara\\\/\"]}]},{\"@type\":\"ImageObject\",\"inLanguage\":\"es-AR\",\"@id\":\"https:\\\/\\\/elcanillita.info\\\/press\\\/2024\\\/03\\\/15\\\/con-que-cara\\\/#primaryimage\",\"url\":\"https:\\\/\\\/elcanillita.info\\\/press\\\/images\\\/2024\\\/03\\\/il-rilascio.jpg\",\"contentUrl\":\"https:\\\/\\\/elcanillita.info\\\/press\\\/images\\\/2024\\\/03\\\/il-rilascio.jpg\",\"width\":600,\"height\":400},{\"@type\":\"WebSite\",\"@id\":\"https:\\\/\\\/elcanillita.info\\\/press\\\/#website\",\"url\":\"https:\\\/\\\/elcanillita.info\\\/press\\\/\",\"name\":\"ElCanillita.Info\",\"description\":\"desde los Apeninos a los Andes\",\"publisher\":{\"@id\":\"https:\\\/\\\/elcanillita.info\\\/press\\\/#organization\"},\"potentialAction\":[{\"@type\":\"SearchAction\",\"target\":{\"@type\":\"EntryPoint\",\"urlTemplate\":\"https:\\\/\\\/elcanillita.info\\\/press\\\/?s={search_term_string}\"},\"query-input\":{\"@type\":\"PropertyValueSpecification\",\"valueRequired\":true,\"valueName\":\"search_term_string\"}}],\"inLanguage\":\"es-AR\"},{\"@type\":\"Organization\",\"@id\":\"https:\\\/\\\/elcanillita.info\\\/press\\\/#organization\",\"name\":\"Guzzo Photos & Graphic Publications\",\"url\":\"https:\\\/\\\/elcanillita.info\\\/press\\\/\",\"logo\":{\"@type\":\"ImageObject\",\"inLanguage\":\"es-AR\",\"@id\":\"https:\\\/\\\/elcanillita.info\\\/press\\\/#\\\/schema\\\/logo\\\/image\\\/\",\"url\":\"https:\\\/\\\/elcanillita.info\\\/press\\\/images\\\/2020\\\/01\\\/cropped-cropped-cropped-elcanillitainfo.png\",\"contentUrl\":\"https:\\\/\\\/elcanillita.info\\\/press\\\/images\\\/2020\\\/01\\\/cropped-cropped-cropped-elcanillitainfo.png\",\"width\":460,\"height\":50,\"caption\":\"Guzzo Photos & Graphic Publications\"},\"image\":{\"@id\":\"https:\\\/\\\/elcanillita.info\\\/press\\\/#\\\/schema\\\/logo\\\/image\\\/\"},\"sameAs\":[\"https:\\\/\\\/ar-ar.facebook.com\\\/ElCanillitainfo-114249515285712\\\/\"]},{\"@type\":\"Person\",\"@id\":\"https:\\\/\\\/elcanillita.info\\\/press\\\/#\\\/schema\\\/person\\\/7fcb79f38045700919f7da6d97e71ba0\",\"name\":\"SalaStampa.eu, world press service\",\"image\":{\"@type\":\"ImageObject\",\"inLanguage\":\"es-AR\",\"@id\":\"https:\\\/\\\/secure.gravatar.com\\\/avatar\\\/c2f0e0d515a107624234994507816ca4724c7199cef73fc8bedebf6931d73888?s=96&d=mm&r=g\",\"url\":\"https:\\\/\\\/secure.gravatar.com\\\/avatar\\\/c2f0e0d515a107624234994507816ca4724c7199cef73fc8bedebf6931d73888?s=96&d=mm&r=g\",\"contentUrl\":\"https:\\\/\\\/secure.gravatar.com\\\/avatar\\\/c2f0e0d515a107624234994507816ca4724c7199cef73fc8bedebf6931d73888?s=96&d=mm&r=g\",\"caption\":\"SalaStampa.eu, world press service\"}}]}<\/script>\n<!-- \/ Yoast SEO plugin. -->","yoast_head_json":{"title":"\u00bfCon qu\u00e9 cara? - ElCanillita.Info","robots":{"index":"index","follow":"follow","max-snippet":"max-snippet:-1","max-image-preview":"max-image-preview:large","max-video-preview":"max-video-preview:-1"},"canonical":"https:\/\/elcanillita.info\/press\/2024\/03\/15\/con-que-cara\/","og_locale":"es_ES","og_type":"article","og_title":"\u00bfCon qu\u00e9 cara? - ElCanillita.Info","og_description":"por Enrique Guillermo Avogadro \u201cCuando la Patria est\u00e1 en peligro, se recurre a Dios y al soldado; cuando el peligro pasa, Dios es olvidado y el soldado, despreciado\u201d","og_url":"https:\/\/elcanillita.info\/press\/2024\/03\/15\/con-que-cara\/","og_site_name":"ElCanillita.Info","article_publisher":"https:\/\/ar-ar.facebook.com\/ElCanillitainfo-114249515285712\/","article_published_time":"2024-03-15T23:15:46+00:00","article_modified_time":"2024-03-29T20:44:37+00:00","og_image":[{"width":600,"height":400,"url":"https:\/\/elcanillita.info\/press\/images\/2024\/03\/il-rilascio.jpg","type":"image\/jpeg"}],"author":"SalaStampa.eu, world press service","twitter_card":"summary_large_image","twitter_misc":{"Escrito por":"SalaStampa.eu, world press service","Tiempo de lectura":"5 minutos"},"schema":{"@context":"https:\/\/schema.org","@graph":[{"@type":"Article","@id":"https:\/\/elcanillita.info\/press\/2024\/03\/15\/con-que-cara\/#article","isPartOf":{"@id":"https:\/\/elcanillita.info\/press\/2024\/03\/15\/con-que-cara\/"},"author":{"name":"SalaStampa.eu, world press service","@id":"https:\/\/elcanillita.info\/press\/#\/schema\/person\/7fcb79f38045700919f7da6d97e71ba0"},"headline":"\u00bfCon qu\u00e9 cara?","datePublished":"2024-03-15T23:15:46+00:00","dateModified":"2024-03-29T20:44:37+00:00","mainEntityOfPage":{"@id":"https:\/\/elcanillita.info\/press\/2024\/03\/15\/con-que-cara\/"},"wordCount":1024,"publisher":{"@id":"https:\/\/elcanillita.info\/press\/#organization"},"image":{"@id":"https:\/\/elcanillita.info\/press\/2024\/03\/15\/con-que-cara\/#primaryimage"},"thumbnailUrl":"https:\/\/elcanillita.info\/press\/images\/2024\/03\/il-rilascio.jpg","keywords":["Argentina"],"articleSection":[".",".","Actualidad","Argentina"],"inLanguage":"es-AR"},{"@type":"WebPage","@id":"https:\/\/elcanillita.info\/press\/2024\/03\/15\/con-que-cara\/","url":"https:\/\/elcanillita.info\/press\/2024\/03\/15\/con-que-cara\/","name":"\u00bfCon qu\u00e9 cara? - ElCanillita.Info","isPartOf":{"@id":"https:\/\/elcanillita.info\/press\/#website"},"primaryImageOfPage":{"@id":"https:\/\/elcanillita.info\/press\/2024\/03\/15\/con-que-cara\/#primaryimage"},"image":{"@id":"https:\/\/elcanillita.info\/press\/2024\/03\/15\/con-que-cara\/#primaryimage"},"thumbnailUrl":"https:\/\/elcanillita.info\/press\/images\/2024\/03\/il-rilascio.jpg","datePublished":"2024-03-15T23:15:46+00:00","dateModified":"2024-03-29T20:44:37+00:00","inLanguage":"es-AR","potentialAction":[{"@type":"ReadAction","target":["https:\/\/elcanillita.info\/press\/2024\/03\/15\/con-que-cara\/"]}]},{"@type":"ImageObject","inLanguage":"es-AR","@id":"https:\/\/elcanillita.info\/press\/2024\/03\/15\/con-que-cara\/#primaryimage","url":"https:\/\/elcanillita.info\/press\/images\/2024\/03\/il-rilascio.jpg","contentUrl":"https:\/\/elcanillita.info\/press\/images\/2024\/03\/il-rilascio.jpg","width":600,"height":400},{"@type":"WebSite","@id":"https:\/\/elcanillita.info\/press\/#website","url":"https:\/\/elcanillita.info\/press\/","name":"ElCanillita.Info","description":"desde los Apeninos a los Andes","publisher":{"@id":"https:\/\/elcanillita.info\/press\/#organization"},"potentialAction":[{"@type":"SearchAction","target":{"@type":"EntryPoint","urlTemplate":"https:\/\/elcanillita.info\/press\/?s={search_term_string}"},"query-input":{"@type":"PropertyValueSpecification","valueRequired":true,"valueName":"search_term_string"}}],"inLanguage":"es-AR"},{"@type":"Organization","@id":"https:\/\/elcanillita.info\/press\/#organization","name":"Guzzo Photos & Graphic Publications","url":"https:\/\/elcanillita.info\/press\/","logo":{"@type":"ImageObject","inLanguage":"es-AR","@id":"https:\/\/elcanillita.info\/press\/#\/schema\/logo\/image\/","url":"https:\/\/elcanillita.info\/press\/images\/2020\/01\/cropped-cropped-cropped-elcanillitainfo.png","contentUrl":"https:\/\/elcanillita.info\/press\/images\/2020\/01\/cropped-cropped-cropped-elcanillitainfo.png","width":460,"height":50,"caption":"Guzzo Photos & Graphic Publications"},"image":{"@id":"https:\/\/elcanillita.info\/press\/#\/schema\/logo\/image\/"},"sameAs":["https:\/\/ar-ar.facebook.com\/ElCanillitainfo-114249515285712\/"]},{"@type":"Person","@id":"https:\/\/elcanillita.info\/press\/#\/schema\/person\/7fcb79f38045700919f7da6d97e71ba0","name":"SalaStampa.eu, world press service","image":{"@type":"ImageObject","inLanguage":"es-AR","@id":"https:\/\/secure.gravatar.com\/avatar\/c2f0e0d515a107624234994507816ca4724c7199cef73fc8bedebf6931d73888?s=96&d=mm&r=g","url":"https:\/\/secure.gravatar.com\/avatar\/c2f0e0d515a107624234994507816ca4724c7199cef73fc8bedebf6931d73888?s=96&d=mm&r=g","contentUrl":"https:\/\/secure.gravatar.com\/avatar\/c2f0e0d515a107624234994507816ca4724c7199cef73fc8bedebf6931d73888?s=96&d=mm&r=g","caption":"SalaStampa.eu, world press service"}}]}},"views":487,"_links":{"self":[{"href":"https:\/\/elcanillita.info\/press\/wp-json\/wp\/v2\/posts\/4054","targetHints":{"allow":["GET"]}}],"collection":[{"href":"https:\/\/elcanillita.info\/press\/wp-json\/wp\/v2\/posts"}],"about":[{"href":"https:\/\/elcanillita.info\/press\/wp-json\/wp\/v2\/types\/post"}],"author":[{"embeddable":true,"href":"https:\/\/elcanillita.info\/press\/wp-json\/wp\/v2\/users\/1"}],"replies":[{"embeddable":true,"href":"https:\/\/elcanillita.info\/press\/wp-json\/wp\/v2\/comments?post=4054"}],"version-history":[{"count":0,"href":"https:\/\/elcanillita.info\/press\/wp-json\/wp\/v2\/posts\/4054\/revisions"}],"wp:featuredmedia":[{"embeddable":true,"href":"https:\/\/elcanillita.info\/press\/wp-json\/wp\/v2\/media\/4064"}],"wp:attachment":[{"href":"https:\/\/elcanillita.info\/press\/wp-json\/wp\/v2\/media?parent=4054"}],"wp:term":[{"taxonomy":"category","embeddable":true,"href":"https:\/\/elcanillita.info\/press\/wp-json\/wp\/v2\/categories?post=4054"},{"taxonomy":"post_tag","embeddable":true,"href":"https:\/\/elcanillita.info\/press\/wp-json\/wp\/v2\/tags?post=4054"}],"curies":[{"name":"wp","href":"https:\/\/api.w.org\/{rel}","templated":true}]}}