{"id":4049,"date":"2024-03-08T22:02:42","date_gmt":"2024-03-09T01:02:42","guid":{"rendered":"https:\/\/elcanillita.info\/press\/?p=4049"},"modified":"2024-03-08T22:03:24","modified_gmt":"2024-03-09T01:03:24","slug":"perdidos-en-marte","status":"publish","type":"post","link":"https:\/\/elcanillita.info\/press\/2024\/03\/08\/perdidos-en-marte\/","title":{"rendered":"Perdidos en Marte"},"content":{"rendered":"\n<p><strong>por Enrique Guillermo Avogadro<\/strong><br> <br><small>\u201cA veces me he preguntado qu\u00e9 aspecto tendr\u00edan los Diez Mandamientos<br>si Mois\u00e9s los hubiese pasado por el Congreso de los EE.UU\u201d.<\/small><br>   <small>Ronald Reagan<\/small><br><br>Buenos Aires, 8 y 9 Marzo 2024<br>Durante todo este tan excepcional verano, los habitantes del mundo pol\u00edtico, se trate de gobernadores, intendentes, \u201cexpertos en mercados regulados\u201d, eternos dirigentes gremiales o cr\u00e1pulas gerentes de la pobreza, se han movido en medio de una extra\u00f1a niebla que surge de la Casa Rosada; parecen marcianos en Carnaval. La raz\u00f3n es bien simple: Javier Milei no s\u00f3lo no ha cambiado un \u00e1pice cuanto prometi\u00f3 hacer en campa\u00f1a sino que, con inusitada velocidad, marca la agenda diaria y aparentemente no est\u00e1 dispuesto a jugar con las reglas tradicionales que s\u00f3lo han beneficiado a la \u201ccasta\u201d a fuerza de extorsiones y concesiones de inicuos privilegios.<\/p>\n\n\n\n<p>Nunca se hab\u00edan topado con alguien que, simplemente, no acepta amenazas ni presiones y, cuando \u00e9stas se producen, se niega a usar los instrumentos legales de los que dispone para frenarlas. Omar Maturano lo comprob\u00f3 tempranamente cuando avis\u00f3, con bastante anticipaci\u00f3n, que el sindicato de los conductores ferroviarios (La Fraternidad) har\u00eda una huelga para paralizar los trenes; esperaba que el Gobierno reaccionara dictando la conciliaci\u00f3n obligatoria pero, simplemente, \u00e9ste lo ignor\u00f3. Concretada la medida de fuerza, fue \u00e9l quien result\u00f3 condenado por la sociedad, cuyos integrantes m\u00e1s humildes fueron los principales perjudicados, en una reiteraci\u00f3n de lo sucedido con el reciente paro general que realiz\u00f3 la CGT, comandada por otros sindicalistas repudiados y corruptos.<\/p>\n\n\n\n<p>A los mandatarios provinciales les sucedi\u00f3 algo parecido cuando, a instancias del Gobernador de Chubut, Ignacio Torres, intentaron apretar al Ejecutivo nacional advirti\u00e9ndole que cortar\u00edan la salida de gas y petr\u00f3leo del sur y dejar\u00edan al pa\u00eds entero sin energ\u00eda; olvidaron que los yacimientos est\u00e1n concesionados a empresas privadas, y son privados los ductos que transportan los fluidos. El Presidente gan\u00f3 la pulseada record\u00e1ndoles los contratos de financiamiento firmados con el Estado federal y los gobernadores tuvieron que volver al redil.<\/p>\n\n\n\n<p>Y para agravar el cuadro, Milei obtuvo un nuevo e inesperado plazo de casi tres meses con su convocatoria a firmar un acuerdo de diez pol\u00edticas de Estado para que subsistan en los pr\u00f3ximos mandatos con total prescindencia de lo circunstancial. Una vez m\u00e1s, todo el arco pol\u00edtico qued\u00f3 sumido en el desconcierto y obligado a abstenerse de actuar agresivamente hasta entonces. Por cierto, fue una inteligente movida y, en un pa\u00eds donde el largo plazo es la semana que viene, no es poco. Todos los gobernadores concurrieron ayer a una reuni\u00f3n previa, con la conspicua presencia de Axel Kiciloff, el Gobernador de la Provincia de Buenos Aires que pretende ser el nuevo jefe del kirchnerismo, pese a su responsabilidad en tantas cat\u00e1strofes que, por su soberbia e impericia, est\u00e1n cayendo sobre la Argentina en los tribunales de Nueva York y Londres.<\/p>\n\n\n\n<p>Esta forma diametralmente distinta de conducir al pa\u00eds est\u00e1 generando, en el interior de todos los partidos pol\u00edticos y en sus respectivas bancadas legislativas, nuevas fragmentaciones que amenazan su existencia misma. El radicalismo, que tiene el gobierno de cinco provincias, se divide entre los pocos que apoyan a la absurda oposici\u00f3n encarnada en su conducci\u00f3n nacional, a cargo de Mart\u00edn Loustau, y una muy importante fracci\u00f3n que est\u00e1 dispuesto a apoyar el programa de Milei, prometiendo nuevos remezones en la pr\u00f3xima Convenci\u00f3n del partido.<\/p>\n\n\n\n<p>El PJ, arrastrado por Cristina Fern\u00e1ndez a las peores derrotas electorales de su historia, no consigue hacer pie y, horrorizado, observa como quienes supon\u00eda m\u00e1s leales, como el Gobernador de Tucum\u00e1n, Osvaldo Jaldo, se inclinan a acompa\u00f1ar al Gobierno federal en los fundamentales cambios que propone, y sus liderazgos impuestos a dedo, como el de M\u00e1ximo Kirchner en la jefatura partidaria en la Provincia de Buenos Aires, son severamente cuestionados. La desesperaci\u00f3n cunde en sus filas y pueden llevar a sus dirigentes a imaginar nuevos golpes palaciegos, al estilo de los que organiz\u00f3 sucesivamente Eduardo Duhalde para llegar al sill\u00f3n, porque saben que, si el modelo Milei llega al mes de junio sin un estallido social, arrasar\u00e1 en las elecciones de medio t\u00e9rmino y se har\u00e1 con un mont\u00f3n de legisladores dispuestos a dar al Presidente las leyes necesarias.<\/p>\n\n\n\n<p>Mientras tanto, el extra\u00f1o \u201cperonismo federal\u201d, que pretende encabezar Miguel Angel Pichetto, ha perdido tanto la br\u00fajula (quer\u00eda ser la renovaci\u00f3n, con vistas a acceder al poder en 2027) que se une al condenado delincuente Guillermo Moreno y al feudal Gildo Insfr\u00e1n, eternizado Gobernador de Formosa, es decir, con lo peor disponible en su paleta de colores, repleta de infinitas y siempre cambiables franquicias. Y el mismo PRO se desgaja entre Mauricio Macri, del lado del Gobierno, y Horacio Rodr\u00edguez Larreta, en la resistencia.<\/p>\n\n\n\n<p>En el ambiente period\u00edstico, muy confundido por cierto, proliferan las versiones, muchas veces contradictorias, porque no encuentra a quien creer al concentrarse las decisiones en la muy peque\u00f1a y cerrada mesa chica de Olivos, y se ve obligado a poner en permanente duda los dichos de los funcionarios, sean dados en \u201con\u201d o en \u201coff\u201d. Y todo se le complica porque los estudiosos de la realidad social, como Guillermo Olivetto o la Universidad di Tella, dan cuenta de la contradictoria impresi\u00f3n que reciben en los \u201cfocus group\u201d, que prestan voz simult\u00e1neamente a la dura situaci\u00f3n econ\u00f3mico-social que todos vivimos, acompa\u00f1ada por una irreductible confianza y una in\u00e9dita esperanza en la gesti\u00f3n gubernamental.<br><br><small>\u00a9 Copyright 2024 Enrique Guillermo Avogadro<br>\u00a9 2024 ElCanillita.info \/ SalaStampa.Eu, servicio mundial de prensa<\/small><\/p>\n","protected":false},"excerpt":{"rendered":"<p>&#8220;Luz verde a la violencia contra los opositores. &#8220;Nuestra consigna es luchar &#8211; afirmaba Peron en un vehemente discurso.<\/p>\n","protected":false},"author":1,"featured_media":4050,"comment_status":"closed","ping_status":"closed","sticky":false,"template":"","format":"standard","meta":{"footnotes":"","_links_to":"","_links_to_target":""},"categories":[108,121,70,23],"tags":[29],"class_list":["post-4049","post","type-post","status-publish","format-standard","has-post-thumbnail","hentry","category-blogdiario","category-dc24","category-actualidad","category-politica","tag-argentina","entry","double"],"yoast_head":"<!-- This site is optimized with the Yoast SEO plugin v27.4 - https:\/\/yoast.com\/product\/yoast-seo-wordpress\/ -->\n<title>Perdidos en Marte - ElCanillita.Info<\/title>\n<meta name=\"robots\" content=\"index, follow, max-snippet:-1, max-image-preview:large, max-video-preview:-1\" \/>\n<link rel=\"canonical\" href=\"https:\/\/elcanillita.info\/press\/2024\/03\/08\/perdidos-en-marte\/\" \/>\n<meta property=\"og:locale\" content=\"es_ES\" \/>\n<meta property=\"og:type\" content=\"article\" \/>\n<meta property=\"og:title\" content=\"Perdidos en Marte - ElCanillita.Info\" \/>\n<meta property=\"og:description\" content=\"&quot;Luz verde a la violencia contra los opositores. &quot;Nuestra consigna es luchar - afirmaba Peron en un vehemente discurso.\" \/>\n<meta property=\"og:url\" content=\"https:\/\/elcanillita.info\/press\/2024\/03\/08\/perdidos-en-marte\/\" \/>\n<meta property=\"og:site_name\" content=\"ElCanillita.Info\" \/>\n<meta property=\"article:publisher\" content=\"https:\/\/ar-ar.facebook.com\/ElCanillitainfo-114249515285712\/\" \/>\n<meta property=\"article:published_time\" content=\"2024-03-09T01:02:42+00:00\" \/>\n<meta property=\"article:modified_time\" content=\"2024-03-09T01:03:24+00:00\" \/>\n<meta property=\"og:image\" content=\"https:\/\/elcanillita.info\/press\/images\/2024\/03\/percov_20240308.jpg\" \/>\n\t<meta property=\"og:image:width\" content=\"600\" \/>\n\t<meta property=\"og:image:height\" content=\"400\" \/>\n\t<meta property=\"og:image:type\" content=\"image\/jpeg\" \/>\n<meta name=\"author\" content=\"SalaStampa.eu, world press service\" \/>\n<meta name=\"twitter:card\" content=\"summary_large_image\" \/>\n<meta name=\"twitter:label1\" content=\"Escrito por\" \/>\n\t<meta name=\"twitter:data1\" content=\"SalaStampa.eu, world press service\" \/>\n\t<meta name=\"twitter:label2\" content=\"Tiempo de lectura\" \/>\n\t<meta name=\"twitter:data2\" content=\"5 minutos\" \/>\n<script type=\"application\/ld+json\" class=\"yoast-schema-graph\">{\"@context\":\"https:\\\/\\\/schema.org\",\"@graph\":[{\"@type\":\"Article\",\"@id\":\"https:\\\/\\\/elcanillita.info\\\/press\\\/2024\\\/03\\\/08\\\/perdidos-en-marte\\\/#article\",\"isPartOf\":{\"@id\":\"https:\\\/\\\/elcanillita.info\\\/press\\\/2024\\\/03\\\/08\\\/perdidos-en-marte\\\/\"},\"author\":{\"name\":\"SalaStampa.eu, world press service\",\"@id\":\"https:\\\/\\\/elcanillita.info\\\/press\\\/#\\\/schema\\\/person\\\/7fcb79f38045700919f7da6d97e71ba0\"},\"headline\":\"Perdidos en Marte\",\"datePublished\":\"2024-03-09T01:02:42+00:00\",\"dateModified\":\"2024-03-09T01:03:24+00:00\",\"mainEntityOfPage\":{\"@id\":\"https:\\\/\\\/elcanillita.info\\\/press\\\/2024\\\/03\\\/08\\\/perdidos-en-marte\\\/\"},\"wordCount\":969,\"publisher\":{\"@id\":\"https:\\\/\\\/elcanillita.info\\\/press\\\/#organization\"},\"image\":{\"@id\":\"https:\\\/\\\/elcanillita.info\\\/press\\\/2024\\\/03\\\/08\\\/perdidos-en-marte\\\/#primaryimage\"},\"thumbnailUrl\":\"https:\\\/\\\/elcanillita.info\\\/press\\\/images\\\/2024\\\/03\\\/percov_20240308.jpg\",\"keywords\":[\"Argentina\"],\"articleSection\":[\".\",\".\",\"Actualidad\",\"Politica\"],\"inLanguage\":\"es-AR\"},{\"@type\":\"WebPage\",\"@id\":\"https:\\\/\\\/elcanillita.info\\\/press\\\/2024\\\/03\\\/08\\\/perdidos-en-marte\\\/\",\"url\":\"https:\\\/\\\/elcanillita.info\\\/press\\\/2024\\\/03\\\/08\\\/perdidos-en-marte\\\/\",\"name\":\"Perdidos en Marte - ElCanillita.Info\",\"isPartOf\":{\"@id\":\"https:\\\/\\\/elcanillita.info\\\/press\\\/#website\"},\"primaryImageOfPage\":{\"@id\":\"https:\\\/\\\/elcanillita.info\\\/press\\\/2024\\\/03\\\/08\\\/perdidos-en-marte\\\/#primaryimage\"},\"image\":{\"@id\":\"https:\\\/\\\/elcanillita.info\\\/press\\\/2024\\\/03\\\/08\\\/perdidos-en-marte\\\/#primaryimage\"},\"thumbnailUrl\":\"https:\\\/\\\/elcanillita.info\\\/press\\\/images\\\/2024\\\/03\\\/percov_20240308.jpg\",\"datePublished\":\"2024-03-09T01:02:42+00:00\",\"dateModified\":\"2024-03-09T01:03:24+00:00\",\"inLanguage\":\"es-AR\",\"potentialAction\":[{\"@type\":\"ReadAction\",\"target\":[\"https:\\\/\\\/elcanillita.info\\\/press\\\/2024\\\/03\\\/08\\\/perdidos-en-marte\\\/\"]}]},{\"@type\":\"ImageObject\",\"inLanguage\":\"es-AR\",\"@id\":\"https:\\\/\\\/elcanillita.info\\\/press\\\/2024\\\/03\\\/08\\\/perdidos-en-marte\\\/#primaryimage\",\"url\":\"https:\\\/\\\/elcanillita.info\\\/press\\\/images\\\/2024\\\/03\\\/percov_20240308.jpg\",\"contentUrl\":\"https:\\\/\\\/elcanillita.info\\\/press\\\/images\\\/2024\\\/03\\\/percov_20240308.jpg\",\"width\":600,\"height\":400},{\"@type\":\"WebSite\",\"@id\":\"https:\\\/\\\/elcanillita.info\\\/press\\\/#website\",\"url\":\"https:\\\/\\\/elcanillita.info\\\/press\\\/\",\"name\":\"ElCanillita.Info\",\"description\":\"desde los Apeninos a los Andes\",\"publisher\":{\"@id\":\"https:\\\/\\\/elcanillita.info\\\/press\\\/#organization\"},\"potentialAction\":[{\"@type\":\"SearchAction\",\"target\":{\"@type\":\"EntryPoint\",\"urlTemplate\":\"https:\\\/\\\/elcanillita.info\\\/press\\\/?s={search_term_string}\"},\"query-input\":{\"@type\":\"PropertyValueSpecification\",\"valueRequired\":true,\"valueName\":\"search_term_string\"}}],\"inLanguage\":\"es-AR\"},{\"@type\":\"Organization\",\"@id\":\"https:\\\/\\\/elcanillita.info\\\/press\\\/#organization\",\"name\":\"Guzzo Photos & Graphic Publications\",\"url\":\"https:\\\/\\\/elcanillita.info\\\/press\\\/\",\"logo\":{\"@type\":\"ImageObject\",\"inLanguage\":\"es-AR\",\"@id\":\"https:\\\/\\\/elcanillita.info\\\/press\\\/#\\\/schema\\\/logo\\\/image\\\/\",\"url\":\"https:\\\/\\\/elcanillita.info\\\/press\\\/images\\\/2020\\\/01\\\/cropped-cropped-cropped-elcanillitainfo.png\",\"contentUrl\":\"https:\\\/\\\/elcanillita.info\\\/press\\\/images\\\/2020\\\/01\\\/cropped-cropped-cropped-elcanillitainfo.png\",\"width\":460,\"height\":50,\"caption\":\"Guzzo Photos & Graphic Publications\"},\"image\":{\"@id\":\"https:\\\/\\\/elcanillita.info\\\/press\\\/#\\\/schema\\\/logo\\\/image\\\/\"},\"sameAs\":[\"https:\\\/\\\/ar-ar.facebook.com\\\/ElCanillitainfo-114249515285712\\\/\"]},{\"@type\":\"Person\",\"@id\":\"https:\\\/\\\/elcanillita.info\\\/press\\\/#\\\/schema\\\/person\\\/7fcb79f38045700919f7da6d97e71ba0\",\"name\":\"SalaStampa.eu, world press service\",\"image\":{\"@type\":\"ImageObject\",\"inLanguage\":\"es-AR\",\"@id\":\"https:\\\/\\\/secure.gravatar.com\\\/avatar\\\/c2f0e0d515a107624234994507816ca4724c7199cef73fc8bedebf6931d73888?s=96&d=mm&r=g\",\"url\":\"https:\\\/\\\/secure.gravatar.com\\\/avatar\\\/c2f0e0d515a107624234994507816ca4724c7199cef73fc8bedebf6931d73888?s=96&d=mm&r=g\",\"contentUrl\":\"https:\\\/\\\/secure.gravatar.com\\\/avatar\\\/c2f0e0d515a107624234994507816ca4724c7199cef73fc8bedebf6931d73888?s=96&d=mm&r=g\",\"caption\":\"SalaStampa.eu, world press service\"}}]}<\/script>\n<!-- \/ Yoast SEO plugin. -->","yoast_head_json":{"title":"Perdidos en Marte - ElCanillita.Info","robots":{"index":"index","follow":"follow","max-snippet":"max-snippet:-1","max-image-preview":"max-image-preview:large","max-video-preview":"max-video-preview:-1"},"canonical":"https:\/\/elcanillita.info\/press\/2024\/03\/08\/perdidos-en-marte\/","og_locale":"es_ES","og_type":"article","og_title":"Perdidos en Marte - ElCanillita.Info","og_description":"\"Luz verde a la violencia contra los opositores. \"Nuestra consigna es luchar - afirmaba Peron en un vehemente discurso.","og_url":"https:\/\/elcanillita.info\/press\/2024\/03\/08\/perdidos-en-marte\/","og_site_name":"ElCanillita.Info","article_publisher":"https:\/\/ar-ar.facebook.com\/ElCanillitainfo-114249515285712\/","article_published_time":"2024-03-09T01:02:42+00:00","article_modified_time":"2024-03-09T01:03:24+00:00","og_image":[{"width":600,"height":400,"url":"https:\/\/elcanillita.info\/press\/images\/2024\/03\/percov_20240308.jpg","type":"image\/jpeg"}],"author":"SalaStampa.eu, world press service","twitter_card":"summary_large_image","twitter_misc":{"Escrito por":"SalaStampa.eu, world press service","Tiempo de lectura":"5 minutos"},"schema":{"@context":"https:\/\/schema.org","@graph":[{"@type":"Article","@id":"https:\/\/elcanillita.info\/press\/2024\/03\/08\/perdidos-en-marte\/#article","isPartOf":{"@id":"https:\/\/elcanillita.info\/press\/2024\/03\/08\/perdidos-en-marte\/"},"author":{"name":"SalaStampa.eu, world press service","@id":"https:\/\/elcanillita.info\/press\/#\/schema\/person\/7fcb79f38045700919f7da6d97e71ba0"},"headline":"Perdidos en Marte","datePublished":"2024-03-09T01:02:42+00:00","dateModified":"2024-03-09T01:03:24+00:00","mainEntityOfPage":{"@id":"https:\/\/elcanillita.info\/press\/2024\/03\/08\/perdidos-en-marte\/"},"wordCount":969,"publisher":{"@id":"https:\/\/elcanillita.info\/press\/#organization"},"image":{"@id":"https:\/\/elcanillita.info\/press\/2024\/03\/08\/perdidos-en-marte\/#primaryimage"},"thumbnailUrl":"https:\/\/elcanillita.info\/press\/images\/2024\/03\/percov_20240308.jpg","keywords":["Argentina"],"articleSection":[".",".","Actualidad","Politica"],"inLanguage":"es-AR"},{"@type":"WebPage","@id":"https:\/\/elcanillita.info\/press\/2024\/03\/08\/perdidos-en-marte\/","url":"https:\/\/elcanillita.info\/press\/2024\/03\/08\/perdidos-en-marte\/","name":"Perdidos en Marte - ElCanillita.Info","isPartOf":{"@id":"https:\/\/elcanillita.info\/press\/#website"},"primaryImageOfPage":{"@id":"https:\/\/elcanillita.info\/press\/2024\/03\/08\/perdidos-en-marte\/#primaryimage"},"image":{"@id":"https:\/\/elcanillita.info\/press\/2024\/03\/08\/perdidos-en-marte\/#primaryimage"},"thumbnailUrl":"https:\/\/elcanillita.info\/press\/images\/2024\/03\/percov_20240308.jpg","datePublished":"2024-03-09T01:02:42+00:00","dateModified":"2024-03-09T01:03:24+00:00","inLanguage":"es-AR","potentialAction":[{"@type":"ReadAction","target":["https:\/\/elcanillita.info\/press\/2024\/03\/08\/perdidos-en-marte\/"]}]},{"@type":"ImageObject","inLanguage":"es-AR","@id":"https:\/\/elcanillita.info\/press\/2024\/03\/08\/perdidos-en-marte\/#primaryimage","url":"https:\/\/elcanillita.info\/press\/images\/2024\/03\/percov_20240308.jpg","contentUrl":"https:\/\/elcanillita.info\/press\/images\/2024\/03\/percov_20240308.jpg","width":600,"height":400},{"@type":"WebSite","@id":"https:\/\/elcanillita.info\/press\/#website","url":"https:\/\/elcanillita.info\/press\/","name":"ElCanillita.Info","description":"desde los Apeninos a los Andes","publisher":{"@id":"https:\/\/elcanillita.info\/press\/#organization"},"potentialAction":[{"@type":"SearchAction","target":{"@type":"EntryPoint","urlTemplate":"https:\/\/elcanillita.info\/press\/?s={search_term_string}"},"query-input":{"@type":"PropertyValueSpecification","valueRequired":true,"valueName":"search_term_string"}}],"inLanguage":"es-AR"},{"@type":"Organization","@id":"https:\/\/elcanillita.info\/press\/#organization","name":"Guzzo Photos & Graphic Publications","url":"https:\/\/elcanillita.info\/press\/","logo":{"@type":"ImageObject","inLanguage":"es-AR","@id":"https:\/\/elcanillita.info\/press\/#\/schema\/logo\/image\/","url":"https:\/\/elcanillita.info\/press\/images\/2020\/01\/cropped-cropped-cropped-elcanillitainfo.png","contentUrl":"https:\/\/elcanillita.info\/press\/images\/2020\/01\/cropped-cropped-cropped-elcanillitainfo.png","width":460,"height":50,"caption":"Guzzo Photos & Graphic Publications"},"image":{"@id":"https:\/\/elcanillita.info\/press\/#\/schema\/logo\/image\/"},"sameAs":["https:\/\/ar-ar.facebook.com\/ElCanillitainfo-114249515285712\/"]},{"@type":"Person","@id":"https:\/\/elcanillita.info\/press\/#\/schema\/person\/7fcb79f38045700919f7da6d97e71ba0","name":"SalaStampa.eu, world press service","image":{"@type":"ImageObject","inLanguage":"es-AR","@id":"https:\/\/secure.gravatar.com\/avatar\/c2f0e0d515a107624234994507816ca4724c7199cef73fc8bedebf6931d73888?s=96&d=mm&r=g","url":"https:\/\/secure.gravatar.com\/avatar\/c2f0e0d515a107624234994507816ca4724c7199cef73fc8bedebf6931d73888?s=96&d=mm&r=g","contentUrl":"https:\/\/secure.gravatar.com\/avatar\/c2f0e0d515a107624234994507816ca4724c7199cef73fc8bedebf6931d73888?s=96&d=mm&r=g","caption":"SalaStampa.eu, world press service"}}]}},"views":390,"_links":{"self":[{"href":"https:\/\/elcanillita.info\/press\/wp-json\/wp\/v2\/posts\/4049","targetHints":{"allow":["GET"]}}],"collection":[{"href":"https:\/\/elcanillita.info\/press\/wp-json\/wp\/v2\/posts"}],"about":[{"href":"https:\/\/elcanillita.info\/press\/wp-json\/wp\/v2\/types\/post"}],"author":[{"embeddable":true,"href":"https:\/\/elcanillita.info\/press\/wp-json\/wp\/v2\/users\/1"}],"replies":[{"embeddable":true,"href":"https:\/\/elcanillita.info\/press\/wp-json\/wp\/v2\/comments?post=4049"}],"version-history":[{"count":0,"href":"https:\/\/elcanillita.info\/press\/wp-json\/wp\/v2\/posts\/4049\/revisions"}],"wp:featuredmedia":[{"embeddable":true,"href":"https:\/\/elcanillita.info\/press\/wp-json\/wp\/v2\/media\/4050"}],"wp:attachment":[{"href":"https:\/\/elcanillita.info\/press\/wp-json\/wp\/v2\/media?parent=4049"}],"wp:term":[{"taxonomy":"category","embeddable":true,"href":"https:\/\/elcanillita.info\/press\/wp-json\/wp\/v2\/categories?post=4049"},{"taxonomy":"post_tag","embeddable":true,"href":"https:\/\/elcanillita.info\/press\/wp-json\/wp\/v2\/tags?post=4049"}],"curies":[{"name":"wp","href":"https:\/\/api.w.org\/{rel}","templated":true}]}}