{"id":4044,"date":"2024-03-02T12:41:34","date_gmt":"2024-03-02T15:41:34","guid":{"rendered":"https:\/\/elcanillita.info\/press\/?p=4044"},"modified":"2024-03-02T12:42:17","modified_gmt":"2024-03-02T15:42:17","slug":"la-noche-de-anoche","status":"publish","type":"post","link":"https:\/\/elcanillita.info\/press\/2024\/03\/02\/la-noche-de-anoche\/","title":{"rendered":"La noche de anoche"},"content":{"rendered":"\n<figure class=\"wp-block-image size-full\"><img loading=\"lazy\" decoding=\"async\" width=\"600\" height=\"372\" src=\"https:\/\/elcanillita.info\/press\/images\/2024\/03\/mil_3_20240202.jpg\" alt=\"\" class=\"wp-image-4045\" srcset=\"https:\/\/elcanillita.info\/press\/images\/2024\/03\/mil_3_20240202.jpg 600w, https:\/\/elcanillita.info\/press\/images\/2024\/03\/mil_3_20240202-300x186.jpg 300w\" sizes=\"auto, (max-width: 600px) 100vw, 600px\" \/><\/figure>\n\n\n\n<p>por Enrique Guillermo Avogadro<br><br><small><em>\u201dNo tengo miedo de un ej\u00e9rcito de leones dirigidos por una oveja,<br>tengo miedo de un ej\u00e9rcito de ovejas dirigidos por un le\u00f3n\u201d<br>Alejandro Magno.<\/em><\/small><br><br>Buenos Aires, 2 Marzo 2024<\/p>\n\n\n\n<p>Como es bien sabido, cierro mis notas los viernes a las 1900 hs, aunque les ponga fecha de s\u00e1bado; esta vez, por razones m\u00e1s que obvias, decid\u00ed esperar hasta la ma\u00f1ana para hacerlo y, claramente, lo sucedido en el Congreso justific\u00f3 hacerlo, porque el discurso del Presidente ante la Asamblea Legislativa, para inaugurar el per\u00edodo de sesiones ordinarias, marc\u00f3 un antes y un despu\u00e9s en la penosa historia reciente y, en especial, se diferenci\u00f3 del primero de Mauricio Macri, en 2016, cuando cometi\u00f3 el fatal error de faltarle el respeto a la sociedad, al no contar en detalle el estado en que hab\u00eda recibido la administraci\u00f3n p\u00fablica de las ausentes manos de Cristina Fern\u00e1ndez.<\/p>\n\n\n\n<p>Ya la semana hab\u00eda marcado un cambio importante, cuando las investigaciones desnudaron inmensos focos de corrupci\u00f3n en ANSES, AySA, PAMI, YPF, Aerol\u00edneas Argentinas, todos los ministerios, la administraci\u00f3n de los planes sociales y, la frutilla de ese postre tan maloliente, la contrataci\u00f3n de innecesarios y car\u00edsimos intermediarios, vinculados claramente a Alberto Fern\u00e1ndez, en los seguros p\u00fablicos. El ex Presidente, a\u00fan ahora, invoca una pureza virginal mientras cobardemente inculpa por sus horribles latrocinios a las personas m\u00e1s cercanas; ya lo hab\u00eda cuando, durante la \u201ccuareterna\u201d, fueron descubiertas sus fiestitas de Olivos y las adjudic\u00f3 a su \u201cquerida Fabiola\u201d y hoy lo vuelve a hacer se\u00f1alando a su eterna \u2013m\u00e1s de 30 a\u00f1os- secretaria privada e \u00edntima amiga.<\/p>\n\n\n\n<p>Javier Milei sorprendi\u00f3 a propios y extra\u00f1os con la convocatoria a los gobernadores a suscribir el 25 de Mayo un pacto refundacional en C\u00f3rdoba. De firmarse ese acuerdo, que contiene un esencial y positivo dec\u00e1logo, que enumer\u00f3 y calific\u00f3 como innegociable, ser\u00e1 en una vuelta copernicana en el camino de decadencia que nos trajo hasta aqu\u00ed pero, con seguridad, enfrentar\u00e1 fuertes resistencias de los sectores que se ver\u00e1n afectados; me refiero a todos aqu\u00e9llos que encarnan la \u201ccasta\u201d: gobernadores e intendentes habituados a pasar la gorra, eternizados dirigentes gremiales, \u201cexpertos en mercados regulados\u201d, profesionales de la pol\u00edtica subsidiada, gerentes de la pobreza e industriales sobreprotegidos especialistas en cazar en el zool\u00f3gico y pescar en la ba\u00f1adera.<\/p>\n\n\n\n<p>El le\u00f3n libertario, al que aplaud\u00ed con enorme entusiasmo durante todo su discurso, no defraud\u00f3 a quienes lo llevaron al poder: no cambi\u00f3 un \u00e1pice las propuestas que hizo a la ciudadan\u00eda en campa\u00f1a y desde el llano y, con gran tranquilidad, asegur\u00f3 estar dispuesto a confrontar con quienes se opongan. Pero su inesperada y rutilante irrupci\u00f3n en un universo pol\u00edtico tan decadente, con un mayoritario apoyo que conserva en medio de tantos sufrimientos, ha producido en todos los partidos una atomizaci\u00f3n que, al menos hasta ahora, les impide generar l\u00edderes fuertes que puedan encabezar la resistencia o impulsen un nuevo \u201cclub del helic\u00f3ptero\u201d; los ejemplos est\u00e1n a la vista, tanto en el peronismo y el radicalismo, cuanto en la franquicia kirchnerista y en el PRO. Y enfrente tienen un Presidente y una Vicepresidente fuertes, capaces de resistir cualquier intento destituyente que quisieran intentar los de siempre.<\/p>\n\n\n\n<p>Por otra parte, y desmintiendo todos los rumores y suspicacias acerca de presuntos pactos preexistentes con los m\u00e1ximos responsables del cataclismo que arras\u00f3 el pa\u00eds e hizo colapsar todas sus columnas basales (educaci\u00f3n, trabajo, salud, seguridad, defensa, econom\u00eda, estructura social), anoche les puso nombres y apellidos: Cristina Fern\u00e1ndez, Sergio Massa, M\u00e1ximo Kirchner, Hugo y Pablo Moyano. La renovada instrucci\u00f3n a la UFI y a la OA de constituirse en querellantes en la causas de corrupci\u00f3n permite presumir que esas menciones no ser\u00e1n gratuitas.<\/p>\n\n\n\n<p>A grandes rasgos, ya que una hora no hubiera alcanzado para hacer un inventario completo de las calamidades que esta administraci\u00f3n hered\u00f3. Pero Milei no intent\u00f3 enmascara o suavizar la certeza de que los pr\u00f3ximos dos meses ser\u00e1n a\u00fan m\u00e1s duros para la sociedad en general, a\u00fan cuando la monstruosa inflaci\u00f3n que hered\u00f3 esta administraci\u00f3n tienda a reducirse, por la generalizada recesi\u00f3n y la fuerte ca\u00edda en el poder adquisitivo de salarios y jubilaciones, pero estoy convencido que, ya en mayo, el panorama general mostrar\u00e1 mejoras y traer\u00e1 un principio de alivio. La ciudadan\u00eda, en medio del rigor que obliga la situaci\u00f3n, est\u00e1 reaccionando debidamente al no convalidar los aumentos desmedidos de precios, y en algunos productos b\u00e1sicos \u00e9stos han comenzado a bajar. Si tenemos la tenacidad de aguantar un poco m\u00e1s estos obligados cambios de h\u00e1bitos, para entonces habremos logrado cruzar este doloroso Jord\u00e1n.<\/p>\n\n\n\n<p>El impresionante cambio de rumbo en materia de alineamiento geopol\u00edtico que impuls\u00f3 Milei, sumado al camino exactamente inverso que est\u00e1 recorriendo Luiz In\u00e1cio Lula da Silva, est\u00e1 dando sus primeros frutos que, con seguridad, tendr\u00e1n efectos positivos en nuestra relaci\u00f3n con el FMI. El reconocimiento internacional al esfuerzo que el Presidente est\u00e1 realizando para sacar al pa\u00eds del pantano y su clara alianza con los Estados Unidos le ha permitido, por ejemplo, recibir a grandes figuras del gobierno de Joe Biden y, a la vez, participar de un acto partidario con Donald Trump sin que ello altere el clima de amistad y respaldo.<\/p>\n\n\n\n<p>Esta semana veremos reaccionar a los due\u00f1os de los miles de kioscos que se est\u00e1n empezando a clausurar mientras se cierran los absurdos agujeros por los cuales se escurri\u00f3 (y se rob\u00f3) tanto dinero. Pero tom\u00e9moslo, como hace Milei, con calma, que la sangre no llegar\u00e1 al r\u00edo.<br><br><small>\u00a9 Copyright 2024 Enrique Guillermo Avogadro<br>\u00a9 2024 ElCanillita.info \/ SalaStampa.Eu, servicio mundial de prensa<\/small><\/p>\n\n\n\n<p><br><br><\/p>\n\n\n\n<p><br><\/p>\n","protected":false},"excerpt":{"rendered":"<p>El discurso del Presidente ante la Asamblea Legislativa, para inaugurar el per\u00edodo de sesiones ordinarias, marc\u00f3 un antes y un despu\u00e9s en la penosa historia reciente..<\/p>\n","protected":false},"author":1,"featured_media":4046,"comment_status":"closed","ping_status":"closed","sticky":false,"template":"","format":"standard","meta":{"footnotes":"","_links_to":"","_links_to_target":""},"categories":[108,121,70,11,23],"tags":[29],"class_list":["post-4044","post","type-post","status-publish","format-standard","has-post-thumbnail","hentry","category-blogdiario","category-dc24","category-actualidad","category-america-del-sur","category-politica","tag-argentina","entry","double"],"yoast_head":"<!-- This site is optimized with the Yoast SEO plugin v27.4 - https:\/\/yoast.com\/product\/yoast-seo-wordpress\/ -->\n<title>La noche de anoche - ElCanillita.Info<\/title>\n<meta name=\"robots\" content=\"index, follow, max-snippet:-1, max-image-preview:large, max-video-preview:-1\" \/>\n<link rel=\"canonical\" href=\"https:\/\/elcanillita.info\/press\/2024\/03\/02\/la-noche-de-anoche\/\" \/>\n<meta property=\"og:locale\" content=\"es_ES\" \/>\n<meta property=\"og:type\" content=\"article\" \/>\n<meta property=\"og:title\" content=\"La noche de anoche - ElCanillita.Info\" \/>\n<meta property=\"og:description\" content=\"El discurso del Presidente ante la Asamblea Legislativa, para inaugurar el per\u00edodo de sesiones ordinarias, marc\u00f3 un antes y un despu\u00e9s en la penosa historia reciente..\" \/>\n<meta property=\"og:url\" content=\"https:\/\/elcanillita.info\/press\/2024\/03\/02\/la-noche-de-anoche\/\" \/>\n<meta property=\"og:site_name\" content=\"ElCanillita.Info\" \/>\n<meta property=\"article:publisher\" content=\"https:\/\/ar-ar.facebook.com\/ElCanillitainfo-114249515285712\/\" \/>\n<meta property=\"article:published_time\" content=\"2024-03-02T15:41:34+00:00\" \/>\n<meta property=\"article:modified_time\" content=\"2024-03-02T15:42:17+00:00\" \/>\n<meta property=\"og:image\" content=\"https:\/\/elcanillita.info\/press\/images\/2024\/03\/mil_2_20240202.jpg\" \/>\n\t<meta property=\"og:image:width\" content=\"600\" \/>\n\t<meta property=\"og:image:height\" content=\"379\" \/>\n\t<meta property=\"og:image:type\" content=\"image\/jpeg\" \/>\n<meta name=\"author\" content=\"SalaStampa.eu, world press service\" \/>\n<meta name=\"twitter:card\" content=\"summary_large_image\" \/>\n<meta name=\"twitter:label1\" content=\"Escrito por\" \/>\n\t<meta name=\"twitter:data1\" content=\"SalaStampa.eu, world press service\" \/>\n\t<meta name=\"twitter:label2\" content=\"Tiempo de lectura\" \/>\n\t<meta name=\"twitter:data2\" content=\"5 minutos\" \/>\n<script type=\"application\/ld+json\" class=\"yoast-schema-graph\">{\"@context\":\"https:\\\/\\\/schema.org\",\"@graph\":[{\"@type\":\"Article\",\"@id\":\"https:\\\/\\\/elcanillita.info\\\/press\\\/2024\\\/03\\\/02\\\/la-noche-de-anoche\\\/#article\",\"isPartOf\":{\"@id\":\"https:\\\/\\\/elcanillita.info\\\/press\\\/2024\\\/03\\\/02\\\/la-noche-de-anoche\\\/\"},\"author\":{\"name\":\"SalaStampa.eu, world press service\",\"@id\":\"https:\\\/\\\/elcanillita.info\\\/press\\\/#\\\/schema\\\/person\\\/7fcb79f38045700919f7da6d97e71ba0\"},\"headline\":\"La noche de anoche\",\"datePublished\":\"2024-03-02T15:41:34+00:00\",\"dateModified\":\"2024-03-02T15:42:17+00:00\",\"mainEntityOfPage\":{\"@id\":\"https:\\\/\\\/elcanillita.info\\\/press\\\/2024\\\/03\\\/02\\\/la-noche-de-anoche\\\/\"},\"wordCount\":993,\"publisher\":{\"@id\":\"https:\\\/\\\/elcanillita.info\\\/press\\\/#organization\"},\"image\":{\"@id\":\"https:\\\/\\\/elcanillita.info\\\/press\\\/2024\\\/03\\\/02\\\/la-noche-de-anoche\\\/#primaryimage\"},\"thumbnailUrl\":\"https:\\\/\\\/elcanillita.info\\\/press\\\/images\\\/2024\\\/03\\\/mil_2_20240202.jpg\",\"keywords\":[\"Argentina\"],\"articleSection\":[\".\",\".\",\"Actualidad\",\"Am\u00e9rica del Sur\",\"Politica\"],\"inLanguage\":\"es-AR\"},{\"@type\":\"WebPage\",\"@id\":\"https:\\\/\\\/elcanillita.info\\\/press\\\/2024\\\/03\\\/02\\\/la-noche-de-anoche\\\/\",\"url\":\"https:\\\/\\\/elcanillita.info\\\/press\\\/2024\\\/03\\\/02\\\/la-noche-de-anoche\\\/\",\"name\":\"La noche de anoche - ElCanillita.Info\",\"isPartOf\":{\"@id\":\"https:\\\/\\\/elcanillita.info\\\/press\\\/#website\"},\"primaryImageOfPage\":{\"@id\":\"https:\\\/\\\/elcanillita.info\\\/press\\\/2024\\\/03\\\/02\\\/la-noche-de-anoche\\\/#primaryimage\"},\"image\":{\"@id\":\"https:\\\/\\\/elcanillita.info\\\/press\\\/2024\\\/03\\\/02\\\/la-noche-de-anoche\\\/#primaryimage\"},\"thumbnailUrl\":\"https:\\\/\\\/elcanillita.info\\\/press\\\/images\\\/2024\\\/03\\\/mil_2_20240202.jpg\",\"datePublished\":\"2024-03-02T15:41:34+00:00\",\"dateModified\":\"2024-03-02T15:42:17+00:00\",\"inLanguage\":\"es-AR\",\"potentialAction\":[{\"@type\":\"ReadAction\",\"target\":[\"https:\\\/\\\/elcanillita.info\\\/press\\\/2024\\\/03\\\/02\\\/la-noche-de-anoche\\\/\"]}]},{\"@type\":\"ImageObject\",\"inLanguage\":\"es-AR\",\"@id\":\"https:\\\/\\\/elcanillita.info\\\/press\\\/2024\\\/03\\\/02\\\/la-noche-de-anoche\\\/#primaryimage\",\"url\":\"https:\\\/\\\/elcanillita.info\\\/press\\\/images\\\/2024\\\/03\\\/mil_2_20240202.jpg\",\"contentUrl\":\"https:\\\/\\\/elcanillita.info\\\/press\\\/images\\\/2024\\\/03\\\/mil_2_20240202.jpg\",\"width\":600,\"height\":379},{\"@type\":\"WebSite\",\"@id\":\"https:\\\/\\\/elcanillita.info\\\/press\\\/#website\",\"url\":\"https:\\\/\\\/elcanillita.info\\\/press\\\/\",\"name\":\"ElCanillita.Info\",\"description\":\"desde los Apeninos a los Andes\",\"publisher\":{\"@id\":\"https:\\\/\\\/elcanillita.info\\\/press\\\/#organization\"},\"potentialAction\":[{\"@type\":\"SearchAction\",\"target\":{\"@type\":\"EntryPoint\",\"urlTemplate\":\"https:\\\/\\\/elcanillita.info\\\/press\\\/?s={search_term_string}\"},\"query-input\":{\"@type\":\"PropertyValueSpecification\",\"valueRequired\":true,\"valueName\":\"search_term_string\"}}],\"inLanguage\":\"es-AR\"},{\"@type\":\"Organization\",\"@id\":\"https:\\\/\\\/elcanillita.info\\\/press\\\/#organization\",\"name\":\"Guzzo Photos & Graphic Publications\",\"url\":\"https:\\\/\\\/elcanillita.info\\\/press\\\/\",\"logo\":{\"@type\":\"ImageObject\",\"inLanguage\":\"es-AR\",\"@id\":\"https:\\\/\\\/elcanillita.info\\\/press\\\/#\\\/schema\\\/logo\\\/image\\\/\",\"url\":\"https:\\\/\\\/elcanillita.info\\\/press\\\/images\\\/2020\\\/01\\\/cropped-cropped-cropped-elcanillitainfo.png\",\"contentUrl\":\"https:\\\/\\\/elcanillita.info\\\/press\\\/images\\\/2020\\\/01\\\/cropped-cropped-cropped-elcanillitainfo.png\",\"width\":460,\"height\":50,\"caption\":\"Guzzo Photos & Graphic Publications\"},\"image\":{\"@id\":\"https:\\\/\\\/elcanillita.info\\\/press\\\/#\\\/schema\\\/logo\\\/image\\\/\"},\"sameAs\":[\"https:\\\/\\\/ar-ar.facebook.com\\\/ElCanillitainfo-114249515285712\\\/\"]},{\"@type\":\"Person\",\"@id\":\"https:\\\/\\\/elcanillita.info\\\/press\\\/#\\\/schema\\\/person\\\/7fcb79f38045700919f7da6d97e71ba0\",\"name\":\"SalaStampa.eu, world press service\",\"image\":{\"@type\":\"ImageObject\",\"inLanguage\":\"es-AR\",\"@id\":\"https:\\\/\\\/secure.gravatar.com\\\/avatar\\\/c2f0e0d515a107624234994507816ca4724c7199cef73fc8bedebf6931d73888?s=96&d=mm&r=g\",\"url\":\"https:\\\/\\\/secure.gravatar.com\\\/avatar\\\/c2f0e0d515a107624234994507816ca4724c7199cef73fc8bedebf6931d73888?s=96&d=mm&r=g\",\"contentUrl\":\"https:\\\/\\\/secure.gravatar.com\\\/avatar\\\/c2f0e0d515a107624234994507816ca4724c7199cef73fc8bedebf6931d73888?s=96&d=mm&r=g\",\"caption\":\"SalaStampa.eu, world press service\"}}]}<\/script>\n<!-- \/ Yoast SEO plugin. -->","yoast_head_json":{"title":"La noche de anoche - ElCanillita.Info","robots":{"index":"index","follow":"follow","max-snippet":"max-snippet:-1","max-image-preview":"max-image-preview:large","max-video-preview":"max-video-preview:-1"},"canonical":"https:\/\/elcanillita.info\/press\/2024\/03\/02\/la-noche-de-anoche\/","og_locale":"es_ES","og_type":"article","og_title":"La noche de anoche - ElCanillita.Info","og_description":"El discurso del Presidente ante la Asamblea Legislativa, para inaugurar el per\u00edodo de sesiones ordinarias, marc\u00f3 un antes y un despu\u00e9s en la penosa historia reciente..","og_url":"https:\/\/elcanillita.info\/press\/2024\/03\/02\/la-noche-de-anoche\/","og_site_name":"ElCanillita.Info","article_publisher":"https:\/\/ar-ar.facebook.com\/ElCanillitainfo-114249515285712\/","article_published_time":"2024-03-02T15:41:34+00:00","article_modified_time":"2024-03-02T15:42:17+00:00","og_image":[{"width":600,"height":379,"url":"https:\/\/elcanillita.info\/press\/images\/2024\/03\/mil_2_20240202.jpg","type":"image\/jpeg"}],"author":"SalaStampa.eu, world press service","twitter_card":"summary_large_image","twitter_misc":{"Escrito por":"SalaStampa.eu, world press service","Tiempo de lectura":"5 minutos"},"schema":{"@context":"https:\/\/schema.org","@graph":[{"@type":"Article","@id":"https:\/\/elcanillita.info\/press\/2024\/03\/02\/la-noche-de-anoche\/#article","isPartOf":{"@id":"https:\/\/elcanillita.info\/press\/2024\/03\/02\/la-noche-de-anoche\/"},"author":{"name":"SalaStampa.eu, world press service","@id":"https:\/\/elcanillita.info\/press\/#\/schema\/person\/7fcb79f38045700919f7da6d97e71ba0"},"headline":"La noche de anoche","datePublished":"2024-03-02T15:41:34+00:00","dateModified":"2024-03-02T15:42:17+00:00","mainEntityOfPage":{"@id":"https:\/\/elcanillita.info\/press\/2024\/03\/02\/la-noche-de-anoche\/"},"wordCount":993,"publisher":{"@id":"https:\/\/elcanillita.info\/press\/#organization"},"image":{"@id":"https:\/\/elcanillita.info\/press\/2024\/03\/02\/la-noche-de-anoche\/#primaryimage"},"thumbnailUrl":"https:\/\/elcanillita.info\/press\/images\/2024\/03\/mil_2_20240202.jpg","keywords":["Argentina"],"articleSection":[".",".","Actualidad","Am\u00e9rica del Sur","Politica"],"inLanguage":"es-AR"},{"@type":"WebPage","@id":"https:\/\/elcanillita.info\/press\/2024\/03\/02\/la-noche-de-anoche\/","url":"https:\/\/elcanillita.info\/press\/2024\/03\/02\/la-noche-de-anoche\/","name":"La noche de anoche - ElCanillita.Info","isPartOf":{"@id":"https:\/\/elcanillita.info\/press\/#website"},"primaryImageOfPage":{"@id":"https:\/\/elcanillita.info\/press\/2024\/03\/02\/la-noche-de-anoche\/#primaryimage"},"image":{"@id":"https:\/\/elcanillita.info\/press\/2024\/03\/02\/la-noche-de-anoche\/#primaryimage"},"thumbnailUrl":"https:\/\/elcanillita.info\/press\/images\/2024\/03\/mil_2_20240202.jpg","datePublished":"2024-03-02T15:41:34+00:00","dateModified":"2024-03-02T15:42:17+00:00","inLanguage":"es-AR","potentialAction":[{"@type":"ReadAction","target":["https:\/\/elcanillita.info\/press\/2024\/03\/02\/la-noche-de-anoche\/"]}]},{"@type":"ImageObject","inLanguage":"es-AR","@id":"https:\/\/elcanillita.info\/press\/2024\/03\/02\/la-noche-de-anoche\/#primaryimage","url":"https:\/\/elcanillita.info\/press\/images\/2024\/03\/mil_2_20240202.jpg","contentUrl":"https:\/\/elcanillita.info\/press\/images\/2024\/03\/mil_2_20240202.jpg","width":600,"height":379},{"@type":"WebSite","@id":"https:\/\/elcanillita.info\/press\/#website","url":"https:\/\/elcanillita.info\/press\/","name":"ElCanillita.Info","description":"desde los Apeninos a los Andes","publisher":{"@id":"https:\/\/elcanillita.info\/press\/#organization"},"potentialAction":[{"@type":"SearchAction","target":{"@type":"EntryPoint","urlTemplate":"https:\/\/elcanillita.info\/press\/?s={search_term_string}"},"query-input":{"@type":"PropertyValueSpecification","valueRequired":true,"valueName":"search_term_string"}}],"inLanguage":"es-AR"},{"@type":"Organization","@id":"https:\/\/elcanillita.info\/press\/#organization","name":"Guzzo Photos & Graphic Publications","url":"https:\/\/elcanillita.info\/press\/","logo":{"@type":"ImageObject","inLanguage":"es-AR","@id":"https:\/\/elcanillita.info\/press\/#\/schema\/logo\/image\/","url":"https:\/\/elcanillita.info\/press\/images\/2020\/01\/cropped-cropped-cropped-elcanillitainfo.png","contentUrl":"https:\/\/elcanillita.info\/press\/images\/2020\/01\/cropped-cropped-cropped-elcanillitainfo.png","width":460,"height":50,"caption":"Guzzo Photos & Graphic Publications"},"image":{"@id":"https:\/\/elcanillita.info\/press\/#\/schema\/logo\/image\/"},"sameAs":["https:\/\/ar-ar.facebook.com\/ElCanillitainfo-114249515285712\/"]},{"@type":"Person","@id":"https:\/\/elcanillita.info\/press\/#\/schema\/person\/7fcb79f38045700919f7da6d97e71ba0","name":"SalaStampa.eu, world press service","image":{"@type":"ImageObject","inLanguage":"es-AR","@id":"https:\/\/secure.gravatar.com\/avatar\/c2f0e0d515a107624234994507816ca4724c7199cef73fc8bedebf6931d73888?s=96&d=mm&r=g","url":"https:\/\/secure.gravatar.com\/avatar\/c2f0e0d515a107624234994507816ca4724c7199cef73fc8bedebf6931d73888?s=96&d=mm&r=g","contentUrl":"https:\/\/secure.gravatar.com\/avatar\/c2f0e0d515a107624234994507816ca4724c7199cef73fc8bedebf6931d73888?s=96&d=mm&r=g","caption":"SalaStampa.eu, world press service"}}]}},"views":390,"_links":{"self":[{"href":"https:\/\/elcanillita.info\/press\/wp-json\/wp\/v2\/posts\/4044","targetHints":{"allow":["GET"]}}],"collection":[{"href":"https:\/\/elcanillita.info\/press\/wp-json\/wp\/v2\/posts"}],"about":[{"href":"https:\/\/elcanillita.info\/press\/wp-json\/wp\/v2\/types\/post"}],"author":[{"embeddable":true,"href":"https:\/\/elcanillita.info\/press\/wp-json\/wp\/v2\/users\/1"}],"replies":[{"embeddable":true,"href":"https:\/\/elcanillita.info\/press\/wp-json\/wp\/v2\/comments?post=4044"}],"version-history":[{"count":0,"href":"https:\/\/elcanillita.info\/press\/wp-json\/wp\/v2\/posts\/4044\/revisions"}],"wp:featuredmedia":[{"embeddable":true,"href":"https:\/\/elcanillita.info\/press\/wp-json\/wp\/v2\/media\/4046"}],"wp:attachment":[{"href":"https:\/\/elcanillita.info\/press\/wp-json\/wp\/v2\/media?parent=4044"}],"wp:term":[{"taxonomy":"category","embeddable":true,"href":"https:\/\/elcanillita.info\/press\/wp-json\/wp\/v2\/categories?post=4044"},{"taxonomy":"post_tag","embeddable":true,"href":"https:\/\/elcanillita.info\/press\/wp-json\/wp\/v2\/tags?post=4044"}],"curies":[{"name":"wp","href":"https:\/\/api.w.org\/{rel}","templated":true}]}}