{"id":4039,"date":"2024-02-26T19:53:18","date_gmt":"2024-02-26T22:53:18","guid":{"rendered":"https:\/\/elcanillita.info\/press\/?p=4039"},"modified":"2024-02-26T19:53:19","modified_gmt":"2024-02-26T22:53:19","slug":"tiempos-convulsos","status":"publish","type":"post","link":"https:\/\/elcanillita.info\/press\/2024\/02\/26\/tiempos-convulsos\/","title":{"rendered":"Tiempos convulsos"},"content":{"rendered":"<div class=\"wp-block-image\">\n<figure class=\"aligncenter size-full\"><img loading=\"lazy\" decoding=\"async\" width=\"403\" height=\"500\" src=\"https:\/\/elcanillita.info\/press\/images\/2024\/02\/mil_2_20240226-1.jpg\" alt=\"\" class=\"wp-image-4041\" srcset=\"https:\/\/elcanillita.info\/press\/images\/2024\/02\/mil_2_20240226-1.jpg 403w, https:\/\/elcanillita.info\/press\/images\/2024\/02\/mil_2_20240226-1-242x300.jpg 242w\" sizes=\"auto, (max-width: 403px) 100vw, 403px\" \/><\/figure>\n<\/div>\n\n\n<p><small><strong>por Enrique Guillermo Avogadro<\/strong><\/small><br>Buenos Aires,  25\/02\/2024<br>La rebeli\u00f3n de todos los gobernadores, que son de or\u00edgenes pol\u00edticos diferentes (radicales, PRO, partidos provinciales y kirchneristas), contra el Gobierno central est\u00e1 destinada a convertirse en la piedra de toque de todo el programa econ\u00f3mico de Javier Milei.<\/p>\n\n\n\n<p>El Presidente se ve enfrentado a una complicada encrucijada: deber\u00e1 optar entre resistir la pretensi\u00f3n de los mandatarios provinciales, a riesgo de generar una crisis energ\u00e9tica de enorme magnitud, o negociar con ellos, algo que no parece estar en los originales manuales de procedimiento de La Libertad Avanza.<\/p>\n\n\n\n<p>Deber\u00e1 optar antes del mi\u00e9rcoles, dos d\u00edas antes de la Asamblea Legislativa que da inicio a las sesiones ordinarias de ambas c\u00e1maras, ante la cual deber\u00e1 dar un discurso cuyo contenido a\u00fan se desconoce y podr\u00eda resultar a\u00fan m\u00e1s disruptivo si los legisladores ofendidos por el tratamiento tan agresivo que reciben de Milei, verbalizado en irreproducibles calificativos, reaccionaran ausent\u00e1ndose o abuche\u00e1ndolo desde las bancas y los balcones.<\/p>\n\n\n\n<p>El Gobierno est\u00e1 logrando ordenar, en un plazo inimaginable de s\u00f3lo 70 d\u00edas, la cr\u00edtica macro-econom\u00eda que hered\u00f3 de Sergio Massa, agravada por los enloquecidos y sucesivos \u201cplanes platita\u201d que \u00e9ste implement\u00f3 para intentar llegar a la Presidencia, pero deber\u00eda ser much\u00edsimo m\u00e1s claro y did\u00e1ctico en la comunicaci\u00f3n p\u00fablica para llegar, con un mensaje tranquilizador, a un universo cada vez mayor de sectores sociales que se caen del mapa por el imprescindible ajuste.<\/p>\n\n\n\n<p>Pareciera que esto se percibe no s\u00f3lo aqu\u00ed sino hasta en el FMI, que entre fuertes halagos a la gesti\u00f3n de Milei, desliz\u00f3 su preocupaci\u00f3n por esos efectos sociales de la pol\u00edtica econ\u00f3mica, y se pregunta cu\u00e1nta tolerancia tendr\u00e1 la ciudadan\u00eda para aguardar frutos palpables en la micro de ese innegable \u00e9xito macro.<\/p>\n\n\n\n<p>Sin duda, contribuir\u00e1 a ello la marcha atr\u00e1s del Ministro de Justicia, sobre quien cayeron sospechas de alg\u00fan pacto de impunidad con el kirchnerismo y el massismo por sus instrucciones a la UIF y la OA, ya que permitir\u00e1 a la sociedad apreciar que no ser\u00e1 s\u00f3lo ella la que pagar\u00e1 los costos de tantos desaguisados sino que, a partir de ahora, no habr\u00e1 olvido ni perd\u00f3n para los responsables directos de tanta corrupci\u00f3n y tantos latrocinios.<\/p>\n\n\n\n<p>Y tambi\u00e9n lo har\u00e1 el tan expreso apoyo que la Argentina ha recibido del Gobierno de los Estados Unidos, seguramente forzado por la deserci\u00f3n del Brasil de Lula del rol de socio estrat\u00e9gico en Am\u00e9rica Latina que ejerci\u00f3 desde la II Guerra Mundial.<\/p>\n\n\n\n<p>Milei, pese a la enorme contradicci\u00f3n que significa su notorio apoyo a Donald Trump en su carrera electoral, aparentemente ha alineado firmemente a nuestro pa\u00eds con el mundo occidental al condenar la invasi\u00f3n de Ucrania por Rusia, el terrorismo de Hamas contra Israel, el repudio a las dictaduras de Venezuela, Cuba y Nicaragua, y su posicionamiento geopol\u00edtico frente a China y los BRICS, y todo eso suena a m\u00fasica celestial en los o\u00eddos de la administraci\u00f3n de Joe Biden, con la importancia que eso reviste por la posici\u00f3n dominante de los Estados Unidos en el FMI.<\/p>\n\n\n\n<p>Los argentinos viviremos, al menos por los pr\u00f3ximos tres o cuatro meses, tiempos convulsos; espero que podamos superarlos en relativa paz y que ello nos permita, cual Ave F\u00e9nix, renacer de nuestra cenizas.<br>Hasta el s\u00e1bado, si Dios quiere.<br><br><small>\u00a9 Copyright 2024 Enrique Guillermo Avogadro<br>\u00a9 2024 ElCanillita.info \/ SalaStampa.Eu, servicio mundial de prensa<\/small><\/p>\n","protected":false},"excerpt":{"rendered":"<p>El Presidente Milei se ve enfrentado a una complicada encrucijada..<\/p>\n","protected":false},"author":1,"featured_media":4042,"comment_status":"closed","ping_status":"closed","sticky":false,"template":"","format":"standard","meta":{"footnotes":"","_links_to":"","_links_to_target":""},"categories":[108,121,70,23],"tags":[29],"class_list":["post-4039","post","type-post","status-publish","format-standard","has-post-thumbnail","hentry","category-blogdiario","category-dc24","category-actualidad","category-politica","tag-argentina","entry","double"],"yoast_head":"<!-- This site is optimized with the Yoast SEO plugin v27.5 - https:\/\/yoast.com\/product\/yoast-seo-wordpress\/ -->\n<title>Tiempos convulsos - ElCanillita.Info<\/title>\n<meta name=\"robots\" content=\"index, follow, max-snippet:-1, max-image-preview:large, max-video-preview:-1\" \/>\n<link rel=\"canonical\" href=\"https:\/\/elcanillita.info\/press\/2024\/02\/26\/tiempos-convulsos\/\" \/>\n<meta property=\"og:locale\" content=\"es_ES\" \/>\n<meta property=\"og:type\" content=\"article\" \/>\n<meta property=\"og:title\" content=\"Tiempos convulsos - ElCanillita.Info\" \/>\n<meta property=\"og:description\" content=\"El Presidente Milei se ve enfrentado a una complicada encrucijada..\" \/>\n<meta property=\"og:url\" content=\"https:\/\/elcanillita.info\/press\/2024\/02\/26\/tiempos-convulsos\/\" \/>\n<meta property=\"og:site_name\" content=\"ElCanillita.Info\" \/>\n<meta property=\"article:publisher\" content=\"https:\/\/ar-ar.facebook.com\/ElCanillitainfo-114249515285712\/\" \/>\n<meta property=\"article:published_time\" content=\"2024-02-26T22:53:18+00:00\" \/>\n<meta property=\"article:modified_time\" content=\"2024-02-26T22:53:19+00:00\" \/>\n<meta property=\"og:image\" content=\"https:\/\/elcanillita.info\/press\/images\/2024\/02\/mil_1_20240226.jpg\" \/>\n\t<meta property=\"og:image:width\" content=\"1130\" \/>\n\t<meta property=\"og:image:height\" content=\"753\" \/>\n\t<meta property=\"og:image:type\" content=\"image\/jpeg\" \/>\n<meta name=\"author\" content=\"SalaStampa.eu, world press service\" \/>\n<meta name=\"twitter:card\" content=\"summary_large_image\" \/>\n<meta name=\"twitter:label1\" content=\"Escrito por\" \/>\n\t<meta name=\"twitter:data1\" content=\"SalaStampa.eu, world press service\" \/>\n\t<meta name=\"twitter:label2\" content=\"Tiempo de lectura\" \/>\n\t<meta name=\"twitter:data2\" content=\"3 minutos\" \/>\n<script type=\"application\/ld+json\" class=\"yoast-schema-graph\">{\"@context\":\"https:\\\/\\\/schema.org\",\"@graph\":[{\"@type\":\"Article\",\"@id\":\"https:\\\/\\\/elcanillita.info\\\/press\\\/2024\\\/02\\\/26\\\/tiempos-convulsos\\\/#article\",\"isPartOf\":{\"@id\":\"https:\\\/\\\/elcanillita.info\\\/press\\\/2024\\\/02\\\/26\\\/tiempos-convulsos\\\/\"},\"author\":{\"name\":\"SalaStampa.eu, world press service\",\"@id\":\"https:\\\/\\\/elcanillita.info\\\/press\\\/#\\\/schema\\\/person\\\/7fcb79f38045700919f7da6d97e71ba0\"},\"headline\":\"Tiempos convulsos\",\"datePublished\":\"2024-02-26T22:53:18+00:00\",\"dateModified\":\"2024-02-26T22:53:19+00:00\",\"mainEntityOfPage\":{\"@id\":\"https:\\\/\\\/elcanillita.info\\\/press\\\/2024\\\/02\\\/26\\\/tiempos-convulsos\\\/\"},\"wordCount\":607,\"publisher\":{\"@id\":\"https:\\\/\\\/elcanillita.info\\\/press\\\/#organization\"},\"image\":{\"@id\":\"https:\\\/\\\/elcanillita.info\\\/press\\\/2024\\\/02\\\/26\\\/tiempos-convulsos\\\/#primaryimage\"},\"thumbnailUrl\":\"https:\\\/\\\/elcanillita.info\\\/press\\\/images\\\/2024\\\/02\\\/mil_1_20240226.jpg\",\"keywords\":[\"Argentina\"],\"articleSection\":[\".\",\".\",\"Actualidad\",\"Politica\"],\"inLanguage\":\"es-AR\"},{\"@type\":\"WebPage\",\"@id\":\"https:\\\/\\\/elcanillita.info\\\/press\\\/2024\\\/02\\\/26\\\/tiempos-convulsos\\\/\",\"url\":\"https:\\\/\\\/elcanillita.info\\\/press\\\/2024\\\/02\\\/26\\\/tiempos-convulsos\\\/\",\"name\":\"Tiempos convulsos - ElCanillita.Info\",\"isPartOf\":{\"@id\":\"https:\\\/\\\/elcanillita.info\\\/press\\\/#website\"},\"primaryImageOfPage\":{\"@id\":\"https:\\\/\\\/elcanillita.info\\\/press\\\/2024\\\/02\\\/26\\\/tiempos-convulsos\\\/#primaryimage\"},\"image\":{\"@id\":\"https:\\\/\\\/elcanillita.info\\\/press\\\/2024\\\/02\\\/26\\\/tiempos-convulsos\\\/#primaryimage\"},\"thumbnailUrl\":\"https:\\\/\\\/elcanillita.info\\\/press\\\/images\\\/2024\\\/02\\\/mil_1_20240226.jpg\",\"datePublished\":\"2024-02-26T22:53:18+00:00\",\"dateModified\":\"2024-02-26T22:53:19+00:00\",\"inLanguage\":\"es-AR\",\"potentialAction\":[{\"@type\":\"ReadAction\",\"target\":[\"https:\\\/\\\/elcanillita.info\\\/press\\\/2024\\\/02\\\/26\\\/tiempos-convulsos\\\/\"]}]},{\"@type\":\"ImageObject\",\"inLanguage\":\"es-AR\",\"@id\":\"https:\\\/\\\/elcanillita.info\\\/press\\\/2024\\\/02\\\/26\\\/tiempos-convulsos\\\/#primaryimage\",\"url\":\"https:\\\/\\\/elcanillita.info\\\/press\\\/images\\\/2024\\\/02\\\/mil_1_20240226.jpg\",\"contentUrl\":\"https:\\\/\\\/elcanillita.info\\\/press\\\/images\\\/2024\\\/02\\\/mil_1_20240226.jpg\",\"width\":1130,\"height\":753},{\"@type\":\"WebSite\",\"@id\":\"https:\\\/\\\/elcanillita.info\\\/press\\\/#website\",\"url\":\"https:\\\/\\\/elcanillita.info\\\/press\\\/\",\"name\":\"ElCanillita.Info\",\"description\":\"desde los Apeninos a los Andes\",\"publisher\":{\"@id\":\"https:\\\/\\\/elcanillita.info\\\/press\\\/#organization\"},\"potentialAction\":[{\"@type\":\"SearchAction\",\"target\":{\"@type\":\"EntryPoint\",\"urlTemplate\":\"https:\\\/\\\/elcanillita.info\\\/press\\\/?s={search_term_string}\"},\"query-input\":{\"@type\":\"PropertyValueSpecification\",\"valueRequired\":true,\"valueName\":\"search_term_string\"}}],\"inLanguage\":\"es-AR\"},{\"@type\":\"Organization\",\"@id\":\"https:\\\/\\\/elcanillita.info\\\/press\\\/#organization\",\"name\":\"Guzzo Photos & Graphic Publications\",\"url\":\"https:\\\/\\\/elcanillita.info\\\/press\\\/\",\"logo\":{\"@type\":\"ImageObject\",\"inLanguage\":\"es-AR\",\"@id\":\"https:\\\/\\\/elcanillita.info\\\/press\\\/#\\\/schema\\\/logo\\\/image\\\/\",\"url\":\"https:\\\/\\\/elcanillita.info\\\/press\\\/images\\\/2020\\\/01\\\/cropped-cropped-cropped-elcanillitainfo.png\",\"contentUrl\":\"https:\\\/\\\/elcanillita.info\\\/press\\\/images\\\/2020\\\/01\\\/cropped-cropped-cropped-elcanillitainfo.png\",\"width\":460,\"height\":50,\"caption\":\"Guzzo Photos & Graphic Publications\"},\"image\":{\"@id\":\"https:\\\/\\\/elcanillita.info\\\/press\\\/#\\\/schema\\\/logo\\\/image\\\/\"},\"sameAs\":[\"https:\\\/\\\/ar-ar.facebook.com\\\/ElCanillitainfo-114249515285712\\\/\"]},{\"@type\":\"Person\",\"@id\":\"https:\\\/\\\/elcanillita.info\\\/press\\\/#\\\/schema\\\/person\\\/7fcb79f38045700919f7da6d97e71ba0\",\"name\":\"SalaStampa.eu, world press service\",\"image\":{\"@type\":\"ImageObject\",\"inLanguage\":\"es-AR\",\"@id\":\"https:\\\/\\\/secure.gravatar.com\\\/avatar\\\/c2f0e0d515a107624234994507816ca4724c7199cef73fc8bedebf6931d73888?s=96&d=mm&r=g\",\"url\":\"https:\\\/\\\/secure.gravatar.com\\\/avatar\\\/c2f0e0d515a107624234994507816ca4724c7199cef73fc8bedebf6931d73888?s=96&d=mm&r=g\",\"contentUrl\":\"https:\\\/\\\/secure.gravatar.com\\\/avatar\\\/c2f0e0d515a107624234994507816ca4724c7199cef73fc8bedebf6931d73888?s=96&d=mm&r=g\",\"caption\":\"SalaStampa.eu, world press service\"}}]}<\/script>\n<!-- \/ Yoast SEO plugin. -->","yoast_head_json":{"title":"Tiempos convulsos - ElCanillita.Info","robots":{"index":"index","follow":"follow","max-snippet":"max-snippet:-1","max-image-preview":"max-image-preview:large","max-video-preview":"max-video-preview:-1"},"canonical":"https:\/\/elcanillita.info\/press\/2024\/02\/26\/tiempos-convulsos\/","og_locale":"es_ES","og_type":"article","og_title":"Tiempos convulsos - ElCanillita.Info","og_description":"El Presidente Milei se ve enfrentado a una complicada encrucijada..","og_url":"https:\/\/elcanillita.info\/press\/2024\/02\/26\/tiempos-convulsos\/","og_site_name":"ElCanillita.Info","article_publisher":"https:\/\/ar-ar.facebook.com\/ElCanillitainfo-114249515285712\/","article_published_time":"2024-02-26T22:53:18+00:00","article_modified_time":"2024-02-26T22:53:19+00:00","og_image":[{"width":1130,"height":753,"url":"https:\/\/elcanillita.info\/press\/images\/2024\/02\/mil_1_20240226.jpg","type":"image\/jpeg"}],"author":"SalaStampa.eu, world press service","twitter_card":"summary_large_image","twitter_misc":{"Escrito por":"SalaStampa.eu, world press service","Tiempo de lectura":"3 minutos"},"schema":{"@context":"https:\/\/schema.org","@graph":[{"@type":"Article","@id":"https:\/\/elcanillita.info\/press\/2024\/02\/26\/tiempos-convulsos\/#article","isPartOf":{"@id":"https:\/\/elcanillita.info\/press\/2024\/02\/26\/tiempos-convulsos\/"},"author":{"name":"SalaStampa.eu, world press service","@id":"https:\/\/elcanillita.info\/press\/#\/schema\/person\/7fcb79f38045700919f7da6d97e71ba0"},"headline":"Tiempos convulsos","datePublished":"2024-02-26T22:53:18+00:00","dateModified":"2024-02-26T22:53:19+00:00","mainEntityOfPage":{"@id":"https:\/\/elcanillita.info\/press\/2024\/02\/26\/tiempos-convulsos\/"},"wordCount":607,"publisher":{"@id":"https:\/\/elcanillita.info\/press\/#organization"},"image":{"@id":"https:\/\/elcanillita.info\/press\/2024\/02\/26\/tiempos-convulsos\/#primaryimage"},"thumbnailUrl":"https:\/\/elcanillita.info\/press\/images\/2024\/02\/mil_1_20240226.jpg","keywords":["Argentina"],"articleSection":[".",".","Actualidad","Politica"],"inLanguage":"es-AR"},{"@type":"WebPage","@id":"https:\/\/elcanillita.info\/press\/2024\/02\/26\/tiempos-convulsos\/","url":"https:\/\/elcanillita.info\/press\/2024\/02\/26\/tiempos-convulsos\/","name":"Tiempos convulsos - ElCanillita.Info","isPartOf":{"@id":"https:\/\/elcanillita.info\/press\/#website"},"primaryImageOfPage":{"@id":"https:\/\/elcanillita.info\/press\/2024\/02\/26\/tiempos-convulsos\/#primaryimage"},"image":{"@id":"https:\/\/elcanillita.info\/press\/2024\/02\/26\/tiempos-convulsos\/#primaryimage"},"thumbnailUrl":"https:\/\/elcanillita.info\/press\/images\/2024\/02\/mil_1_20240226.jpg","datePublished":"2024-02-26T22:53:18+00:00","dateModified":"2024-02-26T22:53:19+00:00","inLanguage":"es-AR","potentialAction":[{"@type":"ReadAction","target":["https:\/\/elcanillita.info\/press\/2024\/02\/26\/tiempos-convulsos\/"]}]},{"@type":"ImageObject","inLanguage":"es-AR","@id":"https:\/\/elcanillita.info\/press\/2024\/02\/26\/tiempos-convulsos\/#primaryimage","url":"https:\/\/elcanillita.info\/press\/images\/2024\/02\/mil_1_20240226.jpg","contentUrl":"https:\/\/elcanillita.info\/press\/images\/2024\/02\/mil_1_20240226.jpg","width":1130,"height":753},{"@type":"WebSite","@id":"https:\/\/elcanillita.info\/press\/#website","url":"https:\/\/elcanillita.info\/press\/","name":"ElCanillita.Info","description":"desde los Apeninos a los Andes","publisher":{"@id":"https:\/\/elcanillita.info\/press\/#organization"},"potentialAction":[{"@type":"SearchAction","target":{"@type":"EntryPoint","urlTemplate":"https:\/\/elcanillita.info\/press\/?s={search_term_string}"},"query-input":{"@type":"PropertyValueSpecification","valueRequired":true,"valueName":"search_term_string"}}],"inLanguage":"es-AR"},{"@type":"Organization","@id":"https:\/\/elcanillita.info\/press\/#organization","name":"Guzzo Photos & Graphic Publications","url":"https:\/\/elcanillita.info\/press\/","logo":{"@type":"ImageObject","inLanguage":"es-AR","@id":"https:\/\/elcanillita.info\/press\/#\/schema\/logo\/image\/","url":"https:\/\/elcanillita.info\/press\/images\/2020\/01\/cropped-cropped-cropped-elcanillitainfo.png","contentUrl":"https:\/\/elcanillita.info\/press\/images\/2020\/01\/cropped-cropped-cropped-elcanillitainfo.png","width":460,"height":50,"caption":"Guzzo Photos & Graphic Publications"},"image":{"@id":"https:\/\/elcanillita.info\/press\/#\/schema\/logo\/image\/"},"sameAs":["https:\/\/ar-ar.facebook.com\/ElCanillitainfo-114249515285712\/"]},{"@type":"Person","@id":"https:\/\/elcanillita.info\/press\/#\/schema\/person\/7fcb79f38045700919f7da6d97e71ba0","name":"SalaStampa.eu, world press service","image":{"@type":"ImageObject","inLanguage":"es-AR","@id":"https:\/\/secure.gravatar.com\/avatar\/c2f0e0d515a107624234994507816ca4724c7199cef73fc8bedebf6931d73888?s=96&d=mm&r=g","url":"https:\/\/secure.gravatar.com\/avatar\/c2f0e0d515a107624234994507816ca4724c7199cef73fc8bedebf6931d73888?s=96&d=mm&r=g","contentUrl":"https:\/\/secure.gravatar.com\/avatar\/c2f0e0d515a107624234994507816ca4724c7199cef73fc8bedebf6931d73888?s=96&d=mm&r=g","caption":"SalaStampa.eu, world press service"}}]}},"views":323,"_links":{"self":[{"href":"https:\/\/elcanillita.info\/press\/wp-json\/wp\/v2\/posts\/4039","targetHints":{"allow":["GET"]}}],"collection":[{"href":"https:\/\/elcanillita.info\/press\/wp-json\/wp\/v2\/posts"}],"about":[{"href":"https:\/\/elcanillita.info\/press\/wp-json\/wp\/v2\/types\/post"}],"author":[{"embeddable":true,"href":"https:\/\/elcanillita.info\/press\/wp-json\/wp\/v2\/users\/1"}],"replies":[{"embeddable":true,"href":"https:\/\/elcanillita.info\/press\/wp-json\/wp\/v2\/comments?post=4039"}],"version-history":[{"count":0,"href":"https:\/\/elcanillita.info\/press\/wp-json\/wp\/v2\/posts\/4039\/revisions"}],"wp:featuredmedia":[{"embeddable":true,"href":"https:\/\/elcanillita.info\/press\/wp-json\/wp\/v2\/media\/4042"}],"wp:attachment":[{"href":"https:\/\/elcanillita.info\/press\/wp-json\/wp\/v2\/media?parent=4039"}],"wp:term":[{"taxonomy":"category","embeddable":true,"href":"https:\/\/elcanillita.info\/press\/wp-json\/wp\/v2\/categories?post=4039"},{"taxonomy":"post_tag","embeddable":true,"href":"https:\/\/elcanillita.info\/press\/wp-json\/wp\/v2\/tags?post=4039"}],"curies":[{"name":"wp","href":"https:\/\/api.w.org\/{rel}","templated":true}]}}