{"id":4036,"date":"2024-02-23T20:33:40","date_gmt":"2024-02-23T23:33:40","guid":{"rendered":"https:\/\/elcanillita.info\/press\/?p=4036"},"modified":"2024-02-23T20:35:38","modified_gmt":"2024-02-23T23:35:38","slug":"solo-infamias","status":"publish","type":"post","link":"https:\/\/elcanillita.info\/press\/2024\/02\/23\/solo-infamias\/","title":{"rendered":"S\u00f3lo infamias"},"content":{"rendered":"\n<p><b>por Enrique Guillermo Avogadro<\/b><\/p>\n\n\n\n<p><small>\u201cAlgunos de esos dirigentes gremiales, due\u00f1os de empresas y fortunas, se<br>han transformado en los m\u00e1ximos extorsionadores del poder democr\u00e1tico\u201d.<br>Jorge Fern\u00e1ndez D\u00edaz<\/small><\/p>\n\n\n\n<p>Buenos Aires, 24\/02\/2024<br>A s\u00f3lo setenta y seis d\u00edas de asumir, las deslumbrantes luces que encendi\u00f3 el Gobierno iluminan sin piedad las canalladas que el kirchnerismo cometi\u00f3, con alevos\u00eda y sin verg\u00fcenza alguna, contra la sociedad en su conjunto; explican, en gran medida y para quien quiera verlas, las causas del inconmensurable desastre que hoy vivimos.<\/p>\n\n\n\n<p>Todos los d\u00edas, cualquiera sea el lugar que toque la actual administraci\u00f3n, surgen toneladas de maloliente pus, s\u00edntoma claro de una extendida infecci\u00f3n. Antes fueron los \u201cchocolates\u201d de la Legislatura bonaerense, los inicuos recitales \u201cgratuitos\u201d organizados con fines proselitistas por gobernadores e intendentes de las provincias y municipios m\u00e1s pobres, y los ya famosos fondos fiduciarios, esa monumental caja pol\u00edtica \u2013US$ 10.000 millones- de la que se aliment\u00f3 la \u201ccasta\u201d veinte a\u00f1os y que, al ser defendida con u\u00f1as y dientes por sus beneficiarios, hizo fracasar la \u201cley \u00f3mnibus\u201d; esta semana, fueron el PAMI, la ANSES, el INADI, el IOMA, desmesurados organismos con presupuestos enormes y poblados de militantes \u201c\u00f1oquis\u201d con remuneraciones de ensue\u00f1o e incapaces de cumplir la funci\u00f3n social para la que fueron creados.<\/p>\n\n\n\n<p>Los funcionarios no deben olvidar que tienen la obligaci\u00f3n legal de denunciar los delitos de los que tomen conocimiento, y que ser\u00e1n los fiscales quienes, al recibir la informaci\u00f3n, impulsen la acci\u00f3n penal cuando corresponda. Y al Ministro de Justicia se le agradece que haya devuelto a la UIF y a la OA la posibilidad de actuar como querellantes, facult\u00e1ndolos a requerir pruebas.<\/p>\n\n\n\n<p>En el caso de los fideicomisos, el m\u00e1s rutilante (no el mayor ni el menos explicable) es el Fondo de Integraci\u00f3n Socio-Urbana (FISU), dirigido por Fernanda Mi\u00f1o, una enriquecida habitante de La Cava (San Isidro) e integrante del movimiento que lidera Juan Grabois, el l\u00edder de la Uni\u00f3n de Trabajadores de la Econom\u00eda Popular, al cual el Estado gir\u00f3 durante cuatro a\u00f1os dos millones de d\u00f3lares diarios para obras que no se hicieron y que, cuando lo fueron, se trat\u00f3 b\u00e1sicamente de cord\u00f3n-cuneta. Hoy, a pesar del esc\u00e1ndalo, el dinero sigue fluyendo hacia el FISU, ahora canalizado por Caritas y las iglesias evang\u00e9licas. Este audaz piquetero, que se atribuye una \u00edntima amistad con SS Francisco, tiene otro negocio comparable en el papel y el cart\u00f3n que sus \u201ccooperativas\u201d compran, a precio vil, a los miles de pobres, verdaderos esclavos, que vemos cada noche en las calles del AMBA empujando sus penosos carritos.<\/p>\n\n\n\n<p>Una somera auditor\u00eda sobre los distintos planes sociales, repartidos a mansalva por los Fern\u00e1ndez\u00b2, arroj\u00f3 resultados sorprendentes, con miles de beneficiarios que viajaron al exterior en aviones y barcos, muchos con trabajos formales y decenas de antiguos muertos que segu\u00edan cobrando. Cuando se intenta terminar con la corrupci\u00f3n que campea en la intermediaci\u00f3n de los alimentos, los gerentes de la pobreza, Grabois en primera fila, mandan descomunales obesas con ollas vac\u00edas a protestar y lloran en p\u00fablico por el hambre, y en privado porque les se acaba el robo y la reventa. Ahora, todas las organizaciones se han unido, como se vio ayer, en una protesta generalizada que enmascara la verdadera raz\u00f3n tras el tel\u00f3n de las necesidades de los pobres.<\/p>\n\n\n\n<p>La reglamentaci\u00f3n de la desregulaci\u00f3n de las obras sociales sindicales afect\u00f3 tanto a los dirigentes que, sin pudor alguno, despertaron del letargo de cuatro a\u00f1os en que se sumieron para evitar notar el terrible deterioro de salarios y jubilaciones y el aumento sideral de la pobreza que el populismo salvaje produc\u00eda. Y es razonable que as\u00ed ocurra, puesto que es de los aportes compulsivos de los trabajadores a las \u00e1reas de salud de los gremios de donde sus jerarcas extraen su riqueza personal; se sienten tan impunes, y lo han sido desde 1966, que no dudan en exhibir sus numerosos autom\u00f3viles de lujo, sus fastuosas residencias, sus empresas contratadas por las mismas organizaciones que dirigen y sus viajes a sitios paradis\u00edacos.<\/p>\n\n\n\n<p>Con la percepci\u00f3n del notorio fracaso de la huelga general que promovieron hace pocos d\u00edas, pero muy preocupados por el ataque a su \u00f3rgano m\u00e1s sensible (el bolsillo), ahora reaccionan con paros sectoriales de todo tipo, en un remedo de guerra de guerrillas; comenzaron por los ferrocarriles \u2013que sum\u00f3 descr\u00e9dito a los gremialistas cuando se inform\u00f3 que los maquinistas perciben salarios tanto mayores a los pasajeros que transportan, que son los principales perjudicados-, los servicios de salud, y amenazan con no iniciar el ciclo lectivo. Si bien es cierto que los m\u00e9dicos, enfermeros y maestros est\u00e1n mal pagos, no lo es menos que se trata de servicios esenciales que no pueden ni deben interrumpirse. Javier Milei debe entender que es en estas \u00e1reas \u2013salud y educaci\u00f3n, tanto como seguridad, defensa y justicia- donde el Estado debe mantener una presencia esencial, am\u00e9n de fortalecer los organismos anti-monop\u00f3licos.<\/p>\n\n\n\n<p>Un frente de tormenta m\u00e1s preocupante viene ahora desde las provincias petroleras de la Patagonia, cuyos gobernadores \u2013varios de ellos del PRO- han unificado sus reclamos por los fondos que, dicen, han sido retenidos ilegalmente por el Presidente. En un comunicado conjunto, amenazaron ayer al Gobierno, apelando al federalismo, con no permitir que salga de sus territorios un solo barril de petr\u00f3leo ni un metro c\u00fabico de gas si, antes del pr\u00f3ximo mi\u00e9rcoles, Javier Milei no gira ese dinero. De hacerla efectiva, la energ\u00eda dejar\u00e1 de fluir, electricidad incluida, con todo lo que ello puede significar para el pa\u00eds al sumarse a la fuerte recesi\u00f3n econ\u00f3mica.<br><br><small>\u00a9 Copyright 2024 Enrique Guillermo Avogadro<br>\u00a9 2024 ElCanillita.info \/ SalaStampa.Eu, servicio mundial de prensa<\/small><\/p>\n","protected":false},"excerpt":{"rendered":"<p>Javier Milei debe entender que es en estas \u00e1reas \u2013salud y educaci\u00f3n, tanto como seguridad, defensa y justicia- donde el Estado debe mantener una presencia esencial, am\u00e9n de fortalecer los organismos anti-monop\u00f3licos.<\/p>\n","protected":false},"author":1,"featured_media":3761,"comment_status":"closed","ping_status":"closed","sticky":false,"template":"","format":"standard","meta":{"footnotes":"","_links_to":"","_links_to_target":""},"categories":[121,108,11],"tags":[29],"class_list":["post-4036","post","type-post","status-publish","format-standard","has-post-thumbnail","hentry","category-dc24","category-blogdiario","category-america-del-sur","tag-argentina","entry","double"],"yoast_head":"<!-- This site is optimized with the Yoast SEO plugin v27.4 - https:\/\/yoast.com\/product\/yoast-seo-wordpress\/ -->\n<title>S\u00f3lo infamias - ElCanillita.Info<\/title>\n<meta name=\"robots\" content=\"index, follow, max-snippet:-1, max-image-preview:large, max-video-preview:-1\" \/>\n<link rel=\"canonical\" href=\"https:\/\/elcanillita.info\/press\/2024\/02\/23\/solo-infamias\/\" \/>\n<meta property=\"og:locale\" content=\"es_ES\" \/>\n<meta property=\"og:type\" content=\"article\" \/>\n<meta property=\"og:title\" content=\"S\u00f3lo infamias - ElCanillita.Info\" \/>\n<meta property=\"og:description\" content=\"Javier Milei debe entender que es en estas \u00e1reas \u2013salud y educaci\u00f3n, tanto como seguridad, defensa y justicia- donde el Estado debe mantener una presencia esencial, am\u00e9n de fortalecer los organismos anti-monop\u00f3licos.\" \/>\n<meta property=\"og:url\" content=\"https:\/\/elcanillita.info\/press\/2024\/02\/23\/solo-infamias\/\" \/>\n<meta property=\"og:site_name\" content=\"ElCanillita.Info\" \/>\n<meta property=\"article:publisher\" content=\"https:\/\/ar-ar.facebook.com\/ElCanillitainfo-114249515285712\/\" \/>\n<meta property=\"article:published_time\" content=\"2024-02-23T23:33:40+00:00\" \/>\n<meta property=\"article:modified_time\" content=\"2024-02-23T23:35:38+00:00\" \/>\n<meta property=\"og:image\" content=\"https:\/\/elcanillita.info\/press\/images\/2023\/09\/insa_2_20230924.jpg\" \/>\n\t<meta property=\"og:image:width\" content=\"600\" \/>\n\t<meta property=\"og:image:height\" content=\"338\" \/>\n\t<meta property=\"og:image:type\" content=\"image\/jpeg\" \/>\n<meta name=\"author\" content=\"SalaStampa.eu, world press service\" \/>\n<meta name=\"twitter:card\" content=\"summary_large_image\" \/>\n<meta name=\"twitter:label1\" content=\"Escrito por\" \/>\n\t<meta name=\"twitter:data1\" content=\"SalaStampa.eu, world press service\" \/>\n\t<meta name=\"twitter:label2\" content=\"Tiempo de lectura\" \/>\n\t<meta name=\"twitter:data2\" content=\"5 minutos\" \/>\n<script type=\"application\/ld+json\" class=\"yoast-schema-graph\">{\"@context\":\"https:\\\/\\\/schema.org\",\"@graph\":[{\"@type\":\"Article\",\"@id\":\"https:\\\/\\\/elcanillita.info\\\/press\\\/2024\\\/02\\\/23\\\/solo-infamias\\\/#article\",\"isPartOf\":{\"@id\":\"https:\\\/\\\/elcanillita.info\\\/press\\\/2024\\\/02\\\/23\\\/solo-infamias\\\/\"},\"author\":{\"name\":\"SalaStampa.eu, world press service\",\"@id\":\"https:\\\/\\\/elcanillita.info\\\/press\\\/#\\\/schema\\\/person\\\/7fcb79f38045700919f7da6d97e71ba0\"},\"headline\":\"S\u00f3lo infamias\",\"datePublished\":\"2024-02-23T23:33:40+00:00\",\"dateModified\":\"2024-02-23T23:35:38+00:00\",\"mainEntityOfPage\":{\"@id\":\"https:\\\/\\\/elcanillita.info\\\/press\\\/2024\\\/02\\\/23\\\/solo-infamias\\\/\"},\"wordCount\":999,\"publisher\":{\"@id\":\"https:\\\/\\\/elcanillita.info\\\/press\\\/#organization\"},\"image\":{\"@id\":\"https:\\\/\\\/elcanillita.info\\\/press\\\/2024\\\/02\\\/23\\\/solo-infamias\\\/#primaryimage\"},\"thumbnailUrl\":\"https:\\\/\\\/elcanillita.info\\\/press\\\/images\\\/2023\\\/09\\\/insa_2_20230924.jpg\",\"keywords\":[\"Argentina\"],\"articleSection\":[\".\",\".\",\"Am\u00e9rica del Sur\"],\"inLanguage\":\"es-AR\"},{\"@type\":\"WebPage\",\"@id\":\"https:\\\/\\\/elcanillita.info\\\/press\\\/2024\\\/02\\\/23\\\/solo-infamias\\\/\",\"url\":\"https:\\\/\\\/elcanillita.info\\\/press\\\/2024\\\/02\\\/23\\\/solo-infamias\\\/\",\"name\":\"S\u00f3lo infamias - ElCanillita.Info\",\"isPartOf\":{\"@id\":\"https:\\\/\\\/elcanillita.info\\\/press\\\/#website\"},\"primaryImageOfPage\":{\"@id\":\"https:\\\/\\\/elcanillita.info\\\/press\\\/2024\\\/02\\\/23\\\/solo-infamias\\\/#primaryimage\"},\"image\":{\"@id\":\"https:\\\/\\\/elcanillita.info\\\/press\\\/2024\\\/02\\\/23\\\/solo-infamias\\\/#primaryimage\"},\"thumbnailUrl\":\"https:\\\/\\\/elcanillita.info\\\/press\\\/images\\\/2023\\\/09\\\/insa_2_20230924.jpg\",\"datePublished\":\"2024-02-23T23:33:40+00:00\",\"dateModified\":\"2024-02-23T23:35:38+00:00\",\"inLanguage\":\"es-AR\",\"potentialAction\":[{\"@type\":\"ReadAction\",\"target\":[\"https:\\\/\\\/elcanillita.info\\\/press\\\/2024\\\/02\\\/23\\\/solo-infamias\\\/\"]}]},{\"@type\":\"ImageObject\",\"inLanguage\":\"es-AR\",\"@id\":\"https:\\\/\\\/elcanillita.info\\\/press\\\/2024\\\/02\\\/23\\\/solo-infamias\\\/#primaryimage\",\"url\":\"https:\\\/\\\/elcanillita.info\\\/press\\\/images\\\/2023\\\/09\\\/insa_2_20230924.jpg\",\"contentUrl\":\"https:\\\/\\\/elcanillita.info\\\/press\\\/images\\\/2023\\\/09\\\/insa_2_20230924.jpg\",\"width\":600,\"height\":338},{\"@type\":\"WebSite\",\"@id\":\"https:\\\/\\\/elcanillita.info\\\/press\\\/#website\",\"url\":\"https:\\\/\\\/elcanillita.info\\\/press\\\/\",\"name\":\"ElCanillita.Info\",\"description\":\"desde los Apeninos a los Andes\",\"publisher\":{\"@id\":\"https:\\\/\\\/elcanillita.info\\\/press\\\/#organization\"},\"potentialAction\":[{\"@type\":\"SearchAction\",\"target\":{\"@type\":\"EntryPoint\",\"urlTemplate\":\"https:\\\/\\\/elcanillita.info\\\/press\\\/?s={search_term_string}\"},\"query-input\":{\"@type\":\"PropertyValueSpecification\",\"valueRequired\":true,\"valueName\":\"search_term_string\"}}],\"inLanguage\":\"es-AR\"},{\"@type\":\"Organization\",\"@id\":\"https:\\\/\\\/elcanillita.info\\\/press\\\/#organization\",\"name\":\"Guzzo Photos & Graphic Publications\",\"url\":\"https:\\\/\\\/elcanillita.info\\\/press\\\/\",\"logo\":{\"@type\":\"ImageObject\",\"inLanguage\":\"es-AR\",\"@id\":\"https:\\\/\\\/elcanillita.info\\\/press\\\/#\\\/schema\\\/logo\\\/image\\\/\",\"url\":\"https:\\\/\\\/elcanillita.info\\\/press\\\/images\\\/2020\\\/01\\\/cropped-cropped-cropped-elcanillitainfo.png\",\"contentUrl\":\"https:\\\/\\\/elcanillita.info\\\/press\\\/images\\\/2020\\\/01\\\/cropped-cropped-cropped-elcanillitainfo.png\",\"width\":460,\"height\":50,\"caption\":\"Guzzo Photos & Graphic Publications\"},\"image\":{\"@id\":\"https:\\\/\\\/elcanillita.info\\\/press\\\/#\\\/schema\\\/logo\\\/image\\\/\"},\"sameAs\":[\"https:\\\/\\\/ar-ar.facebook.com\\\/ElCanillitainfo-114249515285712\\\/\"]},{\"@type\":\"Person\",\"@id\":\"https:\\\/\\\/elcanillita.info\\\/press\\\/#\\\/schema\\\/person\\\/7fcb79f38045700919f7da6d97e71ba0\",\"name\":\"SalaStampa.eu, world press service\",\"image\":{\"@type\":\"ImageObject\",\"inLanguage\":\"es-AR\",\"@id\":\"https:\\\/\\\/secure.gravatar.com\\\/avatar\\\/c2f0e0d515a107624234994507816ca4724c7199cef73fc8bedebf6931d73888?s=96&d=mm&r=g\",\"url\":\"https:\\\/\\\/secure.gravatar.com\\\/avatar\\\/c2f0e0d515a107624234994507816ca4724c7199cef73fc8bedebf6931d73888?s=96&d=mm&r=g\",\"contentUrl\":\"https:\\\/\\\/secure.gravatar.com\\\/avatar\\\/c2f0e0d515a107624234994507816ca4724c7199cef73fc8bedebf6931d73888?s=96&d=mm&r=g\",\"caption\":\"SalaStampa.eu, world press service\"}}]}<\/script>\n<!-- \/ Yoast SEO plugin. -->","yoast_head_json":{"title":"S\u00f3lo infamias - ElCanillita.Info","robots":{"index":"index","follow":"follow","max-snippet":"max-snippet:-1","max-image-preview":"max-image-preview:large","max-video-preview":"max-video-preview:-1"},"canonical":"https:\/\/elcanillita.info\/press\/2024\/02\/23\/solo-infamias\/","og_locale":"es_ES","og_type":"article","og_title":"S\u00f3lo infamias - ElCanillita.Info","og_description":"Javier Milei debe entender que es en estas \u00e1reas \u2013salud y educaci\u00f3n, tanto como seguridad, defensa y justicia- donde el Estado debe mantener una presencia esencial, am\u00e9n de fortalecer los organismos anti-monop\u00f3licos.","og_url":"https:\/\/elcanillita.info\/press\/2024\/02\/23\/solo-infamias\/","og_site_name":"ElCanillita.Info","article_publisher":"https:\/\/ar-ar.facebook.com\/ElCanillitainfo-114249515285712\/","article_published_time":"2024-02-23T23:33:40+00:00","article_modified_time":"2024-02-23T23:35:38+00:00","og_image":[{"width":600,"height":338,"url":"https:\/\/elcanillita.info\/press\/images\/2023\/09\/insa_2_20230924.jpg","type":"image\/jpeg"}],"author":"SalaStampa.eu, world press service","twitter_card":"summary_large_image","twitter_misc":{"Escrito por":"SalaStampa.eu, world press service","Tiempo de lectura":"5 minutos"},"schema":{"@context":"https:\/\/schema.org","@graph":[{"@type":"Article","@id":"https:\/\/elcanillita.info\/press\/2024\/02\/23\/solo-infamias\/#article","isPartOf":{"@id":"https:\/\/elcanillita.info\/press\/2024\/02\/23\/solo-infamias\/"},"author":{"name":"SalaStampa.eu, world press service","@id":"https:\/\/elcanillita.info\/press\/#\/schema\/person\/7fcb79f38045700919f7da6d97e71ba0"},"headline":"S\u00f3lo infamias","datePublished":"2024-02-23T23:33:40+00:00","dateModified":"2024-02-23T23:35:38+00:00","mainEntityOfPage":{"@id":"https:\/\/elcanillita.info\/press\/2024\/02\/23\/solo-infamias\/"},"wordCount":999,"publisher":{"@id":"https:\/\/elcanillita.info\/press\/#organization"},"image":{"@id":"https:\/\/elcanillita.info\/press\/2024\/02\/23\/solo-infamias\/#primaryimage"},"thumbnailUrl":"https:\/\/elcanillita.info\/press\/images\/2023\/09\/insa_2_20230924.jpg","keywords":["Argentina"],"articleSection":[".",".","Am\u00e9rica del Sur"],"inLanguage":"es-AR"},{"@type":"WebPage","@id":"https:\/\/elcanillita.info\/press\/2024\/02\/23\/solo-infamias\/","url":"https:\/\/elcanillita.info\/press\/2024\/02\/23\/solo-infamias\/","name":"S\u00f3lo infamias - ElCanillita.Info","isPartOf":{"@id":"https:\/\/elcanillita.info\/press\/#website"},"primaryImageOfPage":{"@id":"https:\/\/elcanillita.info\/press\/2024\/02\/23\/solo-infamias\/#primaryimage"},"image":{"@id":"https:\/\/elcanillita.info\/press\/2024\/02\/23\/solo-infamias\/#primaryimage"},"thumbnailUrl":"https:\/\/elcanillita.info\/press\/images\/2023\/09\/insa_2_20230924.jpg","datePublished":"2024-02-23T23:33:40+00:00","dateModified":"2024-02-23T23:35:38+00:00","inLanguage":"es-AR","potentialAction":[{"@type":"ReadAction","target":["https:\/\/elcanillita.info\/press\/2024\/02\/23\/solo-infamias\/"]}]},{"@type":"ImageObject","inLanguage":"es-AR","@id":"https:\/\/elcanillita.info\/press\/2024\/02\/23\/solo-infamias\/#primaryimage","url":"https:\/\/elcanillita.info\/press\/images\/2023\/09\/insa_2_20230924.jpg","contentUrl":"https:\/\/elcanillita.info\/press\/images\/2023\/09\/insa_2_20230924.jpg","width":600,"height":338},{"@type":"WebSite","@id":"https:\/\/elcanillita.info\/press\/#website","url":"https:\/\/elcanillita.info\/press\/","name":"ElCanillita.Info","description":"desde los Apeninos a los Andes","publisher":{"@id":"https:\/\/elcanillita.info\/press\/#organization"},"potentialAction":[{"@type":"SearchAction","target":{"@type":"EntryPoint","urlTemplate":"https:\/\/elcanillita.info\/press\/?s={search_term_string}"},"query-input":{"@type":"PropertyValueSpecification","valueRequired":true,"valueName":"search_term_string"}}],"inLanguage":"es-AR"},{"@type":"Organization","@id":"https:\/\/elcanillita.info\/press\/#organization","name":"Guzzo Photos & Graphic Publications","url":"https:\/\/elcanillita.info\/press\/","logo":{"@type":"ImageObject","inLanguage":"es-AR","@id":"https:\/\/elcanillita.info\/press\/#\/schema\/logo\/image\/","url":"https:\/\/elcanillita.info\/press\/images\/2020\/01\/cropped-cropped-cropped-elcanillitainfo.png","contentUrl":"https:\/\/elcanillita.info\/press\/images\/2020\/01\/cropped-cropped-cropped-elcanillitainfo.png","width":460,"height":50,"caption":"Guzzo Photos & Graphic Publications"},"image":{"@id":"https:\/\/elcanillita.info\/press\/#\/schema\/logo\/image\/"},"sameAs":["https:\/\/ar-ar.facebook.com\/ElCanillitainfo-114249515285712\/"]},{"@type":"Person","@id":"https:\/\/elcanillita.info\/press\/#\/schema\/person\/7fcb79f38045700919f7da6d97e71ba0","name":"SalaStampa.eu, world press service","image":{"@type":"ImageObject","inLanguage":"es-AR","@id":"https:\/\/secure.gravatar.com\/avatar\/c2f0e0d515a107624234994507816ca4724c7199cef73fc8bedebf6931d73888?s=96&d=mm&r=g","url":"https:\/\/secure.gravatar.com\/avatar\/c2f0e0d515a107624234994507816ca4724c7199cef73fc8bedebf6931d73888?s=96&d=mm&r=g","contentUrl":"https:\/\/secure.gravatar.com\/avatar\/c2f0e0d515a107624234994507816ca4724c7199cef73fc8bedebf6931d73888?s=96&d=mm&r=g","caption":"SalaStampa.eu, world press service"}}]}},"views":407,"_links":{"self":[{"href":"https:\/\/elcanillita.info\/press\/wp-json\/wp\/v2\/posts\/4036","targetHints":{"allow":["GET"]}}],"collection":[{"href":"https:\/\/elcanillita.info\/press\/wp-json\/wp\/v2\/posts"}],"about":[{"href":"https:\/\/elcanillita.info\/press\/wp-json\/wp\/v2\/types\/post"}],"author":[{"embeddable":true,"href":"https:\/\/elcanillita.info\/press\/wp-json\/wp\/v2\/users\/1"}],"replies":[{"embeddable":true,"href":"https:\/\/elcanillita.info\/press\/wp-json\/wp\/v2\/comments?post=4036"}],"version-history":[{"count":0,"href":"https:\/\/elcanillita.info\/press\/wp-json\/wp\/v2\/posts\/4036\/revisions"}],"wp:featuredmedia":[{"embeddable":true,"href":"https:\/\/elcanillita.info\/press\/wp-json\/wp\/v2\/media\/3761"}],"wp:attachment":[{"href":"https:\/\/elcanillita.info\/press\/wp-json\/wp\/v2\/media?parent=4036"}],"wp:term":[{"taxonomy":"category","embeddable":true,"href":"https:\/\/elcanillita.info\/press\/wp-json\/wp\/v2\/categories?post=4036"},{"taxonomy":"post_tag","embeddable":true,"href":"https:\/\/elcanillita.info\/press\/wp-json\/wp\/v2\/tags?post=4036"}],"curies":[{"name":"wp","href":"https:\/\/api.w.org\/{rel}","templated":true}]}}