{"id":4018,"date":"2024-02-16T20:32:34","date_gmt":"2024-02-16T23:32:34","guid":{"rendered":"https:\/\/elcanillita.info\/press\/?p=4018"},"modified":"2024-02-17T04:01:00","modified_gmt":"2024-02-17T07:01:00","slug":"desverguenza","status":"publish","type":"post","link":"https:\/\/elcanillita.info\/press\/2024\/02\/16\/desverguenza\/","title":{"rendered":"Desverg\u00fcenza"},"content":{"rendered":"\n<figure class=\"wp-block-image size-full\"><img loading=\"lazy\" decoding=\"async\" width=\"600\" height=\"400\" src=\"https:\/\/elcanillita.info\/press\/images\/2024\/02\/zola_20240217.jpg\" alt=\"\" class=\"wp-image-4019\" srcset=\"https:\/\/elcanillita.info\/press\/images\/2024\/02\/zola_20240217.jpg 600w, https:\/\/elcanillita.info\/press\/images\/2024\/02\/zola_20240217-300x200.jpg 300w\" sizes=\"auto, (max-width: 600px) 100vw, 600px\" \/><figcaption class=\"wp-element-caption\">\n<a href=\"#J'accuse ...!\">J&#8217;accuse &#8230;!<\/a> folleto del Dreyfusard \u00c9mile Zola.<\/figcaption><\/figure>\n\n\n\n<p><strong>por Enrique Guillermo Avogadro<\/strong><\/p>\n\n\n\n<p><small>\u201cNo os fi\u00e9is de las palabras, que sirven para deslumbrar y tergiversar las cosas; no os fi\u00e9is de vosotros, que pod\u00e9is equivocaros; hechos, s\u00f3lo hechos, que lo dem\u00e1s son nubes\u201d.<\/small><br><small>Santiago Rusi\u00f1ol<\/small><br><br>Buenos Aires, 17\/02\/2024<br>La semana pol\u00edtica local, sin olvidar la exitosa gira internacional que llev\u00f3 a Israel e Italia al Presidente, tuvo un hecho refulgente: el documento de 33 p\u00e1ginas con el cual reapareci\u00f3 Cristina Fern\u00e1ndez; en \u00e9l no s\u00f3lo fustig\u00f3 a Javier Milei y sus ministros sino que extendi\u00f3 sus cr\u00edticas al t\u00edtere que escogi\u00f3, con un tuit, como titular del gobierno que ella secund\u00f3 como Vicepresidente. Si algo confirm\u00f3 la condenada jefa de la asociaci\u00f3n il\u00edcita que saque\u00f3 al pa\u00eds hasta dejarlo de rodillas, con una pobreza que supera el 50%, es que estamos ante una peligrosa psic\u00f3pata, que pretende consumar una nueva estafa a la sociedad a escasos d\u00edas de unas urnas que llevaron al peronismo a la peor derrota electoral de su historia.&nbsp;&nbsp;<\/p>\n\n\n\n<p>Todos la conocemos, ya que la padecimos durante 20 a\u00f1os en distintas funciones institucionales, pero el cinismo, la descarada mentira y la tergiversaci\u00f3n de la historia que caracterizan este nuevo escrito hizo que la sociedad recuperara su capacidad de asombro. Es razonable que as\u00ed sea, toda vez que las recomendaciones que contiene para la demolida educaci\u00f3n p\u00fablica, para el irracional sistema impositivo, para el tratamiento de la gigantesca deuda externa que ella gener\u00f3, para el fomento a empresas grandes y medianas, para el obsoleto y perverso mundo del trabajo y para la inexistente seguridad, contradicen flagrantemente todo cuanto hizo desde el poder, aunque lo ejerciera tras bambalinas; el tono general del documento demuestra que la experiencia nada le ense\u00f1\u00f3 y que es una desfachatada.<\/p>\n\n\n\n<p>Es m\u00e1s, alguno de sus p\u00e1rrafos son amenazadoramente destituyentes, tal como la menci\u00f3n de los gobiernos de otro signo que, a por acci\u00f3n de distintos \u201cclubs del helic\u00f3ptero\u201d siempre peronistas, vieron interrumpidos sus per\u00edodos presidenciales a lo largo de la historia reciente. Alg\u00fan fiscal deber\u00eda recoger ese desafiante guante con el cual volvi\u00f3 a azotar la cara de nuestra tan fr\u00e1gil democracia, y llevarla ante la Justicia.<\/p>\n\n\n\n<p>Pero lo m\u00e1s grave es la impunidad -ese inexplicable manto con que la cubre a\u00fan Javier Milei- con la que se sigue moviendo en el escenario pol\u00edtico, sin pedir perd\u00f3n por su infinita corrupci\u00f3n ni sugerir la posibilidad de restituir al Estado al menos una peque\u00f1a parte de lo mucho que tanto ella como sus testaferros y c\u00f3mplices robaron. Peor a\u00fan, a corto plazo, por la sentencia que conden\u00f3 al pa\u00eds a pagar US$ 16.100 millones por la \u201cestatizaci\u00f3n\u201d de YPF, esta se\u00f1ora y su familia volver\u00e1n a enriquecerse al embolsar el 30% de esa monstruosa suma.<\/p>\n\n\n\n<p>En medio del feroz ajuste del gasto p\u00fablico que est\u00e1 ejecutando el Gobierno, cuya mayor v\u00edctima es la clase media afectada por la pinza que constituyen la dram\u00e1tica reducci\u00f3n del poder de compra de salarios y jubilaciones y, simult\u00e1neamente, el fort\u00edsimo aumento de precios de alimentos y servicios de todos los \u00f3rdenes, cada d\u00eda clama m\u00e1s al cielo la falta de referencias tanto del Presidente cuanto de su Ministro de Justicia, Mariano C\u00faneo Libarona, a la monumental corrupci\u00f3n que nos ha tra\u00eddo hasta aqu\u00ed. No bastan las p\u00fablicas condenas al injustificado dispendio de recursos que realizan las provincias en actos puramente demag\u00f3gicos y populistas, en gran parte con oscur\u00edsimos manejos, sino que la sociedad exige \u2013y lo gritar\u00e1 cada vez m\u00e1s a medida que el sufrimiento social se acent\u00fae- que se act\u00fae seriamente contra los claros responsables de esta tr\u00e1gica realidad.<\/p>\n\n\n\n<p>No es mediante la propuesta de crear una in\u00fatil y redundante nueva Fiscal\u00eda, como dice C\u00faneo Libarona que se proceder\u00e1, sino devolviendo a la Unidad de Investigaci\u00f3n Financiera y a la Oficina Anticorrupci\u00f3n la facultad de actuar como querellantes en las causas penales contra los mayores jerarcas de la pir\u00e1mide kirchnerista y sus contrapartes, las decenas de empresarios que confesaron sus delitos y las coimas que pagaron a funcionarios en la investigaci\u00f3n de los \u201cCuadernos\u201d de Oscar Centeno.<\/p>\n\n\n\n<p>En otro orden de cosas, tambi\u00e9n apelo encarecidamente al Gobierno para que, sin un minuto m\u00e1s de demora porque las penosas circunstancias personales de los afectados as\u00ed lo amerita, ese mismo Ministerio de Justicia que aparenta ser tan complaciente con los corruptos, se presente en todas las causas mal llamadas de \u201clesa humanidad\u201d y requiera a los jueces, convertidos en verdaderos asesinos togados, cumplir su expresa obligaci\u00f3n constitucional de considerar a todos los ciudadanos iguales ante la ley. La Ley 24.390 establece, claramente, que la prisi\u00f3n preventiva s\u00f3lo puede disponerse por un m\u00e1ximo de dos a\u00f1os, prorrogable por uno m\u00e1s por razones fundadas; \u00e9stas son el peligro de fuga y la posibilidad de alterar las pruebas del proceso, y faculta a los jueces a otorgar la detenci\u00f3n domiciliaria a los mayores de 70 a\u00f1os, como sin duda har\u00e1n con Cristina Fern\u00e1ndez.<\/p>\n\n\n\n<p>Sin embargo, la enorme mayor\u00eda de los presos pol\u00edticos (militares, polic\u00edas, sacerdotes y civiles) que se pudren en las c\u00e1rceles de todo el pa\u00eds no tiene a\u00fan sentencia firme y, sin embargo, padece prisiones preventivas que, en todos los casos, superan por mucho ese l\u00edmite temporal y, puntualmente, llegan a los diecis\u00e9is a\u00f1os. Como nadie puede suponer que estos adultos mayores, que mueren como moscas detenidos en penales sin posibilidad alguna de atender a las patolog\u00edas naturales de la vejez, puedan evadir la acci\u00f3n de la Justicia fug\u00e1ndose, o poner en riesgo las pruebas relacionadas con hechos sucedidos hace 50 a\u00f1os, sin duda estamos ante a una venganza de quienes fueron derrotados militarmente entonces, hoy encaramados en lugares expectables de la administraci\u00f3n p\u00fablica, la magistratura, la prensa y los organismos de derechos humanos \u201ctuertos\u201d.<br><br><small>\u00a9 Copyright 2024 Enrique Guillermo Avogadro<br>\u00a9 2024 ElCanillita.info \/ SalaStampa.Eu, servicio mundial de prensa<\/small><br><\/p>\n\n\n\n<div style=\"width:90%; padding-left:50px; font-size:0.8em; text-align: justify;\">\n<b>J&#8217;accuse &#8230;!<\/b><a name=\"J'accuse ...!\"><\/a><br>\nEl Asunto Dreyfus es un asunto de Estado que se convirti\u00f3 en un importante conflicto social y pol\u00edtico de la Tercera Rep\u00fablica, ocurrido en Francia a finales del siglo XIX en torno a la acusaci\u00f3n de traici\u00f3n hecha al Capit\u00e1n Alfred Dreyfus, un Jud\u00edo de origen alsaciano, que finalmente fue exonerado. Sacudi\u00f3 a la sociedad francesa durante doce a\u00f1os, de 1894 a 1906, dividi\u00e9ndola profunda y duraderamente en dos bandos opuestos: los &#8220;dreyfusistas&#8221;, partidarios de la inocencia de Dreyfus, y los &#8220;anti-dreyfusistas&#8221;, partidarios de su culpabilidad.<br>\n<br>\nLa condena a finales de 1894 del capit\u00e1n Dreyfus -por supuestamente haber entregado documentos secretos franceses al Imperio alem\u00e1n- fue un error judicial o incluso una conspiraci\u00f3n judicial en un contexto de espionaje y social, particularmente propicio a la lucha contra Semitismo y odio hacia Alemania (revanchismo) tras su anexi\u00f3n de Alsacia-Lorena (Alsacia-Mosela) en 1871.<br>\n<br> \nEl asunto tuvo inicialmente una resonancia limitada, antes de que en 1898 se absolviera al verdadero culpable y se publicara un folleto del dreyfusard \u00c9mile Zola. , \u201c\u00a1Yo acuso\u2026!\u201d \u00bb provocando una sucesi\u00f3n de crisis pol\u00edticas y sociales. En su punto culminante, en 1899, el asunto revel\u00f3 las divisiones en Francia durante la Tercera Rep\u00fablica, donde la oposici\u00f3n entre los bandos dreyfusardistas y antidreyfusardistas dio lugar a controversias nacionalistas y antisemitas muy violentas, difundidas por una prensa influyente. Termin\u00f3 en 1906, con una sentencia del Tribunal de Casaci\u00f3n que exoner\u00f3 y rehabilit\u00f3 definitivamente a Dreyfus.\n<br>\n<b>Reacciones<\/b>\n<br>\n Se produjeron manifestaciones antifrancesas en veinte capitales extranjeras; la prensa estaba escandalizada. Las reacciones de dos tipos. Los anglosajones, legalistas, se centraron en el asunto del espionaje y cuestionaron con bastante violencia la sentencia de culpabilidad, sin argumentos positivos para su edificaci\u00f3n. Como tal, el informe enviado el 16 de septiembre de 1899 por el Presidente del Tribunal Supremo de Inglaterra, Lord Russell de Killowen, a la reina Victoria, fue significativo de las repercusiones mundiales del asunto. El magistrado brit\u00e1nico, que viaj\u00f3 como observador a Rennes, critic\u00f3 los defectos del consejo de guerra:\n<br><br>\n\u201cLos jueces militares \u201cno conoc\u00edan la ley\u201d [\u2026]. Carec\u00edan de la experiencia y la aptitud para ver la evidencia detr\u00e1s del testimonio. [\u2026] Actuaron en base a lo que consideraban el honor del ej\u00e9rcito. [\u2026] le dieron demasiada importancia a los endebles alegatos que fueron los \u00fanicos presentados contra los acusados. [\u2026] Parece seguro que si el proceso de revisi\u00f3n se hubiera llevado a cabo ante el Tribunal de Casaci\u00f3n, Dreyfus ser\u00eda ahora un hombre libre. \u00bb\n<br><br>\nEste caso es a menudo considerado el s\u00edmbolo moderno y universal de la iniquidad en nombre de la raz\u00f3n de Estado, y sigue siendo uno de los ejemplos m\u00e1s llamativos de un error judicial dif\u00edcil de reparar, en el que la prensa y la opini\u00f3n p\u00fablica desempe\u00f1an un papel importante, un desajuste al Derecho Constitucional de la Rep\u00fablica, semejante al actual de Argentina.\n<br><br>\n<small>Copyright \u00a9 2024 ElCanillita.info &#8211; SalaStampa.Eu, Edited by Guzzo Photos &#038; Graphic Publications. <\/small> \n<br><br>\n<\/div>\n","protected":false},"excerpt":{"rendered":"<p>Este caso es a menudo considerado el s\u00edmbolo moderno y universal de la iniquidad en nombre de la raz\u00f3n de Estado, y sigue siendo uno de los ejemplos m\u00e1s llamativos de un error judicial dif\u00edcil de reparar, en el que la prensa y la opini\u00f3n p\u00fablica desempe\u00f1an un papel importante, un desajuste al Derecho Constitucional de la Rep\u00fablica, semejante al actual de Argentina.<\/p>\n","protected":false},"author":1,"featured_media":4019,"comment_status":"closed","ping_status":"closed","sticky":false,"template":"","format":"standard","meta":{"footnotes":"","_links_to":"","_links_to_target":""},"categories":[108,121,70,11,118,23],"tags":[29],"class_list":["post-4018","post","type-post","status-publish","format-standard","has-post-thumbnail","hentry","category-blogdiario","category-dc24","category-actualidad","category-america-del-sur","category-corrupcion","category-politica","tag-argentina","entry","double"],"yoast_head":"<!-- This site is optimized with the Yoast SEO plugin v27.4 - https:\/\/yoast.com\/product\/yoast-seo-wordpress\/ -->\n<title>Desverg\u00fcenza - ElCanillita.Info<\/title>\n<meta name=\"robots\" content=\"index, follow, max-snippet:-1, max-image-preview:large, max-video-preview:-1\" \/>\n<link rel=\"canonical\" href=\"https:\/\/elcanillita.info\/press\/2024\/02\/16\/desverguenza\/\" \/>\n<meta property=\"og:locale\" content=\"es_ES\" \/>\n<meta property=\"og:type\" content=\"article\" \/>\n<meta property=\"og:title\" content=\"Desverg\u00fcenza - ElCanillita.Info\" \/>\n<meta property=\"og:description\" content=\"Este caso es a menudo considerado el s\u00edmbolo moderno y universal de la iniquidad en nombre de la raz\u00f3n de Estado, y sigue siendo uno de los ejemplos m\u00e1s llamativos de un error judicial dif\u00edcil de reparar, en el que la prensa y la opini\u00f3n p\u00fablica desempe\u00f1an un papel importante, un desajuste al Derecho Constitucional de la Rep\u00fablica, semejante al actual de Argentina.\" \/>\n<meta property=\"og:url\" content=\"https:\/\/elcanillita.info\/press\/2024\/02\/16\/desverguenza\/\" \/>\n<meta property=\"og:site_name\" content=\"ElCanillita.Info\" \/>\n<meta property=\"article:publisher\" content=\"https:\/\/ar-ar.facebook.com\/ElCanillitainfo-114249515285712\/\" \/>\n<meta property=\"article:published_time\" content=\"2024-02-16T23:32:34+00:00\" \/>\n<meta property=\"article:modified_time\" content=\"2024-02-17T07:01:00+00:00\" \/>\n<meta property=\"og:image\" content=\"https:\/\/elcanillita.info\/press\/images\/2024\/02\/zola_20240217.jpg\" \/>\n\t<meta property=\"og:image:width\" content=\"600\" \/>\n\t<meta property=\"og:image:height\" content=\"400\" \/>\n\t<meta property=\"og:image:type\" content=\"image\/jpeg\" \/>\n<meta name=\"author\" content=\"SalaStampa.eu, world press service\" \/>\n<meta name=\"twitter:card\" content=\"summary_large_image\" \/>\n<meta name=\"twitter:label1\" content=\"Escrito por\" \/>\n\t<meta name=\"twitter:data1\" content=\"SalaStampa.eu, world press service\" \/>\n\t<meta name=\"twitter:label2\" content=\"Tiempo de lectura\" \/>\n\t<meta name=\"twitter:data2\" content=\"8 minutos\" \/>\n<script type=\"application\/ld+json\" class=\"yoast-schema-graph\">{\"@context\":\"https:\\\/\\\/schema.org\",\"@graph\":[{\"@type\":\"Article\",\"@id\":\"https:\\\/\\\/elcanillita.info\\\/press\\\/2024\\\/02\\\/16\\\/desverguenza\\\/#article\",\"isPartOf\":{\"@id\":\"https:\\\/\\\/elcanillita.info\\\/press\\\/2024\\\/02\\\/16\\\/desverguenza\\\/\"},\"author\":{\"name\":\"SalaStampa.eu, world press service\",\"@id\":\"https:\\\/\\\/elcanillita.info\\\/press\\\/#\\\/schema\\\/person\\\/7fcb79f38045700919f7da6d97e71ba0\"},\"headline\":\"Desverg\u00fcenza\",\"datePublished\":\"2024-02-16T23:32:34+00:00\",\"dateModified\":\"2024-02-17T07:01:00+00:00\",\"mainEntityOfPage\":{\"@id\":\"https:\\\/\\\/elcanillita.info\\\/press\\\/2024\\\/02\\\/16\\\/desverguenza\\\/\"},\"wordCount\":1555,\"publisher\":{\"@id\":\"https:\\\/\\\/elcanillita.info\\\/press\\\/#organization\"},\"image\":{\"@id\":\"https:\\\/\\\/elcanillita.info\\\/press\\\/2024\\\/02\\\/16\\\/desverguenza\\\/#primaryimage\"},\"thumbnailUrl\":\"https:\\\/\\\/elcanillita.info\\\/press\\\/images\\\/2024\\\/02\\\/zola_20240217.jpg\",\"keywords\":[\"Argentina\"],\"articleSection\":[\".\",\".\",\"Actualidad\",\"Am\u00e9rica del Sur\",\"Corrupci\u00f3n\",\"Politica\"],\"inLanguage\":\"es-AR\"},{\"@type\":\"WebPage\",\"@id\":\"https:\\\/\\\/elcanillita.info\\\/press\\\/2024\\\/02\\\/16\\\/desverguenza\\\/\",\"url\":\"https:\\\/\\\/elcanillita.info\\\/press\\\/2024\\\/02\\\/16\\\/desverguenza\\\/\",\"name\":\"Desverg\u00fcenza - ElCanillita.Info\",\"isPartOf\":{\"@id\":\"https:\\\/\\\/elcanillita.info\\\/press\\\/#website\"},\"primaryImageOfPage\":{\"@id\":\"https:\\\/\\\/elcanillita.info\\\/press\\\/2024\\\/02\\\/16\\\/desverguenza\\\/#primaryimage\"},\"image\":{\"@id\":\"https:\\\/\\\/elcanillita.info\\\/press\\\/2024\\\/02\\\/16\\\/desverguenza\\\/#primaryimage\"},\"thumbnailUrl\":\"https:\\\/\\\/elcanillita.info\\\/press\\\/images\\\/2024\\\/02\\\/zola_20240217.jpg\",\"datePublished\":\"2024-02-16T23:32:34+00:00\",\"dateModified\":\"2024-02-17T07:01:00+00:00\",\"inLanguage\":\"es-AR\",\"potentialAction\":[{\"@type\":\"ReadAction\",\"target\":[\"https:\\\/\\\/elcanillita.info\\\/press\\\/2024\\\/02\\\/16\\\/desverguenza\\\/\"]}]},{\"@type\":\"ImageObject\",\"inLanguage\":\"es-AR\",\"@id\":\"https:\\\/\\\/elcanillita.info\\\/press\\\/2024\\\/02\\\/16\\\/desverguenza\\\/#primaryimage\",\"url\":\"https:\\\/\\\/elcanillita.info\\\/press\\\/images\\\/2024\\\/02\\\/zola_20240217.jpg\",\"contentUrl\":\"https:\\\/\\\/elcanillita.info\\\/press\\\/images\\\/2024\\\/02\\\/zola_20240217.jpg\",\"width\":600,\"height\":400},{\"@type\":\"WebSite\",\"@id\":\"https:\\\/\\\/elcanillita.info\\\/press\\\/#website\",\"url\":\"https:\\\/\\\/elcanillita.info\\\/press\\\/\",\"name\":\"ElCanillita.Info\",\"description\":\"desde los Apeninos a los Andes\",\"publisher\":{\"@id\":\"https:\\\/\\\/elcanillita.info\\\/press\\\/#organization\"},\"potentialAction\":[{\"@type\":\"SearchAction\",\"target\":{\"@type\":\"EntryPoint\",\"urlTemplate\":\"https:\\\/\\\/elcanillita.info\\\/press\\\/?s={search_term_string}\"},\"query-input\":{\"@type\":\"PropertyValueSpecification\",\"valueRequired\":true,\"valueName\":\"search_term_string\"}}],\"inLanguage\":\"es-AR\"},{\"@type\":\"Organization\",\"@id\":\"https:\\\/\\\/elcanillita.info\\\/press\\\/#organization\",\"name\":\"Guzzo Photos & Graphic Publications\",\"url\":\"https:\\\/\\\/elcanillita.info\\\/press\\\/\",\"logo\":{\"@type\":\"ImageObject\",\"inLanguage\":\"es-AR\",\"@id\":\"https:\\\/\\\/elcanillita.info\\\/press\\\/#\\\/schema\\\/logo\\\/image\\\/\",\"url\":\"https:\\\/\\\/elcanillita.info\\\/press\\\/images\\\/2020\\\/01\\\/cropped-cropped-cropped-elcanillitainfo.png\",\"contentUrl\":\"https:\\\/\\\/elcanillita.info\\\/press\\\/images\\\/2020\\\/01\\\/cropped-cropped-cropped-elcanillitainfo.png\",\"width\":460,\"height\":50,\"caption\":\"Guzzo Photos & Graphic Publications\"},\"image\":{\"@id\":\"https:\\\/\\\/elcanillita.info\\\/press\\\/#\\\/schema\\\/logo\\\/image\\\/\"},\"sameAs\":[\"https:\\\/\\\/ar-ar.facebook.com\\\/ElCanillitainfo-114249515285712\\\/\"]},{\"@type\":\"Person\",\"@id\":\"https:\\\/\\\/elcanillita.info\\\/press\\\/#\\\/schema\\\/person\\\/7fcb79f38045700919f7da6d97e71ba0\",\"name\":\"SalaStampa.eu, world press service\",\"image\":{\"@type\":\"ImageObject\",\"inLanguage\":\"es-AR\",\"@id\":\"https:\\\/\\\/secure.gravatar.com\\\/avatar\\\/c2f0e0d515a107624234994507816ca4724c7199cef73fc8bedebf6931d73888?s=96&d=mm&r=g\",\"url\":\"https:\\\/\\\/secure.gravatar.com\\\/avatar\\\/c2f0e0d515a107624234994507816ca4724c7199cef73fc8bedebf6931d73888?s=96&d=mm&r=g\",\"contentUrl\":\"https:\\\/\\\/secure.gravatar.com\\\/avatar\\\/c2f0e0d515a107624234994507816ca4724c7199cef73fc8bedebf6931d73888?s=96&d=mm&r=g\",\"caption\":\"SalaStampa.eu, world press service\"}}]}<\/script>\n<!-- \/ Yoast SEO plugin. -->","yoast_head_json":{"title":"Desverg\u00fcenza - ElCanillita.Info","robots":{"index":"index","follow":"follow","max-snippet":"max-snippet:-1","max-image-preview":"max-image-preview:large","max-video-preview":"max-video-preview:-1"},"canonical":"https:\/\/elcanillita.info\/press\/2024\/02\/16\/desverguenza\/","og_locale":"es_ES","og_type":"article","og_title":"Desverg\u00fcenza - ElCanillita.Info","og_description":"Este caso es a menudo considerado el s\u00edmbolo moderno y universal de la iniquidad en nombre de la raz\u00f3n de Estado, y sigue siendo uno de los ejemplos m\u00e1s llamativos de un error judicial dif\u00edcil de reparar, en el que la prensa y la opini\u00f3n p\u00fablica desempe\u00f1an un papel importante, un desajuste al Derecho Constitucional de la Rep\u00fablica, semejante al actual de Argentina.","og_url":"https:\/\/elcanillita.info\/press\/2024\/02\/16\/desverguenza\/","og_site_name":"ElCanillita.Info","article_publisher":"https:\/\/ar-ar.facebook.com\/ElCanillitainfo-114249515285712\/","article_published_time":"2024-02-16T23:32:34+00:00","article_modified_time":"2024-02-17T07:01:00+00:00","og_image":[{"width":600,"height":400,"url":"https:\/\/elcanillita.info\/press\/images\/2024\/02\/zola_20240217.jpg","type":"image\/jpeg"}],"author":"SalaStampa.eu, world press service","twitter_card":"summary_large_image","twitter_misc":{"Escrito por":"SalaStampa.eu, world press service","Tiempo de lectura":"8 minutos"},"schema":{"@context":"https:\/\/schema.org","@graph":[{"@type":"Article","@id":"https:\/\/elcanillita.info\/press\/2024\/02\/16\/desverguenza\/#article","isPartOf":{"@id":"https:\/\/elcanillita.info\/press\/2024\/02\/16\/desverguenza\/"},"author":{"name":"SalaStampa.eu, world press service","@id":"https:\/\/elcanillita.info\/press\/#\/schema\/person\/7fcb79f38045700919f7da6d97e71ba0"},"headline":"Desverg\u00fcenza","datePublished":"2024-02-16T23:32:34+00:00","dateModified":"2024-02-17T07:01:00+00:00","mainEntityOfPage":{"@id":"https:\/\/elcanillita.info\/press\/2024\/02\/16\/desverguenza\/"},"wordCount":1555,"publisher":{"@id":"https:\/\/elcanillita.info\/press\/#organization"},"image":{"@id":"https:\/\/elcanillita.info\/press\/2024\/02\/16\/desverguenza\/#primaryimage"},"thumbnailUrl":"https:\/\/elcanillita.info\/press\/images\/2024\/02\/zola_20240217.jpg","keywords":["Argentina"],"articleSection":[".",".","Actualidad","Am\u00e9rica del Sur","Corrupci\u00f3n","Politica"],"inLanguage":"es-AR"},{"@type":"WebPage","@id":"https:\/\/elcanillita.info\/press\/2024\/02\/16\/desverguenza\/","url":"https:\/\/elcanillita.info\/press\/2024\/02\/16\/desverguenza\/","name":"Desverg\u00fcenza - ElCanillita.Info","isPartOf":{"@id":"https:\/\/elcanillita.info\/press\/#website"},"primaryImageOfPage":{"@id":"https:\/\/elcanillita.info\/press\/2024\/02\/16\/desverguenza\/#primaryimage"},"image":{"@id":"https:\/\/elcanillita.info\/press\/2024\/02\/16\/desverguenza\/#primaryimage"},"thumbnailUrl":"https:\/\/elcanillita.info\/press\/images\/2024\/02\/zola_20240217.jpg","datePublished":"2024-02-16T23:32:34+00:00","dateModified":"2024-02-17T07:01:00+00:00","inLanguage":"es-AR","potentialAction":[{"@type":"ReadAction","target":["https:\/\/elcanillita.info\/press\/2024\/02\/16\/desverguenza\/"]}]},{"@type":"ImageObject","inLanguage":"es-AR","@id":"https:\/\/elcanillita.info\/press\/2024\/02\/16\/desverguenza\/#primaryimage","url":"https:\/\/elcanillita.info\/press\/images\/2024\/02\/zola_20240217.jpg","contentUrl":"https:\/\/elcanillita.info\/press\/images\/2024\/02\/zola_20240217.jpg","width":600,"height":400},{"@type":"WebSite","@id":"https:\/\/elcanillita.info\/press\/#website","url":"https:\/\/elcanillita.info\/press\/","name":"ElCanillita.Info","description":"desde los Apeninos a los Andes","publisher":{"@id":"https:\/\/elcanillita.info\/press\/#organization"},"potentialAction":[{"@type":"SearchAction","target":{"@type":"EntryPoint","urlTemplate":"https:\/\/elcanillita.info\/press\/?s={search_term_string}"},"query-input":{"@type":"PropertyValueSpecification","valueRequired":true,"valueName":"search_term_string"}}],"inLanguage":"es-AR"},{"@type":"Organization","@id":"https:\/\/elcanillita.info\/press\/#organization","name":"Guzzo Photos & Graphic Publications","url":"https:\/\/elcanillita.info\/press\/","logo":{"@type":"ImageObject","inLanguage":"es-AR","@id":"https:\/\/elcanillita.info\/press\/#\/schema\/logo\/image\/","url":"https:\/\/elcanillita.info\/press\/images\/2020\/01\/cropped-cropped-cropped-elcanillitainfo.png","contentUrl":"https:\/\/elcanillita.info\/press\/images\/2020\/01\/cropped-cropped-cropped-elcanillitainfo.png","width":460,"height":50,"caption":"Guzzo Photos & Graphic Publications"},"image":{"@id":"https:\/\/elcanillita.info\/press\/#\/schema\/logo\/image\/"},"sameAs":["https:\/\/ar-ar.facebook.com\/ElCanillitainfo-114249515285712\/"]},{"@type":"Person","@id":"https:\/\/elcanillita.info\/press\/#\/schema\/person\/7fcb79f38045700919f7da6d97e71ba0","name":"SalaStampa.eu, world press service","image":{"@type":"ImageObject","inLanguage":"es-AR","@id":"https:\/\/secure.gravatar.com\/avatar\/c2f0e0d515a107624234994507816ca4724c7199cef73fc8bedebf6931d73888?s=96&d=mm&r=g","url":"https:\/\/secure.gravatar.com\/avatar\/c2f0e0d515a107624234994507816ca4724c7199cef73fc8bedebf6931d73888?s=96&d=mm&r=g","contentUrl":"https:\/\/secure.gravatar.com\/avatar\/c2f0e0d515a107624234994507816ca4724c7199cef73fc8bedebf6931d73888?s=96&d=mm&r=g","caption":"SalaStampa.eu, world press service"}}]}},"views":411,"_links":{"self":[{"href":"https:\/\/elcanillita.info\/press\/wp-json\/wp\/v2\/posts\/4018","targetHints":{"allow":["GET"]}}],"collection":[{"href":"https:\/\/elcanillita.info\/press\/wp-json\/wp\/v2\/posts"}],"about":[{"href":"https:\/\/elcanillita.info\/press\/wp-json\/wp\/v2\/types\/post"}],"author":[{"embeddable":true,"href":"https:\/\/elcanillita.info\/press\/wp-json\/wp\/v2\/users\/1"}],"replies":[{"embeddable":true,"href":"https:\/\/elcanillita.info\/press\/wp-json\/wp\/v2\/comments?post=4018"}],"version-history":[{"count":0,"href":"https:\/\/elcanillita.info\/press\/wp-json\/wp\/v2\/posts\/4018\/revisions"}],"wp:featuredmedia":[{"embeddable":true,"href":"https:\/\/elcanillita.info\/press\/wp-json\/wp\/v2\/media\/4019"}],"wp:attachment":[{"href":"https:\/\/elcanillita.info\/press\/wp-json\/wp\/v2\/media?parent=4018"}],"wp:term":[{"taxonomy":"category","embeddable":true,"href":"https:\/\/elcanillita.info\/press\/wp-json\/wp\/v2\/categories?post=4018"},{"taxonomy":"post_tag","embeddable":true,"href":"https:\/\/elcanillita.info\/press\/wp-json\/wp\/v2\/tags?post=4018"}],"curies":[{"name":"wp","href":"https:\/\/api.w.org\/{rel}","templated":true}]}}