{"id":4013,"date":"2024-02-16T09:52:17","date_gmt":"2024-02-16T12:52:17","guid":{"rendered":"https:\/\/elcanillita.info\/press\/?p=4013"},"modified":"2024-02-16T09:53:08","modified_gmt":"2024-02-16T12:53:08","slug":"muere-en-prision-alexei-navalny-politico-opositor-ruso","status":"publish","type":"post","link":"https:\/\/elcanillita.info\/press\/2024\/02\/16\/muere-en-prision-alexei-navalny-politico-opositor-ruso\/","title":{"rendered":"Muere en prisi\u00f3n Alexei Navalny, pol\u00edtico opositor ruso"},"content":{"rendered":"\n<figure class=\"wp-block-image size-full\"><img loading=\"lazy\" decoding=\"async\" width=\"600\" height=\"337\" src=\"https:\/\/elcanillita.info\/press\/images\/2024\/02\/Navalny_20240216.jpg\" alt=\"\" class=\"wp-image-4014\" srcset=\"https:\/\/elcanillita.info\/press\/images\/2024\/02\/Navalny_20240216.jpg 600w, https:\/\/elcanillita.info\/press\/images\/2024\/02\/Navalny_20240216-300x169.jpg 300w\" sizes=\"auto, (max-width: 600px) 100vw, 600px\" \/><\/figure>\n\n\n\n<p>ElCanillita.info, viernes 16 de febrero de 2024,<\/p>\n\n\n\n<p>Alexei Navalny, el cr\u00edtico encarcelado del presidente Putin y l\u00edder de la oposici\u00f3n rusa, ha muerto, seg\u00fan el servicio penitenciario.<\/p>\n\n\n\n<p>En un comunicado publicado en su sitio web, el Servicio Penitenciario Federal del Distrito Aut\u00f3nomo Yamalo-Nenets dijo que Navalny, de 47 a\u00f1os, &#8220;se sinti\u00f3 mal&#8221; despu\u00e9s de una caminata el viernes y &#8220;casi inmediatamente perdi\u00f3 el conocimiento&#8221;. Dijo que hab\u00edan llamado al personal m\u00e9dico, pero no pudieron reanimar a Navalny. Dijo que se estaba estableciendo la causa de la muerte.<\/p>\n\n\n\n<p>El presidente Putin ha sido informado de los acontecimientos en la prisi\u00f3n, informaron los medios estatales, pero Kira Yarmysh, secretaria de prensa de Navalny, dijo que no hab\u00eda recibido confirmaci\u00f3n. &#8220;El abogado de Alexei est\u00e1 volando ahora a Kharp. Tan pronto como tengamos informaci\u00f3n, la informaremos&#8221;, dijo.<\/p>\n\n\n\n<figure class=\"wp-block-image size-full\"><img loading=\"lazy\" decoding=\"async\" width=\"600\" height=\"515\" src=\"https:\/\/elcanillita.info\/press\/images\/2024\/02\/NavalnyHoS_20240216.jpg\" alt=\"\" class=\"wp-image-4015\" srcset=\"https:\/\/elcanillita.info\/press\/images\/2024\/02\/NavalnyHoS_20240216.jpg 600w, https:\/\/elcanillita.info\/press\/images\/2024\/02\/NavalnyHoS_20240216-300x258.jpg 300w\" sizes=\"auto, (max-width: 600px) 100vw, 600px\" \/><figcaption class=\"wp-element-caption\"><strong>Navalny ingres\u00f3 en un hospital en Alemania en 2020 tras haber sido envenenado.<\/strong><\/figcaption><\/figure>\n\n\n\n<p>El mes pasado se le vio ri\u00e9ndose y bromeando en el tribunal en una aparente muestra de desaf\u00edo despu\u00e9s de haber sido trasladado a un duro campo de prisioneros en la regi\u00f3n \u00e1rtica de Rusia.<\/p>\n\n\n\n<p>Los aliados de Navalny, el mayor cr\u00edtico interno de Putin, no hab\u00edan podido localizarlo durante casi tres semanas en diciembre despu\u00e9s de que lo trasladaron de la colonia penitenciaria IK-6 cerca de Mosc\u00fa a un centro penitenciario a\u00fan m\u00e1s estricto llamado Lobo Polar.<\/p>\n\n\n\n<p>Hablando por videoconferencia en su primera audiencia judicial desde su desaparici\u00f3n, Navalny pregunt\u00f3 en broma a un funcionario de la instalaci\u00f3n IK-6 si \u00e9l y otro personal penitenciario hab\u00edan celebrado una fiesta para celebrar su partida al \u00c1rtico. Cuando el juez desestim\u00f3 la pregunta, Navalny respondi\u00f3: &#8220;Est\u00e1 bien, lo reformular\u00e9: \u00bffue una fiesta o una noche de karaoke?&#8221;.<\/p>\n\n\n\n<p>Navalny fue arrestado en enero de 2021 despu\u00e9s de regresar a Mosc\u00fa desde Berl\u00edn, donde hab\u00eda pasado meses recuper\u00e1ndose de un envenenamiento casi fatal que, seg\u00fan dijo, fue ordenado por Putin. Est\u00e1ba cumpliendo sentencias de prisi\u00f3n por un total de m\u00e1s de 30 a\u00f1os por cargos de fraude y extremismo que, seg\u00fan \u00e9l, fueron inventados por el Kremlin para impedirle desafiar el largo gobierno de Putin.<\/p>\n\n\n\n<p>Navalny hab\u00eda instado a sus seguidores a votar por cualquiera que no fuera Putin en las elecciones presidenciales previstas para marzo, en un esfuerzo por crear tensiones en torno a una votaci\u00f3n estrechamente controlada.<\/p>\n\n\n\n<p>En enero logr\u00f3 transmitir a sus seguidores un mensaje sobre la vida en la prisi\u00f3n de Polar Wolf, donde las temperaturas invernales pueden caer por debajo de los 30\u00b0C bajo cero.<br><br><small>Copyright \u00a9 2024 ElCanillita.info \/ SalaStampa.Eu, servicio mundial de prensa<\/small><\/p>\n","protected":false},"excerpt":{"rendered":"<p>Crec\u00edan las preocupaciones sobre la salud del cr\u00edtico de Putin.<br \/>\nAlexei Navalny fue arrestado en enero de 2021<\/p>\n","protected":false},"author":1,"featured_media":4014,"comment_status":"closed","ping_status":"closed","sticky":false,"template":"","format":"standard","meta":{"footnotes":"","_links_to":"","_links_to_target":""},"categories":[108,121,70,7],"tags":[49],"class_list":["post-4013","post","type-post","status-publish","format-standard","has-post-thumbnail","hentry","category-blogdiario","category-dc24","category-actualidad","category-eurasia","tag-rusia","entry","double"],"yoast_head":"<!-- This site is optimized with the Yoast SEO plugin v27.4 - https:\/\/yoast.com\/product\/yoast-seo-wordpress\/ -->\n<title>Muere en prisi\u00f3n Alexei Navalny, pol\u00edtico opositor ruso - ElCanillita.Info<\/title>\n<meta name=\"robots\" content=\"index, follow, max-snippet:-1, max-image-preview:large, max-video-preview:-1\" \/>\n<link rel=\"canonical\" href=\"https:\/\/elcanillita.info\/press\/2024\/02\/16\/muere-en-prision-alexei-navalny-politico-opositor-ruso\/\" \/>\n<meta property=\"og:locale\" content=\"es_ES\" \/>\n<meta property=\"og:type\" content=\"article\" \/>\n<meta property=\"og:title\" content=\"Muere en prisi\u00f3n Alexei Navalny, pol\u00edtico opositor ruso - ElCanillita.Info\" \/>\n<meta property=\"og:description\" content=\"Crec\u00edan las preocupaciones sobre la salud del cr\u00edtico de Putin. Alexei Navalny fue arrestado en enero de 2021\" \/>\n<meta property=\"og:url\" content=\"https:\/\/elcanillita.info\/press\/2024\/02\/16\/muere-en-prision-alexei-navalny-politico-opositor-ruso\/\" \/>\n<meta property=\"og:site_name\" content=\"ElCanillita.Info\" \/>\n<meta property=\"article:publisher\" content=\"https:\/\/ar-ar.facebook.com\/ElCanillitainfo-114249515285712\/\" \/>\n<meta property=\"article:published_time\" content=\"2024-02-16T12:52:17+00:00\" \/>\n<meta property=\"article:modified_time\" content=\"2024-02-16T12:53:08+00:00\" \/>\n<meta property=\"og:image\" content=\"https:\/\/elcanillita.info\/press\/images\/2024\/02\/Navalny_20240216.jpg\" \/>\n\t<meta property=\"og:image:width\" content=\"600\" \/>\n\t<meta property=\"og:image:height\" content=\"337\" \/>\n\t<meta property=\"og:image:type\" content=\"image\/jpeg\" \/>\n<meta name=\"author\" content=\"SalaStampa.eu, world press service\" \/>\n<meta name=\"twitter:card\" content=\"summary_large_image\" \/>\n<meta name=\"twitter:label1\" content=\"Escrito por\" \/>\n\t<meta name=\"twitter:data1\" content=\"SalaStampa.eu, world press service\" \/>\n\t<meta name=\"twitter:label2\" content=\"Tiempo de lectura\" \/>\n\t<meta name=\"twitter:data2\" content=\"3 minutos\" \/>\n<script type=\"application\/ld+json\" class=\"yoast-schema-graph\">{\"@context\":\"https:\\\/\\\/schema.org\",\"@graph\":[{\"@type\":\"Article\",\"@id\":\"https:\\\/\\\/elcanillita.info\\\/press\\\/2024\\\/02\\\/16\\\/muere-en-prision-alexei-navalny-politico-opositor-ruso\\\/#article\",\"isPartOf\":{\"@id\":\"https:\\\/\\\/elcanillita.info\\\/press\\\/2024\\\/02\\\/16\\\/muere-en-prision-alexei-navalny-politico-opositor-ruso\\\/\"},\"author\":{\"name\":\"SalaStampa.eu, world press service\",\"@id\":\"https:\\\/\\\/elcanillita.info\\\/press\\\/#\\\/schema\\\/person\\\/7fcb79f38045700919f7da6d97e71ba0\"},\"headline\":\"Muere en prisi\u00f3n Alexei Navalny, pol\u00edtico opositor ruso\",\"datePublished\":\"2024-02-16T12:52:17+00:00\",\"dateModified\":\"2024-02-16T12:53:08+00:00\",\"mainEntityOfPage\":{\"@id\":\"https:\\\/\\\/elcanillita.info\\\/press\\\/2024\\\/02\\\/16\\\/muere-en-prision-alexei-navalny-politico-opositor-ruso\\\/\"},\"wordCount\":466,\"publisher\":{\"@id\":\"https:\\\/\\\/elcanillita.info\\\/press\\\/#organization\"},\"image\":{\"@id\":\"https:\\\/\\\/elcanillita.info\\\/press\\\/2024\\\/02\\\/16\\\/muere-en-prision-alexei-navalny-politico-opositor-ruso\\\/#primaryimage\"},\"thumbnailUrl\":\"https:\\\/\\\/elcanillita.info\\\/press\\\/images\\\/2024\\\/02\\\/Navalny_20240216.jpg\",\"keywords\":[\"Rusia\"],\"articleSection\":[\".\",\".\",\"Actualidad\",\"Eurasia\"],\"inLanguage\":\"es-AR\"},{\"@type\":\"WebPage\",\"@id\":\"https:\\\/\\\/elcanillita.info\\\/press\\\/2024\\\/02\\\/16\\\/muere-en-prision-alexei-navalny-politico-opositor-ruso\\\/\",\"url\":\"https:\\\/\\\/elcanillita.info\\\/press\\\/2024\\\/02\\\/16\\\/muere-en-prision-alexei-navalny-politico-opositor-ruso\\\/\",\"name\":\"Muere en prisi\u00f3n Alexei Navalny, pol\u00edtico opositor ruso - ElCanillita.Info\",\"isPartOf\":{\"@id\":\"https:\\\/\\\/elcanillita.info\\\/press\\\/#website\"},\"primaryImageOfPage\":{\"@id\":\"https:\\\/\\\/elcanillita.info\\\/press\\\/2024\\\/02\\\/16\\\/muere-en-prision-alexei-navalny-politico-opositor-ruso\\\/#primaryimage\"},\"image\":{\"@id\":\"https:\\\/\\\/elcanillita.info\\\/press\\\/2024\\\/02\\\/16\\\/muere-en-prision-alexei-navalny-politico-opositor-ruso\\\/#primaryimage\"},\"thumbnailUrl\":\"https:\\\/\\\/elcanillita.info\\\/press\\\/images\\\/2024\\\/02\\\/Navalny_20240216.jpg\",\"datePublished\":\"2024-02-16T12:52:17+00:00\",\"dateModified\":\"2024-02-16T12:53:08+00:00\",\"inLanguage\":\"es-AR\",\"potentialAction\":[{\"@type\":\"ReadAction\",\"target\":[\"https:\\\/\\\/elcanillita.info\\\/press\\\/2024\\\/02\\\/16\\\/muere-en-prision-alexei-navalny-politico-opositor-ruso\\\/\"]}]},{\"@type\":\"ImageObject\",\"inLanguage\":\"es-AR\",\"@id\":\"https:\\\/\\\/elcanillita.info\\\/press\\\/2024\\\/02\\\/16\\\/muere-en-prision-alexei-navalny-politico-opositor-ruso\\\/#primaryimage\",\"url\":\"https:\\\/\\\/elcanillita.info\\\/press\\\/images\\\/2024\\\/02\\\/Navalny_20240216.jpg\",\"contentUrl\":\"https:\\\/\\\/elcanillita.info\\\/press\\\/images\\\/2024\\\/02\\\/Navalny_20240216.jpg\",\"width\":600,\"height\":337},{\"@type\":\"WebSite\",\"@id\":\"https:\\\/\\\/elcanillita.info\\\/press\\\/#website\",\"url\":\"https:\\\/\\\/elcanillita.info\\\/press\\\/\",\"name\":\"ElCanillita.Info\",\"description\":\"desde los Apeninos a los Andes\",\"publisher\":{\"@id\":\"https:\\\/\\\/elcanillita.info\\\/press\\\/#organization\"},\"potentialAction\":[{\"@type\":\"SearchAction\",\"target\":{\"@type\":\"EntryPoint\",\"urlTemplate\":\"https:\\\/\\\/elcanillita.info\\\/press\\\/?s={search_term_string}\"},\"query-input\":{\"@type\":\"PropertyValueSpecification\",\"valueRequired\":true,\"valueName\":\"search_term_string\"}}],\"inLanguage\":\"es-AR\"},{\"@type\":\"Organization\",\"@id\":\"https:\\\/\\\/elcanillita.info\\\/press\\\/#organization\",\"name\":\"Guzzo Photos & Graphic Publications\",\"url\":\"https:\\\/\\\/elcanillita.info\\\/press\\\/\",\"logo\":{\"@type\":\"ImageObject\",\"inLanguage\":\"es-AR\",\"@id\":\"https:\\\/\\\/elcanillita.info\\\/press\\\/#\\\/schema\\\/logo\\\/image\\\/\",\"url\":\"https:\\\/\\\/elcanillita.info\\\/press\\\/images\\\/2020\\\/01\\\/cropped-cropped-cropped-elcanillitainfo.png\",\"contentUrl\":\"https:\\\/\\\/elcanillita.info\\\/press\\\/images\\\/2020\\\/01\\\/cropped-cropped-cropped-elcanillitainfo.png\",\"width\":460,\"height\":50,\"caption\":\"Guzzo Photos & Graphic Publications\"},\"image\":{\"@id\":\"https:\\\/\\\/elcanillita.info\\\/press\\\/#\\\/schema\\\/logo\\\/image\\\/\"},\"sameAs\":[\"https:\\\/\\\/ar-ar.facebook.com\\\/ElCanillitainfo-114249515285712\\\/\"]},{\"@type\":\"Person\",\"@id\":\"https:\\\/\\\/elcanillita.info\\\/press\\\/#\\\/schema\\\/person\\\/7fcb79f38045700919f7da6d97e71ba0\",\"name\":\"SalaStampa.eu, world press service\",\"image\":{\"@type\":\"ImageObject\",\"inLanguage\":\"es-AR\",\"@id\":\"https:\\\/\\\/secure.gravatar.com\\\/avatar\\\/c2f0e0d515a107624234994507816ca4724c7199cef73fc8bedebf6931d73888?s=96&d=mm&r=g\",\"url\":\"https:\\\/\\\/secure.gravatar.com\\\/avatar\\\/c2f0e0d515a107624234994507816ca4724c7199cef73fc8bedebf6931d73888?s=96&d=mm&r=g\",\"contentUrl\":\"https:\\\/\\\/secure.gravatar.com\\\/avatar\\\/c2f0e0d515a107624234994507816ca4724c7199cef73fc8bedebf6931d73888?s=96&d=mm&r=g\",\"caption\":\"SalaStampa.eu, world press service\"}}]}<\/script>\n<!-- \/ Yoast SEO plugin. -->","yoast_head_json":{"title":"Muere en prisi\u00f3n Alexei Navalny, pol\u00edtico opositor ruso - ElCanillita.Info","robots":{"index":"index","follow":"follow","max-snippet":"max-snippet:-1","max-image-preview":"max-image-preview:large","max-video-preview":"max-video-preview:-1"},"canonical":"https:\/\/elcanillita.info\/press\/2024\/02\/16\/muere-en-prision-alexei-navalny-politico-opositor-ruso\/","og_locale":"es_ES","og_type":"article","og_title":"Muere en prisi\u00f3n Alexei Navalny, pol\u00edtico opositor ruso - ElCanillita.Info","og_description":"Crec\u00edan las preocupaciones sobre la salud del cr\u00edtico de Putin. Alexei Navalny fue arrestado en enero de 2021","og_url":"https:\/\/elcanillita.info\/press\/2024\/02\/16\/muere-en-prision-alexei-navalny-politico-opositor-ruso\/","og_site_name":"ElCanillita.Info","article_publisher":"https:\/\/ar-ar.facebook.com\/ElCanillitainfo-114249515285712\/","article_published_time":"2024-02-16T12:52:17+00:00","article_modified_time":"2024-02-16T12:53:08+00:00","og_image":[{"width":600,"height":337,"url":"https:\/\/elcanillita.info\/press\/images\/2024\/02\/Navalny_20240216.jpg","type":"image\/jpeg"}],"author":"SalaStampa.eu, world press service","twitter_card":"summary_large_image","twitter_misc":{"Escrito por":"SalaStampa.eu, world press service","Tiempo de lectura":"3 minutos"},"schema":{"@context":"https:\/\/schema.org","@graph":[{"@type":"Article","@id":"https:\/\/elcanillita.info\/press\/2024\/02\/16\/muere-en-prision-alexei-navalny-politico-opositor-ruso\/#article","isPartOf":{"@id":"https:\/\/elcanillita.info\/press\/2024\/02\/16\/muere-en-prision-alexei-navalny-politico-opositor-ruso\/"},"author":{"name":"SalaStampa.eu, world press service","@id":"https:\/\/elcanillita.info\/press\/#\/schema\/person\/7fcb79f38045700919f7da6d97e71ba0"},"headline":"Muere en prisi\u00f3n Alexei Navalny, pol\u00edtico opositor ruso","datePublished":"2024-02-16T12:52:17+00:00","dateModified":"2024-02-16T12:53:08+00:00","mainEntityOfPage":{"@id":"https:\/\/elcanillita.info\/press\/2024\/02\/16\/muere-en-prision-alexei-navalny-politico-opositor-ruso\/"},"wordCount":466,"publisher":{"@id":"https:\/\/elcanillita.info\/press\/#organization"},"image":{"@id":"https:\/\/elcanillita.info\/press\/2024\/02\/16\/muere-en-prision-alexei-navalny-politico-opositor-ruso\/#primaryimage"},"thumbnailUrl":"https:\/\/elcanillita.info\/press\/images\/2024\/02\/Navalny_20240216.jpg","keywords":["Rusia"],"articleSection":[".",".","Actualidad","Eurasia"],"inLanguage":"es-AR"},{"@type":"WebPage","@id":"https:\/\/elcanillita.info\/press\/2024\/02\/16\/muere-en-prision-alexei-navalny-politico-opositor-ruso\/","url":"https:\/\/elcanillita.info\/press\/2024\/02\/16\/muere-en-prision-alexei-navalny-politico-opositor-ruso\/","name":"Muere en prisi\u00f3n Alexei Navalny, pol\u00edtico opositor ruso - ElCanillita.Info","isPartOf":{"@id":"https:\/\/elcanillita.info\/press\/#website"},"primaryImageOfPage":{"@id":"https:\/\/elcanillita.info\/press\/2024\/02\/16\/muere-en-prision-alexei-navalny-politico-opositor-ruso\/#primaryimage"},"image":{"@id":"https:\/\/elcanillita.info\/press\/2024\/02\/16\/muere-en-prision-alexei-navalny-politico-opositor-ruso\/#primaryimage"},"thumbnailUrl":"https:\/\/elcanillita.info\/press\/images\/2024\/02\/Navalny_20240216.jpg","datePublished":"2024-02-16T12:52:17+00:00","dateModified":"2024-02-16T12:53:08+00:00","inLanguage":"es-AR","potentialAction":[{"@type":"ReadAction","target":["https:\/\/elcanillita.info\/press\/2024\/02\/16\/muere-en-prision-alexei-navalny-politico-opositor-ruso\/"]}]},{"@type":"ImageObject","inLanguage":"es-AR","@id":"https:\/\/elcanillita.info\/press\/2024\/02\/16\/muere-en-prision-alexei-navalny-politico-opositor-ruso\/#primaryimage","url":"https:\/\/elcanillita.info\/press\/images\/2024\/02\/Navalny_20240216.jpg","contentUrl":"https:\/\/elcanillita.info\/press\/images\/2024\/02\/Navalny_20240216.jpg","width":600,"height":337},{"@type":"WebSite","@id":"https:\/\/elcanillita.info\/press\/#website","url":"https:\/\/elcanillita.info\/press\/","name":"ElCanillita.Info","description":"desde los Apeninos a los Andes","publisher":{"@id":"https:\/\/elcanillita.info\/press\/#organization"},"potentialAction":[{"@type":"SearchAction","target":{"@type":"EntryPoint","urlTemplate":"https:\/\/elcanillita.info\/press\/?s={search_term_string}"},"query-input":{"@type":"PropertyValueSpecification","valueRequired":true,"valueName":"search_term_string"}}],"inLanguage":"es-AR"},{"@type":"Organization","@id":"https:\/\/elcanillita.info\/press\/#organization","name":"Guzzo Photos & Graphic Publications","url":"https:\/\/elcanillita.info\/press\/","logo":{"@type":"ImageObject","inLanguage":"es-AR","@id":"https:\/\/elcanillita.info\/press\/#\/schema\/logo\/image\/","url":"https:\/\/elcanillita.info\/press\/images\/2020\/01\/cropped-cropped-cropped-elcanillitainfo.png","contentUrl":"https:\/\/elcanillita.info\/press\/images\/2020\/01\/cropped-cropped-cropped-elcanillitainfo.png","width":460,"height":50,"caption":"Guzzo Photos & Graphic Publications"},"image":{"@id":"https:\/\/elcanillita.info\/press\/#\/schema\/logo\/image\/"},"sameAs":["https:\/\/ar-ar.facebook.com\/ElCanillitainfo-114249515285712\/"]},{"@type":"Person","@id":"https:\/\/elcanillita.info\/press\/#\/schema\/person\/7fcb79f38045700919f7da6d97e71ba0","name":"SalaStampa.eu, world press service","image":{"@type":"ImageObject","inLanguage":"es-AR","@id":"https:\/\/secure.gravatar.com\/avatar\/c2f0e0d515a107624234994507816ca4724c7199cef73fc8bedebf6931d73888?s=96&d=mm&r=g","url":"https:\/\/secure.gravatar.com\/avatar\/c2f0e0d515a107624234994507816ca4724c7199cef73fc8bedebf6931d73888?s=96&d=mm&r=g","contentUrl":"https:\/\/secure.gravatar.com\/avatar\/c2f0e0d515a107624234994507816ca4724c7199cef73fc8bedebf6931d73888?s=96&d=mm&r=g","caption":"SalaStampa.eu, world press service"}}]}},"views":544,"_links":{"self":[{"href":"https:\/\/elcanillita.info\/press\/wp-json\/wp\/v2\/posts\/4013","targetHints":{"allow":["GET"]}}],"collection":[{"href":"https:\/\/elcanillita.info\/press\/wp-json\/wp\/v2\/posts"}],"about":[{"href":"https:\/\/elcanillita.info\/press\/wp-json\/wp\/v2\/types\/post"}],"author":[{"embeddable":true,"href":"https:\/\/elcanillita.info\/press\/wp-json\/wp\/v2\/users\/1"}],"replies":[{"embeddable":true,"href":"https:\/\/elcanillita.info\/press\/wp-json\/wp\/v2\/comments?post=4013"}],"version-history":[{"count":0,"href":"https:\/\/elcanillita.info\/press\/wp-json\/wp\/v2\/posts\/4013\/revisions"}],"wp:featuredmedia":[{"embeddable":true,"href":"https:\/\/elcanillita.info\/press\/wp-json\/wp\/v2\/media\/4014"}],"wp:attachment":[{"href":"https:\/\/elcanillita.info\/press\/wp-json\/wp\/v2\/media?parent=4013"}],"wp:term":[{"taxonomy":"category","embeddable":true,"href":"https:\/\/elcanillita.info\/press\/wp-json\/wp\/v2\/categories?post=4013"},{"taxonomy":"post_tag","embeddable":true,"href":"https:\/\/elcanillita.info\/press\/wp-json\/wp\/v2\/tags?post=4013"}],"curies":[{"name":"wp","href":"https:\/\/api.w.org\/{rel}","templated":true}]}}