{"id":4009,"date":"2024-02-09T20:40:42","date_gmt":"2024-02-09T23:40:42","guid":{"rendered":"https:\/\/elcanillita.info\/press\/?p=4009"},"modified":"2024-02-09T20:41:51","modified_gmt":"2024-02-09T23:41:51","slug":"tragedias-vecinas","status":"publish","type":"post","link":"https:\/\/elcanillita.info\/press\/2024\/02\/09\/tragedias-vecinas\/","title":{"rendered":"Tragedias vecinas"},"content":{"rendered":"\n<p><strong>por Enrique Guillermo Avogadro<\/strong><br><br><small>\u201cLas personas que est\u00e1n lo suficientemente locas como para<br>creer que pueden cambiar el mundo, son las que lo hacen\u201d.<\/small><br><small>Steve Jobs<\/small><\/p>\n\n\n\n<p>Buenos Aires, 10\/02\/2024<br><br>Chile y Argentina est\u00e1n viviendo acontecimientos dram\u00e1ticos casi en espejo. Mientras se incendiaban Vi\u00f1a del Mar y el Parque Nacional Los Alerces, hechos respecto a los cuales se sospecha responsables de nuestro lado a los falsos mapuches y, del otro,\u00a0 a sus reales hom\u00f3logos trasandinos y a terroristas de variado origen, muri\u00f3 Sebasti\u00e1n Pi\u00f1era, un Se\u00f1or (con may\u00fascula) que, como Presidente y como opositor, hizo una enorme contribuci\u00f3n a la cultura c\u00edvica y la convivencia pol\u00edtica de su pa\u00eds; vayan mis consternadas condolencias a sus familiares y conciudadanos. Guardando las debidas distancias, en Buenos Aires el Gobierno decidi\u00f3 matar, sin silenciador, su proyecto de ley denominado pomposamente \u201cBases y Puntos de Partida para la Libertad de los Argentinos\u201d, al decidir su regreso a comisiones de la C\u00e1mara de Diputados, o sea, volver a foja cero el tr\u00e1mite legislativo; ahora, deja trascender que no insistir\u00e1 en presentarlo.<\/p>\n\n\n\n<p>Javier Milei lleg\u00f3 a la Presidencia por una suma clara de voluntades: 30% de votos propios, m\u00e1s un 26% del antikirchnerismo proveniente de la fallida candidatura de Patricia Bullrich. Pero lo hizo solo, sin armar un partido pol\u00edtico real, es decir, una verdadera estructura que le permitiera obtener gobiernos provinciales y numerosas bancas legislativas federales. Est\u00e1 armando su gobierno con los hombres y mujeres que encuentra, ya que tampoco dispone de un importante caudal de experimentados cuadros capaces de asumir el control inmediato de todo el inmenso aparato de la administraci\u00f3n del Estado. Que algunos de los elegidos sean ya tr\u00e1nsfugas o severamente cuestionables es, por hoy, harina de otro costal.<\/p>\n\n\n\n<p>Porque protagoniza un giro copernicano en la lamentable deriva de nuestra historia, ejerce una forma de hacer pol\u00edtica totalmente distinta. La manera en que el Ejecutivo se comport\u00f3 en el Congreso permite calificarla de inocente o de audaz, seg\u00fan se la mire. \u00bfRealmente pens\u00f3 que los diputados aliados o \u201cdialoguistas\u201d apoyar\u00edan en masa una reforma tan terminal para un sistema que les ha permitido subsistir tan ricamente hasta ahora?; antes del presunto fracaso, \u00bfno hizo un mero \u201cporoteo\u201d de votos para predecir qu\u00e9 expectativa de vida ten\u00eda su proyecto \u201c\u00f3mnibus\u201d?<\/p>\n\n\n\n<p>Si la primera hip\u00f3tesis fuera cierta, es decir, que Milei sea un virginal perdedor, habr\u00eda aprendido con sangre una vieja lecci\u00f3n: <em>\u201cLas democracias requieren negociaci\u00f3n y concesiones. Los contratiempos son inevitables; las victorias, siempre parciales. Las iniciativas p\u00fablicas m\u00e1s importantes para un presidente pueden ser destrozadas por los medios, malograrse en el Congreso o ser rechazadas por las Cortes\u201d<\/em><strong><em> <\/em><\/strong>(S. Levitsky y D. Ziblatt, en \u201cC\u00f3mo mueren las democracias\u201d). Hasta un r\u00e9gimen tan siniestro como el que encabez\u00f3 Cristina Fern\u00e1ndez tuvo que aceptar que, a\u00fan maltrechas y golpeadas, las instituciones republicanas siguen funcionando en la Argentina; basta recordar qu\u00e9 suerte corrieron sus iniciativas de enjuiciar a los miembros de la Corte, de terminar con la prensa libre, de arrodillar a la Justicia desde el Consejo de la Magistratura, etc. En definitiva, no pudo, pese a su intenso \u201cvamos por todo\u201d, lograr una imposible impunidad por el pavoroso saqueo al que someti\u00f3 al pa\u00eds.<\/p>\n\n\n\n<p>La otra posibilidad es que, a sabiendas de lo in\u00fatil que resultar\u00eda el tr\u00e1mite parlamentario para el cambio que pretende, haya actuado intencionadamente para obligar a quitarse las caretas a los responsables de la suma hist\u00f3rica de fracasos que nos trajeron hasta aqu\u00ed, tras las que pretend\u00edan seguir ocult\u00e1ndose en el Carnaval que hoy comienza, y exhibir su irresponsabilidad en esta cruel encrucijada y su distanciamiento de la sociedad. &nbsp;Result\u00f3 notable ver a los representantes de algunas provincias en las que arras\u00f3 Milei (C\u00f3rdoba es el mejor ejemplo, ya que all\u00ed obtuvo el 74% de los votos) oponerse a la voluntad de la enorme mayor\u00eda de sus habitantes.<\/p>\n\n\n\n<p>Me inclino a pensar que lo que vimos el martes fue una jugada maestra del Presidente que, a\u00fan hoy y a pesar de la horrible estanflaci\u00f3n que hered\u00f3 y aspira corregir, conserva un substancial apoyo de la ciudadan\u00eda. Le permiti\u00f3 mostrar que pese a que, seg\u00fan la Constituci\u00f3n, los diputados representan a los ciudadanos de las provincias que votaron hace muy poco y masivamente por un futuro distinto, la \u201ccasta\u201d se defendi\u00f3 a s\u00ed misma y a sus privilegios, descuartizando el proyecto para impedir cualquier alteraci\u00f3n de ese <em>status quo<\/em> que le resulta adictivamente confortable. Aparentemente, tambi\u00e9n razonaron as\u00ed los mercados, y la prueba fue la fuerte reducci\u00f3n en las varias cotizaciones del d\u00f3lar, tanto en su versi\u00f3n <em>blue<\/em> cuanto el MEP y el CCL, despu\u00e9s de un breve espasmo alcista; depender\u00e1 de los pr\u00f3ximos pasos del Gobierno y de la tolerancia social la duraci\u00f3n de esta <em>pax<\/em> cambiaria.<\/p>\n\n\n\n<p>Am\u00e9n del placer de verlos trabajar traspirando en verano, el \u00fanico positivo subproducto de las marat\u00f3nicas sesiones fue la comprobaci\u00f3n del escaso, casi nulo, bagaje intelectual de la enorme mayor\u00eda de esos legisladores, probados analfabetos a los que nadie conoce y que accedieron a esa C\u00e1mara integrando listas-s\u00e1bana confeccionadas por los jeques partidarios. Los prolongados discursos para oponerse a la aprobaci\u00f3n de la ley, que mostraron s\u00f3lo la desverg\u00fcenza y la idiota ideologizaci\u00f3n de quienes los pronunciaban, deben haber hecho llorar de tristeza a las paredes de un recinto que, a\u00f1os ha, escuch\u00f3 las cultas e inflamadas verbas de Leandro Alem, Alfredo Palacios, Juan B. Justo, Arturo Frondizi, Ricardo Balb\u00edn y tantos otros. A la vista est\u00e1 que los argentinos no podemos, ni debemos, tolerar m\u00e1s esta deliberada protecci\u00f3n a quienes hacen de la pol\u00edtica un esp\u00fareo medio de vida, y exigir la inmediata utilizaci\u00f3n de la lista \u00fanica en papel para evitar tama\u00f1a corruptela. Y tambi\u00e9n la \u201cficha limpia\u201d de quienes pretendan ser candidatos, para impedir que s\u00e1trapas poseedores de prontuario y oscuro pasado puedan acceder a cualquier funci\u00f3n p\u00fablica.<br><br><small>\u00a9 Copyright 2024 Enrique Guillermo Avogadro<br>\u00a9 2024 ElCanillita.info \/ SalaStampa.Eu, servicio mundial de prensa<\/small><\/p>\n","protected":false},"excerpt":{"rendered":"<p>Los argentinos no debemos, tolerar m\u00e1s esta deliberada protecci\u00f3n a quienes hacen de la pol\u00edtica un esp\u00fareo medio de vida, y exigir la inmediata utilizaci\u00f3n de la lista \u00fanica en papel para evitar tama\u00f1a corruptela.<\/p>\n","protected":false},"author":1,"featured_media":3760,"comment_status":"closed","ping_status":"closed","sticky":false,"template":"","format":"standard","meta":{"footnotes":"","_links_to":"","_links_to_target":""},"categories":[108,121,70,11],"tags":[29],"class_list":["post-4009","post","type-post","status-publish","format-standard","has-post-thumbnail","hentry","category-blogdiario","category-dc24","category-actualidad","category-america-del-sur","tag-argentina","entry","double"],"yoast_head":"<!-- This site is optimized with the Yoast SEO plugin v27.4 - https:\/\/yoast.com\/product\/yoast-seo-wordpress\/ -->\n<title>Tragedias vecinas - ElCanillita.Info<\/title>\n<meta name=\"robots\" content=\"index, follow, max-snippet:-1, max-image-preview:large, max-video-preview:-1\" \/>\n<link rel=\"canonical\" href=\"https:\/\/elcanillita.info\/press\/2024\/02\/09\/tragedias-vecinas\/\" \/>\n<meta property=\"og:locale\" content=\"es_ES\" \/>\n<meta property=\"og:type\" content=\"article\" \/>\n<meta property=\"og:title\" content=\"Tragedias vecinas - ElCanillita.Info\" \/>\n<meta property=\"og:description\" content=\"Los argentinos no debemos, tolerar m\u00e1s esta deliberada protecci\u00f3n a quienes hacen de la pol\u00edtica un esp\u00fareo medio de vida, y exigir la inmediata utilizaci\u00f3n de la lista \u00fanica en papel para evitar tama\u00f1a corruptela.\" \/>\n<meta property=\"og:url\" content=\"https:\/\/elcanillita.info\/press\/2024\/02\/09\/tragedias-vecinas\/\" \/>\n<meta property=\"og:site_name\" content=\"ElCanillita.Info\" \/>\n<meta property=\"article:publisher\" content=\"https:\/\/ar-ar.facebook.com\/ElCanillitainfo-114249515285712\/\" \/>\n<meta property=\"article:published_time\" content=\"2024-02-09T23:40:42+00:00\" \/>\n<meta property=\"article:modified_time\" content=\"2024-02-09T23:41:51+00:00\" \/>\n<meta property=\"og:image\" content=\"https:\/\/elcanillita.info\/press\/images\/2023\/09\/insa_cover_20230924.jpg\" \/>\n\t<meta property=\"og:image:width\" content=\"600\" \/>\n\t<meta property=\"og:image:height\" content=\"438\" \/>\n\t<meta property=\"og:image:type\" content=\"image\/jpeg\" \/>\n<meta name=\"author\" content=\"SalaStampa.eu, world press service\" \/>\n<meta name=\"twitter:card\" content=\"summary_large_image\" \/>\n<meta name=\"twitter:label1\" content=\"Escrito por\" \/>\n\t<meta name=\"twitter:data1\" content=\"SalaStampa.eu, world press service\" \/>\n\t<meta name=\"twitter:label2\" content=\"Tiempo de lectura\" \/>\n\t<meta name=\"twitter:data2\" content=\"5 minutos\" \/>\n<script type=\"application\/ld+json\" class=\"yoast-schema-graph\">{\"@context\":\"https:\\\/\\\/schema.org\",\"@graph\":[{\"@type\":\"Article\",\"@id\":\"https:\\\/\\\/elcanillita.info\\\/press\\\/2024\\\/02\\\/09\\\/tragedias-vecinas\\\/#article\",\"isPartOf\":{\"@id\":\"https:\\\/\\\/elcanillita.info\\\/press\\\/2024\\\/02\\\/09\\\/tragedias-vecinas\\\/\"},\"author\":{\"name\":\"SalaStampa.eu, world press service\",\"@id\":\"https:\\\/\\\/elcanillita.info\\\/press\\\/#\\\/schema\\\/person\\\/7fcb79f38045700919f7da6d97e71ba0\"},\"headline\":\"Tragedias vecinas\",\"datePublished\":\"2024-02-09T23:40:42+00:00\",\"dateModified\":\"2024-02-09T23:41:51+00:00\",\"mainEntityOfPage\":{\"@id\":\"https:\\\/\\\/elcanillita.info\\\/press\\\/2024\\\/02\\\/09\\\/tragedias-vecinas\\\/\"},\"wordCount\":1054,\"publisher\":{\"@id\":\"https:\\\/\\\/elcanillita.info\\\/press\\\/#organization\"},\"image\":{\"@id\":\"https:\\\/\\\/elcanillita.info\\\/press\\\/2024\\\/02\\\/09\\\/tragedias-vecinas\\\/#primaryimage\"},\"thumbnailUrl\":\"https:\\\/\\\/elcanillita.info\\\/press\\\/images\\\/2023\\\/09\\\/insa_cover_20230924.jpg\",\"keywords\":[\"Argentina\"],\"articleSection\":[\".\",\".\",\"Actualidad\",\"Am\u00e9rica del Sur\"],\"inLanguage\":\"es-AR\"},{\"@type\":\"WebPage\",\"@id\":\"https:\\\/\\\/elcanillita.info\\\/press\\\/2024\\\/02\\\/09\\\/tragedias-vecinas\\\/\",\"url\":\"https:\\\/\\\/elcanillita.info\\\/press\\\/2024\\\/02\\\/09\\\/tragedias-vecinas\\\/\",\"name\":\"Tragedias vecinas - ElCanillita.Info\",\"isPartOf\":{\"@id\":\"https:\\\/\\\/elcanillita.info\\\/press\\\/#website\"},\"primaryImageOfPage\":{\"@id\":\"https:\\\/\\\/elcanillita.info\\\/press\\\/2024\\\/02\\\/09\\\/tragedias-vecinas\\\/#primaryimage\"},\"image\":{\"@id\":\"https:\\\/\\\/elcanillita.info\\\/press\\\/2024\\\/02\\\/09\\\/tragedias-vecinas\\\/#primaryimage\"},\"thumbnailUrl\":\"https:\\\/\\\/elcanillita.info\\\/press\\\/images\\\/2023\\\/09\\\/insa_cover_20230924.jpg\",\"datePublished\":\"2024-02-09T23:40:42+00:00\",\"dateModified\":\"2024-02-09T23:41:51+00:00\",\"inLanguage\":\"es-AR\",\"potentialAction\":[{\"@type\":\"ReadAction\",\"target\":[\"https:\\\/\\\/elcanillita.info\\\/press\\\/2024\\\/02\\\/09\\\/tragedias-vecinas\\\/\"]}]},{\"@type\":\"ImageObject\",\"inLanguage\":\"es-AR\",\"@id\":\"https:\\\/\\\/elcanillita.info\\\/press\\\/2024\\\/02\\\/09\\\/tragedias-vecinas\\\/#primaryimage\",\"url\":\"https:\\\/\\\/elcanillita.info\\\/press\\\/images\\\/2023\\\/09\\\/insa_cover_20230924.jpg\",\"contentUrl\":\"https:\\\/\\\/elcanillita.info\\\/press\\\/images\\\/2023\\\/09\\\/insa_cover_20230924.jpg\",\"width\":600,\"height\":438},{\"@type\":\"WebSite\",\"@id\":\"https:\\\/\\\/elcanillita.info\\\/press\\\/#website\",\"url\":\"https:\\\/\\\/elcanillita.info\\\/press\\\/\",\"name\":\"ElCanillita.Info\",\"description\":\"desde los Apeninos a los Andes\",\"publisher\":{\"@id\":\"https:\\\/\\\/elcanillita.info\\\/press\\\/#organization\"},\"potentialAction\":[{\"@type\":\"SearchAction\",\"target\":{\"@type\":\"EntryPoint\",\"urlTemplate\":\"https:\\\/\\\/elcanillita.info\\\/press\\\/?s={search_term_string}\"},\"query-input\":{\"@type\":\"PropertyValueSpecification\",\"valueRequired\":true,\"valueName\":\"search_term_string\"}}],\"inLanguage\":\"es-AR\"},{\"@type\":\"Organization\",\"@id\":\"https:\\\/\\\/elcanillita.info\\\/press\\\/#organization\",\"name\":\"Guzzo Photos & Graphic Publications\",\"url\":\"https:\\\/\\\/elcanillita.info\\\/press\\\/\",\"logo\":{\"@type\":\"ImageObject\",\"inLanguage\":\"es-AR\",\"@id\":\"https:\\\/\\\/elcanillita.info\\\/press\\\/#\\\/schema\\\/logo\\\/image\\\/\",\"url\":\"https:\\\/\\\/elcanillita.info\\\/press\\\/images\\\/2020\\\/01\\\/cropped-cropped-cropped-elcanillitainfo.png\",\"contentUrl\":\"https:\\\/\\\/elcanillita.info\\\/press\\\/images\\\/2020\\\/01\\\/cropped-cropped-cropped-elcanillitainfo.png\",\"width\":460,\"height\":50,\"caption\":\"Guzzo Photos & Graphic Publications\"},\"image\":{\"@id\":\"https:\\\/\\\/elcanillita.info\\\/press\\\/#\\\/schema\\\/logo\\\/image\\\/\"},\"sameAs\":[\"https:\\\/\\\/ar-ar.facebook.com\\\/ElCanillitainfo-114249515285712\\\/\"]},{\"@type\":\"Person\",\"@id\":\"https:\\\/\\\/elcanillita.info\\\/press\\\/#\\\/schema\\\/person\\\/7fcb79f38045700919f7da6d97e71ba0\",\"name\":\"SalaStampa.eu, world press service\",\"image\":{\"@type\":\"ImageObject\",\"inLanguage\":\"es-AR\",\"@id\":\"https:\\\/\\\/secure.gravatar.com\\\/avatar\\\/c2f0e0d515a107624234994507816ca4724c7199cef73fc8bedebf6931d73888?s=96&d=mm&r=g\",\"url\":\"https:\\\/\\\/secure.gravatar.com\\\/avatar\\\/c2f0e0d515a107624234994507816ca4724c7199cef73fc8bedebf6931d73888?s=96&d=mm&r=g\",\"contentUrl\":\"https:\\\/\\\/secure.gravatar.com\\\/avatar\\\/c2f0e0d515a107624234994507816ca4724c7199cef73fc8bedebf6931d73888?s=96&d=mm&r=g\",\"caption\":\"SalaStampa.eu, world press service\"}}]}<\/script>\n<!-- \/ Yoast SEO plugin. -->","yoast_head_json":{"title":"Tragedias vecinas - ElCanillita.Info","robots":{"index":"index","follow":"follow","max-snippet":"max-snippet:-1","max-image-preview":"max-image-preview:large","max-video-preview":"max-video-preview:-1"},"canonical":"https:\/\/elcanillita.info\/press\/2024\/02\/09\/tragedias-vecinas\/","og_locale":"es_ES","og_type":"article","og_title":"Tragedias vecinas - ElCanillita.Info","og_description":"Los argentinos no debemos, tolerar m\u00e1s esta deliberada protecci\u00f3n a quienes hacen de la pol\u00edtica un esp\u00fareo medio de vida, y exigir la inmediata utilizaci\u00f3n de la lista \u00fanica en papel para evitar tama\u00f1a corruptela.","og_url":"https:\/\/elcanillita.info\/press\/2024\/02\/09\/tragedias-vecinas\/","og_site_name":"ElCanillita.Info","article_publisher":"https:\/\/ar-ar.facebook.com\/ElCanillitainfo-114249515285712\/","article_published_time":"2024-02-09T23:40:42+00:00","article_modified_time":"2024-02-09T23:41:51+00:00","og_image":[{"width":600,"height":438,"url":"https:\/\/elcanillita.info\/press\/images\/2023\/09\/insa_cover_20230924.jpg","type":"image\/jpeg"}],"author":"SalaStampa.eu, world press service","twitter_card":"summary_large_image","twitter_misc":{"Escrito por":"SalaStampa.eu, world press service","Tiempo de lectura":"5 minutos"},"schema":{"@context":"https:\/\/schema.org","@graph":[{"@type":"Article","@id":"https:\/\/elcanillita.info\/press\/2024\/02\/09\/tragedias-vecinas\/#article","isPartOf":{"@id":"https:\/\/elcanillita.info\/press\/2024\/02\/09\/tragedias-vecinas\/"},"author":{"name":"SalaStampa.eu, world press service","@id":"https:\/\/elcanillita.info\/press\/#\/schema\/person\/7fcb79f38045700919f7da6d97e71ba0"},"headline":"Tragedias vecinas","datePublished":"2024-02-09T23:40:42+00:00","dateModified":"2024-02-09T23:41:51+00:00","mainEntityOfPage":{"@id":"https:\/\/elcanillita.info\/press\/2024\/02\/09\/tragedias-vecinas\/"},"wordCount":1054,"publisher":{"@id":"https:\/\/elcanillita.info\/press\/#organization"},"image":{"@id":"https:\/\/elcanillita.info\/press\/2024\/02\/09\/tragedias-vecinas\/#primaryimage"},"thumbnailUrl":"https:\/\/elcanillita.info\/press\/images\/2023\/09\/insa_cover_20230924.jpg","keywords":["Argentina"],"articleSection":[".",".","Actualidad","Am\u00e9rica del Sur"],"inLanguage":"es-AR"},{"@type":"WebPage","@id":"https:\/\/elcanillita.info\/press\/2024\/02\/09\/tragedias-vecinas\/","url":"https:\/\/elcanillita.info\/press\/2024\/02\/09\/tragedias-vecinas\/","name":"Tragedias vecinas - ElCanillita.Info","isPartOf":{"@id":"https:\/\/elcanillita.info\/press\/#website"},"primaryImageOfPage":{"@id":"https:\/\/elcanillita.info\/press\/2024\/02\/09\/tragedias-vecinas\/#primaryimage"},"image":{"@id":"https:\/\/elcanillita.info\/press\/2024\/02\/09\/tragedias-vecinas\/#primaryimage"},"thumbnailUrl":"https:\/\/elcanillita.info\/press\/images\/2023\/09\/insa_cover_20230924.jpg","datePublished":"2024-02-09T23:40:42+00:00","dateModified":"2024-02-09T23:41:51+00:00","inLanguage":"es-AR","potentialAction":[{"@type":"ReadAction","target":["https:\/\/elcanillita.info\/press\/2024\/02\/09\/tragedias-vecinas\/"]}]},{"@type":"ImageObject","inLanguage":"es-AR","@id":"https:\/\/elcanillita.info\/press\/2024\/02\/09\/tragedias-vecinas\/#primaryimage","url":"https:\/\/elcanillita.info\/press\/images\/2023\/09\/insa_cover_20230924.jpg","contentUrl":"https:\/\/elcanillita.info\/press\/images\/2023\/09\/insa_cover_20230924.jpg","width":600,"height":438},{"@type":"WebSite","@id":"https:\/\/elcanillita.info\/press\/#website","url":"https:\/\/elcanillita.info\/press\/","name":"ElCanillita.Info","description":"desde los Apeninos a los Andes","publisher":{"@id":"https:\/\/elcanillita.info\/press\/#organization"},"potentialAction":[{"@type":"SearchAction","target":{"@type":"EntryPoint","urlTemplate":"https:\/\/elcanillita.info\/press\/?s={search_term_string}"},"query-input":{"@type":"PropertyValueSpecification","valueRequired":true,"valueName":"search_term_string"}}],"inLanguage":"es-AR"},{"@type":"Organization","@id":"https:\/\/elcanillita.info\/press\/#organization","name":"Guzzo Photos & Graphic Publications","url":"https:\/\/elcanillita.info\/press\/","logo":{"@type":"ImageObject","inLanguage":"es-AR","@id":"https:\/\/elcanillita.info\/press\/#\/schema\/logo\/image\/","url":"https:\/\/elcanillita.info\/press\/images\/2020\/01\/cropped-cropped-cropped-elcanillitainfo.png","contentUrl":"https:\/\/elcanillita.info\/press\/images\/2020\/01\/cropped-cropped-cropped-elcanillitainfo.png","width":460,"height":50,"caption":"Guzzo Photos & Graphic Publications"},"image":{"@id":"https:\/\/elcanillita.info\/press\/#\/schema\/logo\/image\/"},"sameAs":["https:\/\/ar-ar.facebook.com\/ElCanillitainfo-114249515285712\/"]},{"@type":"Person","@id":"https:\/\/elcanillita.info\/press\/#\/schema\/person\/7fcb79f38045700919f7da6d97e71ba0","name":"SalaStampa.eu, world press service","image":{"@type":"ImageObject","inLanguage":"es-AR","@id":"https:\/\/secure.gravatar.com\/avatar\/c2f0e0d515a107624234994507816ca4724c7199cef73fc8bedebf6931d73888?s=96&d=mm&r=g","url":"https:\/\/secure.gravatar.com\/avatar\/c2f0e0d515a107624234994507816ca4724c7199cef73fc8bedebf6931d73888?s=96&d=mm&r=g","contentUrl":"https:\/\/secure.gravatar.com\/avatar\/c2f0e0d515a107624234994507816ca4724c7199cef73fc8bedebf6931d73888?s=96&d=mm&r=g","caption":"SalaStampa.eu, world press service"}}]}},"views":534,"_links":{"self":[{"href":"https:\/\/elcanillita.info\/press\/wp-json\/wp\/v2\/posts\/4009","targetHints":{"allow":["GET"]}}],"collection":[{"href":"https:\/\/elcanillita.info\/press\/wp-json\/wp\/v2\/posts"}],"about":[{"href":"https:\/\/elcanillita.info\/press\/wp-json\/wp\/v2\/types\/post"}],"author":[{"embeddable":true,"href":"https:\/\/elcanillita.info\/press\/wp-json\/wp\/v2\/users\/1"}],"replies":[{"embeddable":true,"href":"https:\/\/elcanillita.info\/press\/wp-json\/wp\/v2\/comments?post=4009"}],"version-history":[{"count":0,"href":"https:\/\/elcanillita.info\/press\/wp-json\/wp\/v2\/posts\/4009\/revisions"}],"wp:featuredmedia":[{"embeddable":true,"href":"https:\/\/elcanillita.info\/press\/wp-json\/wp\/v2\/media\/3760"}],"wp:attachment":[{"href":"https:\/\/elcanillita.info\/press\/wp-json\/wp\/v2\/media?parent=4009"}],"wp:term":[{"taxonomy":"category","embeddable":true,"href":"https:\/\/elcanillita.info\/press\/wp-json\/wp\/v2\/categories?post=4009"},{"taxonomy":"post_tag","embeddable":true,"href":"https:\/\/elcanillita.info\/press\/wp-json\/wp\/v2\/tags?post=4009"}],"curies":[{"name":"wp","href":"https:\/\/api.w.org\/{rel}","templated":true}]}}