{"id":3989,"date":"2024-02-04T06:39:59","date_gmt":"2024-02-04T09:39:59","guid":{"rendered":"https:\/\/elcanillita.info\/press\/?p=3989"},"modified":"2024-02-07T00:10:42","modified_gmt":"2024-02-07T03:10:42","slug":"tripas-revueltas","status":"publish","type":"post","link":"https:\/\/elcanillita.info\/press\/2024\/02\/04\/tripas-revueltas\/","title":{"rendered":"Tripas Revueltas"},"content":{"rendered":"\n<p><strong>por Enrique Guillermo Avogadro<\/strong><\/p>\n\n\n\n<p><small>\u201cEl saber y la raz\u00f3n hablan, la ignorancia y el error gritan\u201d.<\/small><br><small><a href=\"#Arturo Graf\">Arturo Graf<\/a><\/small><\/p>\n\n\n\n<p>Buenos Aires, 03\/02\/2024<br><br>Este t\u00f3rrido verano que azota a la Argentina tiene su epicentro en las marat\u00f3nicas sesiones del H\u00b0 Aguantadero, y no es para menos. Un presidente, que desmiente con sus actos el fascismo que le endilgan el trotskismo y el narcokirchnerismo, envi\u00f3 a discusi\u00f3n (en realidad, a vivisecci\u00f3n) dos enormes paquetes legislativos, la \u201cLey de Bases y Puntos de Partida para la Libertad de los Argentinos\u201d (aprobada ayer en general por amplia mayor\u00eda) y el Decreto de Necesidad y Urgencia, con los cuales pretende dar vuelta al pa\u00eds como un guante y relanzar su destino.<\/p>\n\n\n\n<p>El jueves, despu\u00e9s de fracasar en la tentativa de suspender la sesi\u00f3n en la C\u00e1mara de Diputados, la sociedad contranatura de camporistas ladrones y trotskistas subnormales decidi\u00f3 trasladar sus acciones a la calle para unificar sus reclamos precisamente con las m\u00e1s claras v\u00edctimas del populismo que arras\u00f3 el pa\u00eds. Mis retorcijones se agudizaron al ver al caradura Diputado y tan ilegalmente enriquecido M\u00e1ximo Kirchner moverse burlonamente por la plaza, acompa\u00f1ado por una guardia pretoriana de desvergonzados colegas, entre los que destacaban Cecilia Moreau (nada menos que Vicepresidente 1\u00b0 de la C\u00e1mara), el pol\u00edglota ex Canciller Santiago Cafiero, la inefable Victoria Tolosa Paz, y Nicol\u00e1s del Ca\u00f1o con Myriam Bregman, estos dos \u00faltimos representantes de una izquierda trasnochada que s\u00f3lo alcanz\u00f3 al 2% de los votos en las elecciones.<\/p>\n\n\n\n<p>S\u00f3lo un pa\u00eds tan generoso como el nuestro permite que los causantes de tanta miseria fomenten la violencia irracional de verdaderos subversivos pase\u00e1ndose disfrazados de dem\u00f3cratas y republicanos, sin que nadie les exija rendir cuentas de sus nefastas gestiones y, menos a\u00fan, de sus inexplicables patrimonios. Hab\u00edamos tenido un adelanto el mi\u00e9rcoles 24, cuando Axel Kiciloff, responsable directo por impericia dolosa de una de las mayores estafas que hoy nos agobian (el juicio perdido en Nueva York por la estatizaci\u00f3n del 51% de YPF, que costar\u00e1 US$ 16.100 millones) apareci\u00f3 sonriendo en la marcha de la CGT, mientras la Provincia que gobierna lloraba desesperada a Umma, la ni\u00f1a asesinada.<\/p>\n\n\n\n<p>Nada de eso, sin embargo, puede llamar la atenci\u00f3n de una sociedad hip\u00f3crita que, a cambio de falsas d\u00e1divas estatales, toler\u00f3 sin inmutarse que el frustrado (por la temprana muerte de su gestor) proyecto de dinast\u00eda milenaria llevara adelante un horrible ataque a las instituciones y a las libertades individuales. Claramente en contra de tan perversas intenciones, y hartos del mal trato que nos propin\u00f3 el kirchnernismo durante sus cuatro per\u00edodos presidenciales, elegimos a este Javier Milei, que hoy nos gobierna apoyado por el voto de 56% de los argentinos.<\/p>\n\n\n\n<p>Pero tambi\u00e9n la reci\u00e9n estrenada gesti\u00f3n me produce retorcijones y me sume en dudas. Al deplorable nombramiento de Mariano C\u00faneo Libarona como Ministro de Justicia, tema al cual me he referido en las \u00faltimas notas, a la conservaci\u00f3n de notorios camporistas en los asientos principales de Aerol\u00edneas Argentinas y otras empresas estatales y de colaboradores de Sergio Massa en cajas p\u00fablicas gravitantes y sospechadas, como AySA, en una clara protecci\u00f3n a la corrupci\u00f3n de su mujer, Malena Galmarini, sumo otras designaciones que me hacen demasiado ruido. Daniel Scioli en Turismo y Deportes, o el hermano de Manuel Adorni, vocero presidencial, como asesor en Defensa (hubo que eximirlo de cumplir los requisitos para ello) son algunos, pero no los \u00fanicos, tristes ejemplos. Lo mismo sucede con el mantenimiento de la inexplicable protecci\u00f3n a las armadur\u00edas de Tierra del Fuego, de la cual son principales beneficiarios Rub\u00e9n Chernajovsky y Nicol\u00e1s Caputo, tan costosa para el erario como insostenible.<\/p>\n\n\n\n<p>Como ya dije, estoy dispuesto a ser paciente y esperar hasta ver c\u00f3mo se desempe\u00f1a un gobierno al que apoyo y que s\u00f3lo lleva cincuenta d\u00edas de estrenado e inclusive, a soportar calladamente el ajuste que est\u00e1 destruyendo, a una velocidad equivalente al 25% de inflaci\u00f3n mensual, el poder adquisitivo de mi jubilaci\u00f3n mientras los gastos a los que mi edad me impide renunciar (la prepaga m\u00e9dica) aumentan desmesuradamente.<\/p>\n\n\n\n<p>Pero ello no obsta a que, como tantos otros, deje de preguntarme qu\u00e9 alcance tienen los antiguos y ya innegables acuerdos entre Milei y Massa e, inclusive, el supuesto pacto entre el Presidente y Cristina Fern\u00e1ndez. Tengo la m\u00e1s absoluta convicci\u00f3n de que la sufrida clase media, hasta el momento \u00fanica destinataria del dur\u00edsimo ajuste, dejar\u00e1 de acompa\u00f1ar al Gobierno y comenzar\u00e1 a resistirlo si \u00e9ste no avanza en la persecuci\u00f3n a la sideral corrupci\u00f3n kirchnerista, que nos ha dejado prostrados y ex\u00e1nimes; s\u00f3lo cuando perciba que esa gigantesca asociaci\u00f3n il\u00edcita comienza a pagar penalmente por sus pecados y se recuperan, v\u00eda extinci\u00f3n del dominio, por lo menos algunos de los bienes mal habidos, estar\u00e1 dispuesta a extender una confianza que, vistos los proyectos que el Ejecutivo envi\u00f3 al H\u00b0 Aguantadero, constituye un virtual cheque en blanco.<\/p>\n\n\n\n<p>Obviamente, el riesgo de un grave estallido social se agudiza con estos alt\u00edsimos niveles de inflaci\u00f3n, en especial cuando al l\u00f3gico caldo de cultivo lo sazonan con vandalismo la izquierda violenta, siempre tan magra en votos como activa y visible en la calle, unida al peronismo reivindicador de absurdos y perversos privilegios sindicales y a los gerentes de la pobreza, habituados a organizar saqueos y conflictos para proteger sus intereses. Si el Gobierno no logra reducir la depreciaci\u00f3n del peso en el segundo trimestre, ese peligro siempre latente seguramente se convertir\u00e1 en realidad; a partir de entonces, el desenlace ser\u00e1 por completo impredecible.<br><br>\n<small>\u00a9 Copyright 2024 Enrique Guillermo Avogadro<br>\u00a9 2024 ElCanillita.info \/ SalaStampa.Eu, servicio mundial de prensa<\/small><br><br><\/p>\n\n\n\n<div style=\"width:90%; padding-left:50px; font-size:0.8em; text-align: justify;\">\n<b> Arturo Graf<a name=\"Arturo Graf\"><\/a><\/b><br>\nArturo Graf naci\u00f3 en Atenas de padre alem\u00e1n y madre italiana y en 1851 se traslad\u00f3 a Trieste con su familia. Tras la muerte de su padre se traslad\u00f3 a Br\u0103ila, Rumania, como hu\u00e9sped del hermano de su madre y s\u00f3lo en 1863 regres\u00f3 a Italia donde asisti\u00f3 a la escuela secundaria en N\u00e1poles. Despu\u00e9s de terminar la escuela secundaria, asisti\u00f3 a las lecciones de Francesco de Sanctis, pero luego se matricul\u00f3 en jurisprudencia y se licenci\u00f3 en derecho en 1870..<br>\n<br>\nMientras tanto, por un corto per\u00edodo se dedic\u00f3 al comercio de Braila y al regresar a Italia se dirigi\u00f3 a Roma donde conoci\u00f3 a Ernesto Monaci con quien trab\u00f3 una fuerte amistad, iniciando estudios profundos sobre la Edad Media que tambi\u00e9n trata m\u00e1s adelante, con especial atenci\u00f3n a sus aspectos simb\u00f3licos.\n.<br><br> \nEn 1875 obtuvo el t\u00edtulo de profesor de Literatura Italiana y un puesto de profesor de Literatura Italiana y Rom\u00e1nica en la Universidad de Roma. En 1876 se le confi\u00f3 la c\u00e1tedra de literatura neolatina en la Universidad de Tur\u00edn, donde inici\u00f3 cursos con la conferencia &#8220;De un tratamiento cient\u00edfico de la historia literaria&#8221; y en 1882 se traslad\u00f3 definitivamente a esa ciudad, siempre ense\u00f1ando -como Profesor ordinario de literatura italiana hasta 1907. Tuvo a Piero Martinetti entre sus alumnos.<br><br>\nEn 1883 fund\u00f3, junto con Francesco Novati y Rodolfo Renier, la Revista Hist\u00f3rica de la Literatura Italiana, de la que lleg\u00f3 a ser codirector. Colabor\u00f3 tambi\u00e9n con la revista Critica Sociale y con Nuova Antologia en la que publica las obras en verso Medusa en 1880 a las que seguir\u00e1n, en 1890, After sunset y Rime delle selva en 1906 que reflejan su lenta y paulatina conversi\u00f3n al racionalismo positivista y donde encuentra en s\u00ed mismo un primer indicio de simbolismo cristiano.<br><br>\nLos dolorosos acontecimientos familiares de este per\u00edodo, incluida la muerte por suicidio de su hermano Ottone en 1894, lo acercaron a la religi\u00f3n: Graf escribi\u00f3 la obra &#8220;Per una fede&#8221; en 1906, el Ensayo sobre el &#8220;Santo&#8221; de A. Fogazzaro, los aforismos y las par\u00e1bolas del Ecce Homo en 1908 y su \u00fanica novela, El rescate, en 1901. El rescate sigue siendo una de las obras m\u00e1s caracter\u00edsticas del espiritismo de principios del siglo XX, por el contraste entre la ley de la herencia, en la que todo acontecimiento est\u00e1 necesariamente determinado por lo que le precede, y la voluntad individual que propone liberarse de ataduras y escapar.\n<br><br>\n<small>Copyright \u00a9 2024 ElCanillita.info &#8211; Edited by Guzzo Photos &#038; Graphic Publications. <\/small> \n<br><br>\n<\/div>\n\n","protected":false},"excerpt":{"rendered":"<p> Mis retorcijones se agudizaron al ver al caradura Diputado y tan ilegalmente enriquecido M\u00e1ximo Kirchner moverse burlonamente por la plaza, acompa\u00f1ado por una guardia pretoriana de desvergonzados colegas, entre los que destacaban Cecilia Moreau (nada menos que Vicepresidente 1\u00b0 de la C\u00e1mara)<\/p>\n","protected":false},"author":1,"featured_media":3990,"comment_status":"closed","ping_status":"closed","sticky":false,"template":"","format":"standard","meta":{"footnotes":"","_links_to":"","_links_to_target":""},"categories":[108,121,70,11,23],"tags":[29],"class_list":["post-3989","post","type-post","status-publish","format-standard","has-post-thumbnail","hentry","category-blogdiario","category-dc24","category-actualidad","category-america-del-sur","category-politica","tag-argentina","entry","double"],"yoast_head":"<!-- This site is optimized with the Yoast SEO plugin v27.4 - https:\/\/yoast.com\/product\/yoast-seo-wordpress\/ -->\n<title>Tripas Revueltas - ElCanillita.Info<\/title>\n<meta name=\"robots\" content=\"index, follow, max-snippet:-1, max-image-preview:large, max-video-preview:-1\" \/>\n<link rel=\"canonical\" href=\"https:\/\/elcanillita.info\/press\/2024\/02\/04\/tripas-revueltas\/\" \/>\n<meta property=\"og:locale\" content=\"es_ES\" \/>\n<meta property=\"og:type\" content=\"article\" \/>\n<meta property=\"og:title\" content=\"Tripas Revueltas - ElCanillita.Info\" \/>\n<meta property=\"og:description\" content=\"Mis retorcijones se agudizaron al ver al caradura Diputado y tan ilegalmente enriquecido M\u00e1ximo Kirchner moverse burlonamente por la plaza, acompa\u00f1ado por una guardia pretoriana de desvergonzados colegas, entre los que destacaban Cecilia Moreau (nada menos que Vicepresidente 1\u00b0 de la C\u00e1mara)\" \/>\n<meta property=\"og:url\" content=\"https:\/\/elcanillita.info\/press\/2024\/02\/04\/tripas-revueltas\/\" \/>\n<meta property=\"og:site_name\" content=\"ElCanillita.Info\" \/>\n<meta property=\"article:publisher\" content=\"https:\/\/ar-ar.facebook.com\/ElCanillitainfo-114249515285712\/\" \/>\n<meta property=\"article:published_time\" content=\"2024-02-04T09:39:59+00:00\" \/>\n<meta property=\"article:modified_time\" content=\"2024-02-07T03:10:42+00:00\" \/>\n<meta property=\"og:image\" content=\"https:\/\/elcanillita.info\/press\/images\/2024\/02\/Arturo_Graf_cover_Guzzo_Photos.jpg\" \/>\n\t<meta property=\"og:image:width\" content=\"591\" \/>\n\t<meta property=\"og:image:height\" content=\"591\" \/>\n\t<meta property=\"og:image:type\" content=\"image\/jpeg\" \/>\n<meta name=\"author\" content=\"SalaStampa.eu, world press service\" \/>\n<meta name=\"twitter:card\" content=\"summary_large_image\" \/>\n<meta name=\"twitter:label1\" content=\"Escrito por\" \/>\n\t<meta name=\"twitter:data1\" content=\"SalaStampa.eu, world press service\" \/>\n\t<meta name=\"twitter:label2\" content=\"Tiempo de lectura\" \/>\n\t<meta name=\"twitter:data2\" content=\"1 minuto\" \/>\n<script type=\"application\/ld+json\" class=\"yoast-schema-graph\">{\"@context\":\"https:\\\/\\\/schema.org\",\"@graph\":[{\"@type\":\"Article\",\"@id\":\"https:\\\/\\\/elcanillita.info\\\/press\\\/2024\\\/02\\\/04\\\/tripas-revueltas\\\/#article\",\"isPartOf\":{\"@id\":\"https:\\\/\\\/elcanillita.info\\\/press\\\/2024\\\/02\\\/04\\\/tripas-revueltas\\\/\"},\"author\":{\"name\":\"SalaStampa.eu, world press service\",\"@id\":\"https:\\\/\\\/elcanillita.info\\\/press\\\/#\\\/schema\\\/person\\\/7fcb79f38045700919f7da6d97e71ba0\"},\"headline\":\"Tripas Revueltas\",\"datePublished\":\"2024-02-04T09:39:59+00:00\",\"dateModified\":\"2024-02-07T03:10:42+00:00\",\"mainEntityOfPage\":{\"@id\":\"https:\\\/\\\/elcanillita.info\\\/press\\\/2024\\\/02\\\/04\\\/tripas-revueltas\\\/\"},\"wordCount\":1409,\"publisher\":{\"@id\":\"https:\\\/\\\/elcanillita.info\\\/press\\\/#organization\"},\"image\":{\"@id\":\"https:\\\/\\\/elcanillita.info\\\/press\\\/2024\\\/02\\\/04\\\/tripas-revueltas\\\/#primaryimage\"},\"thumbnailUrl\":\"https:\\\/\\\/elcanillita.info\\\/press\\\/images\\\/2024\\\/02\\\/Arturo_Graf_cover_Guzzo_Photos.jpg\",\"keywords\":[\"Argentina\"],\"articleSection\":[\".\",\".\",\"Actualidad\",\"Am\u00e9rica del Sur\",\"Politica\"],\"inLanguage\":\"es-AR\"},{\"@type\":\"WebPage\",\"@id\":\"https:\\\/\\\/elcanillita.info\\\/press\\\/2024\\\/02\\\/04\\\/tripas-revueltas\\\/\",\"url\":\"https:\\\/\\\/elcanillita.info\\\/press\\\/2024\\\/02\\\/04\\\/tripas-revueltas\\\/\",\"name\":\"Tripas Revueltas - ElCanillita.Info\",\"isPartOf\":{\"@id\":\"https:\\\/\\\/elcanillita.info\\\/press\\\/#website\"},\"primaryImageOfPage\":{\"@id\":\"https:\\\/\\\/elcanillita.info\\\/press\\\/2024\\\/02\\\/04\\\/tripas-revueltas\\\/#primaryimage\"},\"image\":{\"@id\":\"https:\\\/\\\/elcanillita.info\\\/press\\\/2024\\\/02\\\/04\\\/tripas-revueltas\\\/#primaryimage\"},\"thumbnailUrl\":\"https:\\\/\\\/elcanillita.info\\\/press\\\/images\\\/2024\\\/02\\\/Arturo_Graf_cover_Guzzo_Photos.jpg\",\"datePublished\":\"2024-02-04T09:39:59+00:00\",\"dateModified\":\"2024-02-07T03:10:42+00:00\",\"inLanguage\":\"es-AR\",\"potentialAction\":[{\"@type\":\"ReadAction\",\"target\":[\"https:\\\/\\\/elcanillita.info\\\/press\\\/2024\\\/02\\\/04\\\/tripas-revueltas\\\/\"]}]},{\"@type\":\"ImageObject\",\"inLanguage\":\"es-AR\",\"@id\":\"https:\\\/\\\/elcanillita.info\\\/press\\\/2024\\\/02\\\/04\\\/tripas-revueltas\\\/#primaryimage\",\"url\":\"https:\\\/\\\/elcanillita.info\\\/press\\\/images\\\/2024\\\/02\\\/Arturo_Graf_cover_Guzzo_Photos.jpg\",\"contentUrl\":\"https:\\\/\\\/elcanillita.info\\\/press\\\/images\\\/2024\\\/02\\\/Arturo_Graf_cover_Guzzo_Photos.jpg\",\"width\":591,\"height\":591},{\"@type\":\"WebSite\",\"@id\":\"https:\\\/\\\/elcanillita.info\\\/press\\\/#website\",\"url\":\"https:\\\/\\\/elcanillita.info\\\/press\\\/\",\"name\":\"ElCanillita.Info\",\"description\":\"desde los Apeninos a los Andes\",\"publisher\":{\"@id\":\"https:\\\/\\\/elcanillita.info\\\/press\\\/#organization\"},\"potentialAction\":[{\"@type\":\"SearchAction\",\"target\":{\"@type\":\"EntryPoint\",\"urlTemplate\":\"https:\\\/\\\/elcanillita.info\\\/press\\\/?s={search_term_string}\"},\"query-input\":{\"@type\":\"PropertyValueSpecification\",\"valueRequired\":true,\"valueName\":\"search_term_string\"}}],\"inLanguage\":\"es-AR\"},{\"@type\":\"Organization\",\"@id\":\"https:\\\/\\\/elcanillita.info\\\/press\\\/#organization\",\"name\":\"Guzzo Photos & Graphic Publications\",\"url\":\"https:\\\/\\\/elcanillita.info\\\/press\\\/\",\"logo\":{\"@type\":\"ImageObject\",\"inLanguage\":\"es-AR\",\"@id\":\"https:\\\/\\\/elcanillita.info\\\/press\\\/#\\\/schema\\\/logo\\\/image\\\/\",\"url\":\"https:\\\/\\\/elcanillita.info\\\/press\\\/images\\\/2020\\\/01\\\/cropped-cropped-cropped-elcanillitainfo.png\",\"contentUrl\":\"https:\\\/\\\/elcanillita.info\\\/press\\\/images\\\/2020\\\/01\\\/cropped-cropped-cropped-elcanillitainfo.png\",\"width\":460,\"height\":50,\"caption\":\"Guzzo Photos & Graphic Publications\"},\"image\":{\"@id\":\"https:\\\/\\\/elcanillita.info\\\/press\\\/#\\\/schema\\\/logo\\\/image\\\/\"},\"sameAs\":[\"https:\\\/\\\/ar-ar.facebook.com\\\/ElCanillitainfo-114249515285712\\\/\"]},{\"@type\":\"Person\",\"@id\":\"https:\\\/\\\/elcanillita.info\\\/press\\\/#\\\/schema\\\/person\\\/7fcb79f38045700919f7da6d97e71ba0\",\"name\":\"SalaStampa.eu, world press service\",\"image\":{\"@type\":\"ImageObject\",\"inLanguage\":\"es-AR\",\"@id\":\"https:\\\/\\\/secure.gravatar.com\\\/avatar\\\/c2f0e0d515a107624234994507816ca4724c7199cef73fc8bedebf6931d73888?s=96&d=mm&r=g\",\"url\":\"https:\\\/\\\/secure.gravatar.com\\\/avatar\\\/c2f0e0d515a107624234994507816ca4724c7199cef73fc8bedebf6931d73888?s=96&d=mm&r=g\",\"contentUrl\":\"https:\\\/\\\/secure.gravatar.com\\\/avatar\\\/c2f0e0d515a107624234994507816ca4724c7199cef73fc8bedebf6931d73888?s=96&d=mm&r=g\",\"caption\":\"SalaStampa.eu, world press service\"}}]}<\/script>\n<!-- \/ Yoast SEO plugin. -->","yoast_head_json":{"title":"Tripas Revueltas - ElCanillita.Info","robots":{"index":"index","follow":"follow","max-snippet":"max-snippet:-1","max-image-preview":"max-image-preview:large","max-video-preview":"max-video-preview:-1"},"canonical":"https:\/\/elcanillita.info\/press\/2024\/02\/04\/tripas-revueltas\/","og_locale":"es_ES","og_type":"article","og_title":"Tripas Revueltas - ElCanillita.Info","og_description":"Mis retorcijones se agudizaron al ver al caradura Diputado y tan ilegalmente enriquecido M\u00e1ximo Kirchner moverse burlonamente por la plaza, acompa\u00f1ado por una guardia pretoriana de desvergonzados colegas, entre los que destacaban Cecilia Moreau (nada menos que Vicepresidente 1\u00b0 de la C\u00e1mara)","og_url":"https:\/\/elcanillita.info\/press\/2024\/02\/04\/tripas-revueltas\/","og_site_name":"ElCanillita.Info","article_publisher":"https:\/\/ar-ar.facebook.com\/ElCanillitainfo-114249515285712\/","article_published_time":"2024-02-04T09:39:59+00:00","article_modified_time":"2024-02-07T03:10:42+00:00","og_image":[{"width":591,"height":591,"url":"https:\/\/elcanillita.info\/press\/images\/2024\/02\/Arturo_Graf_cover_Guzzo_Photos.jpg","type":"image\/jpeg"}],"author":"SalaStampa.eu, world press service","twitter_card":"summary_large_image","twitter_misc":{"Escrito por":"SalaStampa.eu, world press service","Tiempo de lectura":"1 minuto"},"schema":{"@context":"https:\/\/schema.org","@graph":[{"@type":"Article","@id":"https:\/\/elcanillita.info\/press\/2024\/02\/04\/tripas-revueltas\/#article","isPartOf":{"@id":"https:\/\/elcanillita.info\/press\/2024\/02\/04\/tripas-revueltas\/"},"author":{"name":"SalaStampa.eu, world press service","@id":"https:\/\/elcanillita.info\/press\/#\/schema\/person\/7fcb79f38045700919f7da6d97e71ba0"},"headline":"Tripas Revueltas","datePublished":"2024-02-04T09:39:59+00:00","dateModified":"2024-02-07T03:10:42+00:00","mainEntityOfPage":{"@id":"https:\/\/elcanillita.info\/press\/2024\/02\/04\/tripas-revueltas\/"},"wordCount":1409,"publisher":{"@id":"https:\/\/elcanillita.info\/press\/#organization"},"image":{"@id":"https:\/\/elcanillita.info\/press\/2024\/02\/04\/tripas-revueltas\/#primaryimage"},"thumbnailUrl":"https:\/\/elcanillita.info\/press\/images\/2024\/02\/Arturo_Graf_cover_Guzzo_Photos.jpg","keywords":["Argentina"],"articleSection":[".",".","Actualidad","Am\u00e9rica del Sur","Politica"],"inLanguage":"es-AR"},{"@type":"WebPage","@id":"https:\/\/elcanillita.info\/press\/2024\/02\/04\/tripas-revueltas\/","url":"https:\/\/elcanillita.info\/press\/2024\/02\/04\/tripas-revueltas\/","name":"Tripas Revueltas - ElCanillita.Info","isPartOf":{"@id":"https:\/\/elcanillita.info\/press\/#website"},"primaryImageOfPage":{"@id":"https:\/\/elcanillita.info\/press\/2024\/02\/04\/tripas-revueltas\/#primaryimage"},"image":{"@id":"https:\/\/elcanillita.info\/press\/2024\/02\/04\/tripas-revueltas\/#primaryimage"},"thumbnailUrl":"https:\/\/elcanillita.info\/press\/images\/2024\/02\/Arturo_Graf_cover_Guzzo_Photos.jpg","datePublished":"2024-02-04T09:39:59+00:00","dateModified":"2024-02-07T03:10:42+00:00","inLanguage":"es-AR","potentialAction":[{"@type":"ReadAction","target":["https:\/\/elcanillita.info\/press\/2024\/02\/04\/tripas-revueltas\/"]}]},{"@type":"ImageObject","inLanguage":"es-AR","@id":"https:\/\/elcanillita.info\/press\/2024\/02\/04\/tripas-revueltas\/#primaryimage","url":"https:\/\/elcanillita.info\/press\/images\/2024\/02\/Arturo_Graf_cover_Guzzo_Photos.jpg","contentUrl":"https:\/\/elcanillita.info\/press\/images\/2024\/02\/Arturo_Graf_cover_Guzzo_Photos.jpg","width":591,"height":591},{"@type":"WebSite","@id":"https:\/\/elcanillita.info\/press\/#website","url":"https:\/\/elcanillita.info\/press\/","name":"ElCanillita.Info","description":"desde los Apeninos a los Andes","publisher":{"@id":"https:\/\/elcanillita.info\/press\/#organization"},"potentialAction":[{"@type":"SearchAction","target":{"@type":"EntryPoint","urlTemplate":"https:\/\/elcanillita.info\/press\/?s={search_term_string}"},"query-input":{"@type":"PropertyValueSpecification","valueRequired":true,"valueName":"search_term_string"}}],"inLanguage":"es-AR"},{"@type":"Organization","@id":"https:\/\/elcanillita.info\/press\/#organization","name":"Guzzo Photos & Graphic Publications","url":"https:\/\/elcanillita.info\/press\/","logo":{"@type":"ImageObject","inLanguage":"es-AR","@id":"https:\/\/elcanillita.info\/press\/#\/schema\/logo\/image\/","url":"https:\/\/elcanillita.info\/press\/images\/2020\/01\/cropped-cropped-cropped-elcanillitainfo.png","contentUrl":"https:\/\/elcanillita.info\/press\/images\/2020\/01\/cropped-cropped-cropped-elcanillitainfo.png","width":460,"height":50,"caption":"Guzzo Photos & Graphic Publications"},"image":{"@id":"https:\/\/elcanillita.info\/press\/#\/schema\/logo\/image\/"},"sameAs":["https:\/\/ar-ar.facebook.com\/ElCanillitainfo-114249515285712\/"]},{"@type":"Person","@id":"https:\/\/elcanillita.info\/press\/#\/schema\/person\/7fcb79f38045700919f7da6d97e71ba0","name":"SalaStampa.eu, world press service","image":{"@type":"ImageObject","inLanguage":"es-AR","@id":"https:\/\/secure.gravatar.com\/avatar\/c2f0e0d515a107624234994507816ca4724c7199cef73fc8bedebf6931d73888?s=96&d=mm&r=g","url":"https:\/\/secure.gravatar.com\/avatar\/c2f0e0d515a107624234994507816ca4724c7199cef73fc8bedebf6931d73888?s=96&d=mm&r=g","contentUrl":"https:\/\/secure.gravatar.com\/avatar\/c2f0e0d515a107624234994507816ca4724c7199cef73fc8bedebf6931d73888?s=96&d=mm&r=g","caption":"SalaStampa.eu, world press service"}}]}},"views":369,"_links":{"self":[{"href":"https:\/\/elcanillita.info\/press\/wp-json\/wp\/v2\/posts\/3989","targetHints":{"allow":["GET"]}}],"collection":[{"href":"https:\/\/elcanillita.info\/press\/wp-json\/wp\/v2\/posts"}],"about":[{"href":"https:\/\/elcanillita.info\/press\/wp-json\/wp\/v2\/types\/post"}],"author":[{"embeddable":true,"href":"https:\/\/elcanillita.info\/press\/wp-json\/wp\/v2\/users\/1"}],"replies":[{"embeddable":true,"href":"https:\/\/elcanillita.info\/press\/wp-json\/wp\/v2\/comments?post=3989"}],"version-history":[{"count":0,"href":"https:\/\/elcanillita.info\/press\/wp-json\/wp\/v2\/posts\/3989\/revisions"}],"wp:featuredmedia":[{"embeddable":true,"href":"https:\/\/elcanillita.info\/press\/wp-json\/wp\/v2\/media\/3990"}],"wp:attachment":[{"href":"https:\/\/elcanillita.info\/press\/wp-json\/wp\/v2\/media?parent=3989"}],"wp:term":[{"taxonomy":"category","embeddable":true,"href":"https:\/\/elcanillita.info\/press\/wp-json\/wp\/v2\/categories?post=3989"},{"taxonomy":"post_tag","embeddable":true,"href":"https:\/\/elcanillita.info\/press\/wp-json\/wp\/v2\/tags?post=3989"}],"curies":[{"name":"wp","href":"https:\/\/api.w.org\/{rel}","templated":true}]}}