{"id":3966,"date":"2024-01-20T07:58:07","date_gmt":"2024-01-20T10:58:07","guid":{"rendered":"https:\/\/elcanillita.info\/press\/?p=3966"},"modified":"2024-01-20T08:04:56","modified_gmt":"2024-01-20T11:04:56","slug":"estaremos-en-dinamarca","status":"publish","type":"post","link":"https:\/\/elcanillita.info\/press\/2024\/01\/20\/estaremos-en-dinamarca\/","title":{"rendered":"\u00bfEstaremos en Dinamarca?"},"content":{"rendered":"\n<p><strong>por Enrique Guillermo Avogadro <\/strong><\/p>\n\n\n\n<p><em><small>\u201cTanta cosa antigua que se pone de moda que ser\u00eda bueno que<\/small> <small>volvieran la \u00e9tica, la verg\u00fcenza, la inteligencia y la honestidad\u201d.<\/small><br><small>Groucho Marx<\/small><\/em><\/p>\n\n\n\n<p>Buenos Aires, 20\/01\/2024<br><br>Parto de mi adhesi\u00f3n, en general, a las propuestas de cambio que, tan disruptivamente, ha planteado el Presidente a la sociedad y, adem\u00e1s, soy paciente, pero confieso que algunos sugestivos detalles me hacen ruido. La presencia en los principales escalones de su administraci\u00f3n de personajes sumamente cuestionables, tan prolijamente inventariados por Hugo Alconada Mom y Carlos Pagni en sus notas en La Naci\u00f3n, convierten a ese ruido en algo que huele mal, tal como describi\u00f3 William Shakespeare el clima de la corte \u00a0en \u201cHamlet\u201d.<\/p>\n\n\n\n<p>Cuando vemos cu\u00e1ntos ex colaboradores de los Fern\u00e1ndez\u00b2 y de Massa quedaron a cargo de reparticiones y cajas claves del Estado (Secretar\u00eda de Miner\u00eda, AFIP, AySA, PAMI, Aduana, Aerol\u00edneas Argentinas, Casa de la Moneda, Derechos Humanos vengativos, tuertos y ladrones, etc.) surge la duda acerca de la real decisi\u00f3n de limpiar a la Argentina de corrupci\u00f3n que declama la administraci\u00f3n libertaria. Con toda urgencia, Javier Milei deber\u00eda recordar la conocida frase de Lee Kwan Yew, ex Primer Ministro de Singapur: <em>\u201cSi quieres derrotar a la corrupci\u00f3n, debes estar listo para enviar a la c\u00e1rcel a tus amigos y familiares\u201d<\/em><strong><em>.<\/em><\/strong><\/p>\n\n\n\n<p>A riesgo de resultar reiterativo, insisto en que el Ministro de Justicia, Mariano C\u00faneo Libarona, es un caso paradigm\u00e1tico. No s\u00f3lo ha insistido p\u00fablicamente en la falsa hip\u00f3tesis del suicidio del Fiscal Alberto Nisman, de cuyo asesinato \u2013lo determin\u00f3 la Justicia- el jueves se cumplieron 9 a\u00f1os sin que se haya identificado, juzgado y condenado a sus autores materiales e intelectuales sino que, m\u00e1s recientemente, suscribi\u00f3 la teor\u00eda del <em>lawfare <\/em>y adujo falta de pruebas de la culpabilidad de Cristina Fern\u00e1ndez en la causa Vialidad, donde fue condenada por corrupci\u00f3n. Fue abogado de uno de los imputados \u2013Sergio Taselli- en la causa Cuadernos, del destituido y condenado Juez Walter Bento y hasta de Jos\u00e9 Alperovich, ex Gobernador de Tucum\u00e1n, ante la acusaci\u00f3n de violaci\u00f3n que formul\u00f3 su sobrina.&nbsp;<\/p>\n\n\n\n<p>Mis quejas respecto a C\u00faneo Libarona no pasan por su anterior desempe\u00f1o profesional, que lo ubic\u00f3 tan cerca del kirchnerismo, sino por su inexplicable quita de la facultad de querellar a la Unidad de Investigaci\u00f3n Financiera y a la Oficina Anticorrupci\u00f3n, organismos que Milei hab\u00eda prometido profesionalizar en su gesti\u00f3n e independizar del Ejecutivo, algo sonoramente incumplido. Sostengo que los principales damnificados por el imprescindible ajuste de la econom\u00eda (la clase media) s\u00f3lo estar\u00e1n dispuestos a tolerarlo si los responsables del monumental saqueo al que fue sometido el pa\u00eds, causa eficiente de este pesado presente, que diariamente hacen gala de sus fortunas en el Calafate, en Madrid, en Marbella, etc., son llevados a Tribunales, juzgados y condenados; para lograrlo, el rol de UIF y de la OA resulta irremplazable y evitar\u00eda oscuros pactos de impunidad.<\/p>\n\n\n\n<p>No lo conozco, y no pongo su honorabilidad en duda, pero me pregunto el por qu\u00e9 del \u201craro\u201d nombramiento de Andr\u00e9s de la Cruz como Subprocurador del Tesoro. Ese organismo tiene hoy como uno de sus principales temas el juicio en el cual la Juez Loretta Preska conden\u00f3 a nuestro pa\u00eds a pagar la enorme suma de US$ 16.100 millones. Parte de ese dinero terminar\u00e1 en los bolsillos de los Kirchner a trav\u00e9s de sus testaferros, los Eskenazy, ex titulares del 25% de YPF y due\u00f1os del Banco de Santa Cruz, a trav\u00e9s del cual circularon los desaparecidos fondos de la Provincia, de los que se apropi\u00f3 el difunto patriarca, don N\u00e9stor. Que De la Cruz haya sido abogado de esos prestanombres debiera encender luces rojas en el tablero de mando de Milei, porque tambi\u00e9n huele a podrido.<\/p>\n\n\n\n<p>Comenc\u00e9 esta columna diciendo que apoyo las pol\u00edticas liberalizadoras de la econom\u00eda del Presidente, y a las pruebas me remito: en un ya lejano 2005 escrib\u00ed una nota, a la que titul\u00e9: \u201cLos argentinos y los zapatos\u201d (<a href=\"http:\/\/tinyurl.com\/2ebp59s4\">http:\/\/tinyurl.com\/2ebp59s4<\/a>) y en la cual trat\u00e9 de explicar a mis conciudadanos de qu\u00e9 se trataba la razonable apertura de la econom\u00eda y c\u00f3mo pod\u00eda beneficiar a toda la sociedad.<\/p>\n\n\n\n<p>Los \u00faltimos fueron veinte a\u00f1os de populismo suicida durante los cuales se nos educ\u00f3 creyendo que la luz, el gas, el agua y el transporte, \u00e9ste especialmente en el AMBA, eran algo que no deb\u00edamos pagar; tan gratis cre\u00edamos que era la energ\u00eda que nadie dudaba en derrocharla, hasta para calentar la pileta de nataci\u00f3n o dejar el aire acondicionado encendido en su ausencia. Con la inminente quita de subsidios (aportados \u00e9stos por el Estado con endeudamiento, emisi\u00f3n e inflaci\u00f3n), el consumo reaccionar\u00e1, como debe ser, con una masiva econom\u00eda de electricidad, ya que quien quiera dilapidarla tendr\u00e1 que pagar por ella lo que realmente vale. Ya hemos visto como la fuerte ca\u00edda de la demanda redujo los precios de la carne, y ese mismo efecto se reproducir\u00e1 en todos los \u00f3rdenes, hasta con los alquileres. Cualquiera podr\u00e1 pedir por sus bienes, productos o servicios lo que mejor le parezca, pero el precio real surgir\u00e1 cuando las apetencias del vendedor o proveedor confluyan con las posibilidades econ\u00f3micas del comprador: las cosas valen lo que alguien est\u00e1 dispuesto a pagar por ellas.<\/p>\n\n\n\n<p>Por supuesto, y no s\u00f3lo en ese tema, el Estado debe tener un fuerte rol de control para evitar cartelizaciones y abusos, a trav\u00e9s de la Comisi\u00f3n Nacional de Defensa de la Competencia y del servicio de Protecci\u00f3n al Consumidor, organismos que existen en todos los pa\u00edses liberales del mundo.<br><br><small>\u00a9 Copyright 2024 Enrique Guillermo Avogadro<br>\u00a9 2024 ElCanillita.info \/ SalaStampa.Eu, servicio mundial de prensa<\/small><\/p>\n","protected":false},"excerpt":{"rendered":"<p>Cuando vemos cu\u00e1ntos ex colaboradores de los Fern\u00e1ndez\u00b2 y de Massa quedaron a cargo de reparticiones y cajas claves del Estado (Secretar\u00eda de Miner\u00eda, AFIP, AySA, PAMI, Aduana, Aerol\u00edneas Argentinas, Casa de la Moneda, Derechos Humanos vengativos, tuertos y ladrones, etc.) surge la duda acerca de la real decisi\u00f3n de limpiar a la Argentina de corrupci\u00f3n que declama la administraci\u00f3n libertaria. <\/p>\n","protected":false},"author":1,"featured_media":3970,"comment_status":"closed","ping_status":"closed","sticky":false,"template":"","format":"standard","meta":{"footnotes":"","_links_to":"","_links_to_target":""},"categories":[108,121,70,11,23],"tags":[29],"class_list":["post-3966","post","type-post","status-publish","format-standard","has-post-thumbnail","hentry","category-blogdiario","category-dc24","category-actualidad","category-america-del-sur","category-politica","tag-argentina","entry","double"],"yoast_head":"<!-- This site is optimized with the Yoast SEO plugin v27.4 - https:\/\/yoast.com\/product\/yoast-seo-wordpress\/ -->\n<title>\u00bfEstaremos en Dinamarca? - ElCanillita.Info<\/title>\n<meta name=\"robots\" content=\"index, follow, max-snippet:-1, max-image-preview:large, max-video-preview:-1\" \/>\n<link rel=\"canonical\" href=\"https:\/\/elcanillita.info\/press\/2024\/01\/20\/estaremos-en-dinamarca\/\" \/>\n<meta property=\"og:locale\" content=\"es_ES\" \/>\n<meta property=\"og:type\" content=\"article\" \/>\n<meta property=\"og:title\" content=\"\u00bfEstaremos en Dinamarca? - ElCanillita.Info\" \/>\n<meta property=\"og:description\" content=\"Cuando vemos cu\u00e1ntos ex colaboradores de los Fern\u00e1ndez\u00b2 y de Massa quedaron a cargo de reparticiones y cajas claves del Estado (Secretar\u00eda de Miner\u00eda, AFIP, AySA, PAMI, Aduana, Aerol\u00edneas Argentinas, Casa de la Moneda, Derechos Humanos vengativos, tuertos y ladrones, etc.) surge la duda acerca de la real decisi\u00f3n de limpiar a la Argentina de corrupci\u00f3n que declama la administraci\u00f3n libertaria.\" \/>\n<meta property=\"og:url\" content=\"https:\/\/elcanillita.info\/press\/2024\/01\/20\/estaremos-en-dinamarca\/\" \/>\n<meta property=\"og:site_name\" content=\"ElCanillita.Info\" \/>\n<meta property=\"article:publisher\" content=\"https:\/\/ar-ar.facebook.com\/ElCanillitainfo-114249515285712\/\" \/>\n<meta property=\"article:published_time\" content=\"2024-01-20T10:58:07+00:00\" \/>\n<meta property=\"article:modified_time\" content=\"2024-01-20T11:04:56+00:00\" \/>\n<meta property=\"og:image\" content=\"https:\/\/elcanillita.info\/press\/images\/2024\/01\/cover_20240120-2.jpg\" \/>\n\t<meta property=\"og:image:width\" content=\"600\" \/>\n\t<meta property=\"og:image:height\" content=\"400\" \/>\n\t<meta property=\"og:image:type\" content=\"image\/jpeg\" \/>\n<meta name=\"author\" content=\"SalaStampa.eu, world press service\" \/>\n<meta name=\"twitter:card\" content=\"summary_large_image\" \/>\n<meta name=\"twitter:label1\" content=\"Escrito por\" \/>\n\t<meta name=\"twitter:data1\" content=\"SalaStampa.eu, world press service\" \/>\n\t<meta name=\"twitter:label2\" content=\"Tiempo de lectura\" \/>\n\t<meta name=\"twitter:data2\" content=\"5 minutos\" \/>\n<script type=\"application\/ld+json\" class=\"yoast-schema-graph\">{\"@context\":\"https:\\\/\\\/schema.org\",\"@graph\":[{\"@type\":\"Article\",\"@id\":\"https:\\\/\\\/elcanillita.info\\\/press\\\/2024\\\/01\\\/20\\\/estaremos-en-dinamarca\\\/#article\",\"isPartOf\":{\"@id\":\"https:\\\/\\\/elcanillita.info\\\/press\\\/2024\\\/01\\\/20\\\/estaremos-en-dinamarca\\\/\"},\"author\":{\"name\":\"SalaStampa.eu, world press service\",\"@id\":\"https:\\\/\\\/elcanillita.info\\\/press\\\/#\\\/schema\\\/person\\\/7fcb79f38045700919f7da6d97e71ba0\"},\"headline\":\"\u00bfEstaremos en Dinamarca?\",\"datePublished\":\"2024-01-20T10:58:07+00:00\",\"dateModified\":\"2024-01-20T11:04:56+00:00\",\"mainEntityOfPage\":{\"@id\":\"https:\\\/\\\/elcanillita.info\\\/press\\\/2024\\\/01\\\/20\\\/estaremos-en-dinamarca\\\/\"},\"wordCount\":995,\"publisher\":{\"@id\":\"https:\\\/\\\/elcanillita.info\\\/press\\\/#organization\"},\"image\":{\"@id\":\"https:\\\/\\\/elcanillita.info\\\/press\\\/2024\\\/01\\\/20\\\/estaremos-en-dinamarca\\\/#primaryimage\"},\"thumbnailUrl\":\"https:\\\/\\\/elcanillita.info\\\/press\\\/images\\\/2024\\\/01\\\/cover_20240120-2.jpg\",\"keywords\":[\"Argentina\"],\"articleSection\":[\".\",\".\",\"Actualidad\",\"Am\u00e9rica del Sur\",\"Politica\"],\"inLanguage\":\"es-AR\"},{\"@type\":\"WebPage\",\"@id\":\"https:\\\/\\\/elcanillita.info\\\/press\\\/2024\\\/01\\\/20\\\/estaremos-en-dinamarca\\\/\",\"url\":\"https:\\\/\\\/elcanillita.info\\\/press\\\/2024\\\/01\\\/20\\\/estaremos-en-dinamarca\\\/\",\"name\":\"\u00bfEstaremos en Dinamarca? - ElCanillita.Info\",\"isPartOf\":{\"@id\":\"https:\\\/\\\/elcanillita.info\\\/press\\\/#website\"},\"primaryImageOfPage\":{\"@id\":\"https:\\\/\\\/elcanillita.info\\\/press\\\/2024\\\/01\\\/20\\\/estaremos-en-dinamarca\\\/#primaryimage\"},\"image\":{\"@id\":\"https:\\\/\\\/elcanillita.info\\\/press\\\/2024\\\/01\\\/20\\\/estaremos-en-dinamarca\\\/#primaryimage\"},\"thumbnailUrl\":\"https:\\\/\\\/elcanillita.info\\\/press\\\/images\\\/2024\\\/01\\\/cover_20240120-2.jpg\",\"datePublished\":\"2024-01-20T10:58:07+00:00\",\"dateModified\":\"2024-01-20T11:04:56+00:00\",\"inLanguage\":\"es-AR\",\"potentialAction\":[{\"@type\":\"ReadAction\",\"target\":[\"https:\\\/\\\/elcanillita.info\\\/press\\\/2024\\\/01\\\/20\\\/estaremos-en-dinamarca\\\/\"]}]},{\"@type\":\"ImageObject\",\"inLanguage\":\"es-AR\",\"@id\":\"https:\\\/\\\/elcanillita.info\\\/press\\\/2024\\\/01\\\/20\\\/estaremos-en-dinamarca\\\/#primaryimage\",\"url\":\"https:\\\/\\\/elcanillita.info\\\/press\\\/images\\\/2024\\\/01\\\/cover_20240120-2.jpg\",\"contentUrl\":\"https:\\\/\\\/elcanillita.info\\\/press\\\/images\\\/2024\\\/01\\\/cover_20240120-2.jpg\",\"width\":600,\"height\":400},{\"@type\":\"WebSite\",\"@id\":\"https:\\\/\\\/elcanillita.info\\\/press\\\/#website\",\"url\":\"https:\\\/\\\/elcanillita.info\\\/press\\\/\",\"name\":\"ElCanillita.Info\",\"description\":\"desde los Apeninos a los Andes\",\"publisher\":{\"@id\":\"https:\\\/\\\/elcanillita.info\\\/press\\\/#organization\"},\"potentialAction\":[{\"@type\":\"SearchAction\",\"target\":{\"@type\":\"EntryPoint\",\"urlTemplate\":\"https:\\\/\\\/elcanillita.info\\\/press\\\/?s={search_term_string}\"},\"query-input\":{\"@type\":\"PropertyValueSpecification\",\"valueRequired\":true,\"valueName\":\"search_term_string\"}}],\"inLanguage\":\"es-AR\"},{\"@type\":\"Organization\",\"@id\":\"https:\\\/\\\/elcanillita.info\\\/press\\\/#organization\",\"name\":\"Guzzo Photos & Graphic Publications\",\"url\":\"https:\\\/\\\/elcanillita.info\\\/press\\\/\",\"logo\":{\"@type\":\"ImageObject\",\"inLanguage\":\"es-AR\",\"@id\":\"https:\\\/\\\/elcanillita.info\\\/press\\\/#\\\/schema\\\/logo\\\/image\\\/\",\"url\":\"https:\\\/\\\/elcanillita.info\\\/press\\\/images\\\/2020\\\/01\\\/cropped-cropped-cropped-elcanillitainfo.png\",\"contentUrl\":\"https:\\\/\\\/elcanillita.info\\\/press\\\/images\\\/2020\\\/01\\\/cropped-cropped-cropped-elcanillitainfo.png\",\"width\":460,\"height\":50,\"caption\":\"Guzzo Photos & Graphic Publications\"},\"image\":{\"@id\":\"https:\\\/\\\/elcanillita.info\\\/press\\\/#\\\/schema\\\/logo\\\/image\\\/\"},\"sameAs\":[\"https:\\\/\\\/ar-ar.facebook.com\\\/ElCanillitainfo-114249515285712\\\/\"]},{\"@type\":\"Person\",\"@id\":\"https:\\\/\\\/elcanillita.info\\\/press\\\/#\\\/schema\\\/person\\\/7fcb79f38045700919f7da6d97e71ba0\",\"name\":\"SalaStampa.eu, world press service\",\"image\":{\"@type\":\"ImageObject\",\"inLanguage\":\"es-AR\",\"@id\":\"https:\\\/\\\/secure.gravatar.com\\\/avatar\\\/c2f0e0d515a107624234994507816ca4724c7199cef73fc8bedebf6931d73888?s=96&d=mm&r=g\",\"url\":\"https:\\\/\\\/secure.gravatar.com\\\/avatar\\\/c2f0e0d515a107624234994507816ca4724c7199cef73fc8bedebf6931d73888?s=96&d=mm&r=g\",\"contentUrl\":\"https:\\\/\\\/secure.gravatar.com\\\/avatar\\\/c2f0e0d515a107624234994507816ca4724c7199cef73fc8bedebf6931d73888?s=96&d=mm&r=g\",\"caption\":\"SalaStampa.eu, world press service\"}}]}<\/script>\n<!-- \/ Yoast SEO plugin. -->","yoast_head_json":{"title":"\u00bfEstaremos en Dinamarca? - ElCanillita.Info","robots":{"index":"index","follow":"follow","max-snippet":"max-snippet:-1","max-image-preview":"max-image-preview:large","max-video-preview":"max-video-preview:-1"},"canonical":"https:\/\/elcanillita.info\/press\/2024\/01\/20\/estaremos-en-dinamarca\/","og_locale":"es_ES","og_type":"article","og_title":"\u00bfEstaremos en Dinamarca? - ElCanillita.Info","og_description":"Cuando vemos cu\u00e1ntos ex colaboradores de los Fern\u00e1ndez\u00b2 y de Massa quedaron a cargo de reparticiones y cajas claves del Estado (Secretar\u00eda de Miner\u00eda, AFIP, AySA, PAMI, Aduana, Aerol\u00edneas Argentinas, Casa de la Moneda, Derechos Humanos vengativos, tuertos y ladrones, etc.) surge la duda acerca de la real decisi\u00f3n de limpiar a la Argentina de corrupci\u00f3n que declama la administraci\u00f3n libertaria.","og_url":"https:\/\/elcanillita.info\/press\/2024\/01\/20\/estaremos-en-dinamarca\/","og_site_name":"ElCanillita.Info","article_publisher":"https:\/\/ar-ar.facebook.com\/ElCanillitainfo-114249515285712\/","article_published_time":"2024-01-20T10:58:07+00:00","article_modified_time":"2024-01-20T11:04:56+00:00","og_image":[{"width":600,"height":400,"url":"https:\/\/elcanillita.info\/press\/images\/2024\/01\/cover_20240120-2.jpg","type":"image\/jpeg"}],"author":"SalaStampa.eu, world press service","twitter_card":"summary_large_image","twitter_misc":{"Escrito por":"SalaStampa.eu, world press service","Tiempo de lectura":"5 minutos"},"schema":{"@context":"https:\/\/schema.org","@graph":[{"@type":"Article","@id":"https:\/\/elcanillita.info\/press\/2024\/01\/20\/estaremos-en-dinamarca\/#article","isPartOf":{"@id":"https:\/\/elcanillita.info\/press\/2024\/01\/20\/estaremos-en-dinamarca\/"},"author":{"name":"SalaStampa.eu, world press service","@id":"https:\/\/elcanillita.info\/press\/#\/schema\/person\/7fcb79f38045700919f7da6d97e71ba0"},"headline":"\u00bfEstaremos en Dinamarca?","datePublished":"2024-01-20T10:58:07+00:00","dateModified":"2024-01-20T11:04:56+00:00","mainEntityOfPage":{"@id":"https:\/\/elcanillita.info\/press\/2024\/01\/20\/estaremos-en-dinamarca\/"},"wordCount":995,"publisher":{"@id":"https:\/\/elcanillita.info\/press\/#organization"},"image":{"@id":"https:\/\/elcanillita.info\/press\/2024\/01\/20\/estaremos-en-dinamarca\/#primaryimage"},"thumbnailUrl":"https:\/\/elcanillita.info\/press\/images\/2024\/01\/cover_20240120-2.jpg","keywords":["Argentina"],"articleSection":[".",".","Actualidad","Am\u00e9rica del Sur","Politica"],"inLanguage":"es-AR"},{"@type":"WebPage","@id":"https:\/\/elcanillita.info\/press\/2024\/01\/20\/estaremos-en-dinamarca\/","url":"https:\/\/elcanillita.info\/press\/2024\/01\/20\/estaremos-en-dinamarca\/","name":"\u00bfEstaremos en Dinamarca? - ElCanillita.Info","isPartOf":{"@id":"https:\/\/elcanillita.info\/press\/#website"},"primaryImageOfPage":{"@id":"https:\/\/elcanillita.info\/press\/2024\/01\/20\/estaremos-en-dinamarca\/#primaryimage"},"image":{"@id":"https:\/\/elcanillita.info\/press\/2024\/01\/20\/estaremos-en-dinamarca\/#primaryimage"},"thumbnailUrl":"https:\/\/elcanillita.info\/press\/images\/2024\/01\/cover_20240120-2.jpg","datePublished":"2024-01-20T10:58:07+00:00","dateModified":"2024-01-20T11:04:56+00:00","inLanguage":"es-AR","potentialAction":[{"@type":"ReadAction","target":["https:\/\/elcanillita.info\/press\/2024\/01\/20\/estaremos-en-dinamarca\/"]}]},{"@type":"ImageObject","inLanguage":"es-AR","@id":"https:\/\/elcanillita.info\/press\/2024\/01\/20\/estaremos-en-dinamarca\/#primaryimage","url":"https:\/\/elcanillita.info\/press\/images\/2024\/01\/cover_20240120-2.jpg","contentUrl":"https:\/\/elcanillita.info\/press\/images\/2024\/01\/cover_20240120-2.jpg","width":600,"height":400},{"@type":"WebSite","@id":"https:\/\/elcanillita.info\/press\/#website","url":"https:\/\/elcanillita.info\/press\/","name":"ElCanillita.Info","description":"desde los Apeninos a los Andes","publisher":{"@id":"https:\/\/elcanillita.info\/press\/#organization"},"potentialAction":[{"@type":"SearchAction","target":{"@type":"EntryPoint","urlTemplate":"https:\/\/elcanillita.info\/press\/?s={search_term_string}"},"query-input":{"@type":"PropertyValueSpecification","valueRequired":true,"valueName":"search_term_string"}}],"inLanguage":"es-AR"},{"@type":"Organization","@id":"https:\/\/elcanillita.info\/press\/#organization","name":"Guzzo Photos & Graphic Publications","url":"https:\/\/elcanillita.info\/press\/","logo":{"@type":"ImageObject","inLanguage":"es-AR","@id":"https:\/\/elcanillita.info\/press\/#\/schema\/logo\/image\/","url":"https:\/\/elcanillita.info\/press\/images\/2020\/01\/cropped-cropped-cropped-elcanillitainfo.png","contentUrl":"https:\/\/elcanillita.info\/press\/images\/2020\/01\/cropped-cropped-cropped-elcanillitainfo.png","width":460,"height":50,"caption":"Guzzo Photos & Graphic Publications"},"image":{"@id":"https:\/\/elcanillita.info\/press\/#\/schema\/logo\/image\/"},"sameAs":["https:\/\/ar-ar.facebook.com\/ElCanillitainfo-114249515285712\/"]},{"@type":"Person","@id":"https:\/\/elcanillita.info\/press\/#\/schema\/person\/7fcb79f38045700919f7da6d97e71ba0","name":"SalaStampa.eu, world press service","image":{"@type":"ImageObject","inLanguage":"es-AR","@id":"https:\/\/secure.gravatar.com\/avatar\/c2f0e0d515a107624234994507816ca4724c7199cef73fc8bedebf6931d73888?s=96&d=mm&r=g","url":"https:\/\/secure.gravatar.com\/avatar\/c2f0e0d515a107624234994507816ca4724c7199cef73fc8bedebf6931d73888?s=96&d=mm&r=g","contentUrl":"https:\/\/secure.gravatar.com\/avatar\/c2f0e0d515a107624234994507816ca4724c7199cef73fc8bedebf6931d73888?s=96&d=mm&r=g","caption":"SalaStampa.eu, world press service"}}]}},"views":468,"_links":{"self":[{"href":"https:\/\/elcanillita.info\/press\/wp-json\/wp\/v2\/posts\/3966","targetHints":{"allow":["GET"]}}],"collection":[{"href":"https:\/\/elcanillita.info\/press\/wp-json\/wp\/v2\/posts"}],"about":[{"href":"https:\/\/elcanillita.info\/press\/wp-json\/wp\/v2\/types\/post"}],"author":[{"embeddable":true,"href":"https:\/\/elcanillita.info\/press\/wp-json\/wp\/v2\/users\/1"}],"replies":[{"embeddable":true,"href":"https:\/\/elcanillita.info\/press\/wp-json\/wp\/v2\/comments?post=3966"}],"version-history":[{"count":0,"href":"https:\/\/elcanillita.info\/press\/wp-json\/wp\/v2\/posts\/3966\/revisions"}],"wp:featuredmedia":[{"embeddable":true,"href":"https:\/\/elcanillita.info\/press\/wp-json\/wp\/v2\/media\/3970"}],"wp:attachment":[{"href":"https:\/\/elcanillita.info\/press\/wp-json\/wp\/v2\/media?parent=3966"}],"wp:term":[{"taxonomy":"category","embeddable":true,"href":"https:\/\/elcanillita.info\/press\/wp-json\/wp\/v2\/categories?post=3966"},{"taxonomy":"post_tag","embeddable":true,"href":"https:\/\/elcanillita.info\/press\/wp-json\/wp\/v2\/tags?post=3966"}],"curies":[{"name":"wp","href":"https:\/\/api.w.org\/{rel}","templated":true}]}}