{"id":3953,"date":"2024-01-13T05:57:07","date_gmt":"2024-01-13T08:57:07","guid":{"rendered":"https:\/\/elcanillita.info\/press\/?p=3953"},"modified":"2024-01-20T07:54:38","modified_gmt":"2024-01-20T10:54:38","slug":"quien-avisa","status":"publish","type":"post","link":"https:\/\/elcanillita.info\/press\/2024\/01\/13\/quien-avisa\/","title":{"rendered":"Quien avisa \u2026"},"content":{"rendered":"\n<p><strong>por Enrique Guillermo Avogadro <\/strong><br><small><em>\u201cLa ceguera biol\u00f3gica impide ver; la ceguera ideol\u00f3gica impide pensar\u201d.<\/em><\/small><br><small><em>&nbsp;Octavio Paz<\/em><\/small><\/p>\n\n\n\n<p>Buenos Aires, 13 Enero 2024<\/p>\n\n\n\n<p>Quien crea que lo que sucede en Ecuador es s\u00f3lo una violent\u00edsima guerra entre bandas de narcotraficantes que se disputan mercados y rutas comerciales, asociadas a los grandes c\u00e1rteles mexicanos y colombianos, se equivocar\u00e1 de medio a medio. M\u00e1s all\u00e1 de lo anecd\u00f3tico y puntual que aparece en la superficie, y como lo prueba la detenci\u00f3n de venezolanos por participar en las acciones terroristas, se trata de la m\u00e1s infame reacci\u00f3n del \u201csocialismo del siglo XXI\u201d ante una ola que, como siempre ha sucedido en nuestra historia continental, recorre toda su geograf\u00eda y hoy lo lleva a la derrota. En resumen, desde Quito y Guayaquil llegan avisos que deben encender luces rojas en los tableros de mando de los pa\u00edses de la regi\u00f3n, ya que muchos de ellos ya est\u00e1n siendo agredidos por el narcoterrorismo transnacional, apoyado y financiado por las dictaduras bolivarianas y por Rusia e Ir\u00e1n, en una nueva versi\u00f3n de su guerra general con Estados Unidos.<\/p>\n\n\n\n<p>El Foro de S\u00e3o Paulo y el Grupo de Puebla, que re\u00fanen a quienes pretend\u00edan extender el mito de la \u201cPatria Grande\u201d y hab\u00edan conseguido instalar foros como la Unasur y la CELAC, no est\u00e1n dispuestos a admitir su fracaso. Tras los triunfos de Gabriel Boric y Gustavo Petro, creyeron que la historia los favorecer\u00eda, pero las sociedades est\u00e1n demostrando que est\u00e1n hartas de los populismos saqueadores que hoy s\u00f3lo consiguen subsistir en la Nicaragua de Daniel Ortega, en la Cuba de Miguel D\u00edaz-Canel, en la Venezuela de Nicol\u00e1s Maduro y, algo, en la Honduras de Xiomara Castro.<\/p>\n\n\n\n<p>Y fueron castigados duramente en los plebiscitos constitucionales de Chile, en las elecciones provinciales de Colombia y en los cruciales ballotages de Argentina y Ecuador, y est\u00e1n sumamente complicados en Bolivia por la pelea interna del MAS (que enfrenta a Evo Morales con el Presidente Luis Arce), en Per\u00fa, cuyos procesos pol\u00edticos tienen d\u00e9cadas de inestabilidad y han llevado a la c\u00e1rcel, o al suicidio, a muchos mandatarios, y hasta en M\u00e9xico, hoy presidido por Andr\u00e9s Manuel L\u00f3pez Obrador, tal como se ver\u00e1 en las pr\u00f3ximos comicios presidenciales. Por supuesto, perdieron El Salvador a manos de Nayib Bukele, y nunca lograron \u00e9xito alguno en Paraguay o Uruguay; y Brasil, donde Luiz In\u00e1cio Lula da Silva volvi\u00f3 al poder despu\u00e9s de un oscuro tr\u00e1mite judicial, dispone de fuertes instituciones legislativas dispuestas a impedir cualquier deriva autoritaria.<\/p>\n\n\n\n<p>Las noticias provenientes de este tan sufrido continente relatan rivalidades entre distintos grupos de narcomenudeo y, hasta all\u00ed, nada que ignoremos los argentinos, que todos los d\u00edas vemos a Rosario y a tantos otros lugares del pa\u00eds desangrarse en manos de criminales; de la desidia y la innegable complicidad de pol\u00edticos, jueces, fiscales, polic\u00edas, financistas y empresarios, obtienen la protecci\u00f3n necesaria para matar con impunidad a sus competidores y sembrar un indiscriminado terror, casi siempre desde el interior de las c\u00e1rceles, donde inexplicablemente acceden a celulares.<\/p>\n\n\n\n<p>El Presidente Daniel Noboa Azim ha respondido con dureza a la irracional violencia que azota a su pa\u00eds, donde los v\u00e1ndalos \u2013sin duda inspirados por el ex Presidente Rafael Correa, condenado por corrupci\u00f3n y refugiado en B\u00e9lgica- tomaron por asalto canales de televisi\u00f3n y universidades, retienen y asesinan rehenes y amenazan p\u00fablicamente al Estado ecuatoriano; suspendi\u00f3 las garant\u00edas ciudadanas y orden\u00f3 a las fuerzas armadas intervenir en las operaciones antiterroristas, a las que calific\u00f3 como \u201cconflicto armado interno\u201d, una instrucci\u00f3n que fue acatada por los uniformados sin cuestionamiento alguno.<\/p>\n\n\n\n<p>Eso obliga a preguntarse qu\u00e9 suceder\u00e1 en Argentina, donde la Ley de Defensa, por inspiraci\u00f3n del kirchnerismo vengativo y asociado a los narcos, les impide actuar dentro del territorio nacional, salvo que se trate de la invasi\u00f3n de un ej\u00e9rcito oficial extranjero, cuando debamos enfrentar una guerra total contra los mismos enemigos, aqu\u00ed sumados a los antiguos terroristas de Montoneros y ERP, los peruanos de Sendero Luminoso y de tantas otras organizaciones subversivas que combatieron al Estado argentino y fueron derrotadas en el campo militar.<\/p>\n\n\n\n<p>En otro orden de cosas, en el juicio que la Argentina perdi\u00f3 en los tribunales de Nueva York, la Juez Loretta Preska rechaz\u00f3 un pedido para diferir hasta el 20 de febrero el plazo para ofrecer garant\u00edas y, as\u00ed, evitar el embargo de los bienes que puedan identificarse como de propiedad del Estado, condenado al pago de la monumental suma de US$ 16.100 millones. Hace muchos a\u00f1os, en una nota a la que titul\u00e9 \u201c<a href=\"https:\/\/elcanillita.info\/press\/2018\/07\/06\/cristinita-otros-us-5-000-mm\/\" target=\"_blank\" rel=\"noreferrer noopener\">Cristinita, \u00bfotros US$ 5000 millones?<\/a>\u201d expliqu\u00e9 por qu\u00e9 los Kirchner, siempre a trav\u00e9s de sus testaferros, la familia Eskenazi, volver\u00eda a robar esa enorme suma. Espero que algunos de los m\u00e1s corajudos fiscales federales tome ya cartas en el asunto y denuncie penalmente a los responsables de tama\u00f1o saqueo.<\/p>\n\n\n\n<p>Y tambi\u00e9n ans\u00edo que, as\u00ed como ha aceptado modificar algunos puntos del paquete legislativo que envi\u00f3 al H\u00b0 Aguantadero para su discusi\u00f3n, Javier Milei tambi\u00e9n ordene a su Ministro de Justicia dar marcha atr\u00e1s con la prohibici\u00f3n a la Oficina Anticorrupci\u00f3n y a la Unidad de Investigaci\u00f3n Financiera de actuar como querellantes en las causas por corrupci\u00f3n. Me parece absolutamente inaceptable que, para justificar tama\u00f1o dislate, Mariano C\u00faneo Libarona haya utilizado argumentos tales como la constancia de persecuci\u00f3n pol\u00edtica a opositores, o sea, al <em>lawfare<\/em>, un invento kirchnerista para intentar auto-absolverse.<br><br><small>\u00a9 Copyright 2024 Enrique Guillermo Avogadro<br>\u00a9 2024 ElCanillita.info \/ SalaStampa.Eu, servicio mundial de prensa<\/small><\/p>\n","protected":false},"excerpt":{"rendered":"<p>Quien crea que lo que sucede en Ecuador es s\u00f3lo una violent\u00edsima guerra entre bandas de narcotraficantes que se disputan mercados se equivocar\u00e1 de medio a medio.<\/p>\n","protected":false},"author":1,"featured_media":3380,"comment_status":"closed","ping_status":"closed","sticky":false,"template":"","format":"standard","meta":{"footnotes":"","_links_to":"","_links_to_target":""},"categories":[108,121,70,11,113],"tags":[29],"class_list":["post-3953","post","type-post","status-publish","format-standard","has-post-thumbnail","hentry","category-blogdiario","category-dc24","category-actualidad","category-america-del-sur","category-narcotrafico","tag-argentina","entry","double"],"yoast_head":"<!-- This site is optimized with the Yoast SEO plugin v27.4 - https:\/\/yoast.com\/product\/yoast-seo-wordpress\/ -->\n<title>Quien avisa \u2026 - ElCanillita.Info<\/title>\n<meta name=\"robots\" content=\"index, follow, max-snippet:-1, max-image-preview:large, max-video-preview:-1\" \/>\n<link rel=\"canonical\" href=\"https:\/\/elcanillita.info\/press\/2024\/01\/13\/quien-avisa\/\" \/>\n<meta property=\"og:locale\" content=\"es_ES\" \/>\n<meta property=\"og:type\" content=\"article\" \/>\n<meta property=\"og:title\" content=\"Quien avisa \u2026 - ElCanillita.Info\" \/>\n<meta property=\"og:description\" content=\"Quien crea que lo que sucede en Ecuador es s\u00f3lo una violent\u00edsima guerra entre bandas de narcotraficantes que se disputan mercados se equivocar\u00e1 de medio a medio.\" \/>\n<meta property=\"og:url\" content=\"https:\/\/elcanillita.info\/press\/2024\/01\/13\/quien-avisa\/\" \/>\n<meta property=\"og:site_name\" content=\"ElCanillita.Info\" \/>\n<meta property=\"article:publisher\" content=\"https:\/\/ar-ar.facebook.com\/ElCanillitainfo-114249515285712\/\" \/>\n<meta property=\"article:published_time\" content=\"2024-01-13T08:57:07+00:00\" \/>\n<meta property=\"article:modified_time\" content=\"2024-01-20T10:54:38+00:00\" \/>\n<meta property=\"og:image\" content=\"https:\/\/elcanillita.info\/press\/images\/2023\/04\/2grou_20230401-1.jpg\" \/>\n\t<meta property=\"og:image:width\" content=\"600\" \/>\n\t<meta property=\"og:image:height\" content=\"453\" \/>\n\t<meta property=\"og:image:type\" content=\"image\/jpeg\" \/>\n<meta name=\"author\" content=\"SalaStampa.eu, world press service\" \/>\n<meta name=\"twitter:card\" content=\"summary_large_image\" \/>\n<meta name=\"twitter:label1\" content=\"Escrito por\" \/>\n\t<meta name=\"twitter:data1\" content=\"SalaStampa.eu, world press service\" \/>\n\t<meta name=\"twitter:label2\" content=\"Tiempo de lectura\" \/>\n\t<meta name=\"twitter:data2\" content=\"5 minutos\" \/>\n<script type=\"application\/ld+json\" class=\"yoast-schema-graph\">{\"@context\":\"https:\\\/\\\/schema.org\",\"@graph\":[{\"@type\":\"Article\",\"@id\":\"https:\\\/\\\/elcanillita.info\\\/press\\\/2024\\\/01\\\/13\\\/quien-avisa\\\/#article\",\"isPartOf\":{\"@id\":\"https:\\\/\\\/elcanillita.info\\\/press\\\/2024\\\/01\\\/13\\\/quien-avisa\\\/\"},\"author\":{\"name\":\"SalaStampa.eu, world press service\",\"@id\":\"https:\\\/\\\/elcanillita.info\\\/press\\\/#\\\/schema\\\/person\\\/7fcb79f38045700919f7da6d97e71ba0\"},\"headline\":\"Quien avisa \u2026\",\"datePublished\":\"2024-01-13T08:57:07+00:00\",\"dateModified\":\"2024-01-20T10:54:38+00:00\",\"mainEntityOfPage\":{\"@id\":\"https:\\\/\\\/elcanillita.info\\\/press\\\/2024\\\/01\\\/13\\\/quien-avisa\\\/\"},\"wordCount\":971,\"publisher\":{\"@id\":\"https:\\\/\\\/elcanillita.info\\\/press\\\/#organization\"},\"image\":{\"@id\":\"https:\\\/\\\/elcanillita.info\\\/press\\\/2024\\\/01\\\/13\\\/quien-avisa\\\/#primaryimage\"},\"thumbnailUrl\":\"https:\\\/\\\/elcanillita.info\\\/press\\\/images\\\/2023\\\/04\\\/2grou_20230401-1.jpg\",\"keywords\":[\"Argentina\"],\"articleSection\":[\".\",\".\",\"Actualidad\",\"Am\u00e9rica del Sur\",\"Narcotr\u00e1fico\"],\"inLanguage\":\"es-AR\"},{\"@type\":\"WebPage\",\"@id\":\"https:\\\/\\\/elcanillita.info\\\/press\\\/2024\\\/01\\\/13\\\/quien-avisa\\\/\",\"url\":\"https:\\\/\\\/elcanillita.info\\\/press\\\/2024\\\/01\\\/13\\\/quien-avisa\\\/\",\"name\":\"Quien avisa \u2026 - ElCanillita.Info\",\"isPartOf\":{\"@id\":\"https:\\\/\\\/elcanillita.info\\\/press\\\/#website\"},\"primaryImageOfPage\":{\"@id\":\"https:\\\/\\\/elcanillita.info\\\/press\\\/2024\\\/01\\\/13\\\/quien-avisa\\\/#primaryimage\"},\"image\":{\"@id\":\"https:\\\/\\\/elcanillita.info\\\/press\\\/2024\\\/01\\\/13\\\/quien-avisa\\\/#primaryimage\"},\"thumbnailUrl\":\"https:\\\/\\\/elcanillita.info\\\/press\\\/images\\\/2023\\\/04\\\/2grou_20230401-1.jpg\",\"datePublished\":\"2024-01-13T08:57:07+00:00\",\"dateModified\":\"2024-01-20T10:54:38+00:00\",\"inLanguage\":\"es-AR\",\"potentialAction\":[{\"@type\":\"ReadAction\",\"target\":[\"https:\\\/\\\/elcanillita.info\\\/press\\\/2024\\\/01\\\/13\\\/quien-avisa\\\/\"]}]},{\"@type\":\"ImageObject\",\"inLanguage\":\"es-AR\",\"@id\":\"https:\\\/\\\/elcanillita.info\\\/press\\\/2024\\\/01\\\/13\\\/quien-avisa\\\/#primaryimage\",\"url\":\"https:\\\/\\\/elcanillita.info\\\/press\\\/images\\\/2023\\\/04\\\/2grou_20230401-1.jpg\",\"contentUrl\":\"https:\\\/\\\/elcanillita.info\\\/press\\\/images\\\/2023\\\/04\\\/2grou_20230401-1.jpg\",\"width\":600,\"height\":453},{\"@type\":\"WebSite\",\"@id\":\"https:\\\/\\\/elcanillita.info\\\/press\\\/#website\",\"url\":\"https:\\\/\\\/elcanillita.info\\\/press\\\/\",\"name\":\"ElCanillita.Info\",\"description\":\"desde los Apeninos a los Andes\",\"publisher\":{\"@id\":\"https:\\\/\\\/elcanillita.info\\\/press\\\/#organization\"},\"potentialAction\":[{\"@type\":\"SearchAction\",\"target\":{\"@type\":\"EntryPoint\",\"urlTemplate\":\"https:\\\/\\\/elcanillita.info\\\/press\\\/?s={search_term_string}\"},\"query-input\":{\"@type\":\"PropertyValueSpecification\",\"valueRequired\":true,\"valueName\":\"search_term_string\"}}],\"inLanguage\":\"es-AR\"},{\"@type\":\"Organization\",\"@id\":\"https:\\\/\\\/elcanillita.info\\\/press\\\/#organization\",\"name\":\"Guzzo Photos & Graphic Publications\",\"url\":\"https:\\\/\\\/elcanillita.info\\\/press\\\/\",\"logo\":{\"@type\":\"ImageObject\",\"inLanguage\":\"es-AR\",\"@id\":\"https:\\\/\\\/elcanillita.info\\\/press\\\/#\\\/schema\\\/logo\\\/image\\\/\",\"url\":\"https:\\\/\\\/elcanillita.info\\\/press\\\/images\\\/2020\\\/01\\\/cropped-cropped-cropped-elcanillitainfo.png\",\"contentUrl\":\"https:\\\/\\\/elcanillita.info\\\/press\\\/images\\\/2020\\\/01\\\/cropped-cropped-cropped-elcanillitainfo.png\",\"width\":460,\"height\":50,\"caption\":\"Guzzo Photos & Graphic Publications\"},\"image\":{\"@id\":\"https:\\\/\\\/elcanillita.info\\\/press\\\/#\\\/schema\\\/logo\\\/image\\\/\"},\"sameAs\":[\"https:\\\/\\\/ar-ar.facebook.com\\\/ElCanillitainfo-114249515285712\\\/\"]},{\"@type\":\"Person\",\"@id\":\"https:\\\/\\\/elcanillita.info\\\/press\\\/#\\\/schema\\\/person\\\/7fcb79f38045700919f7da6d97e71ba0\",\"name\":\"SalaStampa.eu, world press service\",\"image\":{\"@type\":\"ImageObject\",\"inLanguage\":\"es-AR\",\"@id\":\"https:\\\/\\\/secure.gravatar.com\\\/avatar\\\/c2f0e0d515a107624234994507816ca4724c7199cef73fc8bedebf6931d73888?s=96&d=mm&r=g\",\"url\":\"https:\\\/\\\/secure.gravatar.com\\\/avatar\\\/c2f0e0d515a107624234994507816ca4724c7199cef73fc8bedebf6931d73888?s=96&d=mm&r=g\",\"contentUrl\":\"https:\\\/\\\/secure.gravatar.com\\\/avatar\\\/c2f0e0d515a107624234994507816ca4724c7199cef73fc8bedebf6931d73888?s=96&d=mm&r=g\",\"caption\":\"SalaStampa.eu, world press service\"}}]}<\/script>\n<!-- \/ Yoast SEO plugin. -->","yoast_head_json":{"title":"Quien avisa \u2026 - ElCanillita.Info","robots":{"index":"index","follow":"follow","max-snippet":"max-snippet:-1","max-image-preview":"max-image-preview:large","max-video-preview":"max-video-preview:-1"},"canonical":"https:\/\/elcanillita.info\/press\/2024\/01\/13\/quien-avisa\/","og_locale":"es_ES","og_type":"article","og_title":"Quien avisa \u2026 - ElCanillita.Info","og_description":"Quien crea que lo que sucede en Ecuador es s\u00f3lo una violent\u00edsima guerra entre bandas de narcotraficantes que se disputan mercados se equivocar\u00e1 de medio a medio.","og_url":"https:\/\/elcanillita.info\/press\/2024\/01\/13\/quien-avisa\/","og_site_name":"ElCanillita.Info","article_publisher":"https:\/\/ar-ar.facebook.com\/ElCanillitainfo-114249515285712\/","article_published_time":"2024-01-13T08:57:07+00:00","article_modified_time":"2024-01-20T10:54:38+00:00","og_image":[{"width":600,"height":453,"url":"https:\/\/elcanillita.info\/press\/images\/2023\/04\/2grou_20230401-1.jpg","type":"image\/jpeg"}],"author":"SalaStampa.eu, world press service","twitter_card":"summary_large_image","twitter_misc":{"Escrito por":"SalaStampa.eu, world press service","Tiempo de lectura":"5 minutos"},"schema":{"@context":"https:\/\/schema.org","@graph":[{"@type":"Article","@id":"https:\/\/elcanillita.info\/press\/2024\/01\/13\/quien-avisa\/#article","isPartOf":{"@id":"https:\/\/elcanillita.info\/press\/2024\/01\/13\/quien-avisa\/"},"author":{"name":"SalaStampa.eu, world press service","@id":"https:\/\/elcanillita.info\/press\/#\/schema\/person\/7fcb79f38045700919f7da6d97e71ba0"},"headline":"Quien avisa \u2026","datePublished":"2024-01-13T08:57:07+00:00","dateModified":"2024-01-20T10:54:38+00:00","mainEntityOfPage":{"@id":"https:\/\/elcanillita.info\/press\/2024\/01\/13\/quien-avisa\/"},"wordCount":971,"publisher":{"@id":"https:\/\/elcanillita.info\/press\/#organization"},"image":{"@id":"https:\/\/elcanillita.info\/press\/2024\/01\/13\/quien-avisa\/#primaryimage"},"thumbnailUrl":"https:\/\/elcanillita.info\/press\/images\/2023\/04\/2grou_20230401-1.jpg","keywords":["Argentina"],"articleSection":[".",".","Actualidad","Am\u00e9rica del Sur","Narcotr\u00e1fico"],"inLanguage":"es-AR"},{"@type":"WebPage","@id":"https:\/\/elcanillita.info\/press\/2024\/01\/13\/quien-avisa\/","url":"https:\/\/elcanillita.info\/press\/2024\/01\/13\/quien-avisa\/","name":"Quien avisa \u2026 - ElCanillita.Info","isPartOf":{"@id":"https:\/\/elcanillita.info\/press\/#website"},"primaryImageOfPage":{"@id":"https:\/\/elcanillita.info\/press\/2024\/01\/13\/quien-avisa\/#primaryimage"},"image":{"@id":"https:\/\/elcanillita.info\/press\/2024\/01\/13\/quien-avisa\/#primaryimage"},"thumbnailUrl":"https:\/\/elcanillita.info\/press\/images\/2023\/04\/2grou_20230401-1.jpg","datePublished":"2024-01-13T08:57:07+00:00","dateModified":"2024-01-20T10:54:38+00:00","inLanguage":"es-AR","potentialAction":[{"@type":"ReadAction","target":["https:\/\/elcanillita.info\/press\/2024\/01\/13\/quien-avisa\/"]}]},{"@type":"ImageObject","inLanguage":"es-AR","@id":"https:\/\/elcanillita.info\/press\/2024\/01\/13\/quien-avisa\/#primaryimage","url":"https:\/\/elcanillita.info\/press\/images\/2023\/04\/2grou_20230401-1.jpg","contentUrl":"https:\/\/elcanillita.info\/press\/images\/2023\/04\/2grou_20230401-1.jpg","width":600,"height":453},{"@type":"WebSite","@id":"https:\/\/elcanillita.info\/press\/#website","url":"https:\/\/elcanillita.info\/press\/","name":"ElCanillita.Info","description":"desde los Apeninos a los Andes","publisher":{"@id":"https:\/\/elcanillita.info\/press\/#organization"},"potentialAction":[{"@type":"SearchAction","target":{"@type":"EntryPoint","urlTemplate":"https:\/\/elcanillita.info\/press\/?s={search_term_string}"},"query-input":{"@type":"PropertyValueSpecification","valueRequired":true,"valueName":"search_term_string"}}],"inLanguage":"es-AR"},{"@type":"Organization","@id":"https:\/\/elcanillita.info\/press\/#organization","name":"Guzzo Photos & Graphic Publications","url":"https:\/\/elcanillita.info\/press\/","logo":{"@type":"ImageObject","inLanguage":"es-AR","@id":"https:\/\/elcanillita.info\/press\/#\/schema\/logo\/image\/","url":"https:\/\/elcanillita.info\/press\/images\/2020\/01\/cropped-cropped-cropped-elcanillitainfo.png","contentUrl":"https:\/\/elcanillita.info\/press\/images\/2020\/01\/cropped-cropped-cropped-elcanillitainfo.png","width":460,"height":50,"caption":"Guzzo Photos & Graphic Publications"},"image":{"@id":"https:\/\/elcanillita.info\/press\/#\/schema\/logo\/image\/"},"sameAs":["https:\/\/ar-ar.facebook.com\/ElCanillitainfo-114249515285712\/"]},{"@type":"Person","@id":"https:\/\/elcanillita.info\/press\/#\/schema\/person\/7fcb79f38045700919f7da6d97e71ba0","name":"SalaStampa.eu, world press service","image":{"@type":"ImageObject","inLanguage":"es-AR","@id":"https:\/\/secure.gravatar.com\/avatar\/c2f0e0d515a107624234994507816ca4724c7199cef73fc8bedebf6931d73888?s=96&d=mm&r=g","url":"https:\/\/secure.gravatar.com\/avatar\/c2f0e0d515a107624234994507816ca4724c7199cef73fc8bedebf6931d73888?s=96&d=mm&r=g","contentUrl":"https:\/\/secure.gravatar.com\/avatar\/c2f0e0d515a107624234994507816ca4724c7199cef73fc8bedebf6931d73888?s=96&d=mm&r=g","caption":"SalaStampa.eu, world press service"}}]}},"views":443,"_links":{"self":[{"href":"https:\/\/elcanillita.info\/press\/wp-json\/wp\/v2\/posts\/3953","targetHints":{"allow":["GET"]}}],"collection":[{"href":"https:\/\/elcanillita.info\/press\/wp-json\/wp\/v2\/posts"}],"about":[{"href":"https:\/\/elcanillita.info\/press\/wp-json\/wp\/v2\/types\/post"}],"author":[{"embeddable":true,"href":"https:\/\/elcanillita.info\/press\/wp-json\/wp\/v2\/users\/1"}],"replies":[{"embeddable":true,"href":"https:\/\/elcanillita.info\/press\/wp-json\/wp\/v2\/comments?post=3953"}],"version-history":[{"count":0,"href":"https:\/\/elcanillita.info\/press\/wp-json\/wp\/v2\/posts\/3953\/revisions"}],"wp:featuredmedia":[{"embeddable":true,"href":"https:\/\/elcanillita.info\/press\/wp-json\/wp\/v2\/media\/3380"}],"wp:attachment":[{"href":"https:\/\/elcanillita.info\/press\/wp-json\/wp\/v2\/media?parent=3953"}],"wp:term":[{"taxonomy":"category","embeddable":true,"href":"https:\/\/elcanillita.info\/press\/wp-json\/wp\/v2\/categories?post=3953"},{"taxonomy":"post_tag","embeddable":true,"href":"https:\/\/elcanillita.info\/press\/wp-json\/wp\/v2\/tags?post=3953"}],"curies":[{"name":"wp","href":"https:\/\/api.w.org\/{rel}","templated":true}]}}