{"id":3945,"date":"2023-12-30T19:00:25","date_gmt":"2023-12-30T22:00:25","guid":{"rendered":"https:\/\/elcanillita.info\/press\/?p=3945"},"modified":"2023-12-30T19:00:39","modified_gmt":"2023-12-30T22:00:39","slug":"formas-y-fondos","status":"publish","type":"post","link":"https:\/\/elcanillita.info\/press\/2023\/12\/30\/formas-y-fondos\/","title":{"rendered":"Formas y Fondos"},"content":{"rendered":"\n<figure class=\"wp-block-image size-full\"><img loading=\"lazy\" decoding=\"async\" width=\"600\" height=\"374\" src=\"https:\/\/elcanillita.info\/press\/images\/2021\/05\/Napoleon.jpg\" alt=\"\" class=\"wp-image-1607\" srcset=\"https:\/\/elcanillita.info\/press\/images\/2021\/05\/Napoleon.jpg 600w, https:\/\/elcanillita.info\/press\/images\/2021\/05\/Napoleon-300x187.jpg 300w\" sizes=\"auto, (max-width: 600px) 100vw, 600px\" \/><\/figure>\n\n\n\n<p><strong>por Enrique Guillermo Avogadro<\/strong><\/p>\n\n\n\n<p><strong><em>\u201cNapole\u00f3n busc\u00f3 la virtud y, como no la encontr\u00f3, asumi\u00f3 el poder\u201d <\/em><\/strong><strong><em><br><\/em><\/strong><\/p>\n\n\n\n<p><strong><em>Johann Wolfgang von Goethe<\/em><\/strong><strong><em><\/em><\/strong><\/p>\n\n\n\n<p>Hoy parece que la diferencia entre el Gobierno y sus potenciales aliados legislativos se reduce a las formas en que se est\u00e1 desempe\u00f1ando desde hace s\u00f3lo veinte d\u00edas y, si bien \u00e9stas no dejan de ser importantes, creo que el debate debiera trascenderlas. El Presidente, con la legitimidad de origen que le dio el 56% de los votos que obtuvo en el ballotage el plan que expuso en campa\u00f1a con sinceridad y dureza, est\u00e1 peleando el poder simult\u00e1neamente a todas las corporaciones que, hasta ahora, lo han ejercido s\u00f3lo en beneficio propio y, en ese camino, mientras busca la legitimidad de ejercicio, demuestra que es un eximio jugador de ajedrez. La mayor\u00eda de los legisladores carece de tal virtud porque, si bien tambi\u00e9n ingresaron a la C\u00e1mara por el voto popular, la realidad es que para hacerlo se treparon a las penosas listas s\u00e1bana armadas por los diferentes partidos pol\u00edticos para pagar favores y lealtades oscuras, que nada tienen que ver con la capacidad para desempe\u00f1ar tan trascendente rol republicano.<\/p>\n\n\n\n<p>Si el DNU se hubiera dictado mientras estudiaba Derecho, seguramente entonces hubiera estado de acuerdo con todos los constitucionalistas \u2013algunos de ellos, queridos y respetados amigos- que hoy impugnan este decreto de innegables necesidad y urgencia que entr\u00f3 en vigencia ayer. Pero he vivido nada menos que setenta y siete a\u00f1os aqu\u00ed, y he visto a muchos radicales que hoy se rasgan las vestiduras por las formas, tolerar que Ra\u00fal Alfons\u00edn hasta cambiara la moneda por decreto, en la \u00e9poca en que no exist\u00edan los DNU, y a muchos peronistas tambi\u00e9n contagiados de un republicanismo que siempre les fue ajeno y extra\u00f1o, ceder sin pudor alguno facultades legislativas a distintos mandatarios; con ellos N\u00e9stor y Cristina Kirchner pretendieron, vanamente por cierto, ir por todo.<\/p>\n\n\n\n<p>Los dirigentes sindicales, que se mantuvieron en un silencio comprado, sin hacer un solo paro, durante los cuatro a\u00f1os en que el tr\u00edo maravilla (Fern\u00e1ndez\u00b2 &amp; Massa) tritur\u00f3 salarios y jubilaciones, trabajo registrado, educaci\u00f3n, salud y econom\u00eda e impuls\u00f3 la pobreza hasta el 50% (llev\u00f3 la indigencia al 15%) y ahora, a s\u00f3lo tres semanas de su asunci\u00f3n, r\u00e1pidos y furiosos convocaron a una huelga general para el 24 de enero y amenazan, como hizo el violento camionero Pablo Moyano ayer, con voltear al Gobierno desde la calle para defender sus intereses y cajas personales. Los gerentes e intermediarios de la asistencia social \u2013todos ellos, sumados, obtuvieron s\u00f3lo setecientos mil votos- vociferan su apoyo, para intentar, con mal pron\u00f3stico, evitar que Patricia Bullrich imponga el orden y la ley en un terreno copado, hasta ahora, por ese mismo kirchnerismo depredador.<\/p>\n\n\n\n<p>Los empresarios, tambi\u00e9n expertos depredadores, salieron a remarcar sideralmente sus productos, hasta que los grandes supermercados y hasta los peque\u00f1os consumidores reaccionaron y les pusieron un l\u00edmite al disparate, sobre todo con la ca\u00edda en el consumo. En el nuevo mundo que Milei quiere crear, cada cosa valdr\u00e1 lo que alguien est\u00e9 dispuesto a pagar por ella: cada uno podr\u00e1 pedir el precio que quiera por sus bienes o servicios, pero no encontrar\u00e1 quienes los compren o contraten hasta que ambos factores \u2013oferta y demanda- encuentren su equilibrio; y eso vale tanto para alimentos cuanto para alquileres, honorarios profesionales, etc..<\/p>\n\n\n\n<p>Uno de mis principales cr\u00edticas a las pol\u00edticas de Milei se refer\u00eda al inicuo r\u00e9gimen de protecci\u00f3n a las ensambladoras de Tierra del Fuego, que esta misma semana fue omitido del proyecto de \u201cley \u00f3mnibus\u201d que el Gobierno envi\u00f3 al Congreso. Pero, como habr\u00eda sido compensado de hecho &nbsp;con la absoluta libertad de importar bienes para consumo personal, dej\u00f3 de tener sentido. Y lo mismo suceder\u00e1 con la absurda industria textil, tan protegida, tan cara y tan mala. Cuando podemos traer productos fabricados fuera, las mismas computadoras, celulares o ropa mejores y m\u00e1s baratos sin pagar inicuos impuestos disfrazados de derechos aduaneros, el coto de caza de los empresarios prebendarios pierde sus alambrados.<\/p>\n\n\n\n<p>Aplaudo con entusiasmo la pol\u00edtica de cielos abiertos y los miles de desregulaciones del comercio interno e internacional, del sistema financiero, de la salud, de los alquileres y del universo del trabajo y el sindicalismo y hasta del ejercicio profesional, y el fin del monopolio de Papel Prensa, que tanto han impedido nuestro desarrollo individual y colectivo. Y respaldar\u00e9, sin duda, la futura rebaja de la edad de imputabilidad penal, para que los menores que cometen delitos de adultos sean juzgados como tales.<\/p>\n\n\n\n<p>El verano no ser\u00e1, precisamente, un lecho de rosas para los argentinos: deberemos hacer frente, en medio de una alt\u00edsima inflaci\u00f3n heredada, a las facturas de las grandes fiestas a las que no fuimos invitados \u2013la mayor, los US$ 16.000 millones debidos por la c\u00f3mplice mala praxis de Axel Kiciloff en el tema YPF en beneficio de Cristina Fern\u00e1ndez, que se nos presentar\u00e1 el 10 de enero- pero, para divertirnos, podremos asistir al debut del sainete que se desplegar\u00e1 durante el a\u00f1o en el Congreso; all\u00ed, entre c\u00f3micos y onanistas discursos, se discutir\u00e1 la validez del DNU y cada art\u00edculo del monumental proyecto de ley \u00f3mnibus, con la cual el Gobierno pretende ense\u00f1ar a diputados y senadores a leer velozmente y a comprender los textos.<\/p>\n\n\n\n<p>A pesar de todo ello, \u00a1el mejor 2024 posible para todos! Y recemos para conservar la fr\u00e1gil paz que hemos logrado con tanto esfuerzo y el sacrificio de centenares de valientes soldados, hoy ancianos presos.<\/p>\n\n\n\n<p>Colonia del Sacramento, 30 Diciembre 2023 \u00a0<br><br><small>\u00a9 Copyright 2023 Enrique Guillermo Avogadro<br>\u00a9 2023 ElCanillita.info \/ SalaStampa.Eu, servicio mundial de prensa<\/small><\/p>\n","protected":false},"excerpt":{"rendered":"<p>Muchos radicales que hoy se rasgan las vestiduras por las formas, toleraron que Ra\u00fal Alfons\u00edn cambiara la moneda por decreto, en la \u00e9poca en que no exist\u00edan los DNU&#8230;<\/p>\n","protected":false},"author":1,"featured_media":2750,"comment_status":"closed","ping_status":"closed","sticky":false,"template":"","format":"standard","meta":{"footnotes":"","_links_to":"","_links_to_target":""},"categories":[108,121,70,23,25],"tags":[29],"class_list":["post-3945","post","type-post","status-publish","format-standard","has-post-thumbnail","hentry","category-blogdiario","category-dc24","category-actualidad","category-politica","category-sociedad","tag-argentina","entry","double"],"yoast_head":"<!-- This site is optimized with the Yoast SEO plugin v27.5 - https:\/\/yoast.com\/product\/yoast-seo-wordpress\/ -->\n<title>Formas y Fondos - ElCanillita.Info<\/title>\n<meta name=\"robots\" content=\"index, follow, max-snippet:-1, max-image-preview:large, max-video-preview:-1\" \/>\n<link rel=\"canonical\" href=\"https:\/\/elcanillita.info\/press\/2023\/12\/30\/formas-y-fondos\/\" \/>\n<meta property=\"og:locale\" content=\"es_ES\" \/>\n<meta property=\"og:type\" content=\"article\" \/>\n<meta property=\"og:title\" content=\"Formas y Fondos - ElCanillita.Info\" \/>\n<meta property=\"og:description\" content=\"Muchos radicales que hoy se rasgan las vestiduras por las formas, toleraron que Ra\u00fal Alfons\u00edn cambiara la moneda por decreto, en la \u00e9poca en que no exist\u00edan los DNU...\" \/>\n<meta property=\"og:url\" content=\"https:\/\/elcanillita.info\/press\/2023\/12\/30\/formas-y-fondos\/\" \/>\n<meta property=\"og:site_name\" content=\"ElCanillita.Info\" \/>\n<meta property=\"article:publisher\" content=\"https:\/\/ar-ar.facebook.com\/ElCanillitainfo-114249515285712\/\" \/>\n<meta property=\"article:published_time\" content=\"2023-12-30T22:00:25+00:00\" \/>\n<meta property=\"article:modified_time\" content=\"2023-12-30T22:00:39+00:00\" \/>\n<meta property=\"og:image\" content=\"https:\/\/elcanillita.info\/press\/images\/2022\/08\/demagogia-1.jpg\" \/>\n\t<meta property=\"og:image:width\" content=\"600\" \/>\n\t<meta property=\"og:image:height\" content=\"400\" \/>\n\t<meta property=\"og:image:type\" content=\"image\/jpeg\" \/>\n<meta name=\"author\" content=\"SalaStampa.eu, world press service\" \/>\n<meta name=\"twitter:card\" content=\"summary_large_image\" \/>\n<meta name=\"twitter:label1\" content=\"Escrito por\" \/>\n\t<meta name=\"twitter:data1\" content=\"SalaStampa.eu, world press service\" \/>\n\t<meta name=\"twitter:label2\" content=\"Tiempo de lectura\" \/>\n\t<meta name=\"twitter:data2\" content=\"5 minutos\" \/>\n<script type=\"application\/ld+json\" class=\"yoast-schema-graph\">{\"@context\":\"https:\\\/\\\/schema.org\",\"@graph\":[{\"@type\":\"Article\",\"@id\":\"https:\\\/\\\/elcanillita.info\\\/press\\\/2023\\\/12\\\/30\\\/formas-y-fondos\\\/#article\",\"isPartOf\":{\"@id\":\"https:\\\/\\\/elcanillita.info\\\/press\\\/2023\\\/12\\\/30\\\/formas-y-fondos\\\/\"},\"author\":{\"name\":\"SalaStampa.eu, world press service\",\"@id\":\"https:\\\/\\\/elcanillita.info\\\/press\\\/#\\\/schema\\\/person\\\/7fcb79f38045700919f7da6d97e71ba0\"},\"headline\":\"Formas y Fondos\",\"datePublished\":\"2023-12-30T22:00:25+00:00\",\"dateModified\":\"2023-12-30T22:00:39+00:00\",\"mainEntityOfPage\":{\"@id\":\"https:\\\/\\\/elcanillita.info\\\/press\\\/2023\\\/12\\\/30\\\/formas-y-fondos\\\/\"},\"wordCount\":974,\"publisher\":{\"@id\":\"https:\\\/\\\/elcanillita.info\\\/press\\\/#organization\"},\"image\":{\"@id\":\"https:\\\/\\\/elcanillita.info\\\/press\\\/2023\\\/12\\\/30\\\/formas-y-fondos\\\/#primaryimage\"},\"thumbnailUrl\":\"https:\\\/\\\/elcanillita.info\\\/press\\\/images\\\/2022\\\/08\\\/demagogia-1.jpg\",\"keywords\":[\"Argentina\"],\"articleSection\":[\".\",\".\",\"Actualidad\",\"Politica\",\"Sociedad\"],\"inLanguage\":\"es-AR\"},{\"@type\":\"WebPage\",\"@id\":\"https:\\\/\\\/elcanillita.info\\\/press\\\/2023\\\/12\\\/30\\\/formas-y-fondos\\\/\",\"url\":\"https:\\\/\\\/elcanillita.info\\\/press\\\/2023\\\/12\\\/30\\\/formas-y-fondos\\\/\",\"name\":\"Formas y Fondos - ElCanillita.Info\",\"isPartOf\":{\"@id\":\"https:\\\/\\\/elcanillita.info\\\/press\\\/#website\"},\"primaryImageOfPage\":{\"@id\":\"https:\\\/\\\/elcanillita.info\\\/press\\\/2023\\\/12\\\/30\\\/formas-y-fondos\\\/#primaryimage\"},\"image\":{\"@id\":\"https:\\\/\\\/elcanillita.info\\\/press\\\/2023\\\/12\\\/30\\\/formas-y-fondos\\\/#primaryimage\"},\"thumbnailUrl\":\"https:\\\/\\\/elcanillita.info\\\/press\\\/images\\\/2022\\\/08\\\/demagogia-1.jpg\",\"datePublished\":\"2023-12-30T22:00:25+00:00\",\"dateModified\":\"2023-12-30T22:00:39+00:00\",\"inLanguage\":\"es-AR\",\"potentialAction\":[{\"@type\":\"ReadAction\",\"target\":[\"https:\\\/\\\/elcanillita.info\\\/press\\\/2023\\\/12\\\/30\\\/formas-y-fondos\\\/\"]}]},{\"@type\":\"ImageObject\",\"inLanguage\":\"es-AR\",\"@id\":\"https:\\\/\\\/elcanillita.info\\\/press\\\/2023\\\/12\\\/30\\\/formas-y-fondos\\\/#primaryimage\",\"url\":\"https:\\\/\\\/elcanillita.info\\\/press\\\/images\\\/2022\\\/08\\\/demagogia-1.jpg\",\"contentUrl\":\"https:\\\/\\\/elcanillita.info\\\/press\\\/images\\\/2022\\\/08\\\/demagogia-1.jpg\",\"width\":600,\"height\":400},{\"@type\":\"WebSite\",\"@id\":\"https:\\\/\\\/elcanillita.info\\\/press\\\/#website\",\"url\":\"https:\\\/\\\/elcanillita.info\\\/press\\\/\",\"name\":\"ElCanillita.Info\",\"description\":\"desde los Apeninos a los Andes\",\"publisher\":{\"@id\":\"https:\\\/\\\/elcanillita.info\\\/press\\\/#organization\"},\"potentialAction\":[{\"@type\":\"SearchAction\",\"target\":{\"@type\":\"EntryPoint\",\"urlTemplate\":\"https:\\\/\\\/elcanillita.info\\\/press\\\/?s={search_term_string}\"},\"query-input\":{\"@type\":\"PropertyValueSpecification\",\"valueRequired\":true,\"valueName\":\"search_term_string\"}}],\"inLanguage\":\"es-AR\"},{\"@type\":\"Organization\",\"@id\":\"https:\\\/\\\/elcanillita.info\\\/press\\\/#organization\",\"name\":\"Guzzo Photos & Graphic Publications\",\"url\":\"https:\\\/\\\/elcanillita.info\\\/press\\\/\",\"logo\":{\"@type\":\"ImageObject\",\"inLanguage\":\"es-AR\",\"@id\":\"https:\\\/\\\/elcanillita.info\\\/press\\\/#\\\/schema\\\/logo\\\/image\\\/\",\"url\":\"https:\\\/\\\/elcanillita.info\\\/press\\\/images\\\/2020\\\/01\\\/cropped-cropped-cropped-elcanillitainfo.png\",\"contentUrl\":\"https:\\\/\\\/elcanillita.info\\\/press\\\/images\\\/2020\\\/01\\\/cropped-cropped-cropped-elcanillitainfo.png\",\"width\":460,\"height\":50,\"caption\":\"Guzzo Photos & Graphic Publications\"},\"image\":{\"@id\":\"https:\\\/\\\/elcanillita.info\\\/press\\\/#\\\/schema\\\/logo\\\/image\\\/\"},\"sameAs\":[\"https:\\\/\\\/ar-ar.facebook.com\\\/ElCanillitainfo-114249515285712\\\/\"]},{\"@type\":\"Person\",\"@id\":\"https:\\\/\\\/elcanillita.info\\\/press\\\/#\\\/schema\\\/person\\\/7fcb79f38045700919f7da6d97e71ba0\",\"name\":\"SalaStampa.eu, world press service\",\"image\":{\"@type\":\"ImageObject\",\"inLanguage\":\"es-AR\",\"@id\":\"https:\\\/\\\/secure.gravatar.com\\\/avatar\\\/c2f0e0d515a107624234994507816ca4724c7199cef73fc8bedebf6931d73888?s=96&d=mm&r=g\",\"url\":\"https:\\\/\\\/secure.gravatar.com\\\/avatar\\\/c2f0e0d515a107624234994507816ca4724c7199cef73fc8bedebf6931d73888?s=96&d=mm&r=g\",\"contentUrl\":\"https:\\\/\\\/secure.gravatar.com\\\/avatar\\\/c2f0e0d515a107624234994507816ca4724c7199cef73fc8bedebf6931d73888?s=96&d=mm&r=g\",\"caption\":\"SalaStampa.eu, world press service\"}}]}<\/script>\n<!-- \/ Yoast SEO plugin. -->","yoast_head_json":{"title":"Formas y Fondos - ElCanillita.Info","robots":{"index":"index","follow":"follow","max-snippet":"max-snippet:-1","max-image-preview":"max-image-preview:large","max-video-preview":"max-video-preview:-1"},"canonical":"https:\/\/elcanillita.info\/press\/2023\/12\/30\/formas-y-fondos\/","og_locale":"es_ES","og_type":"article","og_title":"Formas y Fondos - ElCanillita.Info","og_description":"Muchos radicales que hoy se rasgan las vestiduras por las formas, toleraron que Ra\u00fal Alfons\u00edn cambiara la moneda por decreto, en la \u00e9poca en que no exist\u00edan los DNU...","og_url":"https:\/\/elcanillita.info\/press\/2023\/12\/30\/formas-y-fondos\/","og_site_name":"ElCanillita.Info","article_publisher":"https:\/\/ar-ar.facebook.com\/ElCanillitainfo-114249515285712\/","article_published_time":"2023-12-30T22:00:25+00:00","article_modified_time":"2023-12-30T22:00:39+00:00","og_image":[{"width":600,"height":400,"url":"https:\/\/elcanillita.info\/press\/images\/2022\/08\/demagogia-1.jpg","type":"image\/jpeg"}],"author":"SalaStampa.eu, world press service","twitter_card":"summary_large_image","twitter_misc":{"Escrito por":"SalaStampa.eu, world press service","Tiempo de lectura":"5 minutos"},"schema":{"@context":"https:\/\/schema.org","@graph":[{"@type":"Article","@id":"https:\/\/elcanillita.info\/press\/2023\/12\/30\/formas-y-fondos\/#article","isPartOf":{"@id":"https:\/\/elcanillita.info\/press\/2023\/12\/30\/formas-y-fondos\/"},"author":{"name":"SalaStampa.eu, world press service","@id":"https:\/\/elcanillita.info\/press\/#\/schema\/person\/7fcb79f38045700919f7da6d97e71ba0"},"headline":"Formas y Fondos","datePublished":"2023-12-30T22:00:25+00:00","dateModified":"2023-12-30T22:00:39+00:00","mainEntityOfPage":{"@id":"https:\/\/elcanillita.info\/press\/2023\/12\/30\/formas-y-fondos\/"},"wordCount":974,"publisher":{"@id":"https:\/\/elcanillita.info\/press\/#organization"},"image":{"@id":"https:\/\/elcanillita.info\/press\/2023\/12\/30\/formas-y-fondos\/#primaryimage"},"thumbnailUrl":"https:\/\/elcanillita.info\/press\/images\/2022\/08\/demagogia-1.jpg","keywords":["Argentina"],"articleSection":[".",".","Actualidad","Politica","Sociedad"],"inLanguage":"es-AR"},{"@type":"WebPage","@id":"https:\/\/elcanillita.info\/press\/2023\/12\/30\/formas-y-fondos\/","url":"https:\/\/elcanillita.info\/press\/2023\/12\/30\/formas-y-fondos\/","name":"Formas y Fondos - ElCanillita.Info","isPartOf":{"@id":"https:\/\/elcanillita.info\/press\/#website"},"primaryImageOfPage":{"@id":"https:\/\/elcanillita.info\/press\/2023\/12\/30\/formas-y-fondos\/#primaryimage"},"image":{"@id":"https:\/\/elcanillita.info\/press\/2023\/12\/30\/formas-y-fondos\/#primaryimage"},"thumbnailUrl":"https:\/\/elcanillita.info\/press\/images\/2022\/08\/demagogia-1.jpg","datePublished":"2023-12-30T22:00:25+00:00","dateModified":"2023-12-30T22:00:39+00:00","inLanguage":"es-AR","potentialAction":[{"@type":"ReadAction","target":["https:\/\/elcanillita.info\/press\/2023\/12\/30\/formas-y-fondos\/"]}]},{"@type":"ImageObject","inLanguage":"es-AR","@id":"https:\/\/elcanillita.info\/press\/2023\/12\/30\/formas-y-fondos\/#primaryimage","url":"https:\/\/elcanillita.info\/press\/images\/2022\/08\/demagogia-1.jpg","contentUrl":"https:\/\/elcanillita.info\/press\/images\/2022\/08\/demagogia-1.jpg","width":600,"height":400},{"@type":"WebSite","@id":"https:\/\/elcanillita.info\/press\/#website","url":"https:\/\/elcanillita.info\/press\/","name":"ElCanillita.Info","description":"desde los Apeninos a los Andes","publisher":{"@id":"https:\/\/elcanillita.info\/press\/#organization"},"potentialAction":[{"@type":"SearchAction","target":{"@type":"EntryPoint","urlTemplate":"https:\/\/elcanillita.info\/press\/?s={search_term_string}"},"query-input":{"@type":"PropertyValueSpecification","valueRequired":true,"valueName":"search_term_string"}}],"inLanguage":"es-AR"},{"@type":"Organization","@id":"https:\/\/elcanillita.info\/press\/#organization","name":"Guzzo Photos & Graphic Publications","url":"https:\/\/elcanillita.info\/press\/","logo":{"@type":"ImageObject","inLanguage":"es-AR","@id":"https:\/\/elcanillita.info\/press\/#\/schema\/logo\/image\/","url":"https:\/\/elcanillita.info\/press\/images\/2020\/01\/cropped-cropped-cropped-elcanillitainfo.png","contentUrl":"https:\/\/elcanillita.info\/press\/images\/2020\/01\/cropped-cropped-cropped-elcanillitainfo.png","width":460,"height":50,"caption":"Guzzo Photos & Graphic Publications"},"image":{"@id":"https:\/\/elcanillita.info\/press\/#\/schema\/logo\/image\/"},"sameAs":["https:\/\/ar-ar.facebook.com\/ElCanillitainfo-114249515285712\/"]},{"@type":"Person","@id":"https:\/\/elcanillita.info\/press\/#\/schema\/person\/7fcb79f38045700919f7da6d97e71ba0","name":"SalaStampa.eu, world press service","image":{"@type":"ImageObject","inLanguage":"es-AR","@id":"https:\/\/secure.gravatar.com\/avatar\/c2f0e0d515a107624234994507816ca4724c7199cef73fc8bedebf6931d73888?s=96&d=mm&r=g","url":"https:\/\/secure.gravatar.com\/avatar\/c2f0e0d515a107624234994507816ca4724c7199cef73fc8bedebf6931d73888?s=96&d=mm&r=g","contentUrl":"https:\/\/secure.gravatar.com\/avatar\/c2f0e0d515a107624234994507816ca4724c7199cef73fc8bedebf6931d73888?s=96&d=mm&r=g","caption":"SalaStampa.eu, world press service"}}]}},"views":326,"_links":{"self":[{"href":"https:\/\/elcanillita.info\/press\/wp-json\/wp\/v2\/posts\/3945","targetHints":{"allow":["GET"]}}],"collection":[{"href":"https:\/\/elcanillita.info\/press\/wp-json\/wp\/v2\/posts"}],"about":[{"href":"https:\/\/elcanillita.info\/press\/wp-json\/wp\/v2\/types\/post"}],"author":[{"embeddable":true,"href":"https:\/\/elcanillita.info\/press\/wp-json\/wp\/v2\/users\/1"}],"replies":[{"embeddable":true,"href":"https:\/\/elcanillita.info\/press\/wp-json\/wp\/v2\/comments?post=3945"}],"version-history":[{"count":0,"href":"https:\/\/elcanillita.info\/press\/wp-json\/wp\/v2\/posts\/3945\/revisions"}],"wp:featuredmedia":[{"embeddable":true,"href":"https:\/\/elcanillita.info\/press\/wp-json\/wp\/v2\/media\/2750"}],"wp:attachment":[{"href":"https:\/\/elcanillita.info\/press\/wp-json\/wp\/v2\/media?parent=3945"}],"wp:term":[{"taxonomy":"category","embeddable":true,"href":"https:\/\/elcanillita.info\/press\/wp-json\/wp\/v2\/categories?post=3945"},{"taxonomy":"post_tag","embeddable":true,"href":"https:\/\/elcanillita.info\/press\/wp-json\/wp\/v2\/tags?post=3945"}],"curies":[{"name":"wp","href":"https:\/\/api.w.org\/{rel}","templated":true}]}}