{"id":3942,"date":"2023-12-22T20:58:04","date_gmt":"2023-12-22T23:58:04","guid":{"rendered":"https:\/\/elcanillita.info\/press\/?p=3942"},"modified":"2023-12-22T20:58:05","modified_gmt":"2023-12-22T23:58:05","slug":"gordio-y-su-nudo","status":"publish","type":"post","link":"https:\/\/elcanillita.info\/press\/2023\/12\/22\/gordio-y-su-nudo\/","title":{"rendered":"Gordio y su nudo"},"content":{"rendered":"\n<figure class=\"wp-block-image size-full\"><img loading=\"lazy\" decoding=\"async\" width=\"600\" height=\"469\" src=\"https:\/\/elcanillita.info\/press\/images\/2023\/12\/gordio.jpg\" alt=\"\" class=\"wp-image-3943\" srcset=\"https:\/\/elcanillita.info\/press\/images\/2023\/12\/gordio.jpg 600w, https:\/\/elcanillita.info\/press\/images\/2023\/12\/gordio-300x235.jpg 300w\" sizes=\"auto, (max-width: 600px) 100vw, 600px\" \/><figcaption class=\"wp-element-caption\">Alejandro Magno corta el nudo gordiano. Obra de Jean-Simon Berth\u00e9lemy (1743\u20131811)<\/figcaption><\/figure>\n\n\n\n<p><strong>por Enrique Guillermo Avogadro <\/strong><\/p>\n\n\n\n<p><small><em>\u201cTu nivel m\u00e1s alto de ignorancia lo alcanzas cuando rechazas algo sobre lo cual no sabes nada\u201d.<\/em><\/small><br><small><em>\u00a0Wayne Dyer<\/em><\/small><\/p>\n\n\n\n<p><strong>Buenos Aires, 23\/12\/2023<\/strong><br>El autoimpuesto l\u00edmite de extensi\u00f3n me impide realizar un an\u00e1lisis pormenorizado del decreto de necesidad y urgencia (DNU) con el cual Javier Milei, emulando a Alejandro Magno, cort\u00f3 de un sablazo el infernal nudo de leyes y normas intrincadas y confusas, de regulaciones y trabas a la actividad econ\u00f3mica y de privilegios que nos han tra\u00eddo hasta este estado de postraci\u00f3n y decadencia infinita; carente de apoyos propios en el Congreso, opt\u00f3 por poner en juego todo el poder que recibi\u00f3 de la ciudadan\u00eda. A partir del mi\u00e9rcoles, nuevos aires de libertad y progreso circulan por nuestro pa\u00eds. Y el Presidente ya ha adelantado que esto que vimos es s\u00f3lo el principio.<\/p>\n\n\n\n<p>Hace apenas trece d\u00edas \u2013diez h\u00e1biles- que \u00e9l y Victoria Villarruel se alzaron con el 56% de los votos (14 millones) contra el peronismo unido, que hizo la peor performance de su historia; todo el arco de la izquierda, \u00e9sa que tan agresiva se muestra en la calle, recogi\u00f3 \u00fanicamente 700.000 sufragios. Pero parece que a los perdedores el juego democr\u00e1tico los tiene sin cuidado y ya, descaradamente, van por la destituci\u00f3n de un presidente al que no pueden, por cierto, acusar de mentir para vencerlos.<\/p>\n\n\n\n<p>La explicaci\u00f3n es clara: han sido golpeados en su \u00f3rgano m\u00e1s sensible, el bolsillo, que han llenado durante tantos a\u00f1os con el manejo de las obras sociales sindicales y la intermediaci\u00f3n en la ayuda social a la pobreza. La libertad de elegir la obra social, por ejemplo, es un pu\u00f1al en el coraz\u00f3n de los dirigentes sindicales pero mejora el servicio de salud a los afiliados, terminar con la industria del juicio lastima intereses de abogados y corporaciones pero permite a las pymes contratar nuevos empleados, acabar con las autorizaciones para operar en comercio exterior pone fin a la corrupci\u00f3n que tanto encareci\u00f3 los productos importados, etc.<\/p>\n\n\n\n<p>El extenso DNU produjo una reacci\u00f3n sorprendente: la velocidad con que fueron le\u00eddas sus noventa carillas por quienes, segundos despu\u00e9s de que Milei concluyera su mensaje, comenzaron a golpear cacerolas; se ve que ha mejorado sensiblemente la comprensi\u00f3n de textos. Bromas aparte, una&nbsp; s\u00f3lida mayor\u00eda de argentinos demostr\u00f3 en las urnas que es muy consciente de la <strong>necesidad<\/strong> de desactivar la enorme cantidad de bombas de fragmentaci\u00f3n que dej\u00f3 la tr\u00edada de los Fern\u00e1ndez\u00b2 m\u00e1s Sergio Massa y, en especial, de la <strong>urgencia<\/strong> que reviste encontrar soluci\u00f3n a los grav\u00edsimos problemas que nos aquejan; una muestra no menor es el fallo de la Juez Loretta Preska que exige que la Argentina garantice, antes del 10 de enero, el pago de US$ 16.000 millones por la impericia intencional de Axel Kiciloff para enriquecer a Cristina Fern\u00e1ndez. Sin embargo, distintos legisladores salieron a rasgarse las vestiduras en los medios con la un\u00e1nime queja por no haber convocado a sesiones extraordinarias al Congreso y enviar los proyectos de ley.<\/p>\n\n\n\n<p>Si se hubiera hecho as\u00ed, no hubiera bastado todo este mandato presidencial para alcanzar sus objetivos, aqu\u00e9llos que descarnadamente anunci\u00f3 durante la campa\u00f1a electoral y ratific\u00f3 en su discurso de asunci\u00f3n ante el pueblo. Ahora, el DNU s\u00f3lo podr\u00e1 ser derogado si ambas c\u00e1maras del Congreso resolvieran anularlo \u00edntegramente, una regla impuesta en 2006 por Cristina Fern\u00e1ndez; con que s\u00f3lo una no lo hiciera, conservar\u00e1 total vigencia mientras la Justicia no falle, eventualmente, declarando inconstitucional alguno de sus art\u00edculos. El cinismo se vio cuando, con la caradura que tanto los caracteriza, fingieron olvidar cu\u00e1ntos sapos tragaron, ante iguales actitudes del Poder Ejecutivo durante los veinte a\u00f1os de kirchnerismo (N\u00e9stor firm\u00f3 267 DNU\u2019s, Cristina Fern\u00e1ndez 123 y Alberto Fern\u00e1ndez 145), mientras delegaban al presidente de turno inmensas potestades legislativas; uno de los m\u00e1s conspicuos quejosos fue el mismo que, ante un pedido de desafuero de Cristina Kirchner por sus m\u00faltiples procesamientos por corrupci\u00f3n, la blind\u00f3 con el inmoral argumento de la disciplina partidaria.<\/p>\n\n\n\n<p>Patricia Bullrich gan\u00f3 la primera escaramuza contra un Partido Obrero sin obreros y s\u00f3lo pocos trabajadores informales y muchos pobres extranjeros. Pero creer que venci\u00f3 la guerra que desatar\u00e1n los damnificados ser\u00eda pecar de iluso; no se han librado a\u00fan las verdaderas batallas, traducidas en manifestaciones masivas, paros nacionales (ya la CGT y las CTA est\u00e1n planificando el primero) y hasta atentados contra los medios de producci\u00f3n, como tantas veces sucedi\u00f3 en el pasado. Y el riesgo de que aparezcan disturbios generados por infiltrados de todos los colores, como se vio en Chile, en Ecuador y en Per\u00fa, no debe descartarse sin m\u00e1s.<\/p>\n\n\n\n<p>Me preocupan algunas omisones del DNU, tal como el inaudito r\u00e9gimen de protecci\u00f3n a las empresas de montaje de Tierra del Fuego y, sobre todo, las enormes \u201ccajas\u201d que a\u00fan quedan en manos del pero-kirchnerismo, como AySA, Enarsa, etc.; si se transformaran en prendas de negociaci\u00f3n de apoyo pol\u00edtico, el Gobierno perder\u00eda r\u00e1pidamente sustento. Lo mismo suceder\u00eda si se mantuviera la inhabilitaci\u00f3n para querellar para la UIF y la Oficina Anticorrupci\u00f3n que dispuso la administraci\u00f3n anterior, tal como parece desprenderse hoy de los dichos del Ministro de Justicia. Todos estaremos dispuestos a tolerar el ajuste, siempre y cuando se persiga penalmente a los corruptos y se fulmine el gasto pol\u00edtico improductivo.<\/p>\n\n\n\n<p>S\u00f3lo me queda rogar a Dios que renueve su ancestral paciencia con los argentinos, que nos esforzamos en tropezar tantas veces con la misma piedra e insist\u00edamos en suicidarnos; si tenemos la templanza necesaria para atravesar este t\u00fanel, aunque sea apretando los dientes, habremos dado un paso crucial hacia un futuro irreversible. Con esa esperanza en el coraz\u00f3n, tengan usted y todos los suyos una muy feliz y santa Navidad; y para los presos pol\u00edticos, esos ancianos militares que nos salvaron del terror, pido con urgencia la prisi\u00f3n domiciliaria, injustamente denegada por venganza.<br><br><small>\u00a9 Copyright 2023 Enrique Guillermo Avogadro<br>\u00a9 2023 ElCanillita.info \/ SalaStampa.Eu, servicio mundial de prensa<\/small><\/p>\n","protected":false},"excerpt":{"rendered":"<p>Seg\u00fan la antigua tradici\u00f3n, en el 333 a.C. Alejandro Magno cort\u00f3 (o desat\u00f3) el nudo gordiano: este intrincado nudo un\u00eda el yugo al poste de un carro frigio que se encontraba en la acr\u00f3polis de la ciudad. Una profec\u00eda local hab\u00eda decretado que quien pudiera desatar el nudo estaba destinado a convertirse en gobernante.<\/p>\n","protected":false},"author":1,"featured_media":3943,"comment_status":"closed","ping_status":"closed","sticky":false,"template":"","format":"standard","meta":{"footnotes":"","_links_to":"","_links_to_target":""},"categories":[108,121,70,11,23],"tags":[29],"class_list":["post-3942","post","type-post","status-publish","format-standard","has-post-thumbnail","hentry","category-blogdiario","category-dc24","category-actualidad","category-america-del-sur","category-politica","tag-argentina","entry","double"],"yoast_head":"<!-- This site is optimized with the Yoast SEO plugin v27.4 - https:\/\/yoast.com\/product\/yoast-seo-wordpress\/ -->\n<title>Gordio y su nudo - ElCanillita.Info<\/title>\n<meta name=\"robots\" content=\"index, follow, max-snippet:-1, max-image-preview:large, max-video-preview:-1\" \/>\n<link rel=\"canonical\" href=\"https:\/\/elcanillita.info\/press\/2023\/12\/22\/gordio-y-su-nudo\/\" \/>\n<meta property=\"og:locale\" content=\"es_ES\" \/>\n<meta property=\"og:type\" content=\"article\" \/>\n<meta property=\"og:title\" content=\"Gordio y su nudo - ElCanillita.Info\" \/>\n<meta property=\"og:description\" content=\"Seg\u00fan la antigua tradici\u00f3n, en el 333 a.C. Alejandro Magno cort\u00f3 (o desat\u00f3) el nudo gordiano: este intrincado nudo un\u00eda el yugo al poste de un carro frigio que se encontraba en la acr\u00f3polis de la ciudad. Una profec\u00eda local hab\u00eda decretado que quien pudiera desatar el nudo estaba destinado a convertirse en gobernante.\" \/>\n<meta property=\"og:url\" content=\"https:\/\/elcanillita.info\/press\/2023\/12\/22\/gordio-y-su-nudo\/\" \/>\n<meta property=\"og:site_name\" content=\"ElCanillita.Info\" \/>\n<meta property=\"article:publisher\" content=\"https:\/\/ar-ar.facebook.com\/ElCanillitainfo-114249515285712\/\" \/>\n<meta property=\"article:published_time\" content=\"2023-12-22T23:58:04+00:00\" \/>\n<meta property=\"article:modified_time\" content=\"2023-12-22T23:58:05+00:00\" \/>\n<meta property=\"og:image\" content=\"https:\/\/elcanillita.info\/press\/images\/2023\/12\/gordio.jpg\" \/>\n\t<meta property=\"og:image:width\" content=\"600\" \/>\n\t<meta property=\"og:image:height\" content=\"469\" \/>\n\t<meta property=\"og:image:type\" content=\"image\/jpeg\" \/>\n<meta name=\"author\" content=\"SalaStampa.eu, world press service\" \/>\n<meta name=\"twitter:card\" content=\"summary_large_image\" \/>\n<meta name=\"twitter:label1\" content=\"Escrito por\" \/>\n\t<meta name=\"twitter:data1\" content=\"SalaStampa.eu, world press service\" \/>\n\t<meta name=\"twitter:label2\" content=\"Tiempo de lectura\" \/>\n\t<meta name=\"twitter:data2\" content=\"5 minutos\" \/>\n<script type=\"application\/ld+json\" class=\"yoast-schema-graph\">{\"@context\":\"https:\\\/\\\/schema.org\",\"@graph\":[{\"@type\":\"Article\",\"@id\":\"https:\\\/\\\/elcanillita.info\\\/press\\\/2023\\\/12\\\/22\\\/gordio-y-su-nudo\\\/#article\",\"isPartOf\":{\"@id\":\"https:\\\/\\\/elcanillita.info\\\/press\\\/2023\\\/12\\\/22\\\/gordio-y-su-nudo\\\/\"},\"author\":{\"name\":\"SalaStampa.eu, world press service\",\"@id\":\"https:\\\/\\\/elcanillita.info\\\/press\\\/#\\\/schema\\\/person\\\/7fcb79f38045700919f7da6d97e71ba0\"},\"headline\":\"Gordio y su nudo\",\"datePublished\":\"2023-12-22T23:58:04+00:00\",\"dateModified\":\"2023-12-22T23:58:05+00:00\",\"mainEntityOfPage\":{\"@id\":\"https:\\\/\\\/elcanillita.info\\\/press\\\/2023\\\/12\\\/22\\\/gordio-y-su-nudo\\\/\"},\"wordCount\":1062,\"publisher\":{\"@id\":\"https:\\\/\\\/elcanillita.info\\\/press\\\/#organization\"},\"image\":{\"@id\":\"https:\\\/\\\/elcanillita.info\\\/press\\\/2023\\\/12\\\/22\\\/gordio-y-su-nudo\\\/#primaryimage\"},\"thumbnailUrl\":\"https:\\\/\\\/elcanillita.info\\\/press\\\/images\\\/2023\\\/12\\\/gordio.jpg\",\"keywords\":[\"Argentina\"],\"articleSection\":[\".\",\".\",\"Actualidad\",\"Am\u00e9rica del Sur\",\"Politica\"],\"inLanguage\":\"es-AR\"},{\"@type\":\"WebPage\",\"@id\":\"https:\\\/\\\/elcanillita.info\\\/press\\\/2023\\\/12\\\/22\\\/gordio-y-su-nudo\\\/\",\"url\":\"https:\\\/\\\/elcanillita.info\\\/press\\\/2023\\\/12\\\/22\\\/gordio-y-su-nudo\\\/\",\"name\":\"Gordio y su nudo - ElCanillita.Info\",\"isPartOf\":{\"@id\":\"https:\\\/\\\/elcanillita.info\\\/press\\\/#website\"},\"primaryImageOfPage\":{\"@id\":\"https:\\\/\\\/elcanillita.info\\\/press\\\/2023\\\/12\\\/22\\\/gordio-y-su-nudo\\\/#primaryimage\"},\"image\":{\"@id\":\"https:\\\/\\\/elcanillita.info\\\/press\\\/2023\\\/12\\\/22\\\/gordio-y-su-nudo\\\/#primaryimage\"},\"thumbnailUrl\":\"https:\\\/\\\/elcanillita.info\\\/press\\\/images\\\/2023\\\/12\\\/gordio.jpg\",\"datePublished\":\"2023-12-22T23:58:04+00:00\",\"dateModified\":\"2023-12-22T23:58:05+00:00\",\"inLanguage\":\"es-AR\",\"potentialAction\":[{\"@type\":\"ReadAction\",\"target\":[\"https:\\\/\\\/elcanillita.info\\\/press\\\/2023\\\/12\\\/22\\\/gordio-y-su-nudo\\\/\"]}]},{\"@type\":\"ImageObject\",\"inLanguage\":\"es-AR\",\"@id\":\"https:\\\/\\\/elcanillita.info\\\/press\\\/2023\\\/12\\\/22\\\/gordio-y-su-nudo\\\/#primaryimage\",\"url\":\"https:\\\/\\\/elcanillita.info\\\/press\\\/images\\\/2023\\\/12\\\/gordio.jpg\",\"contentUrl\":\"https:\\\/\\\/elcanillita.info\\\/press\\\/images\\\/2023\\\/12\\\/gordio.jpg\",\"width\":600,\"height\":469},{\"@type\":\"WebSite\",\"@id\":\"https:\\\/\\\/elcanillita.info\\\/press\\\/#website\",\"url\":\"https:\\\/\\\/elcanillita.info\\\/press\\\/\",\"name\":\"ElCanillita.Info\",\"description\":\"desde los Apeninos a los Andes\",\"publisher\":{\"@id\":\"https:\\\/\\\/elcanillita.info\\\/press\\\/#organization\"},\"potentialAction\":[{\"@type\":\"SearchAction\",\"target\":{\"@type\":\"EntryPoint\",\"urlTemplate\":\"https:\\\/\\\/elcanillita.info\\\/press\\\/?s={search_term_string}\"},\"query-input\":{\"@type\":\"PropertyValueSpecification\",\"valueRequired\":true,\"valueName\":\"search_term_string\"}}],\"inLanguage\":\"es-AR\"},{\"@type\":\"Organization\",\"@id\":\"https:\\\/\\\/elcanillita.info\\\/press\\\/#organization\",\"name\":\"Guzzo Photos & Graphic Publications\",\"url\":\"https:\\\/\\\/elcanillita.info\\\/press\\\/\",\"logo\":{\"@type\":\"ImageObject\",\"inLanguage\":\"es-AR\",\"@id\":\"https:\\\/\\\/elcanillita.info\\\/press\\\/#\\\/schema\\\/logo\\\/image\\\/\",\"url\":\"https:\\\/\\\/elcanillita.info\\\/press\\\/images\\\/2020\\\/01\\\/cropped-cropped-cropped-elcanillitainfo.png\",\"contentUrl\":\"https:\\\/\\\/elcanillita.info\\\/press\\\/images\\\/2020\\\/01\\\/cropped-cropped-cropped-elcanillitainfo.png\",\"width\":460,\"height\":50,\"caption\":\"Guzzo Photos & Graphic Publications\"},\"image\":{\"@id\":\"https:\\\/\\\/elcanillita.info\\\/press\\\/#\\\/schema\\\/logo\\\/image\\\/\"},\"sameAs\":[\"https:\\\/\\\/ar-ar.facebook.com\\\/ElCanillitainfo-114249515285712\\\/\"]},{\"@type\":\"Person\",\"@id\":\"https:\\\/\\\/elcanillita.info\\\/press\\\/#\\\/schema\\\/person\\\/7fcb79f38045700919f7da6d97e71ba0\",\"name\":\"SalaStampa.eu, world press service\",\"image\":{\"@type\":\"ImageObject\",\"inLanguage\":\"es-AR\",\"@id\":\"https:\\\/\\\/secure.gravatar.com\\\/avatar\\\/c2f0e0d515a107624234994507816ca4724c7199cef73fc8bedebf6931d73888?s=96&d=mm&r=g\",\"url\":\"https:\\\/\\\/secure.gravatar.com\\\/avatar\\\/c2f0e0d515a107624234994507816ca4724c7199cef73fc8bedebf6931d73888?s=96&d=mm&r=g\",\"contentUrl\":\"https:\\\/\\\/secure.gravatar.com\\\/avatar\\\/c2f0e0d515a107624234994507816ca4724c7199cef73fc8bedebf6931d73888?s=96&d=mm&r=g\",\"caption\":\"SalaStampa.eu, world press service\"}}]}<\/script>\n<!-- \/ Yoast SEO plugin. -->","yoast_head_json":{"title":"Gordio y su nudo - ElCanillita.Info","robots":{"index":"index","follow":"follow","max-snippet":"max-snippet:-1","max-image-preview":"max-image-preview:large","max-video-preview":"max-video-preview:-1"},"canonical":"https:\/\/elcanillita.info\/press\/2023\/12\/22\/gordio-y-su-nudo\/","og_locale":"es_ES","og_type":"article","og_title":"Gordio y su nudo - ElCanillita.Info","og_description":"Seg\u00fan la antigua tradici\u00f3n, en el 333 a.C. Alejandro Magno cort\u00f3 (o desat\u00f3) el nudo gordiano: este intrincado nudo un\u00eda el yugo al poste de un carro frigio que se encontraba en la acr\u00f3polis de la ciudad. Una profec\u00eda local hab\u00eda decretado que quien pudiera desatar el nudo estaba destinado a convertirse en gobernante.","og_url":"https:\/\/elcanillita.info\/press\/2023\/12\/22\/gordio-y-su-nudo\/","og_site_name":"ElCanillita.Info","article_publisher":"https:\/\/ar-ar.facebook.com\/ElCanillitainfo-114249515285712\/","article_published_time":"2023-12-22T23:58:04+00:00","article_modified_time":"2023-12-22T23:58:05+00:00","og_image":[{"width":600,"height":469,"url":"https:\/\/elcanillita.info\/press\/images\/2023\/12\/gordio.jpg","type":"image\/jpeg"}],"author":"SalaStampa.eu, world press service","twitter_card":"summary_large_image","twitter_misc":{"Escrito por":"SalaStampa.eu, world press service","Tiempo de lectura":"5 minutos"},"schema":{"@context":"https:\/\/schema.org","@graph":[{"@type":"Article","@id":"https:\/\/elcanillita.info\/press\/2023\/12\/22\/gordio-y-su-nudo\/#article","isPartOf":{"@id":"https:\/\/elcanillita.info\/press\/2023\/12\/22\/gordio-y-su-nudo\/"},"author":{"name":"SalaStampa.eu, world press service","@id":"https:\/\/elcanillita.info\/press\/#\/schema\/person\/7fcb79f38045700919f7da6d97e71ba0"},"headline":"Gordio y su nudo","datePublished":"2023-12-22T23:58:04+00:00","dateModified":"2023-12-22T23:58:05+00:00","mainEntityOfPage":{"@id":"https:\/\/elcanillita.info\/press\/2023\/12\/22\/gordio-y-su-nudo\/"},"wordCount":1062,"publisher":{"@id":"https:\/\/elcanillita.info\/press\/#organization"},"image":{"@id":"https:\/\/elcanillita.info\/press\/2023\/12\/22\/gordio-y-su-nudo\/#primaryimage"},"thumbnailUrl":"https:\/\/elcanillita.info\/press\/images\/2023\/12\/gordio.jpg","keywords":["Argentina"],"articleSection":[".",".","Actualidad","Am\u00e9rica del Sur","Politica"],"inLanguage":"es-AR"},{"@type":"WebPage","@id":"https:\/\/elcanillita.info\/press\/2023\/12\/22\/gordio-y-su-nudo\/","url":"https:\/\/elcanillita.info\/press\/2023\/12\/22\/gordio-y-su-nudo\/","name":"Gordio y su nudo - ElCanillita.Info","isPartOf":{"@id":"https:\/\/elcanillita.info\/press\/#website"},"primaryImageOfPage":{"@id":"https:\/\/elcanillita.info\/press\/2023\/12\/22\/gordio-y-su-nudo\/#primaryimage"},"image":{"@id":"https:\/\/elcanillita.info\/press\/2023\/12\/22\/gordio-y-su-nudo\/#primaryimage"},"thumbnailUrl":"https:\/\/elcanillita.info\/press\/images\/2023\/12\/gordio.jpg","datePublished":"2023-12-22T23:58:04+00:00","dateModified":"2023-12-22T23:58:05+00:00","inLanguage":"es-AR","potentialAction":[{"@type":"ReadAction","target":["https:\/\/elcanillita.info\/press\/2023\/12\/22\/gordio-y-su-nudo\/"]}]},{"@type":"ImageObject","inLanguage":"es-AR","@id":"https:\/\/elcanillita.info\/press\/2023\/12\/22\/gordio-y-su-nudo\/#primaryimage","url":"https:\/\/elcanillita.info\/press\/images\/2023\/12\/gordio.jpg","contentUrl":"https:\/\/elcanillita.info\/press\/images\/2023\/12\/gordio.jpg","width":600,"height":469},{"@type":"WebSite","@id":"https:\/\/elcanillita.info\/press\/#website","url":"https:\/\/elcanillita.info\/press\/","name":"ElCanillita.Info","description":"desde los Apeninos a los Andes","publisher":{"@id":"https:\/\/elcanillita.info\/press\/#organization"},"potentialAction":[{"@type":"SearchAction","target":{"@type":"EntryPoint","urlTemplate":"https:\/\/elcanillita.info\/press\/?s={search_term_string}"},"query-input":{"@type":"PropertyValueSpecification","valueRequired":true,"valueName":"search_term_string"}}],"inLanguage":"es-AR"},{"@type":"Organization","@id":"https:\/\/elcanillita.info\/press\/#organization","name":"Guzzo Photos & Graphic Publications","url":"https:\/\/elcanillita.info\/press\/","logo":{"@type":"ImageObject","inLanguage":"es-AR","@id":"https:\/\/elcanillita.info\/press\/#\/schema\/logo\/image\/","url":"https:\/\/elcanillita.info\/press\/images\/2020\/01\/cropped-cropped-cropped-elcanillitainfo.png","contentUrl":"https:\/\/elcanillita.info\/press\/images\/2020\/01\/cropped-cropped-cropped-elcanillitainfo.png","width":460,"height":50,"caption":"Guzzo Photos & Graphic Publications"},"image":{"@id":"https:\/\/elcanillita.info\/press\/#\/schema\/logo\/image\/"},"sameAs":["https:\/\/ar-ar.facebook.com\/ElCanillitainfo-114249515285712\/"]},{"@type":"Person","@id":"https:\/\/elcanillita.info\/press\/#\/schema\/person\/7fcb79f38045700919f7da6d97e71ba0","name":"SalaStampa.eu, world press service","image":{"@type":"ImageObject","inLanguage":"es-AR","@id":"https:\/\/secure.gravatar.com\/avatar\/c2f0e0d515a107624234994507816ca4724c7199cef73fc8bedebf6931d73888?s=96&d=mm&r=g","url":"https:\/\/secure.gravatar.com\/avatar\/c2f0e0d515a107624234994507816ca4724c7199cef73fc8bedebf6931d73888?s=96&d=mm&r=g","contentUrl":"https:\/\/secure.gravatar.com\/avatar\/c2f0e0d515a107624234994507816ca4724c7199cef73fc8bedebf6931d73888?s=96&d=mm&r=g","caption":"SalaStampa.eu, world press service"}}]}},"views":466,"_links":{"self":[{"href":"https:\/\/elcanillita.info\/press\/wp-json\/wp\/v2\/posts\/3942","targetHints":{"allow":["GET"]}}],"collection":[{"href":"https:\/\/elcanillita.info\/press\/wp-json\/wp\/v2\/posts"}],"about":[{"href":"https:\/\/elcanillita.info\/press\/wp-json\/wp\/v2\/types\/post"}],"author":[{"embeddable":true,"href":"https:\/\/elcanillita.info\/press\/wp-json\/wp\/v2\/users\/1"}],"replies":[{"embeddable":true,"href":"https:\/\/elcanillita.info\/press\/wp-json\/wp\/v2\/comments?post=3942"}],"version-history":[{"count":0,"href":"https:\/\/elcanillita.info\/press\/wp-json\/wp\/v2\/posts\/3942\/revisions"}],"wp:featuredmedia":[{"embeddable":true,"href":"https:\/\/elcanillita.info\/press\/wp-json\/wp\/v2\/media\/3943"}],"wp:attachment":[{"href":"https:\/\/elcanillita.info\/press\/wp-json\/wp\/v2\/media?parent=3942"}],"wp:term":[{"taxonomy":"category","embeddable":true,"href":"https:\/\/elcanillita.info\/press\/wp-json\/wp\/v2\/categories?post=3942"},{"taxonomy":"post_tag","embeddable":true,"href":"https:\/\/elcanillita.info\/press\/wp-json\/wp\/v2\/tags?post=3942"}],"curies":[{"name":"wp","href":"https:\/\/api.w.org\/{rel}","templated":true}]}}