{"id":3936,"date":"2023-12-15T22:50:13","date_gmt":"2023-12-16T01:50:13","guid":{"rendered":"https:\/\/elcanillita.info\/press\/?p=3936"},"modified":"2023-12-16T08:06:24","modified_gmt":"2023-12-16T11:06:24","slug":"falsos-impacientes","status":"publish","type":"post","link":"https:\/\/elcanillita.info\/press\/2023\/12\/15\/falsos-impacientes\/","title":{"rendered":"Falsos Impacientes"},"content":{"rendered":"\n<figure class=\"wp-block-image size-full\"><img loading=\"lazy\" decoding=\"async\" width=\"600\" height=\"337\" src=\"https:\/\/elcanillita.info\/press\/images\/2023\/12\/monumento.png\" alt=\"\" class=\"wp-image-3937\" srcset=\"https:\/\/elcanillita.info\/press\/images\/2023\/12\/monumento.png 600w, https:\/\/elcanillita.info\/press\/images\/2023\/12\/monumento-300x169.png 300w\" sizes=\"auto, (max-width: 600px) 100vw, 600px\" \/><figcaption class=\"wp-element-caption\">Monumento al General San Martin &#8211; Cerro de la Gloria, Mendoza, Argentina &#8211; Foto: <small>\u00a9 2023<\/small> Cristian Guzzo <\/figcaption><\/figure>\n\n\n\n<p><strong>por Enrique Guillermo Avogadro<\/strong><\/p>\n\n\n\n<p><em><small>\u201cS\u00f3lo los locos y los solitarios pueden permitirse el lujo de ser ellos mismos. Porque los<\/small><br><small>solitarios no necesitan complacer a nadie, y a los locos no les importa ser comprendidos\u201d.<\/small><br><small>Charles Bukowski<\/small><\/em><\/p>\n\n\n\n<p><strong>Buenos Aires, 16\/12\/2023<br><\/strong>Ante lo dram\u00e1tico de la herencia recibida y sus urgencias, Javier Milei no pod\u00eda aspirar a la luna de miel que acompa\u00f1a los primeros tramos de cualquier gobierno pero, como muchos periodistas hacen, exigir soluciones inmediatas para la cr\u00edtica situaci\u00f3n actual a s\u00f3lo seis d\u00edas de su asunci\u00f3n es, sin duda, malintencionado. Mientras los Fern\u00e1ndez\u00b2 ro\u00edan sin piedad salarios y jubilaciones, generaban hiperinflaci\u00f3n con estancamiento, destru\u00edan el empleo, la salud y la educaci\u00f3n, la CGT y las CTA no concretaron siquiera una huelga general, pero ya se paran de manos para proteger sus inicuos privilegios frente a quien no puede ser responsabilizado del zafarrancho y debe enmendarlo; pero, claro, aqu\u00e9llos eran titulares de una de las m\u00faltiples franquicias peronistas, a las cuales todo se disculpa.<\/p>\n\n\n\n<p>El Presidente aprob\u00f3 el primer examen al no mentir ni vender fantas\u00edas a la sociedad, incurriendo as\u00ed en el mismo error \u2013ocultar la realidad- de Mauricio Macri, aunque estoy convencido de que, cuando pronostic\u00f3 dos a\u00f1os de tr\u00e1gica malaria, lo hizo con la esperanza de un sensible acortamiento de ese lapso; si lo lograra, despu\u00e9s de haber pronosticado un apocalipsis econ\u00f3mico-social, se convertir\u00eda en Superman.<\/p>\n\n\n\n<p>Pese a la in\u00e9dita debilidad parlamentaria que se deriva del formato tan unipersonal de su triunfo electoral, Milei est\u00e1 dando muestras de un formidable pragmatismo, y la primera muestra de ello fue arrebatarle a la condenada Cristina Fern\u00e1ndez el imperio que construy\u00f3 en el Senado, impidi\u00e9ndole concretar la maniobra con la que buscaba ubicar, como tercero en la l\u00ednea sucesoria, a una integrante de su asociaci\u00f3n il\u00edcita. Esa necesidad de construir gobernabilidad explica la integraci\u00f3n de este tan heterog\u00e9neo primer gabinete de ministros; de todas maneras, es indispensable que el Presidente imponga l\u00edmites morales a la incorporaci\u00f3n o perpetuaci\u00f3n de funcionarios provenientes de la anterior administraci\u00f3n.<\/p>\n\n\n\n<p>El \u201cteorema de Baglini\u201d demostr\u00f3 su vigencia con la morigeraci\u00f3n de varias de sus propuestas electorales m\u00e1s controvertidas. La tan \u00e1spera realidad&nbsp; y la necesidad de obtener legitimidad de ejercicio (la de origen es indiscutible en raz\u00f3n del apoyo del 56% del electorado), han comenzado a limar las u\u00f1as del \u201cle\u00f3n\u201d. De todas maneras, algunas de esas pol\u00edticas (dolarizaci\u00f3n, cierre del Banco Central, etc.), hoy diferidas, seguramente volver\u00e1n a primer plano tan pronto el \u00e9xito acompa\u00f1e a su gesti\u00f3n.<\/p>\n\n\n\n<p>Pero esa probabilidad, debido a la enorme exigencia a que ser\u00e1 sometida la sociedad en los pr\u00f3ximos meses, depender\u00e1 de que \u00e9sta, convocada una vez m\u00e1s a ajustarse el cintur\u00f3n sobre una ya tan delgada cintura, compruebe que el ajuste obre la \u201ccasta\u201d y el gasto pol\u00edtico es real y palpable, y que los responsables de la terrible situaci\u00f3n actual no siguen impunes. Interpelar\u00e1 a la Justicia hasta lograr que act\u00fae con celeridad en la persecuci\u00f3n penal del desquicio y la corrupci\u00f3n, y exigir\u00e1 resultados; as\u00ed como vot\u00f3 un cambio austero en el manejo de la cosa p\u00fablica, tambi\u00e9n lo hizo para terminar con los mantos de olvido que siempre hemos extendido sobre las anteriores administraciones.<\/p>\n\n\n\n<p>Las malas noticias judiciales siguen lloviendo, merecidamente, sobre Cristina Fern\u00e1ndez y su m\u00e1s intimo entorno. La atribuci\u00f3n del sill\u00f3n en el Consejo de la Magistratura a Luis Juez implica un nuevo equilibrio en el ese crucial organismo, y se ha completado la integraci\u00f3n de los tribunales orales federales que llevar\u00e1n los juicios que m\u00e1s la preocupan: \u201cHotesur\/Los Sauces\u201d, \u201cCuadernos\u201d, \u201cRuta del dinero K\u201d y \u201cMemorandum con Ir\u00e1n\u201d, es decir, que se iniciar\u00e1n el pr\u00f3ximo a\u00f1o, y ya ha perdido los fueros.<\/p>\n\n\n\n<p>Para evitar que el tiempo invalide la persecuci\u00f3n es necesario modificar el C\u00f3digo de Procedimientos Penal de modo que el doble conforme (Tribunal Oral y C\u00e1mara de Casaci\u00f3n) permita enviar a la c\u00e1rcel a los condenados, sin depender de recursos ante la Corte Suprema, a la cual el zaffaronismo transform\u00f3 en tercera instancia. Pero tambi\u00e9n revisar cuanto se ha hecho en los viciados juicios de \u201clesa humanidad\u201d, que contin\u00faan siendo el veh\u00edculo para la venganza contra los militares que derrotaron a la subversi\u00f3n, am\u00e9n de generar ping\u00fces indemnizaciones para sus supuestas v\u00edctimas.<\/p>\n\n\n\n<p>Otro aspecto remarcable de lo acontecido desde el domingo se refiere a las relaciones exteriores y, sobre todo, a nuestro alineamiento geopol\u00edtico. La presencia en la toma de posesi\u00f3n de Volodimir Zelenski fue un gesto de enorme importancia porque constituy\u00f3 una clara reversi\u00f3n de las incomprensibles (si olvidamos su posicionamiento ideol\u00f3gico) actitudes de Alberto Fern\u00e1ndez. Nadie duda de que debemos y necesitamos comerciar con todos los pa\u00edses, pero eso no puede significar convalidar la violaci\u00f3n de los verdaderos derechos humanos, la sangrienta represi\u00f3n a la libertad de expresi\u00f3n y a los opositores y minor\u00edas raciales ni, menos a\u00fan, la agresi\u00f3n militar gratuita a otras naciones.<\/p>\n\n\n\n<p>Hoy se nos convoca nuevamente a poner el hombro, con esfuerzo y dolor, para resucitar a una Argentina a la cual una banda delictiva, elegida para gobernarnos durante dos d\u00e9cadas por una sociedad mayoritariamente idiotizada por el populismo, el clientelismo y la buscada falta de educaci\u00f3n, ha puesto en estado de coma. S\u00f3lo Dios sabe si podremos lograrlo pero, sin duda, vale la pena intentarlo; en especial, si debi\u00e9ramos explicar a nuestros descendientes qu\u00e9 hicimos mientras la Patria mor\u00eda.<br><br><small>\u00a9 Copyright 2023 Enrique Guillermo Avogadro<br>\u00a9 2023 ElCanillita.info \/ SalaStampa.Eu, servicio mundial de prensa<\/small><br><br><\/p>\n\n\n\n\n\n<p><br><\/p>\n","protected":false},"excerpt":{"rendered":"<p>&#8220;Solo quiero tener leones en mi regimiento&#8221;. <small>Jos\u00e9 de San Martin<\/small><\/p>\n","protected":false},"author":1,"featured_media":3938,"comment_status":"closed","ping_status":"closed","sticky":false,"template":"","format":"standard","meta":{"footnotes":"","_links_to":"","_links_to_target":""},"categories":[108,121,70,123,23],"tags":[29],"class_list":["post-3936","post","type-post","status-publish","format-standard","has-post-thumbnail","hentry","category-blogdiario","category-dc24","category-actualidad","category-argentina","category-politica","tag-argentina","entry","double"],"yoast_head":"<!-- This site is optimized with the Yoast SEO plugin v27.4 - https:\/\/yoast.com\/product\/yoast-seo-wordpress\/ -->\n<title>Falsos Impacientes - ElCanillita.Info<\/title>\n<meta name=\"robots\" content=\"index, follow, max-snippet:-1, max-image-preview:large, max-video-preview:-1\" \/>\n<link rel=\"canonical\" href=\"https:\/\/elcanillita.info\/press\/2023\/12\/15\/falsos-impacientes\/\" \/>\n<meta property=\"og:locale\" content=\"es_ES\" \/>\n<meta property=\"og:type\" content=\"article\" \/>\n<meta property=\"og:title\" content=\"Falsos Impacientes - ElCanillita.Info\" \/>\n<meta property=\"og:description\" content=\"&quot;Solo quiero tener leones en mi regimiento&quot;. Jos\u00e9 de San Martin\" \/>\n<meta property=\"og:url\" content=\"https:\/\/elcanillita.info\/press\/2023\/12\/15\/falsos-impacientes\/\" \/>\n<meta property=\"og:site_name\" content=\"ElCanillita.Info\" \/>\n<meta property=\"article:publisher\" content=\"https:\/\/ar-ar.facebook.com\/ElCanillitainfo-114249515285712\/\" \/>\n<meta property=\"article:published_time\" content=\"2023-12-16T01:50:13+00:00\" \/>\n<meta property=\"article:modified_time\" content=\"2023-12-16T11:06:24+00:00\" \/>\n<meta property=\"og:image\" content=\"https:\/\/elcanillita.info\/press\/images\/2023\/12\/monumentoII.png\" \/>\n\t<meta property=\"og:image:width\" content=\"600\" \/>\n\t<meta property=\"og:image:height\" content=\"400\" \/>\n\t<meta property=\"og:image:type\" content=\"image\/png\" \/>\n<meta name=\"author\" content=\"SalaStampa.eu, world press service\" \/>\n<meta name=\"twitter:card\" content=\"summary_large_image\" \/>\n<meta name=\"twitter:label1\" content=\"Escrito por\" \/>\n\t<meta name=\"twitter:data1\" content=\"SalaStampa.eu, world press service\" \/>\n\t<meta name=\"twitter:label2\" content=\"Tiempo de lectura\" \/>\n\t<meta name=\"twitter:data2\" content=\"5 minutos\" \/>\n<script type=\"application\/ld+json\" class=\"yoast-schema-graph\">{\"@context\":\"https:\\\/\\\/schema.org\",\"@graph\":[{\"@type\":\"Article\",\"@id\":\"https:\\\/\\\/elcanillita.info\\\/press\\\/2023\\\/12\\\/15\\\/falsos-impacientes\\\/#article\",\"isPartOf\":{\"@id\":\"https:\\\/\\\/elcanillita.info\\\/press\\\/2023\\\/12\\\/15\\\/falsos-impacientes\\\/\"},\"author\":{\"name\":\"SalaStampa.eu, world press service\",\"@id\":\"https:\\\/\\\/elcanillita.info\\\/press\\\/#\\\/schema\\\/person\\\/7fcb79f38045700919f7da6d97e71ba0\"},\"headline\":\"Falsos Impacientes\",\"datePublished\":\"2023-12-16T01:50:13+00:00\",\"dateModified\":\"2023-12-16T11:06:24+00:00\",\"mainEntityOfPage\":{\"@id\":\"https:\\\/\\\/elcanillita.info\\\/press\\\/2023\\\/12\\\/15\\\/falsos-impacientes\\\/\"},\"wordCount\":1012,\"publisher\":{\"@id\":\"https:\\\/\\\/elcanillita.info\\\/press\\\/#organization\"},\"image\":{\"@id\":\"https:\\\/\\\/elcanillita.info\\\/press\\\/2023\\\/12\\\/15\\\/falsos-impacientes\\\/#primaryimage\"},\"thumbnailUrl\":\"https:\\\/\\\/elcanillita.info\\\/press\\\/images\\\/2023\\\/12\\\/monumentoII.png\",\"keywords\":[\"Argentina\"],\"articleSection\":[\".\",\".\",\"Actualidad\",\"Argentina\",\"Politica\"],\"inLanguage\":\"es-AR\"},{\"@type\":\"WebPage\",\"@id\":\"https:\\\/\\\/elcanillita.info\\\/press\\\/2023\\\/12\\\/15\\\/falsos-impacientes\\\/\",\"url\":\"https:\\\/\\\/elcanillita.info\\\/press\\\/2023\\\/12\\\/15\\\/falsos-impacientes\\\/\",\"name\":\"Falsos Impacientes - ElCanillita.Info\",\"isPartOf\":{\"@id\":\"https:\\\/\\\/elcanillita.info\\\/press\\\/#website\"},\"primaryImageOfPage\":{\"@id\":\"https:\\\/\\\/elcanillita.info\\\/press\\\/2023\\\/12\\\/15\\\/falsos-impacientes\\\/#primaryimage\"},\"image\":{\"@id\":\"https:\\\/\\\/elcanillita.info\\\/press\\\/2023\\\/12\\\/15\\\/falsos-impacientes\\\/#primaryimage\"},\"thumbnailUrl\":\"https:\\\/\\\/elcanillita.info\\\/press\\\/images\\\/2023\\\/12\\\/monumentoII.png\",\"datePublished\":\"2023-12-16T01:50:13+00:00\",\"dateModified\":\"2023-12-16T11:06:24+00:00\",\"inLanguage\":\"es-AR\",\"potentialAction\":[{\"@type\":\"ReadAction\",\"target\":[\"https:\\\/\\\/elcanillita.info\\\/press\\\/2023\\\/12\\\/15\\\/falsos-impacientes\\\/\"]}]},{\"@type\":\"ImageObject\",\"inLanguage\":\"es-AR\",\"@id\":\"https:\\\/\\\/elcanillita.info\\\/press\\\/2023\\\/12\\\/15\\\/falsos-impacientes\\\/#primaryimage\",\"url\":\"https:\\\/\\\/elcanillita.info\\\/press\\\/images\\\/2023\\\/12\\\/monumentoII.png\",\"contentUrl\":\"https:\\\/\\\/elcanillita.info\\\/press\\\/images\\\/2023\\\/12\\\/monumentoII.png\",\"width\":600,\"height\":400},{\"@type\":\"WebSite\",\"@id\":\"https:\\\/\\\/elcanillita.info\\\/press\\\/#website\",\"url\":\"https:\\\/\\\/elcanillita.info\\\/press\\\/\",\"name\":\"ElCanillita.Info\",\"description\":\"desde los Apeninos a los Andes\",\"publisher\":{\"@id\":\"https:\\\/\\\/elcanillita.info\\\/press\\\/#organization\"},\"potentialAction\":[{\"@type\":\"SearchAction\",\"target\":{\"@type\":\"EntryPoint\",\"urlTemplate\":\"https:\\\/\\\/elcanillita.info\\\/press\\\/?s={search_term_string}\"},\"query-input\":{\"@type\":\"PropertyValueSpecification\",\"valueRequired\":true,\"valueName\":\"search_term_string\"}}],\"inLanguage\":\"es-AR\"},{\"@type\":\"Organization\",\"@id\":\"https:\\\/\\\/elcanillita.info\\\/press\\\/#organization\",\"name\":\"Guzzo Photos & Graphic Publications\",\"url\":\"https:\\\/\\\/elcanillita.info\\\/press\\\/\",\"logo\":{\"@type\":\"ImageObject\",\"inLanguage\":\"es-AR\",\"@id\":\"https:\\\/\\\/elcanillita.info\\\/press\\\/#\\\/schema\\\/logo\\\/image\\\/\",\"url\":\"https:\\\/\\\/elcanillita.info\\\/press\\\/images\\\/2020\\\/01\\\/cropped-cropped-cropped-elcanillitainfo.png\",\"contentUrl\":\"https:\\\/\\\/elcanillita.info\\\/press\\\/images\\\/2020\\\/01\\\/cropped-cropped-cropped-elcanillitainfo.png\",\"width\":460,\"height\":50,\"caption\":\"Guzzo Photos & Graphic Publications\"},\"image\":{\"@id\":\"https:\\\/\\\/elcanillita.info\\\/press\\\/#\\\/schema\\\/logo\\\/image\\\/\"},\"sameAs\":[\"https:\\\/\\\/ar-ar.facebook.com\\\/ElCanillitainfo-114249515285712\\\/\"]},{\"@type\":\"Person\",\"@id\":\"https:\\\/\\\/elcanillita.info\\\/press\\\/#\\\/schema\\\/person\\\/7fcb79f38045700919f7da6d97e71ba0\",\"name\":\"SalaStampa.eu, world press service\",\"image\":{\"@type\":\"ImageObject\",\"inLanguage\":\"es-AR\",\"@id\":\"https:\\\/\\\/secure.gravatar.com\\\/avatar\\\/c2f0e0d515a107624234994507816ca4724c7199cef73fc8bedebf6931d73888?s=96&d=mm&r=g\",\"url\":\"https:\\\/\\\/secure.gravatar.com\\\/avatar\\\/c2f0e0d515a107624234994507816ca4724c7199cef73fc8bedebf6931d73888?s=96&d=mm&r=g\",\"contentUrl\":\"https:\\\/\\\/secure.gravatar.com\\\/avatar\\\/c2f0e0d515a107624234994507816ca4724c7199cef73fc8bedebf6931d73888?s=96&d=mm&r=g\",\"caption\":\"SalaStampa.eu, world press service\"}}]}<\/script>\n<!-- \/ Yoast SEO plugin. -->","yoast_head_json":{"title":"Falsos Impacientes - ElCanillita.Info","robots":{"index":"index","follow":"follow","max-snippet":"max-snippet:-1","max-image-preview":"max-image-preview:large","max-video-preview":"max-video-preview:-1"},"canonical":"https:\/\/elcanillita.info\/press\/2023\/12\/15\/falsos-impacientes\/","og_locale":"es_ES","og_type":"article","og_title":"Falsos Impacientes - ElCanillita.Info","og_description":"\"Solo quiero tener leones en mi regimiento\". Jos\u00e9 de San Martin","og_url":"https:\/\/elcanillita.info\/press\/2023\/12\/15\/falsos-impacientes\/","og_site_name":"ElCanillita.Info","article_publisher":"https:\/\/ar-ar.facebook.com\/ElCanillitainfo-114249515285712\/","article_published_time":"2023-12-16T01:50:13+00:00","article_modified_time":"2023-12-16T11:06:24+00:00","og_image":[{"width":600,"height":400,"url":"https:\/\/elcanillita.info\/press\/images\/2023\/12\/monumentoII.png","type":"image\/png"}],"author":"SalaStampa.eu, world press service","twitter_card":"summary_large_image","twitter_misc":{"Escrito por":"SalaStampa.eu, world press service","Tiempo de lectura":"5 minutos"},"schema":{"@context":"https:\/\/schema.org","@graph":[{"@type":"Article","@id":"https:\/\/elcanillita.info\/press\/2023\/12\/15\/falsos-impacientes\/#article","isPartOf":{"@id":"https:\/\/elcanillita.info\/press\/2023\/12\/15\/falsos-impacientes\/"},"author":{"name":"SalaStampa.eu, world press service","@id":"https:\/\/elcanillita.info\/press\/#\/schema\/person\/7fcb79f38045700919f7da6d97e71ba0"},"headline":"Falsos Impacientes","datePublished":"2023-12-16T01:50:13+00:00","dateModified":"2023-12-16T11:06:24+00:00","mainEntityOfPage":{"@id":"https:\/\/elcanillita.info\/press\/2023\/12\/15\/falsos-impacientes\/"},"wordCount":1012,"publisher":{"@id":"https:\/\/elcanillita.info\/press\/#organization"},"image":{"@id":"https:\/\/elcanillita.info\/press\/2023\/12\/15\/falsos-impacientes\/#primaryimage"},"thumbnailUrl":"https:\/\/elcanillita.info\/press\/images\/2023\/12\/monumentoII.png","keywords":["Argentina"],"articleSection":[".",".","Actualidad","Argentina","Politica"],"inLanguage":"es-AR"},{"@type":"WebPage","@id":"https:\/\/elcanillita.info\/press\/2023\/12\/15\/falsos-impacientes\/","url":"https:\/\/elcanillita.info\/press\/2023\/12\/15\/falsos-impacientes\/","name":"Falsos Impacientes - ElCanillita.Info","isPartOf":{"@id":"https:\/\/elcanillita.info\/press\/#website"},"primaryImageOfPage":{"@id":"https:\/\/elcanillita.info\/press\/2023\/12\/15\/falsos-impacientes\/#primaryimage"},"image":{"@id":"https:\/\/elcanillita.info\/press\/2023\/12\/15\/falsos-impacientes\/#primaryimage"},"thumbnailUrl":"https:\/\/elcanillita.info\/press\/images\/2023\/12\/monumentoII.png","datePublished":"2023-12-16T01:50:13+00:00","dateModified":"2023-12-16T11:06:24+00:00","inLanguage":"es-AR","potentialAction":[{"@type":"ReadAction","target":["https:\/\/elcanillita.info\/press\/2023\/12\/15\/falsos-impacientes\/"]}]},{"@type":"ImageObject","inLanguage":"es-AR","@id":"https:\/\/elcanillita.info\/press\/2023\/12\/15\/falsos-impacientes\/#primaryimage","url":"https:\/\/elcanillita.info\/press\/images\/2023\/12\/monumentoII.png","contentUrl":"https:\/\/elcanillita.info\/press\/images\/2023\/12\/monumentoII.png","width":600,"height":400},{"@type":"WebSite","@id":"https:\/\/elcanillita.info\/press\/#website","url":"https:\/\/elcanillita.info\/press\/","name":"ElCanillita.Info","description":"desde los Apeninos a los Andes","publisher":{"@id":"https:\/\/elcanillita.info\/press\/#organization"},"potentialAction":[{"@type":"SearchAction","target":{"@type":"EntryPoint","urlTemplate":"https:\/\/elcanillita.info\/press\/?s={search_term_string}"},"query-input":{"@type":"PropertyValueSpecification","valueRequired":true,"valueName":"search_term_string"}}],"inLanguage":"es-AR"},{"@type":"Organization","@id":"https:\/\/elcanillita.info\/press\/#organization","name":"Guzzo Photos & Graphic Publications","url":"https:\/\/elcanillita.info\/press\/","logo":{"@type":"ImageObject","inLanguage":"es-AR","@id":"https:\/\/elcanillita.info\/press\/#\/schema\/logo\/image\/","url":"https:\/\/elcanillita.info\/press\/images\/2020\/01\/cropped-cropped-cropped-elcanillitainfo.png","contentUrl":"https:\/\/elcanillita.info\/press\/images\/2020\/01\/cropped-cropped-cropped-elcanillitainfo.png","width":460,"height":50,"caption":"Guzzo Photos & Graphic Publications"},"image":{"@id":"https:\/\/elcanillita.info\/press\/#\/schema\/logo\/image\/"},"sameAs":["https:\/\/ar-ar.facebook.com\/ElCanillitainfo-114249515285712\/"]},{"@type":"Person","@id":"https:\/\/elcanillita.info\/press\/#\/schema\/person\/7fcb79f38045700919f7da6d97e71ba0","name":"SalaStampa.eu, world press service","image":{"@type":"ImageObject","inLanguage":"es-AR","@id":"https:\/\/secure.gravatar.com\/avatar\/c2f0e0d515a107624234994507816ca4724c7199cef73fc8bedebf6931d73888?s=96&d=mm&r=g","url":"https:\/\/secure.gravatar.com\/avatar\/c2f0e0d515a107624234994507816ca4724c7199cef73fc8bedebf6931d73888?s=96&d=mm&r=g","contentUrl":"https:\/\/secure.gravatar.com\/avatar\/c2f0e0d515a107624234994507816ca4724c7199cef73fc8bedebf6931d73888?s=96&d=mm&r=g","caption":"SalaStampa.eu, world press service"}}]}},"views":430,"_links":{"self":[{"href":"https:\/\/elcanillita.info\/press\/wp-json\/wp\/v2\/posts\/3936","targetHints":{"allow":["GET"]}}],"collection":[{"href":"https:\/\/elcanillita.info\/press\/wp-json\/wp\/v2\/posts"}],"about":[{"href":"https:\/\/elcanillita.info\/press\/wp-json\/wp\/v2\/types\/post"}],"author":[{"embeddable":true,"href":"https:\/\/elcanillita.info\/press\/wp-json\/wp\/v2\/users\/1"}],"replies":[{"embeddable":true,"href":"https:\/\/elcanillita.info\/press\/wp-json\/wp\/v2\/comments?post=3936"}],"version-history":[{"count":0,"href":"https:\/\/elcanillita.info\/press\/wp-json\/wp\/v2\/posts\/3936\/revisions"}],"wp:featuredmedia":[{"embeddable":true,"href":"https:\/\/elcanillita.info\/press\/wp-json\/wp\/v2\/media\/3938"}],"wp:attachment":[{"href":"https:\/\/elcanillita.info\/press\/wp-json\/wp\/v2\/media?parent=3936"}],"wp:term":[{"taxonomy":"category","embeddable":true,"href":"https:\/\/elcanillita.info\/press\/wp-json\/wp\/v2\/categories?post=3936"},{"taxonomy":"post_tag","embeddable":true,"href":"https:\/\/elcanillita.info\/press\/wp-json\/wp\/v2\/tags?post=3936"}],"curies":[{"name":"wp","href":"https:\/\/api.w.org\/{rel}","templated":true}]}}