{"id":393,"date":"2020-02-08T20:42:31","date_gmt":"2020-02-08T23:42:31","guid":{"rendered":"https:\/\/elcanillita.info\/press\/?p=393"},"modified":"2020-02-11T07:41:32","modified_gmt":"2020-02-11T10:41:32","slug":"gran-premio-federacion-italiana-esgrima","status":"publish","type":"post","link":"https:\/\/elcanillita.info\/press\/2020\/02\/08\/gran-premio-federacion-italiana-esgrima\/","title":{"rendered":"Gran Premio de la Federaci\u00f3n Italiana de Esgrima"},"content":{"rendered":"<figure style=\"width: 900px\" class=\"wp-caption alignnone\"><img decoding=\"async\" src=\"https:\/\/elcanillita.info\/press\/images\/2020\/02\/tor-esgrima-20200208.jpg\" alt=\"Descrizione\" width=\"900\"><figcaption class=\"wp-caption-text\">&#8230;<\/figcaption><\/figure>\n\n\n<p><strong>TROFEO INALPI TORINO 2020<\/strong><\/p>\n\n\n\n<p>Torino, 08.02.2020 &#8211; Ma\u00f1ana, domingo 9 de febrero, a partir de las 9:00 a.m (hora CET)., \n\ncomenzar\u00e1 el d\u00eda culminante, con los asaltos del sorteo principal de \n\nla carrera femenina, con catorce italianas en la plataforma, y la \n\ncarrera masculina que contar\u00e1 once azules.<\/p>\n\n\n\n<p>El evento ser\u00e1 transmitido en vivo por el \n\ncanal de la Federaci\u00f3n Italiana de Esgrima, a partir de las 9.00 am, \n\nmientras que a partir de las 6.00 pm las semifinales y finales ser\u00e1n \n\ntransmitidas por SkySport Arena.<\/p>\n\n\n\n<p><strong>COPA MUNDIAL &#8211; GRAN PREMIO FIE &#8211;  Florete Masculino<\/strong><br>Tur\u00edn, 08-09 febrero 2020<\/p>\n\n\n\n<p><strong>Marcador de 64<\/strong><\/p>\n\n\n\n<p>Foconi (ITA) &#8211; Janda (Pol) \n\nHora 10.30<br>\nBianchi (ITA) &#8211; Siess (Pol) Hora 11.30<br>\nRosatelli \n\n(ITA) &#8211; Cheung (Hkg) Hora 11.30<br>\nCassar\u00e0 (ITA) &#8211; Van Haaster \n\n(Can) Hora 10.30<br>\nAvola (ITA) &#8211; Dosa (Hun) Hora 10.50<br>\nIngargiola (ITA) &#8211; Mepstead (Gbr) Hora 11.10<br>\nLuperi (ITA) &#8211; Nista \n\n(ITA) Hora11.10<br>\nFilippi (ITA) &#8211; Roger (Fra) Hora 11.30<br>\nGarozzo (ITA) &#8211; Shikine (Jpn) Hora 11.30<br>\nDi Tommaso (ITA) &#8211; \n\nToldo (Bra) Hora10.50<\/p>\n\n\n\n<p><strong>Marcador de 64 &#8211; calificaci\u00f3n<\/strong><\/p>\n\n\n\n<p>Van Haaster (Can) b. Macchi (ITA) 15-9<br>\nDi \n\nTommaso (ITA) b. Servello (Arg) 15-11<br>\nAvola (ITA) b. Marini (ITA) \n\n15-13<br>\nIto (Jpn) b. Gridelli (ITA) 15-11<br>\nLuperi (ITA) b Fujino \n\n(Jpn) 15-13<br>\nRosatelli (ITA) b. Huang (Chn) 15-10<br>\nShikina \n\n(Jpn) b. Paroli (ITA) 15-7<br>\nIngargiola (ITA) b. Chung (Kor) 15-\n\n6<\/p>\n\n\n\n<p><strong>Marcador 128 &#8211;  calificaci\u00f3n<\/strong><\/p>\n\n\n\n<p>Macchi (ITA) b. Bretau (Esp) 15-12<br>\nFiles (Cro) b. Pistorio \n\n(ITA) 15-14<br>\nDi Tommaso (ITA) b. Klein (Ger) 15-12<br>\nServello \n\n(Arg) b. Stella (ITA) 15-12<br>\nAvola (ITA) b. Ferjani (Tun) 15-7<br>\nMarini (ITA) b. Wu (Chn) 15-3<br>\nGridelli (ITA) b. Totusek (Cze) 14-\n\n13<br>\nFujino (Jpn) b. Velluti (ITA) 15-10<br>\nLuperi (ITA) b. Shih \n\n(Tpe) 15-6<br>\nRosatelli (ITA) b. Lee Ka Fung (Hkg) 15-9<br>\nParoli \n\n(ITA) b. Otayza (Chi) 15-4<br>\nIngargiola (ITA) b. Ostacchini (Gbr) 15\n\n-8<br>\nArslanov (Rus) b. Iandolo (ITA) 15-7<br>\nTofalides (Cyp) b. \n\nLombardi (ITA) 14-9<\/p>\n\n\n\n<p><strong>Etapa de grupo<\/strong> <\/p>\n\n\n\n<p>Giorgio Avola: 4 victorias, 1 derrota<br>Damiano Rosatelli: 4 \n\nvictorias, 2 derrotas<br>Tommaso Marini: 4 victorias, 2 \n\nderrotas<br>Federico Pistorio: 3 victorias, 2 \n\nderrotas<br>Alessandro Maci: 1 victoria, 4 derrotas<br>Pietro \n\nVelluti: 4 victorias, 2 derrotas<br>Lorenzo Nista: 6 victorias, ninguna \n\nderrota<br>Davide Filippi: 6 victorias, ninguna derrota<br>Edoardo \n\nLuperi: 4 vittorie, 1 derrota<br>Alessandro Gridelli: 5 victorias, 1 \n\nderrota<br>Alessandro Paroli: 4 victorias, 1derrota<br>Francesco \n\nPio Iandolo: 2 victorias, 3 derrotas<br>Filippo Macchi: 5 victorias, 1 \n\nderrota<br>Francesco Ingargiola: 4 victorias, 2 derrotas<br>Alessio \n\nDi Tommaso: 4 victorias, 1 derrota<br>Giulio Lombardi: 4 victorias, 2 \n\nderrotas<br>Alessandro Stella: 4 victorias, 2 derrotas<br>Guillaume \n\nBianchi: 6 victorias, ninguna derrota<\/p>\n\n\n\n<p><strong>Clasificaci\u00f3n (219)<\/strong><\/p>\n\n\n\n<ol class=\"wp-block-list\"><li>Lombardi (ITA), 107. Velluti \n\n(ITA), 119. Pistorio (ITA), 130. Stella (ITA), 149. Iandolo (ITA), 174. \n\nMaci (ITA).<\/li><\/ol>\n\n\n\n<p><strong>COPA  MUNDIAL &#8211; GRAN PREMIO FIE &#8211; Florete Femenino<\/strong><br>Tur\u00edn, 07-09  febrero 2020<\/p>\n\n\n\n<p><strong>Marcador de 64<\/strong><\/p>\n\n\n\n<p>Borella (ITA) &#8211; Ueno (Jpn) ore 9.40<br>Batini (ITA) &#8211; De Costanzo  (ITA) ore 9.20<br>Calissi (ITA) &#8211; Korobeynikova (Rus) ore  9.20<br>Bianchin (ITA) &#8211; Zagidullina (Rus) ore 9.40<br>Errigo (ITA) &#8211;  Azuma (Jpn) ore 10.00<br>Di Francisca (ITA) &#8211; Chae Song Oh (Kor)  ore 9.00<br>Palumbo (ITA) &#8211; Inostroza (Chi) ore 9.20<br>Cipressa  (ITA) &#8211; Pustilnik (Isr) ore 10.00<br>Sinigalia (ITA) &#8211; Favaretto (ITA) ore  9.00<br>Mancini (ITA) &#8211; Dubrovich (Usa) ore 9.40<br>Monaco (ITA) &#8211;  Goldie (Can) ore 10.00<br>Volpi ITA) &#8211; Blow (Usa) ore  10.00<br><strong><br>Marcador de 64 &#8211; calificaci\u00f3n<\/strong><\/p>\n\n\n\n<p>Lyczbinska (Pol) b. Berno (ITA) 15-\n\n6<br>Borella (ITA) b. Martyanova (Rus) 15-13<br>Calissi (ITA) b. \n\nBinder (Usa) 15-10<br>Mancini (ITA) b. Ferrari (ITA) 15-\n\n3<br>Monaco (ITA) b. Vardaro (ITA) 15-10<br>Sinigalia (ITA) b. \n\nMichel (Mex) 15-7<br>De Costanzo (ITA) b. Yusova (Rus) 15-\n\n12<br>Bianchin (ITA) b. Alborova (Rus) 15-14<br>Azuma (Jpn) b. \n\nCiampalini (ITA) 15-12<br>Castanie (Fra) b. Candeago (ITA) 15-\n\n14<br>Lupkovics (Hun) b. Cammilletti (ITA) 10-8<\/p>\n\n\n\n<p><strong>Marcador 128 &#8211;  calificaci\u00f3n<\/strong><\/p>\n\n\n\n<p>Berno \n\n(ITA) b. Diaz (Esp) 15-9<br>Proestakis (Chi) b. Tangherlini (ITA) 15-\n\n14<br>Borella (ITA) b. Terni (Arg) 15-12<br>Calissi (ITA) b. Posgay \n\n(Ger) 15-7<br>Senyuta (Ukr) b. Ricci (ITA) 15-12<br>Ferrari (ITA) b. \n\nCampbell (Gbr) 15-5<br>Vardaro (ITA) b. Nishioka (Jpn) 15-\n\n13<br>Inostroza (Chi) b. Tortelotti (ITA) 15-14<br>Bianchin (ITA) b. \n\nRossini (ITA) 15-13<br>Candeago (ITA) b. Massialas (Usa) 15-\n\n10<br>Cammilletti (ITA) b. Dajcic (Cro) 15-9<\/p>\n\n\n\n<p><strong>Etapa de grupo<\/strong><\/p>\n\n\n\n<p>Martina Batini: 6 victorias, ninguna \n\nderrota<br>Eleonora Candeago: 3 victorias, 3 derrotas<br>Marta \n\nRicci: 3 victorias, 3 derrotas<br>Beatrice Monaco: 5 victorias, 1 \n\nderrota<br>Camilla Mancini: 4 victorias, 2 derrotas<br>Lucia \n\nTortelotti: 2 victorias, 4 derrotas<br>Erica Cipressa: 5 victorias, 1 \n\nderrota<br>Valentina De Costanzo: 4 victorias, 2 \n\nderrotas<br>Carlotta Ferrari: 4 victorias, 2 derrotas<br>Marta \n\nCammilletti: 4 victorias, 2 derrotas<br>Martina Sinigalia: 5 victorias, \n\n1 derrota<br>Vittoria Candiani: 2 victorias, 4 derrotas<br>Vittoria \n\nCiampalini: 5 victorias, 1 derrota<br>Serena Rossini: 2 victorias, 4 \n\nderrotas<br>Elisabetta Bianchin: 4 victorias, 2 derrotas<br>Martina \n\nFavaretto: 5 victorias, 1 derrota<br>Claudia Borella: 3 victorias, 3 \n\nderrotas<br>Olga Rachele Calissi: 4 victorias, 2 derrotas<br>Elena \n\nTangherlini: 3 victorias, 3 derrotas<br>Elisa Vardaro: 3 victorias, 3 \n\nderrotas<br>Eleonora Berno: 3 victorias, 3 derrotas<\/p>\n\n\n\n<p><strong>Clasificaci\u00f3n (177)<\/strong><\/p>\n\n\n\n<ol class=\"wp-block-list\"><li>Ciampalini (ITA), 79. Cammilletti (ITA), 82. Ferrari (ITA), 92. \n\nBerno (ITA),93. Vardaro (ITA), 95. Candeago (ITA), 105. Ricci (ITA), \n\n117. Tangherlini (ITA), 123. Rossini (ITA), <br>126. Tortelotti (ITA), \n\n141. Candiani (ITA).<\/li><\/ol>\n\n\n\n<p><small>FIE-SalaStampa.Eu, affiliate of the networks operated by \n\nBroadcasting Board of Governors \u00a9 2020 BBG<\/small><\/p>\n","protected":false},"excerpt":{"rendered":"<p>Torino, 08.02.2020 &#8211;  Ma\u00f1ana, domingo 9 de febrero, a partir de las 9:00 a.m (hora CET).,  comenzar\u00e1 el d\u00eda culminante del Gran Premio de la Federaci\u00f3n Italiana de Esgrima. <\/p>\n","protected":false},"author":1,"featured_media":402,"comment_status":"closed","ping_status":"closed","sticky":false,"template":"","format":"standard","meta":{"footnotes":"","_links_to":"","_links_to_target":""},"categories":[5,26],"tags":[60],"class_list":["post-393","post","type-post","status-publish","format-standard","has-post-thumbnail","hentry","category-europa","category-sport","tag-italia","entry","double"],"yoast_head":"<!-- This site is optimized with the Yoast SEO plugin v27.5 - https:\/\/yoast.com\/product\/yoast-seo-wordpress\/ -->\n<title>Gran Premio de la Federaci\u00f3n Italiana de Esgrima - ElCanillita.Info<\/title>\n<meta name=\"robots\" content=\"index, follow, max-snippet:-1, max-image-preview:large, max-video-preview:-1\" \/>\n<link rel=\"canonical\" href=\"https:\/\/elcanillita.info\/press\/2020\/02\/08\/gran-premio-federacion-italiana-esgrima\/\" \/>\n<meta property=\"og:locale\" content=\"es_ES\" \/>\n<meta property=\"og:type\" content=\"article\" \/>\n<meta property=\"og:title\" content=\"Gran Premio de la Federaci\u00f3n Italiana de Esgrima - ElCanillita.Info\" \/>\n<meta property=\"og:description\" content=\"Torino, 08.02.2020 - Ma\u00f1ana, domingo 9 de febrero, a partir de las 9:00 a.m (hora CET)., comenzar\u00e1 el d\u00eda culminante del Gran Premio de la Federaci\u00f3n Italiana de Esgrima.\" \/>\n<meta property=\"og:url\" content=\"https:\/\/elcanillita.info\/press\/2020\/02\/08\/gran-premio-federacion-italiana-esgrima\/\" \/>\n<meta property=\"og:site_name\" content=\"ElCanillita.Info\" \/>\n<meta property=\"article:publisher\" content=\"https:\/\/ar-ar.facebook.com\/ElCanillitainfo-114249515285712\/\" \/>\n<meta property=\"article:published_time\" content=\"2020-02-08T23:42:31+00:00\" \/>\n<meta property=\"article:modified_time\" content=\"2020-02-11T10:41:32+00:00\" \/>\n<meta property=\"og:image\" content=\"https:\/\/elcanillita.info\/press\/images\/2020\/02\/fencing-turin_DX27153.jpg\" \/>\n\t<meta property=\"og:image:width\" content=\"700\" \/>\n\t<meta property=\"og:image:height\" content=\"465\" \/>\n\t<meta property=\"og:image:type\" content=\"image\/jpeg\" \/>\n<meta name=\"author\" content=\"SalaStampa.eu, world press service\" \/>\n<meta name=\"twitter:card\" content=\"summary_large_image\" \/>\n<meta name=\"twitter:label1\" content=\"Escrito por\" \/>\n\t<meta name=\"twitter:data1\" content=\"SalaStampa.eu, world press service\" \/>\n\t<meta name=\"twitter:label2\" content=\"Tiempo de lectura\" \/>\n\t<meta name=\"twitter:data2\" content=\"4 minutos\" \/>\n<script type=\"application\/ld+json\" class=\"yoast-schema-graph\">{\"@context\":\"https:\\\/\\\/schema.org\",\"@graph\":[{\"@type\":\"Article\",\"@id\":\"https:\\\/\\\/elcanillita.info\\\/press\\\/2020\\\/02\\\/08\\\/gran-premio-federacion-italiana-esgrima\\\/#article\",\"isPartOf\":{\"@id\":\"https:\\\/\\\/elcanillita.info\\\/press\\\/2020\\\/02\\\/08\\\/gran-premio-federacion-italiana-esgrima\\\/\"},\"author\":{\"name\":\"SalaStampa.eu, world press service\",\"@id\":\"https:\\\/\\\/elcanillita.info\\\/press\\\/#\\\/schema\\\/person\\\/7fcb79f38045700919f7da6d97e71ba0\"},\"headline\":\"Gran Premio de la Federaci\u00f3n Italiana de Esgrima\",\"datePublished\":\"2020-02-08T23:42:31+00:00\",\"dateModified\":\"2020-02-11T10:41:32+00:00\",\"mainEntityOfPage\":{\"@id\":\"https:\\\/\\\/elcanillita.info\\\/press\\\/2020\\\/02\\\/08\\\/gran-premio-federacion-italiana-esgrima\\\/\"},\"wordCount\":740,\"publisher\":{\"@id\":\"https:\\\/\\\/elcanillita.info\\\/press\\\/#organization\"},\"image\":{\"@id\":\"https:\\\/\\\/elcanillita.info\\\/press\\\/2020\\\/02\\\/08\\\/gran-premio-federacion-italiana-esgrima\\\/#primaryimage\"},\"thumbnailUrl\":\"https:\\\/\\\/elcanillita.info\\\/press\\\/images\\\/2020\\\/02\\\/fencing-turin_DX27153.jpg\",\"keywords\":[\"Italia\"],\"articleSection\":[\"Europa\",\"Sport\"],\"inLanguage\":\"es-AR\"},{\"@type\":\"WebPage\",\"@id\":\"https:\\\/\\\/elcanillita.info\\\/press\\\/2020\\\/02\\\/08\\\/gran-premio-federacion-italiana-esgrima\\\/\",\"url\":\"https:\\\/\\\/elcanillita.info\\\/press\\\/2020\\\/02\\\/08\\\/gran-premio-federacion-italiana-esgrima\\\/\",\"name\":\"Gran Premio de la Federaci\u00f3n Italiana de Esgrima - ElCanillita.Info\",\"isPartOf\":{\"@id\":\"https:\\\/\\\/elcanillita.info\\\/press\\\/#website\"},\"primaryImageOfPage\":{\"@id\":\"https:\\\/\\\/elcanillita.info\\\/press\\\/2020\\\/02\\\/08\\\/gran-premio-federacion-italiana-esgrima\\\/#primaryimage\"},\"image\":{\"@id\":\"https:\\\/\\\/elcanillita.info\\\/press\\\/2020\\\/02\\\/08\\\/gran-premio-federacion-italiana-esgrima\\\/#primaryimage\"},\"thumbnailUrl\":\"https:\\\/\\\/elcanillita.info\\\/press\\\/images\\\/2020\\\/02\\\/fencing-turin_DX27153.jpg\",\"datePublished\":\"2020-02-08T23:42:31+00:00\",\"dateModified\":\"2020-02-11T10:41:32+00:00\",\"inLanguage\":\"es-AR\",\"potentialAction\":[{\"@type\":\"ReadAction\",\"target\":[\"https:\\\/\\\/elcanillita.info\\\/press\\\/2020\\\/02\\\/08\\\/gran-premio-federacion-italiana-esgrima\\\/\"]}]},{\"@type\":\"ImageObject\",\"inLanguage\":\"es-AR\",\"@id\":\"https:\\\/\\\/elcanillita.info\\\/press\\\/2020\\\/02\\\/08\\\/gran-premio-federacion-italiana-esgrima\\\/#primaryimage\",\"url\":\"https:\\\/\\\/elcanillita.info\\\/press\\\/images\\\/2020\\\/02\\\/fencing-turin_DX27153.jpg\",\"contentUrl\":\"https:\\\/\\\/elcanillita.info\\\/press\\\/images\\\/2020\\\/02\\\/fencing-turin_DX27153.jpg\",\"width\":700,\"height\":465,\"caption\":\"Gran Premio de la Federaci\u00f3n Italiana de Esgrima Turin 2020\"},{\"@type\":\"WebSite\",\"@id\":\"https:\\\/\\\/elcanillita.info\\\/press\\\/#website\",\"url\":\"https:\\\/\\\/elcanillita.info\\\/press\\\/\",\"name\":\"ElCanillita.Info\",\"description\":\"desde los Apeninos a los Andes\",\"publisher\":{\"@id\":\"https:\\\/\\\/elcanillita.info\\\/press\\\/#organization\"},\"potentialAction\":[{\"@type\":\"SearchAction\",\"target\":{\"@type\":\"EntryPoint\",\"urlTemplate\":\"https:\\\/\\\/elcanillita.info\\\/press\\\/?s={search_term_string}\"},\"query-input\":{\"@type\":\"PropertyValueSpecification\",\"valueRequired\":true,\"valueName\":\"search_term_string\"}}],\"inLanguage\":\"es-AR\"},{\"@type\":\"Organization\",\"@id\":\"https:\\\/\\\/elcanillita.info\\\/press\\\/#organization\",\"name\":\"Guzzo Photos & Graphic Publications\",\"url\":\"https:\\\/\\\/elcanillita.info\\\/press\\\/\",\"logo\":{\"@type\":\"ImageObject\",\"inLanguage\":\"es-AR\",\"@id\":\"https:\\\/\\\/elcanillita.info\\\/press\\\/#\\\/schema\\\/logo\\\/image\\\/\",\"url\":\"https:\\\/\\\/elcanillita.info\\\/press\\\/images\\\/2020\\\/01\\\/cropped-cropped-cropped-elcanillitainfo.png\",\"contentUrl\":\"https:\\\/\\\/elcanillita.info\\\/press\\\/images\\\/2020\\\/01\\\/cropped-cropped-cropped-elcanillitainfo.png\",\"width\":460,\"height\":50,\"caption\":\"Guzzo Photos & Graphic Publications\"},\"image\":{\"@id\":\"https:\\\/\\\/elcanillita.info\\\/press\\\/#\\\/schema\\\/logo\\\/image\\\/\"},\"sameAs\":[\"https:\\\/\\\/ar-ar.facebook.com\\\/ElCanillitainfo-114249515285712\\\/\"]},{\"@type\":\"Person\",\"@id\":\"https:\\\/\\\/elcanillita.info\\\/press\\\/#\\\/schema\\\/person\\\/7fcb79f38045700919f7da6d97e71ba0\",\"name\":\"SalaStampa.eu, world press service\",\"image\":{\"@type\":\"ImageObject\",\"inLanguage\":\"es-AR\",\"@id\":\"https:\\\/\\\/secure.gravatar.com\\\/avatar\\\/c2f0e0d515a107624234994507816ca4724c7199cef73fc8bedebf6931d73888?s=96&d=mm&r=g\",\"url\":\"https:\\\/\\\/secure.gravatar.com\\\/avatar\\\/c2f0e0d515a107624234994507816ca4724c7199cef73fc8bedebf6931d73888?s=96&d=mm&r=g\",\"contentUrl\":\"https:\\\/\\\/secure.gravatar.com\\\/avatar\\\/c2f0e0d515a107624234994507816ca4724c7199cef73fc8bedebf6931d73888?s=96&d=mm&r=g\",\"caption\":\"SalaStampa.eu, world press service\"}}]}<\/script>\n<!-- \/ Yoast SEO plugin. -->","yoast_head_json":{"title":"Gran Premio de la Federaci\u00f3n Italiana de Esgrima - ElCanillita.Info","robots":{"index":"index","follow":"follow","max-snippet":"max-snippet:-1","max-image-preview":"max-image-preview:large","max-video-preview":"max-video-preview:-1"},"canonical":"https:\/\/elcanillita.info\/press\/2020\/02\/08\/gran-premio-federacion-italiana-esgrima\/","og_locale":"es_ES","og_type":"article","og_title":"Gran Premio de la Federaci\u00f3n Italiana de Esgrima - ElCanillita.Info","og_description":"Torino, 08.02.2020 - Ma\u00f1ana, domingo 9 de febrero, a partir de las 9:00 a.m (hora CET)., comenzar\u00e1 el d\u00eda culminante del Gran Premio de la Federaci\u00f3n Italiana de Esgrima.","og_url":"https:\/\/elcanillita.info\/press\/2020\/02\/08\/gran-premio-federacion-italiana-esgrima\/","og_site_name":"ElCanillita.Info","article_publisher":"https:\/\/ar-ar.facebook.com\/ElCanillitainfo-114249515285712\/","article_published_time":"2020-02-08T23:42:31+00:00","article_modified_time":"2020-02-11T10:41:32+00:00","og_image":[{"width":700,"height":465,"url":"https:\/\/elcanillita.info\/press\/images\/2020\/02\/fencing-turin_DX27153.jpg","type":"image\/jpeg"}],"author":"SalaStampa.eu, world press service","twitter_card":"summary_large_image","twitter_misc":{"Escrito por":"SalaStampa.eu, world press service","Tiempo de lectura":"4 minutos"},"schema":{"@context":"https:\/\/schema.org","@graph":[{"@type":"Article","@id":"https:\/\/elcanillita.info\/press\/2020\/02\/08\/gran-premio-federacion-italiana-esgrima\/#article","isPartOf":{"@id":"https:\/\/elcanillita.info\/press\/2020\/02\/08\/gran-premio-federacion-italiana-esgrima\/"},"author":{"name":"SalaStampa.eu, world press service","@id":"https:\/\/elcanillita.info\/press\/#\/schema\/person\/7fcb79f38045700919f7da6d97e71ba0"},"headline":"Gran Premio de la Federaci\u00f3n Italiana de Esgrima","datePublished":"2020-02-08T23:42:31+00:00","dateModified":"2020-02-11T10:41:32+00:00","mainEntityOfPage":{"@id":"https:\/\/elcanillita.info\/press\/2020\/02\/08\/gran-premio-federacion-italiana-esgrima\/"},"wordCount":740,"publisher":{"@id":"https:\/\/elcanillita.info\/press\/#organization"},"image":{"@id":"https:\/\/elcanillita.info\/press\/2020\/02\/08\/gran-premio-federacion-italiana-esgrima\/#primaryimage"},"thumbnailUrl":"https:\/\/elcanillita.info\/press\/images\/2020\/02\/fencing-turin_DX27153.jpg","keywords":["Italia"],"articleSection":["Europa","Sport"],"inLanguage":"es-AR"},{"@type":"WebPage","@id":"https:\/\/elcanillita.info\/press\/2020\/02\/08\/gran-premio-federacion-italiana-esgrima\/","url":"https:\/\/elcanillita.info\/press\/2020\/02\/08\/gran-premio-federacion-italiana-esgrima\/","name":"Gran Premio de la Federaci\u00f3n Italiana de Esgrima - ElCanillita.Info","isPartOf":{"@id":"https:\/\/elcanillita.info\/press\/#website"},"primaryImageOfPage":{"@id":"https:\/\/elcanillita.info\/press\/2020\/02\/08\/gran-premio-federacion-italiana-esgrima\/#primaryimage"},"image":{"@id":"https:\/\/elcanillita.info\/press\/2020\/02\/08\/gran-premio-federacion-italiana-esgrima\/#primaryimage"},"thumbnailUrl":"https:\/\/elcanillita.info\/press\/images\/2020\/02\/fencing-turin_DX27153.jpg","datePublished":"2020-02-08T23:42:31+00:00","dateModified":"2020-02-11T10:41:32+00:00","inLanguage":"es-AR","potentialAction":[{"@type":"ReadAction","target":["https:\/\/elcanillita.info\/press\/2020\/02\/08\/gran-premio-federacion-italiana-esgrima\/"]}]},{"@type":"ImageObject","inLanguage":"es-AR","@id":"https:\/\/elcanillita.info\/press\/2020\/02\/08\/gran-premio-federacion-italiana-esgrima\/#primaryimage","url":"https:\/\/elcanillita.info\/press\/images\/2020\/02\/fencing-turin_DX27153.jpg","contentUrl":"https:\/\/elcanillita.info\/press\/images\/2020\/02\/fencing-turin_DX27153.jpg","width":700,"height":465,"caption":"Gran Premio de la Federaci\u00f3n Italiana de Esgrima Turin 2020"},{"@type":"WebSite","@id":"https:\/\/elcanillita.info\/press\/#website","url":"https:\/\/elcanillita.info\/press\/","name":"ElCanillita.Info","description":"desde los Apeninos a los Andes","publisher":{"@id":"https:\/\/elcanillita.info\/press\/#organization"},"potentialAction":[{"@type":"SearchAction","target":{"@type":"EntryPoint","urlTemplate":"https:\/\/elcanillita.info\/press\/?s={search_term_string}"},"query-input":{"@type":"PropertyValueSpecification","valueRequired":true,"valueName":"search_term_string"}}],"inLanguage":"es-AR"},{"@type":"Organization","@id":"https:\/\/elcanillita.info\/press\/#organization","name":"Guzzo Photos & Graphic Publications","url":"https:\/\/elcanillita.info\/press\/","logo":{"@type":"ImageObject","inLanguage":"es-AR","@id":"https:\/\/elcanillita.info\/press\/#\/schema\/logo\/image\/","url":"https:\/\/elcanillita.info\/press\/images\/2020\/01\/cropped-cropped-cropped-elcanillitainfo.png","contentUrl":"https:\/\/elcanillita.info\/press\/images\/2020\/01\/cropped-cropped-cropped-elcanillitainfo.png","width":460,"height":50,"caption":"Guzzo Photos & Graphic Publications"},"image":{"@id":"https:\/\/elcanillita.info\/press\/#\/schema\/logo\/image\/"},"sameAs":["https:\/\/ar-ar.facebook.com\/ElCanillitainfo-114249515285712\/"]},{"@type":"Person","@id":"https:\/\/elcanillita.info\/press\/#\/schema\/person\/7fcb79f38045700919f7da6d97e71ba0","name":"SalaStampa.eu, world press service","image":{"@type":"ImageObject","inLanguage":"es-AR","@id":"https:\/\/secure.gravatar.com\/avatar\/c2f0e0d515a107624234994507816ca4724c7199cef73fc8bedebf6931d73888?s=96&d=mm&r=g","url":"https:\/\/secure.gravatar.com\/avatar\/c2f0e0d515a107624234994507816ca4724c7199cef73fc8bedebf6931d73888?s=96&d=mm&r=g","contentUrl":"https:\/\/secure.gravatar.com\/avatar\/c2f0e0d515a107624234994507816ca4724c7199cef73fc8bedebf6931d73888?s=96&d=mm&r=g","caption":"SalaStampa.eu, world press service"}}]}},"views":771,"_links":{"self":[{"href":"https:\/\/elcanillita.info\/press\/wp-json\/wp\/v2\/posts\/393","targetHints":{"allow":["GET"]}}],"collection":[{"href":"https:\/\/elcanillita.info\/press\/wp-json\/wp\/v2\/posts"}],"about":[{"href":"https:\/\/elcanillita.info\/press\/wp-json\/wp\/v2\/types\/post"}],"author":[{"embeddable":true,"href":"https:\/\/elcanillita.info\/press\/wp-json\/wp\/v2\/users\/1"}],"replies":[{"embeddable":true,"href":"https:\/\/elcanillita.info\/press\/wp-json\/wp\/v2\/comments?post=393"}],"version-history":[{"count":0,"href":"https:\/\/elcanillita.info\/press\/wp-json\/wp\/v2\/posts\/393\/revisions"}],"wp:featuredmedia":[{"embeddable":true,"href":"https:\/\/elcanillita.info\/press\/wp-json\/wp\/v2\/media\/402"}],"wp:attachment":[{"href":"https:\/\/elcanillita.info\/press\/wp-json\/wp\/v2\/media?parent=393"}],"wp:term":[{"taxonomy":"category","embeddable":true,"href":"https:\/\/elcanillita.info\/press\/wp-json\/wp\/v2\/categories?post=393"},{"taxonomy":"post_tag","embeddable":true,"href":"https:\/\/elcanillita.info\/press\/wp-json\/wp\/v2\/tags?post=393"}],"curies":[{"name":"wp","href":"https:\/\/api.w.org\/{rel}","templated":true}]}}