{"id":3929,"date":"2023-12-14T21:08:14","date_gmt":"2023-12-15T00:08:14","guid":{"rendered":"https:\/\/elcanillita.info\/press\/?p=3929"},"modified":"2023-12-14T21:27:42","modified_gmt":"2023-12-15T00:27:42","slug":"milei-frente-a-un-congreso-fragmentado","status":"publish","type":"post","link":"https:\/\/elcanillita.info\/press\/2023\/12\/14\/milei-frente-a-un-congreso-fragmentado\/","title":{"rendered":"Milei, frente a un Congreso fragmentado"},"content":{"rendered":"\n<figure class=\"wp-block-image size-full\"><img loading=\"lazy\" decoding=\"async\" width=\"600\" height=\"466\" src=\"https:\/\/elcanillita.info\/press\/images\/2023\/12\/congr_20231215.png\" alt=\"\" class=\"wp-image-3930\" srcset=\"https:\/\/elcanillita.info\/press\/images\/2023\/12\/congr_20231215.png 600w, https:\/\/elcanillita.info\/press\/images\/2023\/12\/congr_20231215-300x233.png 300w\" sizes=\"auto, (max-width: 600px) 100vw, 600px\" \/><\/figure>\n\n\n\n<p><strong>ElCanillita.info, 15\/12\/2023<\/strong><br>El partido de Javier Milei, tendr\u00e1 que \u201chacer algunas concesiones\u201d para superar dificultades que anteponen congresistas no alineados con el actual gobierno, mientras prosigue la agenda de reformas radicales, dijo Mart\u00edn Menem, el nuevo l\u00edder al Congreso.  <\/p>\n\n\n\n<p>\u201cEs el paquete de medidas m\u00e1s ambicioso de nuestra historia, por lo que naturalmente algunas prosperar\u00e1n m\u00e1s f\u00e1cilmente que otras\u201d, dijo al Congreso Mart\u00edn Menem, legislador de la coalici\u00f3n La Libertad Avanza (LLA) de Milei, que asumi\u00f3 el domingo la presidencia de la C\u00e1mara Baja.<\/p>\n\n\n\n<p>\u201cTendremos que hacer alg\u00fan tipo de concesiones donde sea posible, pero siempre con el \u00fanico objetivo de hacer avanzar el plan del presidente Milei y poner fin al declive de Argentina. No negociaremos sobre las ideas\u201d.<\/p>\n\n\n\n<p>Milei, un ex comentarista de televisi\u00f3n conocido por despotricar contra la mala gesti\u00f3n y la corrupci\u00f3n de la clase pol\u00edtica argentina, fue elegido en noviembre en medio de una grave crisis econ\u00f3mica, con una inflaci\u00f3n anual cercana al 150 por ciento.<\/p>\n\n\n\n<p>Dirigi\u00f3 una campa\u00f1a antisistema prometiendo aplicar una \u201cmotosierra\u201d al gasto p\u00fablico y reemplazar el peso argentino en ca\u00edda libre por el d\u00f3lar estadounidense. Pero ha moderado su tono, ha construido alianzas con la derecha dominante y ha dejado de lado la propuesta de dolarizaci\u00f3n desde su victoria.<\/p>\n\n\n\n<p>El LLA posee s\u00f3lo el 15 por ciento de los esca\u00f1os de la c\u00e1mara baja y el 10 por ciento del Senado. Ninguno de los 23 gobernadores provinciales de Argentina, algunos de los cuales ejercen influencia sobre los legisladores de sus provincias, son de la coalici\u00f3n libertaria. Esto ha generado dudas sobre la capacidad de Milei para gobernar y ejecutar sus planes.<\/p>\n\n\n\n<p>\u201cTenemos una c\u00e1mara extremadamente fragmentada\u201d, dijo Menem. \u201cNing\u00fan partido tiene suficientes esca\u00f1os para alcanzar la mayor\u00eda, por lo que todo ser\u00e1 cuesti\u00f3n de llegar a acuerdos para intentar alcanzar los n\u00fameros necesarios\u201d.<\/p>\n\n\n\n<p>Fuentes de La Libertad Avanza dijeron que las primeras medidas legislativas incluir\u00e1n cambios impositivos, reforma del mercado laboral y desregulaci\u00f3n de ciertos sectores como la industria a\u00e9rea.<\/p>\n\n\n\n<p>Los l\u00edderes de los partidos todav\u00eda est\u00e1n debatiendo si presentar sus primeras reformas al Congreso por separado o como un \u00fanico \u201cproyecto de ley \u00f3mnibus\u201d en su intento de evitar una derrota temprana y da\u00f1ina.<\/p>\n\n\n\n<p>El mayor desaf\u00edo de Milei ser\u00e1 el Congreso. La proporci\u00f3n promedio de presidentes en el Congreso desde el 1983 fue del 45 por ciento, y todos ten\u00edan gobernadores.<\/p>\n\n\n\n<p>El LLA tiene poco menos de 40 de los 257 esca\u00f1os de la c\u00e1mara baja del Congreso. Y ha forjado una alianza tentativa con el partido de derecha PRO del ex presidente Mauricio Macri, que tiene unos 40 esca\u00f1os.<\/p>\n\n\n\n<p>Alrededor de 70 esca\u00f1os est\u00e1n ocupados por partidos centristas y poco m\u00e1s de 100 por la coalici\u00f3n peronista de izquierda, que incluye algunos moderados junto con pol\u00edticos m\u00e1s radicales leales a la ex presidenta izquierdista Cristina Fern\u00e1ndez de Kirchner.<\/p>\n\n\n\n<p>LLA, que Milei fund\u00f3 hace apenas dos a\u00f1os, incluye a muchos novatos pol\u00edticos. Menem, sobrino del expresidente Carlos Menem, que desregul\u00f3 la econom\u00eda argentina en la d\u00e9cada de 1990, pas\u00f3 del sector privado a la pol\u00edtica reci\u00e9n en 2021. Antes del domingo era legislador provincial de LLA en La Rioja, la regi\u00f3n vitivin\u00edcola del norte donde se fund\u00f3 la dinast\u00eda pol\u00edtica de su familia.<\/p>\n\n\n\n<p>La elecci\u00f3n de Menem por parte de Milei para encabezar la c\u00e1mara baja, en lugar de un pol\u00edtico m\u00e1s experimentado del PRO de Macri, puso a prueba la incipiente alianza, seg\u00fan funcionarios del partido, si bien dicen que evit\u00f3 quemar puentes con los legisladores peronistas.<\/p>\n\n\n\n<p>En la primera sesi\u00f3n de Menem la semana pasada, aprob\u00f3 una propuesta conjunta de los peronistas y la coalici\u00f3n de centroderecha Juntos por el Cambio para introducir la representaci\u00f3n proporcional en las comisiones, una medida que puede limitar a\u00fan m\u00e1s el poder del LLA.<\/p>\n\n\n\n<p>Menem dijo que tom\u00f3 la decisi\u00f3n porque era \u201clo m\u00e1s conveniente\u201d. Sostuvo que la \u201csangre nueva\u201d de su partido era clave para su proyecto pol\u00edtico.<\/p>\n\n\n\n<p>\u201cCreo que es importante que nuestro partido no tenga experiencia pol\u00edtica, porque pol\u00edticos experimentados nos han tra\u00eddo hasta aqu\u00ed\u201d, dijo Menem. \u201cAunque hay algunas pr\u00e1cticas que iremos aprendiendo con el paso de los d\u00edas, este cambio era muy necesario\u201d.<\/p>\n\n\n\n<p>Lilia Lemoine, quien fue elegida al Congreso por LLA despu\u00e9s de una carrera como especialista en TI, artista y cosplayer, dijo que la coalici\u00f3n confiar\u00eda en el decisivo 56 por ciento de votos que obtuvo Milei en la segunda vuelta de las elecciones de noviembre, para ganarse a los legisladores de la oposici\u00f3n.<\/p>\n\n\n\n<p>&#8220;El gobierno es para el pueblo, no para los partidos pol\u00edticos&#8221;, dijo en una entrevista. \u201cTodos los que sean suficientemente patri\u00f3ticos como para amar a su pa\u00eds y apoyar el cambio vendr\u00e1n con nosotros. La gente lo sabe\u201d.<\/p>\n\n\n\n<p>Los medios locales informaron que la reforma laboral se limitar\u00eda a un plan para reducir las fuertes multas y paquetes de indemnizaciones que son una de las principales quejas entre los empleadores, sin tocar temas cr\u00edticos para los sindicatos poderosos, como su papel en la provisi\u00f3n de seguros m\u00e9dicos.<\/p>\n\n\n\n<p>Menem dijo que las primeras conversaciones con legisladores centristas y peronistas no kirchneristas hab\u00edan sugerido que ser\u00eda posible \u201calg\u00fan tipo de acercamiento\u201d.<\/p>\n\n\n\n<p>\u201cHay un esp\u00edritu de colaboraci\u00f3n. Creo que muchos est\u00e1n dispuestos a apoyar a un gobierno con nuevas ideas, especialmente durante una crisis econ\u00f3mica tan extrema\u201d.<br><br><small>Copyright \u00a9 2023 ElCanillita.info \/ SalaStampa.Eu, servicio mundial de prensa<\/small><br><br><\/p>\n\n\n\n<figure class=\"wp-block-image\"><a href=\"https:\/\/www.giffgaff.com\/orders\/affiliate\/elcanillita_1568653375683\" target=\"_blank\" rel=\"noreferrer noopener\"><img decoding=\"async\" src=\"https:\/\/static.giffgaff.com\/design-system\/brand\/latest\/spread-banners\/04_173x26_v2.webp\" alt=\"Get a free giffgaff Sim\"\/><\/a><\/figure>\n\n\n\n<p><br>\u200b<\/p>\n","protected":false},"excerpt":{"rendered":"<p>Legislador del partido de Milei dice que en un congreso &#8220;fragmentado&#8221; se necesitan compromisos para gobernar<\/p>\n","protected":false},"author":1,"featured_media":3932,"comment_status":"closed","ping_status":"closed","sticky":false,"template":"","format":"standard","meta":{"footnotes":"","_links_to":"","_links_to_target":""},"categories":[108,121,123,23],"tags":[29],"class_list":["post-3929","post","type-post","status-publish","format-standard","has-post-thumbnail","hentry","category-blogdiario","category-dc24","category-argentina","category-politica","tag-argentina","entry","double"],"yoast_head":"<!-- This site is optimized with the Yoast SEO plugin v27.4 - https:\/\/yoast.com\/product\/yoast-seo-wordpress\/ -->\n<title>Milei, frente a un Congreso fragmentado - ElCanillita.Info<\/title>\n<meta name=\"robots\" content=\"index, follow, max-snippet:-1, max-image-preview:large, max-video-preview:-1\" \/>\n<link rel=\"canonical\" href=\"https:\/\/elcanillita.info\/press\/2023\/12\/14\/milei-frente-a-un-congreso-fragmentado\/\" \/>\n<meta property=\"og:locale\" content=\"es_ES\" \/>\n<meta property=\"og:type\" content=\"article\" \/>\n<meta property=\"og:title\" content=\"Milei, frente a un Congreso fragmentado - ElCanillita.Info\" \/>\n<meta property=\"og:description\" content=\"Legislador del partido de Milei dice que en un congreso &quot;fragmentado&quot; se necesitan compromisos para gobernar\" \/>\n<meta property=\"og:url\" content=\"https:\/\/elcanillita.info\/press\/2023\/12\/14\/milei-frente-a-un-congreso-fragmentado\/\" \/>\n<meta property=\"og:site_name\" content=\"ElCanillita.Info\" \/>\n<meta property=\"article:publisher\" content=\"https:\/\/ar-ar.facebook.com\/ElCanillitainfo-114249515285712\/\" \/>\n<meta property=\"article:published_time\" content=\"2023-12-15T00:08:14+00:00\" \/>\n<meta property=\"article:modified_time\" content=\"2023-12-15T00:27:42+00:00\" \/>\n<meta property=\"og:image\" content=\"https:\/\/elcanillita.info\/press\/images\/2023\/12\/congr-PE20231215.png\" \/>\n\t<meta property=\"og:image:width\" content=\"600\" \/>\n\t<meta property=\"og:image:height\" content=\"401\" \/>\n\t<meta property=\"og:image:type\" content=\"image\/png\" \/>\n<meta name=\"author\" content=\"SalaStampa.eu, world press service\" \/>\n<meta name=\"twitter:card\" content=\"summary_large_image\" \/>\n<meta name=\"twitter:label1\" content=\"Escrito por\" \/>\n\t<meta name=\"twitter:data1\" content=\"SalaStampa.eu, world press service\" \/>\n\t<meta name=\"twitter:label2\" content=\"Tiempo de lectura\" \/>\n\t<meta name=\"twitter:data2\" content=\"5 minutos\" \/>\n<script type=\"application\/ld+json\" class=\"yoast-schema-graph\">{\"@context\":\"https:\\\/\\\/schema.org\",\"@graph\":[{\"@type\":\"Article\",\"@id\":\"https:\\\/\\\/elcanillita.info\\\/press\\\/2023\\\/12\\\/14\\\/milei-frente-a-un-congreso-fragmentado\\\/#article\",\"isPartOf\":{\"@id\":\"https:\\\/\\\/elcanillita.info\\\/press\\\/2023\\\/12\\\/14\\\/milei-frente-a-un-congreso-fragmentado\\\/\"},\"author\":{\"name\":\"SalaStampa.eu, world press service\",\"@id\":\"https:\\\/\\\/elcanillita.info\\\/press\\\/#\\\/schema\\\/person\\\/7fcb79f38045700919f7da6d97e71ba0\"},\"headline\":\"Milei, frente a un Congreso fragmentado\",\"datePublished\":\"2023-12-15T00:08:14+00:00\",\"dateModified\":\"2023-12-15T00:27:42+00:00\",\"mainEntityOfPage\":{\"@id\":\"https:\\\/\\\/elcanillita.info\\\/press\\\/2023\\\/12\\\/14\\\/milei-frente-a-un-congreso-fragmentado\\\/\"},\"wordCount\":973,\"publisher\":{\"@id\":\"https:\\\/\\\/elcanillita.info\\\/press\\\/#organization\"},\"image\":{\"@id\":\"https:\\\/\\\/elcanillita.info\\\/press\\\/2023\\\/12\\\/14\\\/milei-frente-a-un-congreso-fragmentado\\\/#primaryimage\"},\"thumbnailUrl\":\"https:\\\/\\\/elcanillita.info\\\/press\\\/images\\\/2023\\\/12\\\/congr-PE20231215.png\",\"keywords\":[\"Argentina\"],\"articleSection\":[\".\",\".\",\"Argentina\",\"Politica\"],\"inLanguage\":\"es-AR\"},{\"@type\":\"WebPage\",\"@id\":\"https:\\\/\\\/elcanillita.info\\\/press\\\/2023\\\/12\\\/14\\\/milei-frente-a-un-congreso-fragmentado\\\/\",\"url\":\"https:\\\/\\\/elcanillita.info\\\/press\\\/2023\\\/12\\\/14\\\/milei-frente-a-un-congreso-fragmentado\\\/\",\"name\":\"Milei, frente a un Congreso fragmentado - ElCanillita.Info\",\"isPartOf\":{\"@id\":\"https:\\\/\\\/elcanillita.info\\\/press\\\/#website\"},\"primaryImageOfPage\":{\"@id\":\"https:\\\/\\\/elcanillita.info\\\/press\\\/2023\\\/12\\\/14\\\/milei-frente-a-un-congreso-fragmentado\\\/#primaryimage\"},\"image\":{\"@id\":\"https:\\\/\\\/elcanillita.info\\\/press\\\/2023\\\/12\\\/14\\\/milei-frente-a-un-congreso-fragmentado\\\/#primaryimage\"},\"thumbnailUrl\":\"https:\\\/\\\/elcanillita.info\\\/press\\\/images\\\/2023\\\/12\\\/congr-PE20231215.png\",\"datePublished\":\"2023-12-15T00:08:14+00:00\",\"dateModified\":\"2023-12-15T00:27:42+00:00\",\"inLanguage\":\"es-AR\",\"potentialAction\":[{\"@type\":\"ReadAction\",\"target\":[\"https:\\\/\\\/elcanillita.info\\\/press\\\/2023\\\/12\\\/14\\\/milei-frente-a-un-congreso-fragmentado\\\/\"]}]},{\"@type\":\"ImageObject\",\"inLanguage\":\"es-AR\",\"@id\":\"https:\\\/\\\/elcanillita.info\\\/press\\\/2023\\\/12\\\/14\\\/milei-frente-a-un-congreso-fragmentado\\\/#primaryimage\",\"url\":\"https:\\\/\\\/elcanillita.info\\\/press\\\/images\\\/2023\\\/12\\\/congr-PE20231215.png\",\"contentUrl\":\"https:\\\/\\\/elcanillita.info\\\/press\\\/images\\\/2023\\\/12\\\/congr-PE20231215.png\",\"width\":600,\"height\":401},{\"@type\":\"WebSite\",\"@id\":\"https:\\\/\\\/elcanillita.info\\\/press\\\/#website\",\"url\":\"https:\\\/\\\/elcanillita.info\\\/press\\\/\",\"name\":\"ElCanillita.Info\",\"description\":\"desde los Apeninos a los Andes\",\"publisher\":{\"@id\":\"https:\\\/\\\/elcanillita.info\\\/press\\\/#organization\"},\"potentialAction\":[{\"@type\":\"SearchAction\",\"target\":{\"@type\":\"EntryPoint\",\"urlTemplate\":\"https:\\\/\\\/elcanillita.info\\\/press\\\/?s={search_term_string}\"},\"query-input\":{\"@type\":\"PropertyValueSpecification\",\"valueRequired\":true,\"valueName\":\"search_term_string\"}}],\"inLanguage\":\"es-AR\"},{\"@type\":\"Organization\",\"@id\":\"https:\\\/\\\/elcanillita.info\\\/press\\\/#organization\",\"name\":\"Guzzo Photos & Graphic Publications\",\"url\":\"https:\\\/\\\/elcanillita.info\\\/press\\\/\",\"logo\":{\"@type\":\"ImageObject\",\"inLanguage\":\"es-AR\",\"@id\":\"https:\\\/\\\/elcanillita.info\\\/press\\\/#\\\/schema\\\/logo\\\/image\\\/\",\"url\":\"https:\\\/\\\/elcanillita.info\\\/press\\\/images\\\/2020\\\/01\\\/cropped-cropped-cropped-elcanillitainfo.png\",\"contentUrl\":\"https:\\\/\\\/elcanillita.info\\\/press\\\/images\\\/2020\\\/01\\\/cropped-cropped-cropped-elcanillitainfo.png\",\"width\":460,\"height\":50,\"caption\":\"Guzzo Photos & Graphic Publications\"},\"image\":{\"@id\":\"https:\\\/\\\/elcanillita.info\\\/press\\\/#\\\/schema\\\/logo\\\/image\\\/\"},\"sameAs\":[\"https:\\\/\\\/ar-ar.facebook.com\\\/ElCanillitainfo-114249515285712\\\/\"]},{\"@type\":\"Person\",\"@id\":\"https:\\\/\\\/elcanillita.info\\\/press\\\/#\\\/schema\\\/person\\\/7fcb79f38045700919f7da6d97e71ba0\",\"name\":\"SalaStampa.eu, world press service\",\"image\":{\"@type\":\"ImageObject\",\"inLanguage\":\"es-AR\",\"@id\":\"https:\\\/\\\/secure.gravatar.com\\\/avatar\\\/c2f0e0d515a107624234994507816ca4724c7199cef73fc8bedebf6931d73888?s=96&d=mm&r=g\",\"url\":\"https:\\\/\\\/secure.gravatar.com\\\/avatar\\\/c2f0e0d515a107624234994507816ca4724c7199cef73fc8bedebf6931d73888?s=96&d=mm&r=g\",\"contentUrl\":\"https:\\\/\\\/secure.gravatar.com\\\/avatar\\\/c2f0e0d515a107624234994507816ca4724c7199cef73fc8bedebf6931d73888?s=96&d=mm&r=g\",\"caption\":\"SalaStampa.eu, world press service\"}}]}<\/script>\n<!-- \/ Yoast SEO plugin. -->","yoast_head_json":{"title":"Milei, frente a un Congreso fragmentado - ElCanillita.Info","robots":{"index":"index","follow":"follow","max-snippet":"max-snippet:-1","max-image-preview":"max-image-preview:large","max-video-preview":"max-video-preview:-1"},"canonical":"https:\/\/elcanillita.info\/press\/2023\/12\/14\/milei-frente-a-un-congreso-fragmentado\/","og_locale":"es_ES","og_type":"article","og_title":"Milei, frente a un Congreso fragmentado - ElCanillita.Info","og_description":"Legislador del partido de Milei dice que en un congreso \"fragmentado\" se necesitan compromisos para gobernar","og_url":"https:\/\/elcanillita.info\/press\/2023\/12\/14\/milei-frente-a-un-congreso-fragmentado\/","og_site_name":"ElCanillita.Info","article_publisher":"https:\/\/ar-ar.facebook.com\/ElCanillitainfo-114249515285712\/","article_published_time":"2023-12-15T00:08:14+00:00","article_modified_time":"2023-12-15T00:27:42+00:00","og_image":[{"width":600,"height":401,"url":"https:\/\/elcanillita.info\/press\/images\/2023\/12\/congr-PE20231215.png","type":"image\/png"}],"author":"SalaStampa.eu, world press service","twitter_card":"summary_large_image","twitter_misc":{"Escrito por":"SalaStampa.eu, world press service","Tiempo de lectura":"5 minutos"},"schema":{"@context":"https:\/\/schema.org","@graph":[{"@type":"Article","@id":"https:\/\/elcanillita.info\/press\/2023\/12\/14\/milei-frente-a-un-congreso-fragmentado\/#article","isPartOf":{"@id":"https:\/\/elcanillita.info\/press\/2023\/12\/14\/milei-frente-a-un-congreso-fragmentado\/"},"author":{"name":"SalaStampa.eu, world press service","@id":"https:\/\/elcanillita.info\/press\/#\/schema\/person\/7fcb79f38045700919f7da6d97e71ba0"},"headline":"Milei, frente a un Congreso fragmentado","datePublished":"2023-12-15T00:08:14+00:00","dateModified":"2023-12-15T00:27:42+00:00","mainEntityOfPage":{"@id":"https:\/\/elcanillita.info\/press\/2023\/12\/14\/milei-frente-a-un-congreso-fragmentado\/"},"wordCount":973,"publisher":{"@id":"https:\/\/elcanillita.info\/press\/#organization"},"image":{"@id":"https:\/\/elcanillita.info\/press\/2023\/12\/14\/milei-frente-a-un-congreso-fragmentado\/#primaryimage"},"thumbnailUrl":"https:\/\/elcanillita.info\/press\/images\/2023\/12\/congr-PE20231215.png","keywords":["Argentina"],"articleSection":[".",".","Argentina","Politica"],"inLanguage":"es-AR"},{"@type":"WebPage","@id":"https:\/\/elcanillita.info\/press\/2023\/12\/14\/milei-frente-a-un-congreso-fragmentado\/","url":"https:\/\/elcanillita.info\/press\/2023\/12\/14\/milei-frente-a-un-congreso-fragmentado\/","name":"Milei, frente a un Congreso fragmentado - ElCanillita.Info","isPartOf":{"@id":"https:\/\/elcanillita.info\/press\/#website"},"primaryImageOfPage":{"@id":"https:\/\/elcanillita.info\/press\/2023\/12\/14\/milei-frente-a-un-congreso-fragmentado\/#primaryimage"},"image":{"@id":"https:\/\/elcanillita.info\/press\/2023\/12\/14\/milei-frente-a-un-congreso-fragmentado\/#primaryimage"},"thumbnailUrl":"https:\/\/elcanillita.info\/press\/images\/2023\/12\/congr-PE20231215.png","datePublished":"2023-12-15T00:08:14+00:00","dateModified":"2023-12-15T00:27:42+00:00","inLanguage":"es-AR","potentialAction":[{"@type":"ReadAction","target":["https:\/\/elcanillita.info\/press\/2023\/12\/14\/milei-frente-a-un-congreso-fragmentado\/"]}]},{"@type":"ImageObject","inLanguage":"es-AR","@id":"https:\/\/elcanillita.info\/press\/2023\/12\/14\/milei-frente-a-un-congreso-fragmentado\/#primaryimage","url":"https:\/\/elcanillita.info\/press\/images\/2023\/12\/congr-PE20231215.png","contentUrl":"https:\/\/elcanillita.info\/press\/images\/2023\/12\/congr-PE20231215.png","width":600,"height":401},{"@type":"WebSite","@id":"https:\/\/elcanillita.info\/press\/#website","url":"https:\/\/elcanillita.info\/press\/","name":"ElCanillita.Info","description":"desde los Apeninos a los Andes","publisher":{"@id":"https:\/\/elcanillita.info\/press\/#organization"},"potentialAction":[{"@type":"SearchAction","target":{"@type":"EntryPoint","urlTemplate":"https:\/\/elcanillita.info\/press\/?s={search_term_string}"},"query-input":{"@type":"PropertyValueSpecification","valueRequired":true,"valueName":"search_term_string"}}],"inLanguage":"es-AR"},{"@type":"Organization","@id":"https:\/\/elcanillita.info\/press\/#organization","name":"Guzzo Photos & Graphic Publications","url":"https:\/\/elcanillita.info\/press\/","logo":{"@type":"ImageObject","inLanguage":"es-AR","@id":"https:\/\/elcanillita.info\/press\/#\/schema\/logo\/image\/","url":"https:\/\/elcanillita.info\/press\/images\/2020\/01\/cropped-cropped-cropped-elcanillitainfo.png","contentUrl":"https:\/\/elcanillita.info\/press\/images\/2020\/01\/cropped-cropped-cropped-elcanillitainfo.png","width":460,"height":50,"caption":"Guzzo Photos & Graphic Publications"},"image":{"@id":"https:\/\/elcanillita.info\/press\/#\/schema\/logo\/image\/"},"sameAs":["https:\/\/ar-ar.facebook.com\/ElCanillitainfo-114249515285712\/"]},{"@type":"Person","@id":"https:\/\/elcanillita.info\/press\/#\/schema\/person\/7fcb79f38045700919f7da6d97e71ba0","name":"SalaStampa.eu, world press service","image":{"@type":"ImageObject","inLanguage":"es-AR","@id":"https:\/\/secure.gravatar.com\/avatar\/c2f0e0d515a107624234994507816ca4724c7199cef73fc8bedebf6931d73888?s=96&d=mm&r=g","url":"https:\/\/secure.gravatar.com\/avatar\/c2f0e0d515a107624234994507816ca4724c7199cef73fc8bedebf6931d73888?s=96&d=mm&r=g","contentUrl":"https:\/\/secure.gravatar.com\/avatar\/c2f0e0d515a107624234994507816ca4724c7199cef73fc8bedebf6931d73888?s=96&d=mm&r=g","caption":"SalaStampa.eu, world press service"}}]}},"views":353,"_links":{"self":[{"href":"https:\/\/elcanillita.info\/press\/wp-json\/wp\/v2\/posts\/3929","targetHints":{"allow":["GET"]}}],"collection":[{"href":"https:\/\/elcanillita.info\/press\/wp-json\/wp\/v2\/posts"}],"about":[{"href":"https:\/\/elcanillita.info\/press\/wp-json\/wp\/v2\/types\/post"}],"author":[{"embeddable":true,"href":"https:\/\/elcanillita.info\/press\/wp-json\/wp\/v2\/users\/1"}],"replies":[{"embeddable":true,"href":"https:\/\/elcanillita.info\/press\/wp-json\/wp\/v2\/comments?post=3929"}],"version-history":[{"count":0,"href":"https:\/\/elcanillita.info\/press\/wp-json\/wp\/v2\/posts\/3929\/revisions"}],"wp:featuredmedia":[{"embeddable":true,"href":"https:\/\/elcanillita.info\/press\/wp-json\/wp\/v2\/media\/3932"}],"wp:attachment":[{"href":"https:\/\/elcanillita.info\/press\/wp-json\/wp\/v2\/media?parent=3929"}],"wp:term":[{"taxonomy":"category","embeddable":true,"href":"https:\/\/elcanillita.info\/press\/wp-json\/wp\/v2\/categories?post=3929"},{"taxonomy":"post_tag","embeddable":true,"href":"https:\/\/elcanillita.info\/press\/wp-json\/wp\/v2\/tags?post=3929"}],"curies":[{"name":"wp","href":"https:\/\/api.w.org\/{rel}","templated":true}]}}