{"id":3918,"date":"2023-12-09T20:31:33","date_gmt":"2023-12-09T23:31:33","guid":{"rendered":"https:\/\/elcanillita.info\/press\/?p=3918"},"modified":"2023-12-09T20:51:06","modified_gmt":"2023-12-09T23:51:06","slug":"hotesur-los-sauces-y-memorandum-con-iran","status":"publish","type":"post","link":"https:\/\/elcanillita.info\/press\/2023\/12\/09\/hotesur-los-sauces-y-memorandum-con-iran\/","title":{"rendered":"\u201cHotesur\/Los Sauces\u201d y \u201cMemorandum con Ir\u00e1n\u201d"},"content":{"rendered":"\n<figure class=\"wp-block-image size-full is-resized\"><img loading=\"lazy\" decoding=\"async\" width=\"600\" height=\"403\" src=\"https:\/\/elcanillita.info\/press\/images\/2022\/07\/omerta-1.jpg\" alt=\"\" class=\"wp-image-2597\" style=\"width:733px;height:auto\" srcset=\"https:\/\/elcanillita.info\/press\/images\/2022\/07\/omerta-1.jpg 600w, https:\/\/elcanillita.info\/press\/images\/2022\/07\/omerta-1-300x202.jpg 300w\" sizes=\"auto, (max-width: 600px) 100vw, 600px\" \/><figcaption class=\"wp-element-caption\">Omert\u00e0 &#8230; Ley del Silencio<\/figcaption><\/figure>\n\n\n\n<p><strong>por Enrique Avogadro<\/strong><br><small><em>&#8220;La Omert\u00e0&#8221; es el silencio acerca de un delito o de sus circunstancias, ya sea por inter\u00e9s de conveniencia o de lucro, o provocado por miedo, con el fin de dificultar la b\u00fasqueda y castigo del culpable.<\/em><\/small><br><br><strong>Buenos Aires, 9\/12\/2023<\/strong><br>La belicosidad del kirchnerismo, de la mano de Cristina Fern\u00e1ndez, encontr\u00f3 en el Senado el primer espacio en el cual librar el combate contra Javier Milei a\u00fan antes de asumir.<\/p>\n\n\n\n<p>No s\u00f3lo desconoci\u00f3 la ancestral costumbre de designar como Presidente alterno del cuerpo a alguien del mismo espacio pol\u00edtico del Presidente, por ser el segundo escal\u00f3n en la l\u00ednea sucesoria, sino que ya anunci\u00f3 que resistir\u00e1, con su fuerza legislativa, desde las comisiones.<br><br>La Libertad Avanza, a trav\u00e9s de Guillermo Francos, Ministro del Interior, deber\u00e1 multiplicar sus esfuerzos en las negociaciones con los distintos gobernadores para convencerlos de la necesidad de dejar de seguir a la todav\u00eda Vicepresidente, al menos por respeto al 56% por ciento de los argentinos que eligi\u00f3 respaldar al \u201cle\u00f3n\u201d libertario.<\/p>\n\n\n\n<p>Tambi\u00e9n en Diputados se ver\u00e1n situaciones similares, aunque all\u00ed le resultar\u00e1 m\u00e1s dif\u00edcil lograr sus siniestros prop\u00f3sitos de complicar la gesti\u00f3n desde el principio mismo, dada la atomizaci\u00f3n que se est\u00e1 produciendo en todas las bancadas.<\/p>\n\n\n\n<p>Que la banda de malhechores y subnormales que ella comanda siga complic\u00e1ndonos la vida, cuando ya han destruido tanto que resurgir requerir\u00e1 de enormes esfuerzos y sacrificios, ratifica la urgencia que la sociedad tiene en que la Justicia avance contra toda la caterva de funcionarios responsables de tama\u00f1o desquicio.<br><br>En los \u00faltimos d\u00edas, aceleraron en la colocaci\u00f3n de minas terrestres en todos los caminos que deber\u00e1 recorrer Milei para reducir el gasto p\u00fablico, tanto con el nombramiento de miles de militantes en la administraci\u00f3n (miembros de La C\u00e1mpora, gremios u organizaciones sociales adictos) cuanto con el reparto de inexistentes fondos para consolar a mandatarios provinciales e intendentes propios. Y en el \u00ednterin, robaron computadoras y otros bienes, vaciaron archivos, quemaron comprobantes \u2026<br><br>Las malas noticias judiciales y las denuncias por corrupci\u00f3n siguen lloviendo, merecidamente, sobre Cristina Fern\u00e1ndez y su m\u00e1s intimo entorno. La definitiva atribuci\u00f3n del sill\u00f3n en el Consejo de la Magistratura a Luis Juez implica un nuevo equilibrio en el ese crucial organismo, y se ha completado la integraci\u00f3n de los tribunales orales federales que llevar\u00e1n adelante los juicios que m\u00e1s la preocupan: \u201cHotesur\/Los Sauces\u201d y \u201cMemorandum con Ir\u00e1n\u201d, es decir, que ambos se iniciar\u00e1n el pr\u00f3ximo a\u00f1o, cuando ya no tendr\u00e1 fueros.<\/p>\n\n\n\n<p>A la vista del descubrimiento de los 194 viajes a\u00e9reos privados, pero pagados con dinero p\u00fablico, que realiz\u00f3 durante estos cuatro a\u00f1os, a un costo superior a los US$ 5 millones, cabe preguntarse qu\u00e9 har\u00e1 la siniestra dama a partir de ahora; por miedo a los escraches, generados por la repulsa que su presencia produce a la mayor\u00eda de los argentinos, no querr\u00e1 volar en l\u00edneas comerciales, y ya no dispondr\u00e1 de aviones de la flota presidencial o de YPF, \u00e9stos \u00faltimos en clara malversaci\u00f3n del capital de la empresa y defraudando a sus accionistas. \u00bfSignificar\u00e1 eso que se encerrar\u00e1 en el Calafate, en una suerte de anticipada prisi\u00f3n domiciliaria, para planificar su venganza contra la ciudadan\u00eda que la desprecia y que la expuls\u00f3 del poder?<\/p>\n\n\n\n<p>La despedida de Alberto Fern\u00e1ndez, corporizada en el discurso ayer por cadena nacional, result\u00f3 tan pat\u00e9tica como fue todo su per\u00edodo presidencial, un\u00e1nimemente considerado como el peor de la historia. Con s\u00f3lo pensar que la guerra de Ucrania, la pandemia y la sequ\u00eda, factores determinantes a los cuales atribuy\u00f3 otra vez su resonante fracaso, tambi\u00e9n afectaron a todos los pa\u00edses vecinos que, sin embargo, no tienen hiperinflaci\u00f3n, ni han registrado la enorme crisis socio-econ\u00f3mica que vivimos hoy, basta para derribar todas sus infantiles y falsas excusas.<\/p>\n\n\n\n<p>Gracias a Dios, a partir de ma\u00f1ana cambiar\u00e1 toda nuestra pol\u00edtica exterior, tan ideologizada durante el kirchnerismo, que nos llev\u00f3 a asociarnos con los reg\u00edmenes asesinos y autoritarios de Nicaragua, Honduras, Cuba, Venezuela, Rusia, China e Ir\u00e1n; la Argentina debe hacer negocios con todo el mundo, pero no dejar de integrar el gran espectro de pa\u00edses democr\u00e1ticos y republicanos. Y no dejar de condenar vehementemente a Nicol\u00e1s Maduro en su tentativa de reoxigenar su dictadura anunciando una guerra de ocupaci\u00f3n contra Guyana.<\/p>\n\n\n\n<p>Por \u00faltimo, y a pesar de reconocer que las garras del le\u00f3n libertario fatalmente deber\u00e1n limarse al frotarse contra una realidad que deriva de la tan unipersonal fuerza que lo catapult\u00f3 al poder, y la consecuente necesidad de buscar alianzas parlamentarias para lograr sustento pol\u00edtico, resulta indispensable que Milei ponga l\u00edmites morales a la incorporaci\u00f3n o perpetuaci\u00f3n de funcionarios provenientes del kirchnerismo a su gesti\u00f3n.<\/p>\n\n\n\n<p>La ciudadan\u00eda, convocada a ajustarse el cintur\u00f3n sobre una ya tan delgada cintura, no tolerar\u00e1 que el ajuste prometido sobre la \u201ccasta\u201d y el gasto improductivo quede en agua de borrajas, y tampoco que los responsables de la terrible situaci\u00f3n actual (reconocida por el mundo entero) contin\u00faen impunes.<\/p>\n\n\n\n<p>Por ello, a partir del lunes interpelar\u00e1 a la Justicia y a los organismos de control estatal hasta lograr que act\u00faen con celeridad en la persecuci\u00f3n penal del desquicio y la corrupci\u00f3n, y exigir\u00e1 r\u00e1pidos resultados; as\u00ed como vot\u00f3 un cambio radical en el manejo de la cosa p\u00fablica, tambi\u00e9n lo hizo para terminar con la tolerancia y los mantos de olvido que, entre nosotros, siempre se han extendido sobre las administraciones anteriores.<\/p>\n\n\n\n<p>Ma\u00f1ana estar\u00e9 en el Congreso para expresar tanto mi apoyo al nuevo Gobierno como mi esperanza en que su desempe\u00f1o logre torcer el derrotero que nos trajo hasta la colisi\u00f3n con el iceberg que hoy vivimos y, as\u00ed, recuperar la posibilidad de que nuestros hijos y nietos miren con optimismo al pa\u00eds en que nacieron porque \u00e9ste les ofrecer\u00e1 un futuro que merezca tal nombre.<br><br><small>\u00a9 Copyright 2023 Enrique Guillermo Avogadro<br>\u00a9 2023 ElCanillita.info \/ SalaStampa.Eu, servicio mundial de prensa<\/small><\/p>\n\n\n\n<p><\/p>\n","protected":false},"excerpt":{"rendered":"<p>&#8220;La Omert\u00e0&#8221; es el silencio acerca de un delito o de sus circunstancias, ya sea por inter\u00e9s de conveniencia o de lucro, o provocado por miedo, con el fin de dificultar la b\u00fasqueda y castigo del culpable.<\/p>\n","protected":false},"author":1,"featured_media":3149,"comment_status":"closed","ping_status":"closed","sticky":false,"template":"","format":"standard","meta":{"footnotes":"","_links_to":"","_links_to_target":""},"categories":[121,108,70,123,118,25],"tags":[29],"class_list":["post-3918","post","type-post","status-publish","format-standard","has-post-thumbnail","hentry","category-dc24","category-blogdiario","category-actualidad","category-argentina","category-corrupcion","category-sociedad","tag-argentina","entry","double"],"yoast_head":"<!-- This site is optimized with the Yoast SEO plugin v27.4 - https:\/\/yoast.com\/product\/yoast-seo-wordpress\/ -->\n<title>\u201cHotesur\/Los Sauces\u201d y \u201cMemorandum con Ir\u00e1n\u201d - ElCanillita.Info<\/title>\n<meta name=\"robots\" content=\"index, follow, max-snippet:-1, max-image-preview:large, max-video-preview:-1\" \/>\n<link rel=\"canonical\" href=\"https:\/\/elcanillita.info\/press\/2023\/12\/09\/hotesur-los-sauces-y-memorandum-con-iran\/\" \/>\n<meta property=\"og:locale\" content=\"es_ES\" \/>\n<meta property=\"og:type\" content=\"article\" \/>\n<meta property=\"og:title\" content=\"\u201cHotesur\/Los Sauces\u201d y \u201cMemorandum con Ir\u00e1n\u201d - ElCanillita.Info\" \/>\n<meta property=\"og:description\" content=\"&quot;La Omert\u00e0&quot; es el silencio acerca de un delito o de sus circunstancias, ya sea por inter\u00e9s de conveniencia o de lucro, o provocado por miedo, con el fin de dificultar la b\u00fasqueda y castigo del culpable.\" \/>\n<meta property=\"og:url\" content=\"https:\/\/elcanillita.info\/press\/2023\/12\/09\/hotesur-los-sauces-y-memorandum-con-iran\/\" \/>\n<meta property=\"og:site_name\" content=\"ElCanillita.Info\" \/>\n<meta property=\"article:publisher\" content=\"https:\/\/ar-ar.facebook.com\/ElCanillitainfo-114249515285712\/\" \/>\n<meta property=\"article:published_time\" content=\"2023-12-09T23:31:33+00:00\" \/>\n<meta property=\"article:modified_time\" content=\"2023-12-09T23:51:06+00:00\" \/>\n<meta property=\"og:image\" content=\"https:\/\/elcanillita.info\/press\/images\/2022\/12\/fiscal_20221130.jpg\" \/>\n\t<meta property=\"og:image:width\" content=\"600\" \/>\n\t<meta property=\"og:image:height\" content=\"400\" \/>\n\t<meta property=\"og:image:type\" content=\"image\/jpeg\" \/>\n<meta name=\"author\" content=\"SalaStampa.eu, world press service\" \/>\n<meta name=\"twitter:card\" content=\"summary_large_image\" \/>\n<meta name=\"twitter:label1\" content=\"Escrito por\" \/>\n\t<meta name=\"twitter:data1\" content=\"SalaStampa.eu, world press service\" \/>\n\t<meta name=\"twitter:label2\" content=\"Tiempo de lectura\" \/>\n\t<meta name=\"twitter:data2\" content=\"5 minutos\" \/>\n<script type=\"application\/ld+json\" class=\"yoast-schema-graph\">{\"@context\":\"https:\\\/\\\/schema.org\",\"@graph\":[{\"@type\":\"Article\",\"@id\":\"https:\\\/\\\/elcanillita.info\\\/press\\\/2023\\\/12\\\/09\\\/hotesur-los-sauces-y-memorandum-con-iran\\\/#article\",\"isPartOf\":{\"@id\":\"https:\\\/\\\/elcanillita.info\\\/press\\\/2023\\\/12\\\/09\\\/hotesur-los-sauces-y-memorandum-con-iran\\\/\"},\"author\":{\"name\":\"SalaStampa.eu, world press service\",\"@id\":\"https:\\\/\\\/elcanillita.info\\\/press\\\/#\\\/schema\\\/person\\\/7fcb79f38045700919f7da6d97e71ba0\"},\"headline\":\"\u201cHotesur\\\/Los Sauces\u201d y \u201cMemorandum con Ir\u00e1n\u201d\",\"datePublished\":\"2023-12-09T23:31:33+00:00\",\"dateModified\":\"2023-12-09T23:51:06+00:00\",\"mainEntityOfPage\":{\"@id\":\"https:\\\/\\\/elcanillita.info\\\/press\\\/2023\\\/12\\\/09\\\/hotesur-los-sauces-y-memorandum-con-iran\\\/\"},\"wordCount\":1058,\"publisher\":{\"@id\":\"https:\\\/\\\/elcanillita.info\\\/press\\\/#organization\"},\"image\":{\"@id\":\"https:\\\/\\\/elcanillita.info\\\/press\\\/2023\\\/12\\\/09\\\/hotesur-los-sauces-y-memorandum-con-iran\\\/#primaryimage\"},\"thumbnailUrl\":\"https:\\\/\\\/elcanillita.info\\\/press\\\/images\\\/2022\\\/12\\\/fiscal_20221130.jpg\",\"keywords\":[\"Argentina\"],\"articleSection\":[\".\",\".\",\"Actualidad\",\"Argentina\",\"Corrupci\u00f3n\",\"Sociedad\"],\"inLanguage\":\"es-AR\"},{\"@type\":\"WebPage\",\"@id\":\"https:\\\/\\\/elcanillita.info\\\/press\\\/2023\\\/12\\\/09\\\/hotesur-los-sauces-y-memorandum-con-iran\\\/\",\"url\":\"https:\\\/\\\/elcanillita.info\\\/press\\\/2023\\\/12\\\/09\\\/hotesur-los-sauces-y-memorandum-con-iran\\\/\",\"name\":\"\u201cHotesur\\\/Los Sauces\u201d y \u201cMemorandum con Ir\u00e1n\u201d - ElCanillita.Info\",\"isPartOf\":{\"@id\":\"https:\\\/\\\/elcanillita.info\\\/press\\\/#website\"},\"primaryImageOfPage\":{\"@id\":\"https:\\\/\\\/elcanillita.info\\\/press\\\/2023\\\/12\\\/09\\\/hotesur-los-sauces-y-memorandum-con-iran\\\/#primaryimage\"},\"image\":{\"@id\":\"https:\\\/\\\/elcanillita.info\\\/press\\\/2023\\\/12\\\/09\\\/hotesur-los-sauces-y-memorandum-con-iran\\\/#primaryimage\"},\"thumbnailUrl\":\"https:\\\/\\\/elcanillita.info\\\/press\\\/images\\\/2022\\\/12\\\/fiscal_20221130.jpg\",\"datePublished\":\"2023-12-09T23:31:33+00:00\",\"dateModified\":\"2023-12-09T23:51:06+00:00\",\"inLanguage\":\"es-AR\",\"potentialAction\":[{\"@type\":\"ReadAction\",\"target\":[\"https:\\\/\\\/elcanillita.info\\\/press\\\/2023\\\/12\\\/09\\\/hotesur-los-sauces-y-memorandum-con-iran\\\/\"]}]},{\"@type\":\"ImageObject\",\"inLanguage\":\"es-AR\",\"@id\":\"https:\\\/\\\/elcanillita.info\\\/press\\\/2023\\\/12\\\/09\\\/hotesur-los-sauces-y-memorandum-con-iran\\\/#primaryimage\",\"url\":\"https:\\\/\\\/elcanillita.info\\\/press\\\/images\\\/2022\\\/12\\\/fiscal_20221130.jpg\",\"contentUrl\":\"https:\\\/\\\/elcanillita.info\\\/press\\\/images\\\/2022\\\/12\\\/fiscal_20221130.jpg\",\"width\":600,\"height\":400},{\"@type\":\"WebSite\",\"@id\":\"https:\\\/\\\/elcanillita.info\\\/press\\\/#website\",\"url\":\"https:\\\/\\\/elcanillita.info\\\/press\\\/\",\"name\":\"ElCanillita.Info\",\"description\":\"desde los Apeninos a los Andes\",\"publisher\":{\"@id\":\"https:\\\/\\\/elcanillita.info\\\/press\\\/#organization\"},\"potentialAction\":[{\"@type\":\"SearchAction\",\"target\":{\"@type\":\"EntryPoint\",\"urlTemplate\":\"https:\\\/\\\/elcanillita.info\\\/press\\\/?s={search_term_string}\"},\"query-input\":{\"@type\":\"PropertyValueSpecification\",\"valueRequired\":true,\"valueName\":\"search_term_string\"}}],\"inLanguage\":\"es-AR\"},{\"@type\":\"Organization\",\"@id\":\"https:\\\/\\\/elcanillita.info\\\/press\\\/#organization\",\"name\":\"Guzzo Photos & Graphic Publications\",\"url\":\"https:\\\/\\\/elcanillita.info\\\/press\\\/\",\"logo\":{\"@type\":\"ImageObject\",\"inLanguage\":\"es-AR\",\"@id\":\"https:\\\/\\\/elcanillita.info\\\/press\\\/#\\\/schema\\\/logo\\\/image\\\/\",\"url\":\"https:\\\/\\\/elcanillita.info\\\/press\\\/images\\\/2020\\\/01\\\/cropped-cropped-cropped-elcanillitainfo.png\",\"contentUrl\":\"https:\\\/\\\/elcanillita.info\\\/press\\\/images\\\/2020\\\/01\\\/cropped-cropped-cropped-elcanillitainfo.png\",\"width\":460,\"height\":50,\"caption\":\"Guzzo Photos & Graphic Publications\"},\"image\":{\"@id\":\"https:\\\/\\\/elcanillita.info\\\/press\\\/#\\\/schema\\\/logo\\\/image\\\/\"},\"sameAs\":[\"https:\\\/\\\/ar-ar.facebook.com\\\/ElCanillitainfo-114249515285712\\\/\"]},{\"@type\":\"Person\",\"@id\":\"https:\\\/\\\/elcanillita.info\\\/press\\\/#\\\/schema\\\/person\\\/7fcb79f38045700919f7da6d97e71ba0\",\"name\":\"SalaStampa.eu, world press service\",\"image\":{\"@type\":\"ImageObject\",\"inLanguage\":\"es-AR\",\"@id\":\"https:\\\/\\\/secure.gravatar.com\\\/avatar\\\/c2f0e0d515a107624234994507816ca4724c7199cef73fc8bedebf6931d73888?s=96&d=mm&r=g\",\"url\":\"https:\\\/\\\/secure.gravatar.com\\\/avatar\\\/c2f0e0d515a107624234994507816ca4724c7199cef73fc8bedebf6931d73888?s=96&d=mm&r=g\",\"contentUrl\":\"https:\\\/\\\/secure.gravatar.com\\\/avatar\\\/c2f0e0d515a107624234994507816ca4724c7199cef73fc8bedebf6931d73888?s=96&d=mm&r=g\",\"caption\":\"SalaStampa.eu, world press service\"}}]}<\/script>\n<!-- \/ Yoast SEO plugin. -->","yoast_head_json":{"title":"\u201cHotesur\/Los Sauces\u201d y \u201cMemorandum con Ir\u00e1n\u201d - ElCanillita.Info","robots":{"index":"index","follow":"follow","max-snippet":"max-snippet:-1","max-image-preview":"max-image-preview:large","max-video-preview":"max-video-preview:-1"},"canonical":"https:\/\/elcanillita.info\/press\/2023\/12\/09\/hotesur-los-sauces-y-memorandum-con-iran\/","og_locale":"es_ES","og_type":"article","og_title":"\u201cHotesur\/Los Sauces\u201d y \u201cMemorandum con Ir\u00e1n\u201d - ElCanillita.Info","og_description":"\"La Omert\u00e0\" es el silencio acerca de un delito o de sus circunstancias, ya sea por inter\u00e9s de conveniencia o de lucro, o provocado por miedo, con el fin de dificultar la b\u00fasqueda y castigo del culpable.","og_url":"https:\/\/elcanillita.info\/press\/2023\/12\/09\/hotesur-los-sauces-y-memorandum-con-iran\/","og_site_name":"ElCanillita.Info","article_publisher":"https:\/\/ar-ar.facebook.com\/ElCanillitainfo-114249515285712\/","article_published_time":"2023-12-09T23:31:33+00:00","article_modified_time":"2023-12-09T23:51:06+00:00","og_image":[{"width":600,"height":400,"url":"https:\/\/elcanillita.info\/press\/images\/2022\/12\/fiscal_20221130.jpg","type":"image\/jpeg"}],"author":"SalaStampa.eu, world press service","twitter_card":"summary_large_image","twitter_misc":{"Escrito por":"SalaStampa.eu, world press service","Tiempo de lectura":"5 minutos"},"schema":{"@context":"https:\/\/schema.org","@graph":[{"@type":"Article","@id":"https:\/\/elcanillita.info\/press\/2023\/12\/09\/hotesur-los-sauces-y-memorandum-con-iran\/#article","isPartOf":{"@id":"https:\/\/elcanillita.info\/press\/2023\/12\/09\/hotesur-los-sauces-y-memorandum-con-iran\/"},"author":{"name":"SalaStampa.eu, world press service","@id":"https:\/\/elcanillita.info\/press\/#\/schema\/person\/7fcb79f38045700919f7da6d97e71ba0"},"headline":"\u201cHotesur\/Los Sauces\u201d y \u201cMemorandum con Ir\u00e1n\u201d","datePublished":"2023-12-09T23:31:33+00:00","dateModified":"2023-12-09T23:51:06+00:00","mainEntityOfPage":{"@id":"https:\/\/elcanillita.info\/press\/2023\/12\/09\/hotesur-los-sauces-y-memorandum-con-iran\/"},"wordCount":1058,"publisher":{"@id":"https:\/\/elcanillita.info\/press\/#organization"},"image":{"@id":"https:\/\/elcanillita.info\/press\/2023\/12\/09\/hotesur-los-sauces-y-memorandum-con-iran\/#primaryimage"},"thumbnailUrl":"https:\/\/elcanillita.info\/press\/images\/2022\/12\/fiscal_20221130.jpg","keywords":["Argentina"],"articleSection":[".",".","Actualidad","Argentina","Corrupci\u00f3n","Sociedad"],"inLanguage":"es-AR"},{"@type":"WebPage","@id":"https:\/\/elcanillita.info\/press\/2023\/12\/09\/hotesur-los-sauces-y-memorandum-con-iran\/","url":"https:\/\/elcanillita.info\/press\/2023\/12\/09\/hotesur-los-sauces-y-memorandum-con-iran\/","name":"\u201cHotesur\/Los Sauces\u201d y \u201cMemorandum con Ir\u00e1n\u201d - ElCanillita.Info","isPartOf":{"@id":"https:\/\/elcanillita.info\/press\/#website"},"primaryImageOfPage":{"@id":"https:\/\/elcanillita.info\/press\/2023\/12\/09\/hotesur-los-sauces-y-memorandum-con-iran\/#primaryimage"},"image":{"@id":"https:\/\/elcanillita.info\/press\/2023\/12\/09\/hotesur-los-sauces-y-memorandum-con-iran\/#primaryimage"},"thumbnailUrl":"https:\/\/elcanillita.info\/press\/images\/2022\/12\/fiscal_20221130.jpg","datePublished":"2023-12-09T23:31:33+00:00","dateModified":"2023-12-09T23:51:06+00:00","inLanguage":"es-AR","potentialAction":[{"@type":"ReadAction","target":["https:\/\/elcanillita.info\/press\/2023\/12\/09\/hotesur-los-sauces-y-memorandum-con-iran\/"]}]},{"@type":"ImageObject","inLanguage":"es-AR","@id":"https:\/\/elcanillita.info\/press\/2023\/12\/09\/hotesur-los-sauces-y-memorandum-con-iran\/#primaryimage","url":"https:\/\/elcanillita.info\/press\/images\/2022\/12\/fiscal_20221130.jpg","contentUrl":"https:\/\/elcanillita.info\/press\/images\/2022\/12\/fiscal_20221130.jpg","width":600,"height":400},{"@type":"WebSite","@id":"https:\/\/elcanillita.info\/press\/#website","url":"https:\/\/elcanillita.info\/press\/","name":"ElCanillita.Info","description":"desde los Apeninos a los Andes","publisher":{"@id":"https:\/\/elcanillita.info\/press\/#organization"},"potentialAction":[{"@type":"SearchAction","target":{"@type":"EntryPoint","urlTemplate":"https:\/\/elcanillita.info\/press\/?s={search_term_string}"},"query-input":{"@type":"PropertyValueSpecification","valueRequired":true,"valueName":"search_term_string"}}],"inLanguage":"es-AR"},{"@type":"Organization","@id":"https:\/\/elcanillita.info\/press\/#organization","name":"Guzzo Photos & Graphic Publications","url":"https:\/\/elcanillita.info\/press\/","logo":{"@type":"ImageObject","inLanguage":"es-AR","@id":"https:\/\/elcanillita.info\/press\/#\/schema\/logo\/image\/","url":"https:\/\/elcanillita.info\/press\/images\/2020\/01\/cropped-cropped-cropped-elcanillitainfo.png","contentUrl":"https:\/\/elcanillita.info\/press\/images\/2020\/01\/cropped-cropped-cropped-elcanillitainfo.png","width":460,"height":50,"caption":"Guzzo Photos & Graphic Publications"},"image":{"@id":"https:\/\/elcanillita.info\/press\/#\/schema\/logo\/image\/"},"sameAs":["https:\/\/ar-ar.facebook.com\/ElCanillitainfo-114249515285712\/"]},{"@type":"Person","@id":"https:\/\/elcanillita.info\/press\/#\/schema\/person\/7fcb79f38045700919f7da6d97e71ba0","name":"SalaStampa.eu, world press service","image":{"@type":"ImageObject","inLanguage":"es-AR","@id":"https:\/\/secure.gravatar.com\/avatar\/c2f0e0d515a107624234994507816ca4724c7199cef73fc8bedebf6931d73888?s=96&d=mm&r=g","url":"https:\/\/secure.gravatar.com\/avatar\/c2f0e0d515a107624234994507816ca4724c7199cef73fc8bedebf6931d73888?s=96&d=mm&r=g","contentUrl":"https:\/\/secure.gravatar.com\/avatar\/c2f0e0d515a107624234994507816ca4724c7199cef73fc8bedebf6931d73888?s=96&d=mm&r=g","caption":"SalaStampa.eu, world press service"}}]}},"views":635,"_links":{"self":[{"href":"https:\/\/elcanillita.info\/press\/wp-json\/wp\/v2\/posts\/3918","targetHints":{"allow":["GET"]}}],"collection":[{"href":"https:\/\/elcanillita.info\/press\/wp-json\/wp\/v2\/posts"}],"about":[{"href":"https:\/\/elcanillita.info\/press\/wp-json\/wp\/v2\/types\/post"}],"author":[{"embeddable":true,"href":"https:\/\/elcanillita.info\/press\/wp-json\/wp\/v2\/users\/1"}],"replies":[{"embeddable":true,"href":"https:\/\/elcanillita.info\/press\/wp-json\/wp\/v2\/comments?post=3918"}],"version-history":[{"count":0,"href":"https:\/\/elcanillita.info\/press\/wp-json\/wp\/v2\/posts\/3918\/revisions"}],"wp:featuredmedia":[{"embeddable":true,"href":"https:\/\/elcanillita.info\/press\/wp-json\/wp\/v2\/media\/3149"}],"wp:attachment":[{"href":"https:\/\/elcanillita.info\/press\/wp-json\/wp\/v2\/media?parent=3918"}],"wp:term":[{"taxonomy":"category","embeddable":true,"href":"https:\/\/elcanillita.info\/press\/wp-json\/wp\/v2\/categories?post=3918"},{"taxonomy":"post_tag","embeddable":true,"href":"https:\/\/elcanillita.info\/press\/wp-json\/wp\/v2\/tags?post=3918"}],"curies":[{"name":"wp","href":"https:\/\/api.w.org\/{rel}","templated":true}]}}