{"id":3916,"date":"2023-12-09T18:08:35","date_gmt":"2023-12-09T21:08:35","guid":{"rendered":"https:\/\/elcanillita.info\/press\/?p=3916"},"modified":"2023-12-09T18:28:59","modified_gmt":"2023-12-09T21:28:59","slug":"amanece-la-libertad","status":"publish","type":"post","link":"https:\/\/elcanillita.info\/press\/2023\/12\/09\/amanece-la-libertad\/","title":{"rendered":"Amanece la Libertad"},"content":{"rendered":"\n<figure class=\"wp-block-image size-full\"><img loading=\"lazy\" decoding=\"async\" width=\"600\" height=\"400\" src=\"https:\/\/elcanillita.info\/press\/images\/2022\/07\/kricover.jpg\" alt=\"\" class=\"wp-image-2536\" srcset=\"https:\/\/elcanillita.info\/press\/images\/2022\/07\/kricover.jpg 600w, https:\/\/elcanillita.info\/press\/images\/2022\/07\/kricover-300x200.jpg 300w\" sizes=\"auto, (max-width: 600px) 100vw, 600px\" \/><\/figure>\n\n\n\n<p><strong>por Enrique Guillermo Avogadro <\/strong><br><small>\u201cDiciembre me gust\u00f3 pa\u2019 que te vayas\u201d.<\/small><br><small>&nbsp;Jos\u00e9 Alfredo Jim\u00e9nez<\/small><\/p>\n\n\n\n<p><strong>Buenos Aires. 9\/12\/2023<\/strong><br>Ma\u00f1ana, con la asunci\u00f3n de Javier Milei de la Presidencia de esta&nbsp; maltrecha Rep\u00fablica, la sociedad respirar\u00e1 en libertad, despu\u00e9s de dos d\u00e9cadas de mordazas (con excepci\u00f3n de los a\u00f1os de Mauricio Macri), pero con un pron\u00f3stico de fuertes tormentas para el futuro inmediato. El discurso inaugural deber\u00e1 contener un prolijo inventario de la herencia que recibir\u00e1, la peor desde 1983, ya que as\u00ed mostrar\u00e1 su respeto por una tan castigada ciudadan\u00eda a la cual se le pedir\u00e1 que asuma los enormes sacrificios que requerir\u00e1 reconstruir tanto la econom\u00eda, cuanto la educaci\u00f3n, la salud, la seguridad cotidiana, la defensa nacional, el orden p\u00fablico y el tejido social, todos universos destruidos por el kirchnerismo hasta los cimientos.<\/p>\n\n\n\n<p>El le\u00f3n libertario est\u00e1 dando muestras de un pragmatismo in\u00e9dito en el dif\u00edcil armado de un gobierno que necesita traducir los votos de catorce millones de ciudadanos en fuertes espaldas pol\u00edticas y legislativas para obtener las sanciones de las leyes que le permitan encarar las reformas que, al haber sido expl\u00edcitas en la campa\u00f1a, le permitieron triunfar en el ballotage. Me parece de una ingenuidad absurda reclamarle, como hace el periodismo, mantener una virginal pureza que s\u00f3lo significar\u00eda debilidad en un Congreso tan adverso como se vio el jueves; espero que lo entiendan los j\u00f3venes, siempre impacientes, cuando la realidad imponga demorar el cumplimiento de algunas metas propuestas con tanto \u00e9nfasis hasta ahora.<\/p>\n\n\n\n<p>El lunes comenzar\u00e1 la resistencia violenta de quienes se presumen a priori afectados por el cambio radical que resulta indispensable producir en la reducci\u00f3n racional del gasto p\u00fablico, llevado al paroxismo por el populismo clientelista, al cual habremos despedido el domingo como se merece, sin honores pero con alivio y enorme desprecio. Para dise\u00f1ar esa trinchera, el martes se reunieron los cabecillas de la CGT, de las dos CTA, incluyendo a Roberto Baradel, m\u00e1ximo responsable de la cat\u00e1strofe educativa que ha condenado irremisiblemente al fracaso a varias generaciones de chicos, con los corruptos gerentes de la pobreza, es decir, los mismos que estuvieron en silencio cuatro a\u00f1os, mientras los Fern\u00e1ndez\u00b2 y Sergio Massa licuaban salarios y jubilaciones a golpes de inflaci\u00f3n y latrocinio.<\/p>\n\n\n\n<p>Anunciaron que combatir\u00e1n en la calle, seguramente durante las fiestas navide\u00f1as, para sostener sus incomprensibles privilegios, esos que la sociedad les retace\u00f3 en las urnas, llevando al peronismo a la peor derrota de su historia. En un paso de comedia que pretende replicar la tragedia de los 70\u2019s, dicen estar dispuestos a sembrar muertos, una acci\u00f3n que habitualmente desestabiliza a los gobiernos. Pero esta vez se enfrentar\u00e1n a Patricia Bullrich quien, mostrando su grandeza personal y pol\u00edtica, habr\u00e1 asumido uno de los cargos m\u00e1s peligrosos de la administraci\u00f3n, aunque cuente con la lealtad y la confianza de todas las fuerzas de seguridad federales, quiz\u00e1s con excepci\u00f3n de la Polic\u00eda de Seguridad Aeroportuaria (PSA), colonizada \u2013como otros organismos- por La C\u00e1mpora.<\/p>\n\n\n\n<p>Espero que los fiscales, bajo el comando interino de ese gran se\u00f1or que es Eduardo Casal, a quien sugiero que el nuevo gobierno proponga efectivizar, promuevan denuncias penales contra todos y cada uno de los funcionarios que, durante tantos a\u00f1os, han saqueado al Estado dej\u00e1ndolo ex\u00e1nime; muchos de ellos permanecer\u00e1n en sus cargos, y actuar\u00e1n como quinta-columnas para poner palos en las ruedas y complicar la nueva gesti\u00f3n con vistas a su r\u00e1pida destituci\u00f3n. La Justicia deber\u00e1 acabar con la impunidad habitual, actuando con celeridad para evitar que, como siempre sucede, el tiempo malgastado imponga la prescripci\u00f3n de las acciones.<\/p>\n\n\n\n<figure class=\"wp-block-image size-full\"><img loading=\"lazy\" decoding=\"async\" width=\"466\" height=\"600\" src=\"https:\/\/elcanillita.info\/press\/images\/2023\/07\/ki_20230408.jpg\" alt=\"\" class=\"wp-image-3571\" srcset=\"https:\/\/elcanillita.info\/press\/images\/2023\/07\/ki_20230408.jpg 466w, https:\/\/elcanillita.info\/press\/images\/2023\/07\/ki_20230408-233x300.jpg 233w\" sizes=\"auto, (max-width: 466px) 100vw, 466px\" \/><\/figure>\n\n\n\n<p>El ejemplo m\u00e1s concreto y tr\u00e1gico de la responsabilidad de quienes se van es el juicio que la Argentina perdi\u00f3, por la estatizaci\u00f3n de YPF y la mala praxis de Axel Kiciloff, en los tribunales de Nueva York y que signific\u00f3 una condena de US$ 16.000 millones; en la medida en que, al menos, el 30% de ese monto ir\u00e1 a las empresas de los Eskenazi, testaferros de Cristina Fern\u00e1ndez, significar\u00e1 un nuevo y descomunal enriquecimiento para la familia Kirchner, titular de esta asociaci\u00f3n il\u00edcita organizada para defraudar al Estado; no es un detalle menor que la defensa de los intereses nacionales estuviera, en los \u00faltimos cuatro a\u00f1os, a cargo de Carlos Zannini, c\u00f3mplice necesario de esa monumental estafa.<\/p>\n\n\n\n<p>Ser\u00eda necesario impedir que Alberto Fern\u00e1ndez, Massa y tantos otros canallas se fueran al extranjero sin rendir acabada cuenta de todo lo que han hecho para contribuir a la muerte de miles de compatriotas durante la pandemia, extender la rampante corrupci\u00f3n, profundizar la crisis econ\u00f3mico-social, vaciar las arcas p\u00fablicas, dilapidar dinero a manos llenas para sostener la apetencia presidencial del Ministro de Econom\u00eda, llevarnos a la hiperinflaci\u00f3n &nbsp;y dejar m\u00e1s bombas cebadas a la pr\u00f3xima administraci\u00f3n. Si Dios y la Patria esta vez concretaran su siempre prometida y nunca efectivizada demanda, resultar\u00eda m\u00e1s digerible para la sociedad transitar el dificultoso y empedrado camino hacia el futuro prometido.<\/p>\n\n\n\n<p>Acompa\u00f1ar a Milei y a Victoria Villarroel desde el Congreso a la Plaza de Mayo es una verdadera obligaci\u00f3n republicana para la ciudadan\u00eda que, previsiblemente, se ver\u00e1 conminada en breve a parar los pies a todos aqu\u00e9llos que, sin escr\u00fapulos, buscar\u00e1n el r\u00e1pido fracaso del libertario, cualquiera sea el costo generalizado de intentarlo, para volver al poder.<\/p>\n\n\n\n<p><small>\u00a9 Copyright 2023 Enrique Guillermo Avogadro<br>\u00a9 2023 ElCanillita.info \/ SalaStampa.Eu, servicio mundial de prensa<\/small><\/p>\n","protected":false},"excerpt":{"rendered":"<p>Ma\u00f1ana, con la asunci\u00f3n de Javier Milei de la Presidencia de esta\u00a0 maltrecha Rep\u00fablica, la sociedad respirar\u00e1 en libertad, despu\u00e9s de dos d\u00e9cadas de mordazas<\/p>\n","protected":false},"author":1,"featured_media":3621,"comment_status":"closed","ping_status":"closed","sticky":false,"template":"","format":"standard","meta":{"footnotes":"","_links_to":"","_links_to_target":""},"categories":[108,121,123,23],"tags":[],"class_list":["post-3916","post","type-post","status-publish","format-standard","has-post-thumbnail","hentry","category-blogdiario","category-dc24","category-argentina","category-politica","entry","double"],"yoast_head":"<!-- This site is optimized with the Yoast SEO plugin v27.4 - https:\/\/yoast.com\/product\/yoast-seo-wordpress\/ -->\n<title>Amanece la Libertad - ElCanillita.Info<\/title>\n<meta name=\"description\" content=\"Ma\u00f1ana, con la asunci\u00f3n de Javier Milei de la Presidencia de esta\u00a0 maltrecha Rep\u00fablica, la sociedad respirar\u00e1 en libertad, despu\u00e9s de dos d\u00e9cadas de mordazas\" \/>\n<meta name=\"robots\" content=\"index, follow, max-snippet:-1, max-image-preview:large, max-video-preview:-1\" \/>\n<link rel=\"canonical\" href=\"https:\/\/elcanillita.info\/press\/2023\/12\/09\/amanece-la-libertad\/\" \/>\n<meta property=\"og:locale\" content=\"es_ES\" \/>\n<meta property=\"og:type\" content=\"article\" \/>\n<meta property=\"og:title\" content=\"Amanece la Libertad - ElCanillita.Info\" \/>\n<meta property=\"og:description\" content=\"Ma\u00f1ana, con la asunci\u00f3n de Javier Milei de la Presidencia de esta\u00a0 maltrecha Rep\u00fablica, la sociedad respirar\u00e1 en libertad, despu\u00e9s de dos d\u00e9cadas de mordazas\" \/>\n<meta property=\"og:url\" content=\"https:\/\/elcanillita.info\/press\/2023\/12\/09\/amanece-la-libertad\/\" \/>\n<meta property=\"og:site_name\" content=\"ElCanillita.Info\" \/>\n<meta property=\"article:publisher\" content=\"https:\/\/ar-ar.facebook.com\/ElCanillitainfo-114249515285712\/\" \/>\n<meta property=\"article:published_time\" content=\"2023-12-09T21:08:35+00:00\" \/>\n<meta property=\"article:modified_time\" content=\"2023-12-09T21:28:59+00:00\" \/>\n<meta property=\"og:image\" content=\"https:\/\/elcanillita.info\/press\/images\/2023\/08\/jxc_20230819.jpg\" \/>\n\t<meta property=\"og:image:width\" content=\"600\" \/>\n\t<meta property=\"og:image:height\" content=\"397\" \/>\n\t<meta property=\"og:image:type\" content=\"image\/jpeg\" \/>\n<meta name=\"author\" content=\"SalaStampa.eu, world press service\" \/>\n<meta name=\"twitter:card\" content=\"summary_large_image\" \/>\n<meta name=\"twitter:label1\" content=\"Escrito por\" \/>\n\t<meta name=\"twitter:data1\" content=\"SalaStampa.eu, world press service\" \/>\n\t<meta name=\"twitter:label2\" content=\"Tiempo de lectura\" \/>\n\t<meta name=\"twitter:data2\" content=\"5 minutos\" \/>\n<script type=\"application\/ld+json\" class=\"yoast-schema-graph\">{\"@context\":\"https:\\\/\\\/schema.org\",\"@graph\":[{\"@type\":\"Article\",\"@id\":\"https:\\\/\\\/elcanillita.info\\\/press\\\/2023\\\/12\\\/09\\\/amanece-la-libertad\\\/#article\",\"isPartOf\":{\"@id\":\"https:\\\/\\\/elcanillita.info\\\/press\\\/2023\\\/12\\\/09\\\/amanece-la-libertad\\\/\"},\"author\":{\"name\":\"SalaStampa.eu, world press service\",\"@id\":\"https:\\\/\\\/elcanillita.info\\\/press\\\/#\\\/schema\\\/person\\\/7fcb79f38045700919f7da6d97e71ba0\"},\"headline\":\"Amanece la Libertad\",\"datePublished\":\"2023-12-09T21:08:35+00:00\",\"dateModified\":\"2023-12-09T21:28:59+00:00\",\"mainEntityOfPage\":{\"@id\":\"https:\\\/\\\/elcanillita.info\\\/press\\\/2023\\\/12\\\/09\\\/amanece-la-libertad\\\/\"},\"wordCount\":964,\"publisher\":{\"@id\":\"https:\\\/\\\/elcanillita.info\\\/press\\\/#organization\"},\"image\":{\"@id\":\"https:\\\/\\\/elcanillita.info\\\/press\\\/2023\\\/12\\\/09\\\/amanece-la-libertad\\\/#primaryimage\"},\"thumbnailUrl\":\"https:\\\/\\\/elcanillita.info\\\/press\\\/images\\\/2023\\\/08\\\/jxc_20230819.jpg\",\"articleSection\":[\".\",\".\",\"Argentina\",\"Politica\"],\"inLanguage\":\"es-AR\"},{\"@type\":\"WebPage\",\"@id\":\"https:\\\/\\\/elcanillita.info\\\/press\\\/2023\\\/12\\\/09\\\/amanece-la-libertad\\\/\",\"url\":\"https:\\\/\\\/elcanillita.info\\\/press\\\/2023\\\/12\\\/09\\\/amanece-la-libertad\\\/\",\"name\":\"Amanece la Libertad - ElCanillita.Info\",\"isPartOf\":{\"@id\":\"https:\\\/\\\/elcanillita.info\\\/press\\\/#website\"},\"primaryImageOfPage\":{\"@id\":\"https:\\\/\\\/elcanillita.info\\\/press\\\/2023\\\/12\\\/09\\\/amanece-la-libertad\\\/#primaryimage\"},\"image\":{\"@id\":\"https:\\\/\\\/elcanillita.info\\\/press\\\/2023\\\/12\\\/09\\\/amanece-la-libertad\\\/#primaryimage\"},\"thumbnailUrl\":\"https:\\\/\\\/elcanillita.info\\\/press\\\/images\\\/2023\\\/08\\\/jxc_20230819.jpg\",\"datePublished\":\"2023-12-09T21:08:35+00:00\",\"dateModified\":\"2023-12-09T21:28:59+00:00\",\"description\":\"Ma\u00f1ana, con la asunci\u00f3n de Javier Milei de la Presidencia de esta\u00a0 maltrecha Rep\u00fablica, la sociedad respirar\u00e1 en libertad, despu\u00e9s de dos d\u00e9cadas de mordazas\",\"inLanguage\":\"es-AR\",\"potentialAction\":[{\"@type\":\"ReadAction\",\"target\":[\"https:\\\/\\\/elcanillita.info\\\/press\\\/2023\\\/12\\\/09\\\/amanece-la-libertad\\\/\"]}]},{\"@type\":\"ImageObject\",\"inLanguage\":\"es-AR\",\"@id\":\"https:\\\/\\\/elcanillita.info\\\/press\\\/2023\\\/12\\\/09\\\/amanece-la-libertad\\\/#primaryimage\",\"url\":\"https:\\\/\\\/elcanillita.info\\\/press\\\/images\\\/2023\\\/08\\\/jxc_20230819.jpg\",\"contentUrl\":\"https:\\\/\\\/elcanillita.info\\\/press\\\/images\\\/2023\\\/08\\\/jxc_20230819.jpg\",\"width\":600,\"height\":397},{\"@type\":\"WebSite\",\"@id\":\"https:\\\/\\\/elcanillita.info\\\/press\\\/#website\",\"url\":\"https:\\\/\\\/elcanillita.info\\\/press\\\/\",\"name\":\"ElCanillita.Info\",\"description\":\"desde los Apeninos a los Andes\",\"publisher\":{\"@id\":\"https:\\\/\\\/elcanillita.info\\\/press\\\/#organization\"},\"potentialAction\":[{\"@type\":\"SearchAction\",\"target\":{\"@type\":\"EntryPoint\",\"urlTemplate\":\"https:\\\/\\\/elcanillita.info\\\/press\\\/?s={search_term_string}\"},\"query-input\":{\"@type\":\"PropertyValueSpecification\",\"valueRequired\":true,\"valueName\":\"search_term_string\"}}],\"inLanguage\":\"es-AR\"},{\"@type\":\"Organization\",\"@id\":\"https:\\\/\\\/elcanillita.info\\\/press\\\/#organization\",\"name\":\"Guzzo Photos & Graphic Publications\",\"url\":\"https:\\\/\\\/elcanillita.info\\\/press\\\/\",\"logo\":{\"@type\":\"ImageObject\",\"inLanguage\":\"es-AR\",\"@id\":\"https:\\\/\\\/elcanillita.info\\\/press\\\/#\\\/schema\\\/logo\\\/image\\\/\",\"url\":\"https:\\\/\\\/elcanillita.info\\\/press\\\/images\\\/2020\\\/01\\\/cropped-cropped-cropped-elcanillitainfo.png\",\"contentUrl\":\"https:\\\/\\\/elcanillita.info\\\/press\\\/images\\\/2020\\\/01\\\/cropped-cropped-cropped-elcanillitainfo.png\",\"width\":460,\"height\":50,\"caption\":\"Guzzo Photos & Graphic Publications\"},\"image\":{\"@id\":\"https:\\\/\\\/elcanillita.info\\\/press\\\/#\\\/schema\\\/logo\\\/image\\\/\"},\"sameAs\":[\"https:\\\/\\\/ar-ar.facebook.com\\\/ElCanillitainfo-114249515285712\\\/\"]},{\"@type\":\"Person\",\"@id\":\"https:\\\/\\\/elcanillita.info\\\/press\\\/#\\\/schema\\\/person\\\/7fcb79f38045700919f7da6d97e71ba0\",\"name\":\"SalaStampa.eu, world press service\",\"image\":{\"@type\":\"ImageObject\",\"inLanguage\":\"es-AR\",\"@id\":\"https:\\\/\\\/secure.gravatar.com\\\/avatar\\\/c2f0e0d515a107624234994507816ca4724c7199cef73fc8bedebf6931d73888?s=96&d=mm&r=g\",\"url\":\"https:\\\/\\\/secure.gravatar.com\\\/avatar\\\/c2f0e0d515a107624234994507816ca4724c7199cef73fc8bedebf6931d73888?s=96&d=mm&r=g\",\"contentUrl\":\"https:\\\/\\\/secure.gravatar.com\\\/avatar\\\/c2f0e0d515a107624234994507816ca4724c7199cef73fc8bedebf6931d73888?s=96&d=mm&r=g\",\"caption\":\"SalaStampa.eu, world press service\"}}]}<\/script>\n<!-- \/ Yoast SEO plugin. -->","yoast_head_json":{"title":"Amanece la Libertad - ElCanillita.Info","description":"Ma\u00f1ana, con la asunci\u00f3n de Javier Milei de la Presidencia de esta\u00a0 maltrecha Rep\u00fablica, la sociedad respirar\u00e1 en libertad, despu\u00e9s de dos d\u00e9cadas de mordazas","robots":{"index":"index","follow":"follow","max-snippet":"max-snippet:-1","max-image-preview":"max-image-preview:large","max-video-preview":"max-video-preview:-1"},"canonical":"https:\/\/elcanillita.info\/press\/2023\/12\/09\/amanece-la-libertad\/","og_locale":"es_ES","og_type":"article","og_title":"Amanece la Libertad - ElCanillita.Info","og_description":"Ma\u00f1ana, con la asunci\u00f3n de Javier Milei de la Presidencia de esta\u00a0 maltrecha Rep\u00fablica, la sociedad respirar\u00e1 en libertad, despu\u00e9s de dos d\u00e9cadas de mordazas","og_url":"https:\/\/elcanillita.info\/press\/2023\/12\/09\/amanece-la-libertad\/","og_site_name":"ElCanillita.Info","article_publisher":"https:\/\/ar-ar.facebook.com\/ElCanillitainfo-114249515285712\/","article_published_time":"2023-12-09T21:08:35+00:00","article_modified_time":"2023-12-09T21:28:59+00:00","og_image":[{"width":600,"height":397,"url":"https:\/\/elcanillita.info\/press\/images\/2023\/08\/jxc_20230819.jpg","type":"image\/jpeg"}],"author":"SalaStampa.eu, world press service","twitter_card":"summary_large_image","twitter_misc":{"Escrito por":"SalaStampa.eu, world press service","Tiempo de lectura":"5 minutos"},"schema":{"@context":"https:\/\/schema.org","@graph":[{"@type":"Article","@id":"https:\/\/elcanillita.info\/press\/2023\/12\/09\/amanece-la-libertad\/#article","isPartOf":{"@id":"https:\/\/elcanillita.info\/press\/2023\/12\/09\/amanece-la-libertad\/"},"author":{"name":"SalaStampa.eu, world press service","@id":"https:\/\/elcanillita.info\/press\/#\/schema\/person\/7fcb79f38045700919f7da6d97e71ba0"},"headline":"Amanece la Libertad","datePublished":"2023-12-09T21:08:35+00:00","dateModified":"2023-12-09T21:28:59+00:00","mainEntityOfPage":{"@id":"https:\/\/elcanillita.info\/press\/2023\/12\/09\/amanece-la-libertad\/"},"wordCount":964,"publisher":{"@id":"https:\/\/elcanillita.info\/press\/#organization"},"image":{"@id":"https:\/\/elcanillita.info\/press\/2023\/12\/09\/amanece-la-libertad\/#primaryimage"},"thumbnailUrl":"https:\/\/elcanillita.info\/press\/images\/2023\/08\/jxc_20230819.jpg","articleSection":[".",".","Argentina","Politica"],"inLanguage":"es-AR"},{"@type":"WebPage","@id":"https:\/\/elcanillita.info\/press\/2023\/12\/09\/amanece-la-libertad\/","url":"https:\/\/elcanillita.info\/press\/2023\/12\/09\/amanece-la-libertad\/","name":"Amanece la Libertad - ElCanillita.Info","isPartOf":{"@id":"https:\/\/elcanillita.info\/press\/#website"},"primaryImageOfPage":{"@id":"https:\/\/elcanillita.info\/press\/2023\/12\/09\/amanece-la-libertad\/#primaryimage"},"image":{"@id":"https:\/\/elcanillita.info\/press\/2023\/12\/09\/amanece-la-libertad\/#primaryimage"},"thumbnailUrl":"https:\/\/elcanillita.info\/press\/images\/2023\/08\/jxc_20230819.jpg","datePublished":"2023-12-09T21:08:35+00:00","dateModified":"2023-12-09T21:28:59+00:00","description":"Ma\u00f1ana, con la asunci\u00f3n de Javier Milei de la Presidencia de esta\u00a0 maltrecha Rep\u00fablica, la sociedad respirar\u00e1 en libertad, despu\u00e9s de dos d\u00e9cadas de mordazas","inLanguage":"es-AR","potentialAction":[{"@type":"ReadAction","target":["https:\/\/elcanillita.info\/press\/2023\/12\/09\/amanece-la-libertad\/"]}]},{"@type":"ImageObject","inLanguage":"es-AR","@id":"https:\/\/elcanillita.info\/press\/2023\/12\/09\/amanece-la-libertad\/#primaryimage","url":"https:\/\/elcanillita.info\/press\/images\/2023\/08\/jxc_20230819.jpg","contentUrl":"https:\/\/elcanillita.info\/press\/images\/2023\/08\/jxc_20230819.jpg","width":600,"height":397},{"@type":"WebSite","@id":"https:\/\/elcanillita.info\/press\/#website","url":"https:\/\/elcanillita.info\/press\/","name":"ElCanillita.Info","description":"desde los Apeninos a los Andes","publisher":{"@id":"https:\/\/elcanillita.info\/press\/#organization"},"potentialAction":[{"@type":"SearchAction","target":{"@type":"EntryPoint","urlTemplate":"https:\/\/elcanillita.info\/press\/?s={search_term_string}"},"query-input":{"@type":"PropertyValueSpecification","valueRequired":true,"valueName":"search_term_string"}}],"inLanguage":"es-AR"},{"@type":"Organization","@id":"https:\/\/elcanillita.info\/press\/#organization","name":"Guzzo Photos & Graphic Publications","url":"https:\/\/elcanillita.info\/press\/","logo":{"@type":"ImageObject","inLanguage":"es-AR","@id":"https:\/\/elcanillita.info\/press\/#\/schema\/logo\/image\/","url":"https:\/\/elcanillita.info\/press\/images\/2020\/01\/cropped-cropped-cropped-elcanillitainfo.png","contentUrl":"https:\/\/elcanillita.info\/press\/images\/2020\/01\/cropped-cropped-cropped-elcanillitainfo.png","width":460,"height":50,"caption":"Guzzo Photos & Graphic Publications"},"image":{"@id":"https:\/\/elcanillita.info\/press\/#\/schema\/logo\/image\/"},"sameAs":["https:\/\/ar-ar.facebook.com\/ElCanillitainfo-114249515285712\/"]},{"@type":"Person","@id":"https:\/\/elcanillita.info\/press\/#\/schema\/person\/7fcb79f38045700919f7da6d97e71ba0","name":"SalaStampa.eu, world press service","image":{"@type":"ImageObject","inLanguage":"es-AR","@id":"https:\/\/secure.gravatar.com\/avatar\/c2f0e0d515a107624234994507816ca4724c7199cef73fc8bedebf6931d73888?s=96&d=mm&r=g","url":"https:\/\/secure.gravatar.com\/avatar\/c2f0e0d515a107624234994507816ca4724c7199cef73fc8bedebf6931d73888?s=96&d=mm&r=g","contentUrl":"https:\/\/secure.gravatar.com\/avatar\/c2f0e0d515a107624234994507816ca4724c7199cef73fc8bedebf6931d73888?s=96&d=mm&r=g","caption":"SalaStampa.eu, world press service"}}]}},"views":472,"_links":{"self":[{"href":"https:\/\/elcanillita.info\/press\/wp-json\/wp\/v2\/posts\/3916","targetHints":{"allow":["GET"]}}],"collection":[{"href":"https:\/\/elcanillita.info\/press\/wp-json\/wp\/v2\/posts"}],"about":[{"href":"https:\/\/elcanillita.info\/press\/wp-json\/wp\/v2\/types\/post"}],"author":[{"embeddable":true,"href":"https:\/\/elcanillita.info\/press\/wp-json\/wp\/v2\/users\/1"}],"replies":[{"embeddable":true,"href":"https:\/\/elcanillita.info\/press\/wp-json\/wp\/v2\/comments?post=3916"}],"version-history":[{"count":0,"href":"https:\/\/elcanillita.info\/press\/wp-json\/wp\/v2\/posts\/3916\/revisions"}],"wp:featuredmedia":[{"embeddable":true,"href":"https:\/\/elcanillita.info\/press\/wp-json\/wp\/v2\/media\/3621"}],"wp:attachment":[{"href":"https:\/\/elcanillita.info\/press\/wp-json\/wp\/v2\/media?parent=3916"}],"wp:term":[{"taxonomy":"category","embeddable":true,"href":"https:\/\/elcanillita.info\/press\/wp-json\/wp\/v2\/categories?post=3916"},{"taxonomy":"post_tag","embeddable":true,"href":"https:\/\/elcanillita.info\/press\/wp-json\/wp\/v2\/tags?post=3916"}],"curies":[{"name":"wp","href":"https:\/\/api.w.org\/{rel}","templated":true}]}}