{"id":3912,"date":"2023-12-08T18:06:05","date_gmt":"2023-12-08T21:06:05","guid":{"rendered":"https:\/\/elcanillita.info\/press\/?p=3912"},"modified":"2023-12-08T18:09:48","modified_gmt":"2023-12-08T21:09:48","slug":"portento-argentino","status":"publish","type":"post","link":"https:\/\/elcanillita.info\/press\/2023\/12\/08\/portento-argentino\/","title":{"rendered":"Portento Argentino"},"content":{"rendered":"\n<figure class=\"wp-block-image size-full\"><img loading=\"lazy\" decoding=\"async\" width=\"600\" height=\"400\" src=\"https:\/\/elcanillita.info\/press\/images\/2023\/12\/Mil_Cov20231208.jpg\" alt=\"\" class=\"wp-image-3913\" srcset=\"https:\/\/elcanillita.info\/press\/images\/2023\/12\/Mil_Cov20231208.jpg 600w, https:\/\/elcanillita.info\/press\/images\/2023\/12\/Mil_Cov20231208-300x200.jpg 300w\" sizes=\"auto, (max-width: 600px) 100vw, 600px\" \/><\/figure>\n\n\n\n<p>El neo Presidente argentino Javier Milei, asumir\u00e1 el domingo uno de los desaf\u00edos econ\u00f3micos m\u00e1s dif\u00edciles del mundo.<\/p>\n\n\n\n<p>Argentina, que por d\u00e9cadas ha sido gran exportador de alimentos y una de las naciones m\u00e1s ricas del mundo, ha caido en desgracia, debido a la p\u00e9sima gesti\u00f3n de gobiernos cleotomaniacos, que han empobrecido la econom\u00eda del pais, creando laberintos de controles artificiales de precios y tipos de cambio.<\/p>\n\n\n\n<p>Milei, ha dado un giro dram\u00e1tico hacia la moderaci\u00f3n desde que gan\u00f3 las elecciones.  A un d\u00eda de alcanzar su cargo, \u00bfcu\u00e1les son los principales desaf\u00edos econ\u00f3micos que los gobiernos precedentes han dejado?<br><br>Desde el siglo pasado, los problemas de Argentina han sido el gasto excesivo del gobierno. El desborde del estado, se ha triplicado en las \u00faltimas dos d\u00e9cadas con la regencia Kirchner, ampliando la n\u00f3mina del sector p\u00fablico, otorgando fuertes subsidios al combustible y la electricidad e impulsando planes sociales de subvenci\u00f3n.<\/p>\n\n\n\n<p>Los empleos p\u00fablicos aumentaron un 35 por ciento entre 2011 y 2022, mientras que los empleos en el sector privado incrementaron s\u00f3lo un 3 por ciento durante el mismo per\u00edodo. Esto ha llevado a d\u00e9ficits presupuestarios continuos de m\u00e1s del 4 por ciento del producto interno bruto, a pesar de los niveles impositivos que est\u00e1n muy por encima del promedio de toda latinoam\u00e9rica.<br><br>Tomando en cuenta que Argentina no puede pedir dinero prestado en los mercados internacionales desde su noveno incumplimiento soberano en 2020, el actual gobierno kirchnerista ha recurrido a la impresi\u00f3n de dinero para ayudar a financiar el d\u00e9ficit. La oferta monetaria ha desbordado y el valor del peso ha quedado exhausto. Los estrictos controles sobre las divisas han provocado un floreciente mercado negro del d\u00f3lar , alentando a los exportadores a acaparar bienes, en lugar de enviarlos a tipos de cambio oficiales artificialmente bajos. Las reservas internacionales netas de Argentina son en total negativas, seg\u00fan la mayor\u00eda de los economistas.<\/p>\n\n\n\n<p>El colapso del valor del peso ha alimentado la inflaci\u00f3n, que ahora se encuentra entre las m\u00e1s altas del mundo. Las Bolsas pronostican que la inflaci\u00f3n anual de Argentina ser\u00e1 del 210 por ciento para fines de diciembre de \u00e9ste a\u00f1o y advierte que es probable que aumente a\u00fan m\u00e1s en el primer semestre del 2024, lo que podr\u00eda ponerla a niveles de Sud\u00e1n y Zimbabwe. La tasa de inter\u00e9s de referencia del banco central ha subido hasta el 133 por ciento para compensar a los depositantes por la inflaci\u00f3n galopante.<br><br>Para absorber un gran excedente de pesos en los mercados internos, el banco central de Argentina ha emitido notas a corto plazo que pagan intereses en los mercados monetarios locales. Esos pasivos superan los 20 billones de pesos (casi tres veces la base monetaria) y generan fuertes pagos de intereses a los bancos que los mantienen.<\/p>\n\n\n\n<p>Despu\u00e9s de una crisis de mercados en 2018, el anterior gobierno de centroderecha recurri\u00f3 al FMI para solicitar un rescate sin precedentes. Todav\u00eda le debe al fondo 43 mil millones de d\u00f3lares de ese rescate, lo que lo convierte en el mayor deudor de la organizaci\u00f3n con sede en Washington. En 2020, Argentina tambi\u00e9n reestructur\u00f3 65.000 millones de d\u00f3lares de deuda con acreedores del sector privado. El FMI estima que la deuda soberana total en moneda extranjera de Argentina es de 263.000 millones de d\u00f3lares.<br><br>Los argentinos mantienen grandes cantidades de d\u00f3lares en efectivo dentro del pa\u00eds, ya que la moneda estadounidense se utiliza ampliamente para ahorros y grandes transacciones, como la compra de propiedades. El jefe del banco central, Miguel Pesce, estim\u00f3 en 2021 que los argentinos ten\u00edan 200.000 millones de d\u00f3lares en efectivo dentro del pa\u00eds, lo que, seg\u00fan dijo, representaba el 10 por ciento de todos los d\u00f3lares estadounidenses en circulaci\u00f3n en el mundo. Un proyecto de ley presentado el a\u00f1o pasado en el Senado de Argentina estim\u00f3 que sus ciudadanos pose\u00edan otros 418.000 millones de d\u00f3lares en activos, en su mayor\u00eda no declarados, en el extranjero.<br><br>La enorme tarea de enderezar las funestas finanzas p\u00fablicas de Argentina que enfrentan Milei y su ministro de econom\u00eda designado, Luis \u201cToto\u201d Caputo, incluir\u00e1 desmantelar los controles y distorsiones actuales, as\u00ed como estabilizar la econom\u00eda, todo ello sin desencadenar una explosi\u00f3n de la inflaci\u00f3n o un colapso de la econom\u00eda. <br><br>Si en lugar de una motosierra Milei usa un cincel para labrar la econom\u00eda argentina,  la historia lo recordar\u00e1 siempre como un Portento Argentino.<br><br><small>Copyright \u00a9 2023 ElCanillita.info \/ SalaStampa.Eu, servicio mundial de prensa<\/small><\/p>\n\n\n\n<p><br><br><\/p>\n","protected":false},"excerpt":{"rendered":"<p>El neo Presidente argentino Javier Milei, asumir\u00e1 el domingo uno de los desaf\u00edos econ\u00f3micos m\u00e1s dif\u00edciles del mundo.<\/p>\n","protected":false},"author":1,"featured_media":3914,"comment_status":"closed","ping_status":"closed","sticky":false,"template":"","format":"standard","meta":{"footnotes":"","_links_to":"","_links_to_target":""},"categories":[108,121,70,123,20],"tags":[29],"class_list":["post-3912","post","type-post","status-publish","format-standard","has-post-thumbnail","hentry","category-blogdiario","category-dc24","category-actualidad","category-argentina","category-economia","tag-argentina","entry","double"],"yoast_head":"<!-- This site is optimized with the Yoast SEO plugin v27.4 - https:\/\/yoast.com\/product\/yoast-seo-wordpress\/ -->\n<title>Portento Argentino - ElCanillita.Info<\/title>\n<meta name=\"description\" content=\"El neo Presidente argentino Javier Milei, asumir\u00e1 el domingo uno de los desaf\u00edos econ\u00f3micos m\u00e1s dif\u00edciles del mundo.\" \/>\n<meta name=\"robots\" content=\"index, follow, max-snippet:-1, max-image-preview:large, max-video-preview:-1\" \/>\n<link rel=\"canonical\" href=\"https:\/\/elcanillita.info\/press\/2023\/12\/08\/portento-argentino\/\" \/>\n<meta property=\"og:locale\" content=\"es_ES\" \/>\n<meta property=\"og:type\" content=\"article\" \/>\n<meta property=\"og:title\" content=\"Portento Argentino - ElCanillita.Info\" \/>\n<meta property=\"og:description\" content=\"El neo Presidente argentino Javier Milei, asumir\u00e1 el domingo uno de los desaf\u00edos econ\u00f3micos m\u00e1s dif\u00edciles del mundo.\" \/>\n<meta property=\"og:url\" content=\"https:\/\/elcanillita.info\/press\/2023\/12\/08\/portento-argentino\/\" \/>\n<meta property=\"og:site_name\" content=\"ElCanillita.Info\" \/>\n<meta property=\"article:publisher\" content=\"https:\/\/ar-ar.facebook.com\/ElCanillitainfo-114249515285712\/\" \/>\n<meta property=\"article:published_time\" content=\"2023-12-08T21:06:05+00:00\" \/>\n<meta property=\"article:modified_time\" content=\"2023-12-08T21:09:48+00:00\" \/>\n<meta property=\"og:image\" content=\"https:\/\/elcanillita.info\/press\/images\/2023\/12\/Mil_20231208.jpg\" \/>\n\t<meta property=\"og:image:width\" content=\"600\" \/>\n\t<meta property=\"og:image:height\" content=\"400\" \/>\n\t<meta property=\"og:image:type\" content=\"image\/jpeg\" \/>\n<meta name=\"author\" content=\"SalaStampa.eu, world press service\" \/>\n<meta name=\"twitter:card\" content=\"summary_large_image\" \/>\n<meta name=\"twitter:label1\" content=\"Escrito por\" \/>\n\t<meta name=\"twitter:data1\" content=\"SalaStampa.eu, world press service\" \/>\n\t<meta name=\"twitter:label2\" content=\"Tiempo de lectura\" \/>\n\t<meta name=\"twitter:data2\" content=\"4 minutos\" \/>\n<script type=\"application\/ld+json\" class=\"yoast-schema-graph\">{\"@context\":\"https:\\\/\\\/schema.org\",\"@graph\":[{\"@type\":\"Article\",\"@id\":\"https:\\\/\\\/elcanillita.info\\\/press\\\/2023\\\/12\\\/08\\\/portento-argentino\\\/#article\",\"isPartOf\":{\"@id\":\"https:\\\/\\\/elcanillita.info\\\/press\\\/2023\\\/12\\\/08\\\/portento-argentino\\\/\"},\"author\":{\"name\":\"SalaStampa.eu, world press service\",\"@id\":\"https:\\\/\\\/elcanillita.info\\\/press\\\/#\\\/schema\\\/person\\\/7fcb79f38045700919f7da6d97e71ba0\"},\"headline\":\"Portento Argentino\",\"datePublished\":\"2023-12-08T21:06:05+00:00\",\"dateModified\":\"2023-12-08T21:09:48+00:00\",\"mainEntityOfPage\":{\"@id\":\"https:\\\/\\\/elcanillita.info\\\/press\\\/2023\\\/12\\\/08\\\/portento-argentino\\\/\"},\"wordCount\":783,\"publisher\":{\"@id\":\"https:\\\/\\\/elcanillita.info\\\/press\\\/#organization\"},\"image\":{\"@id\":\"https:\\\/\\\/elcanillita.info\\\/press\\\/2023\\\/12\\\/08\\\/portento-argentino\\\/#primaryimage\"},\"thumbnailUrl\":\"https:\\\/\\\/elcanillita.info\\\/press\\\/images\\\/2023\\\/12\\\/Mil_20231208.jpg\",\"keywords\":[\"Argentina\"],\"articleSection\":[\".\",\".\",\"Actualidad\",\"Argentina\",\"Economia\"],\"inLanguage\":\"es-AR\"},{\"@type\":\"WebPage\",\"@id\":\"https:\\\/\\\/elcanillita.info\\\/press\\\/2023\\\/12\\\/08\\\/portento-argentino\\\/\",\"url\":\"https:\\\/\\\/elcanillita.info\\\/press\\\/2023\\\/12\\\/08\\\/portento-argentino\\\/\",\"name\":\"Portento Argentino - ElCanillita.Info\",\"isPartOf\":{\"@id\":\"https:\\\/\\\/elcanillita.info\\\/press\\\/#website\"},\"primaryImageOfPage\":{\"@id\":\"https:\\\/\\\/elcanillita.info\\\/press\\\/2023\\\/12\\\/08\\\/portento-argentino\\\/#primaryimage\"},\"image\":{\"@id\":\"https:\\\/\\\/elcanillita.info\\\/press\\\/2023\\\/12\\\/08\\\/portento-argentino\\\/#primaryimage\"},\"thumbnailUrl\":\"https:\\\/\\\/elcanillita.info\\\/press\\\/images\\\/2023\\\/12\\\/Mil_20231208.jpg\",\"datePublished\":\"2023-12-08T21:06:05+00:00\",\"dateModified\":\"2023-12-08T21:09:48+00:00\",\"description\":\"El neo Presidente argentino Javier Milei, asumir\u00e1 el domingo uno de los desaf\u00edos econ\u00f3micos m\u00e1s dif\u00edciles del mundo.\",\"inLanguage\":\"es-AR\",\"potentialAction\":[{\"@type\":\"ReadAction\",\"target\":[\"https:\\\/\\\/elcanillita.info\\\/press\\\/2023\\\/12\\\/08\\\/portento-argentino\\\/\"]}]},{\"@type\":\"ImageObject\",\"inLanguage\":\"es-AR\",\"@id\":\"https:\\\/\\\/elcanillita.info\\\/press\\\/2023\\\/12\\\/08\\\/portento-argentino\\\/#primaryimage\",\"url\":\"https:\\\/\\\/elcanillita.info\\\/press\\\/images\\\/2023\\\/12\\\/Mil_20231208.jpg\",\"contentUrl\":\"https:\\\/\\\/elcanillita.info\\\/press\\\/images\\\/2023\\\/12\\\/Mil_20231208.jpg\",\"width\":600,\"height\":400},{\"@type\":\"WebSite\",\"@id\":\"https:\\\/\\\/elcanillita.info\\\/press\\\/#website\",\"url\":\"https:\\\/\\\/elcanillita.info\\\/press\\\/\",\"name\":\"ElCanillita.Info\",\"description\":\"desde los Apeninos a los Andes\",\"publisher\":{\"@id\":\"https:\\\/\\\/elcanillita.info\\\/press\\\/#organization\"},\"potentialAction\":[{\"@type\":\"SearchAction\",\"target\":{\"@type\":\"EntryPoint\",\"urlTemplate\":\"https:\\\/\\\/elcanillita.info\\\/press\\\/?s={search_term_string}\"},\"query-input\":{\"@type\":\"PropertyValueSpecification\",\"valueRequired\":true,\"valueName\":\"search_term_string\"}}],\"inLanguage\":\"es-AR\"},{\"@type\":\"Organization\",\"@id\":\"https:\\\/\\\/elcanillita.info\\\/press\\\/#organization\",\"name\":\"Guzzo Photos & Graphic Publications\",\"url\":\"https:\\\/\\\/elcanillita.info\\\/press\\\/\",\"logo\":{\"@type\":\"ImageObject\",\"inLanguage\":\"es-AR\",\"@id\":\"https:\\\/\\\/elcanillita.info\\\/press\\\/#\\\/schema\\\/logo\\\/image\\\/\",\"url\":\"https:\\\/\\\/elcanillita.info\\\/press\\\/images\\\/2020\\\/01\\\/cropped-cropped-cropped-elcanillitainfo.png\",\"contentUrl\":\"https:\\\/\\\/elcanillita.info\\\/press\\\/images\\\/2020\\\/01\\\/cropped-cropped-cropped-elcanillitainfo.png\",\"width\":460,\"height\":50,\"caption\":\"Guzzo Photos & Graphic Publications\"},\"image\":{\"@id\":\"https:\\\/\\\/elcanillita.info\\\/press\\\/#\\\/schema\\\/logo\\\/image\\\/\"},\"sameAs\":[\"https:\\\/\\\/ar-ar.facebook.com\\\/ElCanillitainfo-114249515285712\\\/\"]},{\"@type\":\"Person\",\"@id\":\"https:\\\/\\\/elcanillita.info\\\/press\\\/#\\\/schema\\\/person\\\/7fcb79f38045700919f7da6d97e71ba0\",\"name\":\"SalaStampa.eu, world press service\",\"image\":{\"@type\":\"ImageObject\",\"inLanguage\":\"es-AR\",\"@id\":\"https:\\\/\\\/secure.gravatar.com\\\/avatar\\\/c2f0e0d515a107624234994507816ca4724c7199cef73fc8bedebf6931d73888?s=96&d=mm&r=g\",\"url\":\"https:\\\/\\\/secure.gravatar.com\\\/avatar\\\/c2f0e0d515a107624234994507816ca4724c7199cef73fc8bedebf6931d73888?s=96&d=mm&r=g\",\"contentUrl\":\"https:\\\/\\\/secure.gravatar.com\\\/avatar\\\/c2f0e0d515a107624234994507816ca4724c7199cef73fc8bedebf6931d73888?s=96&d=mm&r=g\",\"caption\":\"SalaStampa.eu, world press service\"}}]}<\/script>\n<!-- \/ Yoast SEO plugin. -->","yoast_head_json":{"title":"Portento Argentino - ElCanillita.Info","description":"El neo Presidente argentino Javier Milei, asumir\u00e1 el domingo uno de los desaf\u00edos econ\u00f3micos m\u00e1s dif\u00edciles del mundo.","robots":{"index":"index","follow":"follow","max-snippet":"max-snippet:-1","max-image-preview":"max-image-preview:large","max-video-preview":"max-video-preview:-1"},"canonical":"https:\/\/elcanillita.info\/press\/2023\/12\/08\/portento-argentino\/","og_locale":"es_ES","og_type":"article","og_title":"Portento Argentino - ElCanillita.Info","og_description":"El neo Presidente argentino Javier Milei, asumir\u00e1 el domingo uno de los desaf\u00edos econ\u00f3micos m\u00e1s dif\u00edciles del mundo.","og_url":"https:\/\/elcanillita.info\/press\/2023\/12\/08\/portento-argentino\/","og_site_name":"ElCanillita.Info","article_publisher":"https:\/\/ar-ar.facebook.com\/ElCanillitainfo-114249515285712\/","article_published_time":"2023-12-08T21:06:05+00:00","article_modified_time":"2023-12-08T21:09:48+00:00","og_image":[{"width":600,"height":400,"url":"https:\/\/elcanillita.info\/press\/images\/2023\/12\/Mil_20231208.jpg","type":"image\/jpeg"}],"author":"SalaStampa.eu, world press service","twitter_card":"summary_large_image","twitter_misc":{"Escrito por":"SalaStampa.eu, world press service","Tiempo de lectura":"4 minutos"},"schema":{"@context":"https:\/\/schema.org","@graph":[{"@type":"Article","@id":"https:\/\/elcanillita.info\/press\/2023\/12\/08\/portento-argentino\/#article","isPartOf":{"@id":"https:\/\/elcanillita.info\/press\/2023\/12\/08\/portento-argentino\/"},"author":{"name":"SalaStampa.eu, world press service","@id":"https:\/\/elcanillita.info\/press\/#\/schema\/person\/7fcb79f38045700919f7da6d97e71ba0"},"headline":"Portento Argentino","datePublished":"2023-12-08T21:06:05+00:00","dateModified":"2023-12-08T21:09:48+00:00","mainEntityOfPage":{"@id":"https:\/\/elcanillita.info\/press\/2023\/12\/08\/portento-argentino\/"},"wordCount":783,"publisher":{"@id":"https:\/\/elcanillita.info\/press\/#organization"},"image":{"@id":"https:\/\/elcanillita.info\/press\/2023\/12\/08\/portento-argentino\/#primaryimage"},"thumbnailUrl":"https:\/\/elcanillita.info\/press\/images\/2023\/12\/Mil_20231208.jpg","keywords":["Argentina"],"articleSection":[".",".","Actualidad","Argentina","Economia"],"inLanguage":"es-AR"},{"@type":"WebPage","@id":"https:\/\/elcanillita.info\/press\/2023\/12\/08\/portento-argentino\/","url":"https:\/\/elcanillita.info\/press\/2023\/12\/08\/portento-argentino\/","name":"Portento Argentino - ElCanillita.Info","isPartOf":{"@id":"https:\/\/elcanillita.info\/press\/#website"},"primaryImageOfPage":{"@id":"https:\/\/elcanillita.info\/press\/2023\/12\/08\/portento-argentino\/#primaryimage"},"image":{"@id":"https:\/\/elcanillita.info\/press\/2023\/12\/08\/portento-argentino\/#primaryimage"},"thumbnailUrl":"https:\/\/elcanillita.info\/press\/images\/2023\/12\/Mil_20231208.jpg","datePublished":"2023-12-08T21:06:05+00:00","dateModified":"2023-12-08T21:09:48+00:00","description":"El neo Presidente argentino Javier Milei, asumir\u00e1 el domingo uno de los desaf\u00edos econ\u00f3micos m\u00e1s dif\u00edciles del mundo.","inLanguage":"es-AR","potentialAction":[{"@type":"ReadAction","target":["https:\/\/elcanillita.info\/press\/2023\/12\/08\/portento-argentino\/"]}]},{"@type":"ImageObject","inLanguage":"es-AR","@id":"https:\/\/elcanillita.info\/press\/2023\/12\/08\/portento-argentino\/#primaryimage","url":"https:\/\/elcanillita.info\/press\/images\/2023\/12\/Mil_20231208.jpg","contentUrl":"https:\/\/elcanillita.info\/press\/images\/2023\/12\/Mil_20231208.jpg","width":600,"height":400},{"@type":"WebSite","@id":"https:\/\/elcanillita.info\/press\/#website","url":"https:\/\/elcanillita.info\/press\/","name":"ElCanillita.Info","description":"desde los Apeninos a los Andes","publisher":{"@id":"https:\/\/elcanillita.info\/press\/#organization"},"potentialAction":[{"@type":"SearchAction","target":{"@type":"EntryPoint","urlTemplate":"https:\/\/elcanillita.info\/press\/?s={search_term_string}"},"query-input":{"@type":"PropertyValueSpecification","valueRequired":true,"valueName":"search_term_string"}}],"inLanguage":"es-AR"},{"@type":"Organization","@id":"https:\/\/elcanillita.info\/press\/#organization","name":"Guzzo Photos & Graphic Publications","url":"https:\/\/elcanillita.info\/press\/","logo":{"@type":"ImageObject","inLanguage":"es-AR","@id":"https:\/\/elcanillita.info\/press\/#\/schema\/logo\/image\/","url":"https:\/\/elcanillita.info\/press\/images\/2020\/01\/cropped-cropped-cropped-elcanillitainfo.png","contentUrl":"https:\/\/elcanillita.info\/press\/images\/2020\/01\/cropped-cropped-cropped-elcanillitainfo.png","width":460,"height":50,"caption":"Guzzo Photos & Graphic Publications"},"image":{"@id":"https:\/\/elcanillita.info\/press\/#\/schema\/logo\/image\/"},"sameAs":["https:\/\/ar-ar.facebook.com\/ElCanillitainfo-114249515285712\/"]},{"@type":"Person","@id":"https:\/\/elcanillita.info\/press\/#\/schema\/person\/7fcb79f38045700919f7da6d97e71ba0","name":"SalaStampa.eu, world press service","image":{"@type":"ImageObject","inLanguage":"es-AR","@id":"https:\/\/secure.gravatar.com\/avatar\/c2f0e0d515a107624234994507816ca4724c7199cef73fc8bedebf6931d73888?s=96&d=mm&r=g","url":"https:\/\/secure.gravatar.com\/avatar\/c2f0e0d515a107624234994507816ca4724c7199cef73fc8bedebf6931d73888?s=96&d=mm&r=g","contentUrl":"https:\/\/secure.gravatar.com\/avatar\/c2f0e0d515a107624234994507816ca4724c7199cef73fc8bedebf6931d73888?s=96&d=mm&r=g","caption":"SalaStampa.eu, world press service"}}]}},"views":377,"_links":{"self":[{"href":"https:\/\/elcanillita.info\/press\/wp-json\/wp\/v2\/posts\/3912","targetHints":{"allow":["GET"]}}],"collection":[{"href":"https:\/\/elcanillita.info\/press\/wp-json\/wp\/v2\/posts"}],"about":[{"href":"https:\/\/elcanillita.info\/press\/wp-json\/wp\/v2\/types\/post"}],"author":[{"embeddable":true,"href":"https:\/\/elcanillita.info\/press\/wp-json\/wp\/v2\/users\/1"}],"replies":[{"embeddable":true,"href":"https:\/\/elcanillita.info\/press\/wp-json\/wp\/v2\/comments?post=3912"}],"version-history":[{"count":0,"href":"https:\/\/elcanillita.info\/press\/wp-json\/wp\/v2\/posts\/3912\/revisions"}],"wp:featuredmedia":[{"embeddable":true,"href":"https:\/\/elcanillita.info\/press\/wp-json\/wp\/v2\/media\/3914"}],"wp:attachment":[{"href":"https:\/\/elcanillita.info\/press\/wp-json\/wp\/v2\/media?parent=3912"}],"wp:term":[{"taxonomy":"category","embeddable":true,"href":"https:\/\/elcanillita.info\/press\/wp-json\/wp\/v2\/categories?post=3912"},{"taxonomy":"post_tag","embeddable":true,"href":"https:\/\/elcanillita.info\/press\/wp-json\/wp\/v2\/tags?post=3912"}],"curies":[{"name":"wp","href":"https:\/\/api.w.org\/{rel}","templated":true}]}}