{"id":3909,"date":"2023-12-03T14:40:45","date_gmt":"2023-12-03T17:40:45","guid":{"rendered":"https:\/\/elcanillita.info\/press\/?p=3909"},"modified":"2023-12-03T14:44:36","modified_gmt":"2023-12-03T17:44:36","slug":"jefatura-de-la-pobreza-argentina","status":"publish","type":"post","link":"https:\/\/elcanillita.info\/press\/2023\/12\/03\/jefatura-de-la-pobreza-argentina\/","title":{"rendered":"Jefatura de la pobreza argentina"},"content":{"rendered":"\n<figure class=\"wp-block-image size-full\"><img loading=\"lazy\" decoding=\"async\" width=\"600\" height=\"337\" src=\"https:\/\/elcanillita.info\/press\/images\/2023\/06\/gmor1_20230624.jpg\" alt=\"\" class=\"wp-image-3539\" srcset=\"https:\/\/elcanillita.info\/press\/images\/2023\/06\/gmor1_20230624.jpg 600w, https:\/\/elcanillita.info\/press\/images\/2023\/06\/gmor1_20230624-300x169.jpg 300w\" sizes=\"auto, (max-width: 600px) 100vw, 600px\" \/><\/figure>\n\n\n\n<p><strong>por Enrique Guillermo Avogadro<\/strong><br><strong>Buenos Aires, 3\/12\/2023<\/strong><br>La Asociaci\u00f3n de Trabajadores del Estado (ATE) y algunos de los muchos gerentes de la pobreza han decidido desconocer por completo la paliza monumental que, por ser parte del pero\/ladri\/trotskismo derrotado, recibieron hace s\u00f3lo quince d\u00edas en las urnas. Creo que pocas veces en la historia mundial se dio una diferencia tan abrumadora (casi 12%) en un ballotage, elecciones en las que la distancia entre los candidatos dif\u00edcilmente superan los dos puntos.<br>Y en esa saga, convocaron a un paro nacional para el 11 de diciembre, esto es, a un d\u00eda -24 hs.- de la asunci\u00f3n de Javier Milei, y proponen reeditar los amenazadores helic\u00f3pteros para derrocarlo a breve plazo. Con esa actitud, est\u00e1n explicitando cu\u00e1l ser\u00e1 el tono de la resistencia que opondr\u00e1n a las las medidas, a\u00fan no demasiado claras, que pretenda llevar adelante el nuevo Presidente para intentar sacarnos a todos de la sima en que estamos desde hace tantas d\u00e9cadas.<br><br>Hasta hoy, cada uno de nosotros pod\u00edamos hacer nuestra el famoso apotegma que describe a la Argentina como un pa\u00eds en el cual, si te vas por quince d\u00edas, al regresar encontrar\u00e1s todo cambiado pero, si te vas por seis meses, nada habr\u00e1 cambiado. Pero el libertario nos propone una senda de sacrificio que, sin duda, lleva a una esperanza de resurrecci\u00f3n; esa propuesta fue acompa\u00f1ada, con votos propios y prestados, por el 56% del electorado.<br>Por ello, acompa\u00f1ar a Milei el domingo 10 en Plaza de Mayo es una verdadera obligaci\u00f3n para la ciudadan\u00eda que, seguramente, se ver\u00e1 tambi\u00e9n conminada a parar los pies a todos aqu\u00e9llos que, sin escr\u00fapulos, recurrir\u00e1n a la violencia para \u201ctirar un muerto\u201d a la nueva administraci\u00f3n m\u00e1s temprano que tarde. Pero all\u00ed estar\u00e1 Patricia Bullrich para impedirlo, cumpliendo as\u00ed a una de las m\u00e1s importantes propuestas de la campa\u00f1a electoral de La Libertad Avanza: \u201cdentro de la ley, todo; fuera de ella, nada\u201d.<\/p>\n\n\n\n<p>Conf\u00edo en que Milei no cometa ninguno de los dos graves errores en que incurri\u00f3 Macri: a) al asumir, no decir la verdad sobre la herencia recibida para no deprimir a la sociedad, y b) negociar con todos los gobernadores juntos, en lugar de hacerlo uno a uno, lo cual permiti\u00f3 a \u00e9stos armar un frente de apretadores seriales.<br>Una propuesta del nuevo Presidente me parece acertad\u00edsima: terminar con las elecciones de medio t\u00e9rmino, que nos obligan a estar permanentemente en campa\u00f1a. En otro tiempo, tal vez como una medida de segunda o tercera generaci\u00f3n, tambi\u00e9n deber\u00edamos modificar la Constituci\u00f3n para volver a los per\u00edodos presidenciales de seis a\u00f1os, sin reelecci\u00f3n.<\/p>\n\n\n\n<p>En otro orden de cosas, es importante recordar que el tan prestigioso Rodolfo Barra, designado Procurador del Tesoro, tendr\u00e1 su m\u00e1s grave desaf\u00edo a un mes del cambio de gobierno; se trata, nada menos, que el juicio que Argentina perdi\u00f3 en Nueva York por la catastr\u00f3fica estatizaci\u00f3n del 51% de YPF, en el cual la Juez Loretta Preska ha dado plazo hasta el 10 de enero para apelar su sentencia, una medida que implica que deberemos ofrecer garant\u00edas sobre el monto de condena: \u00a1US$ 16.000 millones! Cuando ese fallo quede firme, Cristinita ver\u00e1 engordar sus arcas personales por el equivalente al 30% del monto final.<br><br>Alg\u00fan fiscal deber\u00eda imputar a Carlos Chino Zannini y a Axel Kiciloff, a uno como ex Secretario Legal y T\u00e9cnico y, al otro, como ex Ministro de Econom\u00eda, tanto por mal desempe\u00f1o de sus funciones cuanto por ser c\u00f3mplices de ese monumental robo a nuestro pa\u00eds; argumentos y pruebas, sobran.<br>Y algo similar deber\u00eda hacerse para impedir que Alberto Fern\u00e1ndez y Sergio Massa se vayan del pa\u00eds a gozar, en Espa\u00f1a y Estados Unidos respectivamente, de las fortunas que acumularon mientras destru\u00edan al pa\u00eds hasta los cimientos, dej\u00e1ndolo en un estado de postraci\u00f3n in\u00e9dito.<\/p>\n\n\n\n<p>A lo largo de los diecinueve a\u00f1os que llevo escribiendo estas notas, he cometido dos errores importantes de apreciaci\u00f3n sobre Cristina Fern\u00e1ndez. En 2011, sostuve que no se presentar\u00eda a la reelecci\u00f3n para no auto-heredar el desastre que su primer per\u00edodo hab\u00eda producido; sin embargo, no s\u00f3lo lo hizo sino que, con el vestidito negro de viuda, logr\u00f3 el 54% de los votos. Y en 2022 escrib\u00ed que, para transitar con cierta tranquilidad el calvario judicial que la espera, se postular\u00eda como Senadora por las provincias de Buenos Aires o de Santa Cruz; la sorpresa fue may\u00fascula cuando se abstuvo, ya que carecer\u00e1 de fueros a partir de la semana pr\u00f3xima, y hay varios magistrados afilando los cuchillos. Con sus reconocidos recursos pol\u00edticos, \u00bfqu\u00e9 estar\u00e1 pensando para complicar la vida a Milei y, con \u00e9l, a todos los argentinos?<br><br>Nos quedan siete  escasos d\u00edas de tratamiento ansiol\u00edtico, pero conf\u00edo en que, por primera vez en el siglo, esta vez estaremos a la altura de las circunstancias para impedir que la resistencia de la que habl\u00e9 antes logre nuevamente frustrarnos y quitarnos esta nueva esperanza.<br>Nos encontraremos aqu\u00ed el s\u00e1bado pr\u00f3ximo, cuando ya estaremos velando las armas de la Rep\u00fablica y la democracia para luchar contra los violentos y los corruptos de siempre.<br><br><small>\u00a9 Copyright 2023 Enrique Guillermo Avogadro<br>\u00a9 2023 ElCanillita.info \/ SalaStampa.Eu, servicio mundial de prensa<\/small><br><br><\/p>\n","protected":false},"excerpt":{"rendered":"<p>Famoso apotegma que describe a la Argentina como un pa\u00eds en el cual, si te vas por quince d\u00edas, al regresar encontrar\u00e1s todo cambiado pero, si te vas por seis meses, nada habr\u00e1 cambiado.<\/p>\n","protected":false},"author":1,"featured_media":3718,"comment_status":"closed","ping_status":"closed","sticky":false,"template":"","format":"standard","meta":{"footnotes":"","_links_to":"","_links_to_target":""},"categories":[121,108,123],"tags":[],"class_list":["post-3909","post","type-post","status-publish","format-standard","has-post-thumbnail","hentry","category-dc24","category-blogdiario","category-argentina","entry","double"],"yoast_head":"<!-- This site is optimized with the Yoast SEO plugin v27.4 - https:\/\/yoast.com\/product\/yoast-seo-wordpress\/ -->\n<title>Jefatura de la pobreza argentina - ElCanillita.Info<\/title>\n<meta name=\"robots\" content=\"index, follow, max-snippet:-1, max-image-preview:large, max-video-preview:-1\" \/>\n<link rel=\"canonical\" href=\"https:\/\/elcanillita.info\/press\/2023\/12\/03\/jefatura-de-la-pobreza-argentina\/\" \/>\n<meta property=\"og:locale\" content=\"es_ES\" \/>\n<meta property=\"og:type\" content=\"article\" \/>\n<meta property=\"og:title\" content=\"Jefatura de la pobreza argentina - ElCanillita.Info\" \/>\n<meta property=\"og:description\" content=\"Famoso apotegma que describe a la Argentina como un pa\u00eds en el cual, si te vas por quince d\u00edas, al regresar encontrar\u00e1s todo cambiado pero, si te vas por seis meses, nada habr\u00e1 cambiado.\" \/>\n<meta property=\"og:url\" content=\"https:\/\/elcanillita.info\/press\/2023\/12\/03\/jefatura-de-la-pobreza-argentina\/\" \/>\n<meta property=\"og:site_name\" content=\"ElCanillita.Info\" \/>\n<meta property=\"article:publisher\" content=\"https:\/\/ar-ar.facebook.com\/ElCanillitainfo-114249515285712\/\" \/>\n<meta property=\"article:published_time\" content=\"2023-12-03T17:40:45+00:00\" \/>\n<meta property=\"article:modified_time\" content=\"2023-12-03T17:44:36+00:00\" \/>\n<meta property=\"og:image\" content=\"https:\/\/elcanillita.info\/press\/images\/2023\/09\/covER_20230903.jpg\" \/>\n\t<meta property=\"og:image:width\" content=\"600\" \/>\n\t<meta property=\"og:image:height\" content=\"400\" \/>\n\t<meta property=\"og:image:type\" content=\"image\/jpeg\" \/>\n<meta name=\"author\" content=\"SalaStampa.eu, world press service\" \/>\n<meta name=\"twitter:card\" content=\"summary_large_image\" \/>\n<meta name=\"twitter:label1\" content=\"Escrito por\" \/>\n\t<meta name=\"twitter:data1\" content=\"SalaStampa.eu, world press service\" \/>\n\t<meta name=\"twitter:label2\" content=\"Tiempo de lectura\" \/>\n\t<meta name=\"twitter:data2\" content=\"5 minutos\" \/>\n<script type=\"application\/ld+json\" class=\"yoast-schema-graph\">{\"@context\":\"https:\\\/\\\/schema.org\",\"@graph\":[{\"@type\":\"Article\",\"@id\":\"https:\\\/\\\/elcanillita.info\\\/press\\\/2023\\\/12\\\/03\\\/jefatura-de-la-pobreza-argentina\\\/#article\",\"isPartOf\":{\"@id\":\"https:\\\/\\\/elcanillita.info\\\/press\\\/2023\\\/12\\\/03\\\/jefatura-de-la-pobreza-argentina\\\/\"},\"author\":{\"name\":\"SalaStampa.eu, world press service\",\"@id\":\"https:\\\/\\\/elcanillita.info\\\/press\\\/#\\\/schema\\\/person\\\/7fcb79f38045700919f7da6d97e71ba0\"},\"headline\":\"Jefatura de la pobreza argentina\",\"datePublished\":\"2023-12-03T17:40:45+00:00\",\"dateModified\":\"2023-12-03T17:44:36+00:00\",\"mainEntityOfPage\":{\"@id\":\"https:\\\/\\\/elcanillita.info\\\/press\\\/2023\\\/12\\\/03\\\/jefatura-de-la-pobreza-argentina\\\/\"},\"wordCount\":930,\"publisher\":{\"@id\":\"https:\\\/\\\/elcanillita.info\\\/press\\\/#organization\"},\"image\":{\"@id\":\"https:\\\/\\\/elcanillita.info\\\/press\\\/2023\\\/12\\\/03\\\/jefatura-de-la-pobreza-argentina\\\/#primaryimage\"},\"thumbnailUrl\":\"https:\\\/\\\/elcanillita.info\\\/press\\\/images\\\/2023\\\/09\\\/covER_20230903.jpg\",\"articleSection\":[\".\",\".\",\"Argentina\"],\"inLanguage\":\"es-AR\"},{\"@type\":\"WebPage\",\"@id\":\"https:\\\/\\\/elcanillita.info\\\/press\\\/2023\\\/12\\\/03\\\/jefatura-de-la-pobreza-argentina\\\/\",\"url\":\"https:\\\/\\\/elcanillita.info\\\/press\\\/2023\\\/12\\\/03\\\/jefatura-de-la-pobreza-argentina\\\/\",\"name\":\"Jefatura de la pobreza argentina - ElCanillita.Info\",\"isPartOf\":{\"@id\":\"https:\\\/\\\/elcanillita.info\\\/press\\\/#website\"},\"primaryImageOfPage\":{\"@id\":\"https:\\\/\\\/elcanillita.info\\\/press\\\/2023\\\/12\\\/03\\\/jefatura-de-la-pobreza-argentina\\\/#primaryimage\"},\"image\":{\"@id\":\"https:\\\/\\\/elcanillita.info\\\/press\\\/2023\\\/12\\\/03\\\/jefatura-de-la-pobreza-argentina\\\/#primaryimage\"},\"thumbnailUrl\":\"https:\\\/\\\/elcanillita.info\\\/press\\\/images\\\/2023\\\/09\\\/covER_20230903.jpg\",\"datePublished\":\"2023-12-03T17:40:45+00:00\",\"dateModified\":\"2023-12-03T17:44:36+00:00\",\"inLanguage\":\"es-AR\",\"potentialAction\":[{\"@type\":\"ReadAction\",\"target\":[\"https:\\\/\\\/elcanillita.info\\\/press\\\/2023\\\/12\\\/03\\\/jefatura-de-la-pobreza-argentina\\\/\"]}]},{\"@type\":\"ImageObject\",\"inLanguage\":\"es-AR\",\"@id\":\"https:\\\/\\\/elcanillita.info\\\/press\\\/2023\\\/12\\\/03\\\/jefatura-de-la-pobreza-argentina\\\/#primaryimage\",\"url\":\"https:\\\/\\\/elcanillita.info\\\/press\\\/images\\\/2023\\\/09\\\/covER_20230903.jpg\",\"contentUrl\":\"https:\\\/\\\/elcanillita.info\\\/press\\\/images\\\/2023\\\/09\\\/covER_20230903.jpg\",\"width\":600,\"height\":400},{\"@type\":\"WebSite\",\"@id\":\"https:\\\/\\\/elcanillita.info\\\/press\\\/#website\",\"url\":\"https:\\\/\\\/elcanillita.info\\\/press\\\/\",\"name\":\"ElCanillita.Info\",\"description\":\"desde los Apeninos a los Andes\",\"publisher\":{\"@id\":\"https:\\\/\\\/elcanillita.info\\\/press\\\/#organization\"},\"potentialAction\":[{\"@type\":\"SearchAction\",\"target\":{\"@type\":\"EntryPoint\",\"urlTemplate\":\"https:\\\/\\\/elcanillita.info\\\/press\\\/?s={search_term_string}\"},\"query-input\":{\"@type\":\"PropertyValueSpecification\",\"valueRequired\":true,\"valueName\":\"search_term_string\"}}],\"inLanguage\":\"es-AR\"},{\"@type\":\"Organization\",\"@id\":\"https:\\\/\\\/elcanillita.info\\\/press\\\/#organization\",\"name\":\"Guzzo Photos & Graphic Publications\",\"url\":\"https:\\\/\\\/elcanillita.info\\\/press\\\/\",\"logo\":{\"@type\":\"ImageObject\",\"inLanguage\":\"es-AR\",\"@id\":\"https:\\\/\\\/elcanillita.info\\\/press\\\/#\\\/schema\\\/logo\\\/image\\\/\",\"url\":\"https:\\\/\\\/elcanillita.info\\\/press\\\/images\\\/2020\\\/01\\\/cropped-cropped-cropped-elcanillitainfo.png\",\"contentUrl\":\"https:\\\/\\\/elcanillita.info\\\/press\\\/images\\\/2020\\\/01\\\/cropped-cropped-cropped-elcanillitainfo.png\",\"width\":460,\"height\":50,\"caption\":\"Guzzo Photos & Graphic Publications\"},\"image\":{\"@id\":\"https:\\\/\\\/elcanillita.info\\\/press\\\/#\\\/schema\\\/logo\\\/image\\\/\"},\"sameAs\":[\"https:\\\/\\\/ar-ar.facebook.com\\\/ElCanillitainfo-114249515285712\\\/\"]},{\"@type\":\"Person\",\"@id\":\"https:\\\/\\\/elcanillita.info\\\/press\\\/#\\\/schema\\\/person\\\/7fcb79f38045700919f7da6d97e71ba0\",\"name\":\"SalaStampa.eu, world press service\",\"image\":{\"@type\":\"ImageObject\",\"inLanguage\":\"es-AR\",\"@id\":\"https:\\\/\\\/secure.gravatar.com\\\/avatar\\\/c2f0e0d515a107624234994507816ca4724c7199cef73fc8bedebf6931d73888?s=96&d=mm&r=g\",\"url\":\"https:\\\/\\\/secure.gravatar.com\\\/avatar\\\/c2f0e0d515a107624234994507816ca4724c7199cef73fc8bedebf6931d73888?s=96&d=mm&r=g\",\"contentUrl\":\"https:\\\/\\\/secure.gravatar.com\\\/avatar\\\/c2f0e0d515a107624234994507816ca4724c7199cef73fc8bedebf6931d73888?s=96&d=mm&r=g\",\"caption\":\"SalaStampa.eu, world press service\"}}]}<\/script>\n<!-- \/ Yoast SEO plugin. -->","yoast_head_json":{"title":"Jefatura de la pobreza argentina - ElCanillita.Info","robots":{"index":"index","follow":"follow","max-snippet":"max-snippet:-1","max-image-preview":"max-image-preview:large","max-video-preview":"max-video-preview:-1"},"canonical":"https:\/\/elcanillita.info\/press\/2023\/12\/03\/jefatura-de-la-pobreza-argentina\/","og_locale":"es_ES","og_type":"article","og_title":"Jefatura de la pobreza argentina - ElCanillita.Info","og_description":"Famoso apotegma que describe a la Argentina como un pa\u00eds en el cual, si te vas por quince d\u00edas, al regresar encontrar\u00e1s todo cambiado pero, si te vas por seis meses, nada habr\u00e1 cambiado.","og_url":"https:\/\/elcanillita.info\/press\/2023\/12\/03\/jefatura-de-la-pobreza-argentina\/","og_site_name":"ElCanillita.Info","article_publisher":"https:\/\/ar-ar.facebook.com\/ElCanillitainfo-114249515285712\/","article_published_time":"2023-12-03T17:40:45+00:00","article_modified_time":"2023-12-03T17:44:36+00:00","og_image":[{"width":600,"height":400,"url":"https:\/\/elcanillita.info\/press\/images\/2023\/09\/covER_20230903.jpg","type":"image\/jpeg"}],"author":"SalaStampa.eu, world press service","twitter_card":"summary_large_image","twitter_misc":{"Escrito por":"SalaStampa.eu, world press service","Tiempo de lectura":"5 minutos"},"schema":{"@context":"https:\/\/schema.org","@graph":[{"@type":"Article","@id":"https:\/\/elcanillita.info\/press\/2023\/12\/03\/jefatura-de-la-pobreza-argentina\/#article","isPartOf":{"@id":"https:\/\/elcanillita.info\/press\/2023\/12\/03\/jefatura-de-la-pobreza-argentina\/"},"author":{"name":"SalaStampa.eu, world press service","@id":"https:\/\/elcanillita.info\/press\/#\/schema\/person\/7fcb79f38045700919f7da6d97e71ba0"},"headline":"Jefatura de la pobreza argentina","datePublished":"2023-12-03T17:40:45+00:00","dateModified":"2023-12-03T17:44:36+00:00","mainEntityOfPage":{"@id":"https:\/\/elcanillita.info\/press\/2023\/12\/03\/jefatura-de-la-pobreza-argentina\/"},"wordCount":930,"publisher":{"@id":"https:\/\/elcanillita.info\/press\/#organization"},"image":{"@id":"https:\/\/elcanillita.info\/press\/2023\/12\/03\/jefatura-de-la-pobreza-argentina\/#primaryimage"},"thumbnailUrl":"https:\/\/elcanillita.info\/press\/images\/2023\/09\/covER_20230903.jpg","articleSection":[".",".","Argentina"],"inLanguage":"es-AR"},{"@type":"WebPage","@id":"https:\/\/elcanillita.info\/press\/2023\/12\/03\/jefatura-de-la-pobreza-argentina\/","url":"https:\/\/elcanillita.info\/press\/2023\/12\/03\/jefatura-de-la-pobreza-argentina\/","name":"Jefatura de la pobreza argentina - ElCanillita.Info","isPartOf":{"@id":"https:\/\/elcanillita.info\/press\/#website"},"primaryImageOfPage":{"@id":"https:\/\/elcanillita.info\/press\/2023\/12\/03\/jefatura-de-la-pobreza-argentina\/#primaryimage"},"image":{"@id":"https:\/\/elcanillita.info\/press\/2023\/12\/03\/jefatura-de-la-pobreza-argentina\/#primaryimage"},"thumbnailUrl":"https:\/\/elcanillita.info\/press\/images\/2023\/09\/covER_20230903.jpg","datePublished":"2023-12-03T17:40:45+00:00","dateModified":"2023-12-03T17:44:36+00:00","inLanguage":"es-AR","potentialAction":[{"@type":"ReadAction","target":["https:\/\/elcanillita.info\/press\/2023\/12\/03\/jefatura-de-la-pobreza-argentina\/"]}]},{"@type":"ImageObject","inLanguage":"es-AR","@id":"https:\/\/elcanillita.info\/press\/2023\/12\/03\/jefatura-de-la-pobreza-argentina\/#primaryimage","url":"https:\/\/elcanillita.info\/press\/images\/2023\/09\/covER_20230903.jpg","contentUrl":"https:\/\/elcanillita.info\/press\/images\/2023\/09\/covER_20230903.jpg","width":600,"height":400},{"@type":"WebSite","@id":"https:\/\/elcanillita.info\/press\/#website","url":"https:\/\/elcanillita.info\/press\/","name":"ElCanillita.Info","description":"desde los Apeninos a los Andes","publisher":{"@id":"https:\/\/elcanillita.info\/press\/#organization"},"potentialAction":[{"@type":"SearchAction","target":{"@type":"EntryPoint","urlTemplate":"https:\/\/elcanillita.info\/press\/?s={search_term_string}"},"query-input":{"@type":"PropertyValueSpecification","valueRequired":true,"valueName":"search_term_string"}}],"inLanguage":"es-AR"},{"@type":"Organization","@id":"https:\/\/elcanillita.info\/press\/#organization","name":"Guzzo Photos & Graphic Publications","url":"https:\/\/elcanillita.info\/press\/","logo":{"@type":"ImageObject","inLanguage":"es-AR","@id":"https:\/\/elcanillita.info\/press\/#\/schema\/logo\/image\/","url":"https:\/\/elcanillita.info\/press\/images\/2020\/01\/cropped-cropped-cropped-elcanillitainfo.png","contentUrl":"https:\/\/elcanillita.info\/press\/images\/2020\/01\/cropped-cropped-cropped-elcanillitainfo.png","width":460,"height":50,"caption":"Guzzo Photos & Graphic Publications"},"image":{"@id":"https:\/\/elcanillita.info\/press\/#\/schema\/logo\/image\/"},"sameAs":["https:\/\/ar-ar.facebook.com\/ElCanillitainfo-114249515285712\/"]},{"@type":"Person","@id":"https:\/\/elcanillita.info\/press\/#\/schema\/person\/7fcb79f38045700919f7da6d97e71ba0","name":"SalaStampa.eu, world press service","image":{"@type":"ImageObject","inLanguage":"es-AR","@id":"https:\/\/secure.gravatar.com\/avatar\/c2f0e0d515a107624234994507816ca4724c7199cef73fc8bedebf6931d73888?s=96&d=mm&r=g","url":"https:\/\/secure.gravatar.com\/avatar\/c2f0e0d515a107624234994507816ca4724c7199cef73fc8bedebf6931d73888?s=96&d=mm&r=g","contentUrl":"https:\/\/secure.gravatar.com\/avatar\/c2f0e0d515a107624234994507816ca4724c7199cef73fc8bedebf6931d73888?s=96&d=mm&r=g","caption":"SalaStampa.eu, world press service"}}]}},"views":538,"_links":{"self":[{"href":"https:\/\/elcanillita.info\/press\/wp-json\/wp\/v2\/posts\/3909","targetHints":{"allow":["GET"]}}],"collection":[{"href":"https:\/\/elcanillita.info\/press\/wp-json\/wp\/v2\/posts"}],"about":[{"href":"https:\/\/elcanillita.info\/press\/wp-json\/wp\/v2\/types\/post"}],"author":[{"embeddable":true,"href":"https:\/\/elcanillita.info\/press\/wp-json\/wp\/v2\/users\/1"}],"replies":[{"embeddable":true,"href":"https:\/\/elcanillita.info\/press\/wp-json\/wp\/v2\/comments?post=3909"}],"version-history":[{"count":0,"href":"https:\/\/elcanillita.info\/press\/wp-json\/wp\/v2\/posts\/3909\/revisions"}],"wp:featuredmedia":[{"embeddable":true,"href":"https:\/\/elcanillita.info\/press\/wp-json\/wp\/v2\/media\/3718"}],"wp:attachment":[{"href":"https:\/\/elcanillita.info\/press\/wp-json\/wp\/v2\/media?parent=3909"}],"wp:term":[{"taxonomy":"category","embeddable":true,"href":"https:\/\/elcanillita.info\/press\/wp-json\/wp\/v2\/categories?post=3909"},{"taxonomy":"post_tag","embeddable":true,"href":"https:\/\/elcanillita.info\/press\/wp-json\/wp\/v2\/tags?post=3909"}],"curies":[{"name":"wp","href":"https:\/\/api.w.org\/{rel}","templated":true}]}}