{"id":3895,"date":"2023-12-01T20:34:36","date_gmt":"2023-12-01T23:34:36","guid":{"rendered":"https:\/\/elcanillita.info\/press\/?p=3895"},"modified":"2023-12-09T17:43:14","modified_gmt":"2023-12-09T20:43:14","slug":"no-me-atosigueis","status":"publish","type":"post","link":"https:\/\/elcanillita.info\/press\/2023\/12\/01\/no-me-atosigueis\/","title":{"rendered":"\u201cNo me atosigu\u00e9is\u201d"},"content":{"rendered":"\n<figure class=\"wp-block-image size-full\"><img loading=\"lazy\" decoding=\"async\" width=\"600\" height=\"400\" src=\"https:\/\/elcanillita.info\/press\/images\/2023\/11\/mil_20211118.jpg\" alt=\"\" class=\"wp-image-3820\" srcset=\"https:\/\/elcanillita.info\/press\/images\/2023\/11\/mil_20211118.jpg 600w, https:\/\/elcanillita.info\/press\/images\/2023\/11\/mil_20211118-300x200.jpg 300w\" sizes=\"auto, (max-width: 600px) 100vw, 600px\" \/><\/figure>\n\n\n\n<p><strong>por Enrique Guillermo Avogadro<\/strong><br><small>\u201cDe nada debe huir el hombre prudente tanto como de vivir seg\u00fan la opini\u00f3n de los dem\u00e1s\u201d.<\/small><br><small>San Basilio<\/small><br><br><strong>Buenos Aires, 02\/12\/2023<\/strong><br>Resulta verdaderamente absurdo el espect\u00e1culo que est\u00e1 brindando la prensa, en todas sus formas, al hacer suyos los rumores que circulan, muchas veces generados por los propios interesados, acerca de los nombres que formar\u00e1n parte del primer equipo ministerial de Javier Milei a partir del 10 de diciembre, cuando se har\u00e1 cargo del Ejecutivo. El Presidente electo ha confirmado ya a algunos pero, todos los d\u00edas, aparecieron te\u00f3ricos nombramientos que, cual estrellas fugaces, se apagaron de inmediato.<\/p>\n\n\n\n<p>Parece razonable que el libertario se haya comportado de ese modo por dos razones. La primera es que, si en medio del tembladeral de fin de ciclo que estamos viviendo, producto tanto de la in\u00e9dita crisis socio-econ\u00f3mica cuanto, parad\u00f3jicamente, de la enorme derrota que sufri\u00f3 el peronismo en el ballotage, cualquier designaci\u00f3n prematura hubiera sometido al elegido a un enorme desgaste ya que, como se ha visto, el Gobierno saliente hubiera buscado hacerlo responsable del descalabro actual en su \u00e1rea de responsabilidad; en la medida en que no hubo apuradas decisiones oficiales, no pudo personalizar esas malas intenciones.<\/p>\n\n\n\n<p>Por otra parte, y en la medida en que Milei carecer\u00e1 de significativos bloques parlamentarios propios, es probable que se inaugure un nuevo formato de poder, con una participaci\u00f3n en \u00e9l mucho mayor del Congreso en desmedro del habitual presidencialismo. Si fuera as\u00ed, el nuevo Presidente estar\u00e1 obligado a construir una fuerte alianza de gobierno, que supere a la meramente electoral como fue en su momento Cambiemos. La natural consecuencia de esa modificaci\u00f3n ser\u00eda la participaci\u00f3n de otros partidos que, como sucede en los sistemas parlamentarios europeos y a\u00fan en Brasil, reciben la p\u00fablica responsabilidad de \u00e1reas del Gobierno, a punto tal que, cuando un ministro renuncia, el Presidente pide al partido que lo propuso originalmente que elija a su sucesor. Es por eso que, si Milei hubiera confirmado anticipadamente nombres, hubiera mostrado su juego en una mesa de tah\u00fares y mafiosos. D\u00e9jenlo negociar y armar su equipo en paz y no lo atosiguen con su impaciencia; restan s\u00f3lo ocho d\u00edas para que todas las actuales inc\u00f3gnitas sean definitivamente reveladas.<\/p>\n\n\n\n<p>De todos los casilleros a\u00fan vacantes, adem\u00e1s del Presidente del Banco Central, preocupa, y mucho, el \u00e1rea de Defensa. El kirchnerismo y el trotskismo ya est\u00e1n formando sus tropas y haciendo las maniobras previas para el combate que, tal como han anunciado sus portavoces m\u00e1s violentos, pretenden librar en la calle desde el d\u00eda uno de la nueva gesti\u00f3n. En los \u00faltimos veinte a\u00f1os (la gesti\u00f3n de Mauricio Macri, con Germ\u00e1n Garavano y Claudio Avruj, nada hizo para modificar ese rumbo), esta hip\u00f3crita sociedad permiti\u00f3 la inicua persecuci\u00f3n a las fuerzas armadas, enviando a la c\u00e1rcel y a la muerte a sus ex integrantes que vencieron en la guerra que la democracia orden\u00f3 contra el terrorismo, que la hab\u00eda provocado, hace casi cincuenta a\u00f1os. Con ese penoso antecedente, agravado por la aplicaci\u00f3n retroactiva de leyes penales, la derogaci\u00f3n de otras por el propio Congreso que las hab\u00eda sancionado, la indefinida duraci\u00f3n de las prisiones preventivas, la manipulaci\u00f3n bastarda de los juicios, ser\u00e1 muy dif\u00edcil exigir subordinaci\u00f3n y obediencia debida a oficiales que, como es natural, nacieron en democracia.<\/p>\n\n\n\n<p>Y todos hemos visto, en sepulcral silencio, como los miembros de las fuerzas de seguridad eran imputados y procesados por cumplir simplemente su deber frente a los delincuentes, inclusive a aqu\u00e9llos disfrazados de mapuches; recordemos, por ejemplo, que los prefectos fueron perseguidos por el falso asesinato de Santiago Maldonado, y el polic\u00eda Luis Chocobar por disparar a quien hab\u00eda dejado discapacitado a un turista en La Boca. La \u00fanica que respald\u00f3, sin medias tintas, el accionar de los involucrados fue Patricia Bullrich que, por su bien ganado prestigio, fue designada Ministro de Seguridad de la nueva gesti\u00f3n, y contar\u00e1 con la confianza de sus subordinados al momento de hacer cumplir la ley e imponer el orden.<\/p>\n\n\n\n<p>Y esta conducta resultar\u00e1 indispensable pues, tal como reconoci\u00f3 el Presidente electo al regreso de su viaje a Washington, la catastr\u00f3fica herencia que recibir\u00e1, que ya ha comenzado a denunciar enf\u00e1ticamente, nos llevar\u00e1 a una estanflaci\u00f3n por un per\u00edodo de entre 18 y 24 meses, con todo el impacto social que eso significa, en especial para los m\u00e1s pobres de nuestros conciudadanos, con lo cual las aberrantes organizaciones sociales encontrar\u00e1n una justificaci\u00f3n para sus marchas y piquetes.<\/p>\n\n\n\n<p>El desastre que generaron Axel Kiciloff, con su criminal estatizaci\u00f3n de YPF, y Sergio Massa, con sus delictuales acciones para intentar llegar a la Presidencia, y Miguel Pesce, con su explosi\u00f3n en seguros de cambio (d\u00f3lar futuro) que implic\u00f3 nuevos negocios para sus amigos y m\u00e1s problemas para la nueva administraci\u00f3n, ameritan que la Justicia tome cartas en el asunto y, en su momento, haga recaer sobre \u00e9l todo el peso del C\u00f3digo Penal, am\u00e9n de obligarlo a responder con su patrimonio personal; all\u00ed resultar\u00e1 crucial la presencia de Rodolfo Barra, designado Procurador del Tesoro \u2013jefe de todos los abogados del Estado- en reemplazo de Carlos Zannini, c\u00f3mplice esencial del saqueo kircherista. S\u00f3lo as\u00ed, cuando se demuestre que se acab\u00f3 en serio la impunidad y que los ladrones pagar\u00e1n sus culpas, podr\u00e1 pedirse a la sociedad que soporte las medidas econ\u00f3micas necesarias para, simplemente, volver a la superficie desde el fondo del mar en que nos encontramos desde hace tantas d\u00e9cadas.<br><br><small>\u00a9 Copyright 2023 Enrique Guillermo Avogadro<br>\u00a9 2023 ElCanillita.info \/ SalaStampa.Eu, servicio mundial de prensa<\/small><\/p>\n","protected":false},"excerpt":{"rendered":"<p>Si Milei hubiera confirmado anticipadamente nombres, hubiera mostrado su juego en una mesa de tah\u00fares y mafiosos. <\/p>\n","protected":false},"author":1,"featured_media":3836,"comment_status":"closed","ping_status":"closed","sticky":false,"template":"","format":"standard","meta":{"footnotes":"","_links_to":"","_links_to_target":""},"categories":[108,121,70,123,23,25],"tags":[29],"class_list":["post-3895","post","type-post","status-publish","format-standard","has-post-thumbnail","hentry","category-blogdiario","category-dc24","category-actualidad","category-argentina","category-politica","category-sociedad","tag-argentina","entry","double"],"yoast_head":"<!-- This site is optimized with the Yoast SEO plugin v27.4 - https:\/\/yoast.com\/product\/yoast-seo-wordpress\/ -->\n<title>\u201cNo me atosigu\u00e9is\u201d - ElCanillita.Info<\/title>\n<meta name=\"description\" content=\"Si Milei hubiera confirmado anticipadamente nombres, hubiera mostrado su juego en una mesa de tah\u00fares y mafiosos.\" \/>\n<meta name=\"robots\" content=\"index, follow, max-snippet:-1, max-image-preview:large, max-video-preview:-1\" \/>\n<link rel=\"canonical\" href=\"https:\/\/elcanillita.info\/press\/2023\/12\/01\/no-me-atosigueis\/\" \/>\n<meta property=\"og:locale\" content=\"es_ES\" \/>\n<meta property=\"og:type\" content=\"article\" \/>\n<meta property=\"og:title\" content=\"\u201cNo me atosigu\u00e9is\u201d - ElCanillita.Info\" \/>\n<meta property=\"og:description\" content=\"Si Milei hubiera confirmado anticipadamente nombres, hubiera mostrado su juego en una mesa de tah\u00fares y mafiosos.\" \/>\n<meta property=\"og:url\" content=\"https:\/\/elcanillita.info\/press\/2023\/12\/01\/no-me-atosigueis\/\" \/>\n<meta property=\"og:site_name\" content=\"ElCanillita.Info\" \/>\n<meta property=\"article:publisher\" content=\"https:\/\/ar-ar.facebook.com\/ElCanillitainfo-114249515285712\/\" \/>\n<meta property=\"article:published_time\" content=\"2023-12-01T23:34:36+00:00\" \/>\n<meta property=\"article:modified_time\" content=\"2023-12-09T20:43:14+00:00\" \/>\n<meta property=\"og:image\" content=\"https:\/\/elcanillita.info\/press\/images\/2023\/11\/1000_20231120.jpg\" \/>\n\t<meta property=\"og:image:width\" content=\"600\" \/>\n\t<meta property=\"og:image:height\" content=\"376\" \/>\n\t<meta property=\"og:image:type\" content=\"image\/jpeg\" \/>\n<meta name=\"author\" content=\"SalaStampa.eu, world press service\" \/>\n<meta name=\"twitter:card\" content=\"summary_large_image\" \/>\n<meta name=\"twitter:label1\" content=\"Escrito por\" \/>\n\t<meta name=\"twitter:data1\" content=\"SalaStampa.eu, world press service\" \/>\n\t<meta name=\"twitter:label2\" content=\"Tiempo de lectura\" \/>\n\t<meta name=\"twitter:data2\" content=\"5 minutos\" \/>\n<script type=\"application\/ld+json\" class=\"yoast-schema-graph\">{\"@context\":\"https:\\\/\\\/schema.org\",\"@graph\":[{\"@type\":\"Article\",\"@id\":\"https:\\\/\\\/elcanillita.info\\\/press\\\/2023\\\/12\\\/01\\\/no-me-atosigueis\\\/#article\",\"isPartOf\":{\"@id\":\"https:\\\/\\\/elcanillita.info\\\/press\\\/2023\\\/12\\\/01\\\/no-me-atosigueis\\\/\"},\"author\":{\"name\":\"SalaStampa.eu, world press service\",\"@id\":\"https:\\\/\\\/elcanillita.info\\\/press\\\/#\\\/schema\\\/person\\\/7fcb79f38045700919f7da6d97e71ba0\"},\"headline\":\"\u201cNo me atosigu\u00e9is\u201d\",\"datePublished\":\"2023-12-01T23:34:36+00:00\",\"dateModified\":\"2023-12-09T20:43:14+00:00\",\"mainEntityOfPage\":{\"@id\":\"https:\\\/\\\/elcanillita.info\\\/press\\\/2023\\\/12\\\/01\\\/no-me-atosigueis\\\/\"},\"wordCount\":981,\"publisher\":{\"@id\":\"https:\\\/\\\/elcanillita.info\\\/press\\\/#organization\"},\"image\":{\"@id\":\"https:\\\/\\\/elcanillita.info\\\/press\\\/2023\\\/12\\\/01\\\/no-me-atosigueis\\\/#primaryimage\"},\"thumbnailUrl\":\"https:\\\/\\\/elcanillita.info\\\/press\\\/images\\\/2023\\\/11\\\/1000_20231120.jpg\",\"keywords\":[\"Argentina\"],\"articleSection\":[\".\",\".\",\"Actualidad\",\"Argentina\",\"Politica\",\"Sociedad\"],\"inLanguage\":\"es-AR\"},{\"@type\":\"WebPage\",\"@id\":\"https:\\\/\\\/elcanillita.info\\\/press\\\/2023\\\/12\\\/01\\\/no-me-atosigueis\\\/\",\"url\":\"https:\\\/\\\/elcanillita.info\\\/press\\\/2023\\\/12\\\/01\\\/no-me-atosigueis\\\/\",\"name\":\"\u201cNo me atosigu\u00e9is\u201d - ElCanillita.Info\",\"isPartOf\":{\"@id\":\"https:\\\/\\\/elcanillita.info\\\/press\\\/#website\"},\"primaryImageOfPage\":{\"@id\":\"https:\\\/\\\/elcanillita.info\\\/press\\\/2023\\\/12\\\/01\\\/no-me-atosigueis\\\/#primaryimage\"},\"image\":{\"@id\":\"https:\\\/\\\/elcanillita.info\\\/press\\\/2023\\\/12\\\/01\\\/no-me-atosigueis\\\/#primaryimage\"},\"thumbnailUrl\":\"https:\\\/\\\/elcanillita.info\\\/press\\\/images\\\/2023\\\/11\\\/1000_20231120.jpg\",\"datePublished\":\"2023-12-01T23:34:36+00:00\",\"dateModified\":\"2023-12-09T20:43:14+00:00\",\"description\":\"Si Milei hubiera confirmado anticipadamente nombres, hubiera mostrado su juego en una mesa de tah\u00fares y mafiosos.\",\"inLanguage\":\"es-AR\",\"potentialAction\":[{\"@type\":\"ReadAction\",\"target\":[\"https:\\\/\\\/elcanillita.info\\\/press\\\/2023\\\/12\\\/01\\\/no-me-atosigueis\\\/\"]}]},{\"@type\":\"ImageObject\",\"inLanguage\":\"es-AR\",\"@id\":\"https:\\\/\\\/elcanillita.info\\\/press\\\/2023\\\/12\\\/01\\\/no-me-atosigueis\\\/#primaryimage\",\"url\":\"https:\\\/\\\/elcanillita.info\\\/press\\\/images\\\/2023\\\/11\\\/1000_20231120.jpg\",\"contentUrl\":\"https:\\\/\\\/elcanillita.info\\\/press\\\/images\\\/2023\\\/11\\\/1000_20231120.jpg\",\"width\":600,\"height\":376},{\"@type\":\"WebSite\",\"@id\":\"https:\\\/\\\/elcanillita.info\\\/press\\\/#website\",\"url\":\"https:\\\/\\\/elcanillita.info\\\/press\\\/\",\"name\":\"ElCanillita.Info\",\"description\":\"desde los Apeninos a los Andes\",\"publisher\":{\"@id\":\"https:\\\/\\\/elcanillita.info\\\/press\\\/#organization\"},\"potentialAction\":[{\"@type\":\"SearchAction\",\"target\":{\"@type\":\"EntryPoint\",\"urlTemplate\":\"https:\\\/\\\/elcanillita.info\\\/press\\\/?s={search_term_string}\"},\"query-input\":{\"@type\":\"PropertyValueSpecification\",\"valueRequired\":true,\"valueName\":\"search_term_string\"}}],\"inLanguage\":\"es-AR\"},{\"@type\":\"Organization\",\"@id\":\"https:\\\/\\\/elcanillita.info\\\/press\\\/#organization\",\"name\":\"Guzzo Photos & Graphic Publications\",\"url\":\"https:\\\/\\\/elcanillita.info\\\/press\\\/\",\"logo\":{\"@type\":\"ImageObject\",\"inLanguage\":\"es-AR\",\"@id\":\"https:\\\/\\\/elcanillita.info\\\/press\\\/#\\\/schema\\\/logo\\\/image\\\/\",\"url\":\"https:\\\/\\\/elcanillita.info\\\/press\\\/images\\\/2020\\\/01\\\/cropped-cropped-cropped-elcanillitainfo.png\",\"contentUrl\":\"https:\\\/\\\/elcanillita.info\\\/press\\\/images\\\/2020\\\/01\\\/cropped-cropped-cropped-elcanillitainfo.png\",\"width\":460,\"height\":50,\"caption\":\"Guzzo Photos & Graphic Publications\"},\"image\":{\"@id\":\"https:\\\/\\\/elcanillita.info\\\/press\\\/#\\\/schema\\\/logo\\\/image\\\/\"},\"sameAs\":[\"https:\\\/\\\/ar-ar.facebook.com\\\/ElCanillitainfo-114249515285712\\\/\"]},{\"@type\":\"Person\",\"@id\":\"https:\\\/\\\/elcanillita.info\\\/press\\\/#\\\/schema\\\/person\\\/7fcb79f38045700919f7da6d97e71ba0\",\"name\":\"SalaStampa.eu, world press service\",\"image\":{\"@type\":\"ImageObject\",\"inLanguage\":\"es-AR\",\"@id\":\"https:\\\/\\\/secure.gravatar.com\\\/avatar\\\/c2f0e0d515a107624234994507816ca4724c7199cef73fc8bedebf6931d73888?s=96&d=mm&r=g\",\"url\":\"https:\\\/\\\/secure.gravatar.com\\\/avatar\\\/c2f0e0d515a107624234994507816ca4724c7199cef73fc8bedebf6931d73888?s=96&d=mm&r=g\",\"contentUrl\":\"https:\\\/\\\/secure.gravatar.com\\\/avatar\\\/c2f0e0d515a107624234994507816ca4724c7199cef73fc8bedebf6931d73888?s=96&d=mm&r=g\",\"caption\":\"SalaStampa.eu, world press service\"}}]}<\/script>\n<!-- \/ Yoast SEO plugin. -->","yoast_head_json":{"title":"\u201cNo me atosigu\u00e9is\u201d - ElCanillita.Info","description":"Si Milei hubiera confirmado anticipadamente nombres, hubiera mostrado su juego en una mesa de tah\u00fares y mafiosos.","robots":{"index":"index","follow":"follow","max-snippet":"max-snippet:-1","max-image-preview":"max-image-preview:large","max-video-preview":"max-video-preview:-1"},"canonical":"https:\/\/elcanillita.info\/press\/2023\/12\/01\/no-me-atosigueis\/","og_locale":"es_ES","og_type":"article","og_title":"\u201cNo me atosigu\u00e9is\u201d - ElCanillita.Info","og_description":"Si Milei hubiera confirmado anticipadamente nombres, hubiera mostrado su juego en una mesa de tah\u00fares y mafiosos.","og_url":"https:\/\/elcanillita.info\/press\/2023\/12\/01\/no-me-atosigueis\/","og_site_name":"ElCanillita.Info","article_publisher":"https:\/\/ar-ar.facebook.com\/ElCanillitainfo-114249515285712\/","article_published_time":"2023-12-01T23:34:36+00:00","article_modified_time":"2023-12-09T20:43:14+00:00","og_image":[{"width":600,"height":376,"url":"https:\/\/elcanillita.info\/press\/images\/2023\/11\/1000_20231120.jpg","type":"image\/jpeg"}],"author":"SalaStampa.eu, world press service","twitter_card":"summary_large_image","twitter_misc":{"Escrito por":"SalaStampa.eu, world press service","Tiempo de lectura":"5 minutos"},"schema":{"@context":"https:\/\/schema.org","@graph":[{"@type":"Article","@id":"https:\/\/elcanillita.info\/press\/2023\/12\/01\/no-me-atosigueis\/#article","isPartOf":{"@id":"https:\/\/elcanillita.info\/press\/2023\/12\/01\/no-me-atosigueis\/"},"author":{"name":"SalaStampa.eu, world press service","@id":"https:\/\/elcanillita.info\/press\/#\/schema\/person\/7fcb79f38045700919f7da6d97e71ba0"},"headline":"\u201cNo me atosigu\u00e9is\u201d","datePublished":"2023-12-01T23:34:36+00:00","dateModified":"2023-12-09T20:43:14+00:00","mainEntityOfPage":{"@id":"https:\/\/elcanillita.info\/press\/2023\/12\/01\/no-me-atosigueis\/"},"wordCount":981,"publisher":{"@id":"https:\/\/elcanillita.info\/press\/#organization"},"image":{"@id":"https:\/\/elcanillita.info\/press\/2023\/12\/01\/no-me-atosigueis\/#primaryimage"},"thumbnailUrl":"https:\/\/elcanillita.info\/press\/images\/2023\/11\/1000_20231120.jpg","keywords":["Argentina"],"articleSection":[".",".","Actualidad","Argentina","Politica","Sociedad"],"inLanguage":"es-AR"},{"@type":"WebPage","@id":"https:\/\/elcanillita.info\/press\/2023\/12\/01\/no-me-atosigueis\/","url":"https:\/\/elcanillita.info\/press\/2023\/12\/01\/no-me-atosigueis\/","name":"\u201cNo me atosigu\u00e9is\u201d - ElCanillita.Info","isPartOf":{"@id":"https:\/\/elcanillita.info\/press\/#website"},"primaryImageOfPage":{"@id":"https:\/\/elcanillita.info\/press\/2023\/12\/01\/no-me-atosigueis\/#primaryimage"},"image":{"@id":"https:\/\/elcanillita.info\/press\/2023\/12\/01\/no-me-atosigueis\/#primaryimage"},"thumbnailUrl":"https:\/\/elcanillita.info\/press\/images\/2023\/11\/1000_20231120.jpg","datePublished":"2023-12-01T23:34:36+00:00","dateModified":"2023-12-09T20:43:14+00:00","description":"Si Milei hubiera confirmado anticipadamente nombres, hubiera mostrado su juego en una mesa de tah\u00fares y mafiosos.","inLanguage":"es-AR","potentialAction":[{"@type":"ReadAction","target":["https:\/\/elcanillita.info\/press\/2023\/12\/01\/no-me-atosigueis\/"]}]},{"@type":"ImageObject","inLanguage":"es-AR","@id":"https:\/\/elcanillita.info\/press\/2023\/12\/01\/no-me-atosigueis\/#primaryimage","url":"https:\/\/elcanillita.info\/press\/images\/2023\/11\/1000_20231120.jpg","contentUrl":"https:\/\/elcanillita.info\/press\/images\/2023\/11\/1000_20231120.jpg","width":600,"height":376},{"@type":"WebSite","@id":"https:\/\/elcanillita.info\/press\/#website","url":"https:\/\/elcanillita.info\/press\/","name":"ElCanillita.Info","description":"desde los Apeninos a los Andes","publisher":{"@id":"https:\/\/elcanillita.info\/press\/#organization"},"potentialAction":[{"@type":"SearchAction","target":{"@type":"EntryPoint","urlTemplate":"https:\/\/elcanillita.info\/press\/?s={search_term_string}"},"query-input":{"@type":"PropertyValueSpecification","valueRequired":true,"valueName":"search_term_string"}}],"inLanguage":"es-AR"},{"@type":"Organization","@id":"https:\/\/elcanillita.info\/press\/#organization","name":"Guzzo Photos & Graphic Publications","url":"https:\/\/elcanillita.info\/press\/","logo":{"@type":"ImageObject","inLanguage":"es-AR","@id":"https:\/\/elcanillita.info\/press\/#\/schema\/logo\/image\/","url":"https:\/\/elcanillita.info\/press\/images\/2020\/01\/cropped-cropped-cropped-elcanillitainfo.png","contentUrl":"https:\/\/elcanillita.info\/press\/images\/2020\/01\/cropped-cropped-cropped-elcanillitainfo.png","width":460,"height":50,"caption":"Guzzo Photos & Graphic Publications"},"image":{"@id":"https:\/\/elcanillita.info\/press\/#\/schema\/logo\/image\/"},"sameAs":["https:\/\/ar-ar.facebook.com\/ElCanillitainfo-114249515285712\/"]},{"@type":"Person","@id":"https:\/\/elcanillita.info\/press\/#\/schema\/person\/7fcb79f38045700919f7da6d97e71ba0","name":"SalaStampa.eu, world press service","image":{"@type":"ImageObject","inLanguage":"es-AR","@id":"https:\/\/secure.gravatar.com\/avatar\/c2f0e0d515a107624234994507816ca4724c7199cef73fc8bedebf6931d73888?s=96&d=mm&r=g","url":"https:\/\/secure.gravatar.com\/avatar\/c2f0e0d515a107624234994507816ca4724c7199cef73fc8bedebf6931d73888?s=96&d=mm&r=g","contentUrl":"https:\/\/secure.gravatar.com\/avatar\/c2f0e0d515a107624234994507816ca4724c7199cef73fc8bedebf6931d73888?s=96&d=mm&r=g","caption":"SalaStampa.eu, world press service"}}]}},"views":414,"_links":{"self":[{"href":"https:\/\/elcanillita.info\/press\/wp-json\/wp\/v2\/posts\/3895","targetHints":{"allow":["GET"]}}],"collection":[{"href":"https:\/\/elcanillita.info\/press\/wp-json\/wp\/v2\/posts"}],"about":[{"href":"https:\/\/elcanillita.info\/press\/wp-json\/wp\/v2\/types\/post"}],"author":[{"embeddable":true,"href":"https:\/\/elcanillita.info\/press\/wp-json\/wp\/v2\/users\/1"}],"replies":[{"embeddable":true,"href":"https:\/\/elcanillita.info\/press\/wp-json\/wp\/v2\/comments?post=3895"}],"version-history":[{"count":0,"href":"https:\/\/elcanillita.info\/press\/wp-json\/wp\/v2\/posts\/3895\/revisions"}],"wp:featuredmedia":[{"embeddable":true,"href":"https:\/\/elcanillita.info\/press\/wp-json\/wp\/v2\/media\/3836"}],"wp:attachment":[{"href":"https:\/\/elcanillita.info\/press\/wp-json\/wp\/v2\/media?parent=3895"}],"wp:term":[{"taxonomy":"category","embeddable":true,"href":"https:\/\/elcanillita.info\/press\/wp-json\/wp\/v2\/categories?post=3895"},{"taxonomy":"post_tag","embeddable":true,"href":"https:\/\/elcanillita.info\/press\/wp-json\/wp\/v2\/tags?post=3895"}],"curies":[{"name":"wp","href":"https:\/\/api.w.org\/{rel}","templated":true}]}}