{"id":3892,"date":"2023-11-30T14:42:31","date_gmt":"2023-11-30T17:42:31","guid":{"rendered":"https:\/\/elcanillita.info\/press\/?p=3892"},"modified":"2023-11-30T14:42:31","modified_gmt":"2023-11-30T17:42:31","slug":"tres-israelies-murieron-en-un-ataque-terrorista-esta-manana-en-jerusalen","status":"publish","type":"post","link":"https:\/\/elcanillita.info\/press\/2023\/11\/30\/tres-israelies-murieron-en-un-ataque-terrorista-esta-manana-en-jerusalen\/","title":{"rendered":"Tres israel\u00edes murieron en un ataque terrorista \u00e9sta ma\u00f1ana en Jerusal\u00e9n"},"content":{"rendered":"\n<figure class=\"wp-block-video\"><video controls src=\"https:\/\/elcanillita.info\/press\/images\/2023\/11\/Jerusalem.mp4\"><\/video><\/figure>\n\n\n\n<p><strong>Jerusal\u00e9m, 30\/11\/2023<\/strong><br>Tres israel\u00edes murieron y otras seis personas resultaron heridas el jueves por la ma\u00f1ana en un tiroteo terrorista en el bulevar Weizman, a la entrada de Jerusal\u00e9n.<br>Las v\u00edctimas mortales fueron identificadas como Livia Dickman, de 24 a\u00f1os, del barrio Har Nof de Jerusal\u00e9n; Hanna Ifergan, directora de escuela en Beit Shemesh, de unos 60 a\u00f1os; y el juez del Tribunal Rab\u00ednico Elimelech Wasserman, de 73 a\u00f1os.<br><br><small>Copyright \u00a9 2023 ElCanillita.info \/ SalaStampa.Eu, servicio mundial de prensa<\/small><\/p>\n","protected":false},"excerpt":{"rendered":"<p>Jerusal\u00e9m, 30\/11\/2023Tres israel\u00edes murieron y otras seis personas resultaron heridas el jueves por la ma\u00f1ana en un tiroteo terrorista en el bulevar Weizman, a la&#8230;<\/p>\n","protected":false},"author":1,"featured_media":0,"comment_status":"closed","ping_status":"closed","sticky":false,"template":"","format":"standard","meta":{"footnotes":"","_links_to":"","_links_to_target":""},"categories":[108,121,89],"tags":[67],"class_list":["post-3892","post","type-post","status-publish","format-standard","hentry","category-blogdiario","category-dc24","category-broadcasting","tag-israel","entry","double"],"yoast_head":"<!-- This site is optimized with the Yoast SEO plugin v27.4 - https:\/\/yoast.com\/product\/yoast-seo-wordpress\/ -->\n<title>Tres israel\u00edes murieron en un ataque terrorista \u00e9sta ma\u00f1ana en Jerusal\u00e9n - ElCanillita.Info<\/title>\n<meta name=\"robots\" content=\"index, follow, max-snippet:-1, max-image-preview:large, max-video-preview:-1\" \/>\n<link rel=\"canonical\" href=\"https:\/\/elcanillita.info\/press\/2023\/11\/30\/tres-israelies-murieron-en-un-ataque-terrorista-esta-manana-en-jerusalen\/\" \/>\n<meta property=\"og:locale\" content=\"es_ES\" \/>\n<meta property=\"og:type\" content=\"article\" \/>\n<meta property=\"og:title\" content=\"Tres israel\u00edes murieron en un ataque terrorista \u00e9sta ma\u00f1ana en Jerusal\u00e9n - ElCanillita.Info\" \/>\n<meta property=\"og:description\" content=\"Jerusal\u00e9m, 30\/11\/2023Tres israel\u00edes murieron y otras seis personas resultaron heridas el jueves por la ma\u00f1ana en un tiroteo terrorista en el bulevar Weizman, a la&#8230;\" \/>\n<meta property=\"og:url\" content=\"https:\/\/elcanillita.info\/press\/2023\/11\/30\/tres-israelies-murieron-en-un-ataque-terrorista-esta-manana-en-jerusalen\/\" \/>\n<meta property=\"og:site_name\" content=\"ElCanillita.Info\" \/>\n<meta property=\"article:publisher\" content=\"https:\/\/ar-ar.facebook.com\/ElCanillitainfo-114249515285712\/\" \/>\n<meta property=\"article:published_time\" content=\"2023-11-30T17:42:31+00:00\" \/>\n<meta name=\"author\" content=\"SalaStampa.eu, world press service\" \/>\n<meta name=\"twitter:card\" content=\"summary_large_image\" \/>\n<meta name=\"twitter:label1\" content=\"Escrito por\" \/>\n\t<meta name=\"twitter:data1\" content=\"SalaStampa.eu, world press service\" \/>\n\t<meta name=\"twitter:label2\" content=\"Tiempo de lectura\" \/>\n\t<meta name=\"twitter:data2\" content=\"1 minuto\" \/>\n<script type=\"application\/ld+json\" class=\"yoast-schema-graph\">{\"@context\":\"https:\\\/\\\/schema.org\",\"@graph\":[{\"@type\":\"Article\",\"@id\":\"https:\\\/\\\/elcanillita.info\\\/press\\\/2023\\\/11\\\/30\\\/tres-israelies-murieron-en-un-ataque-terrorista-esta-manana-en-jerusalen\\\/#article\",\"isPartOf\":{\"@id\":\"https:\\\/\\\/elcanillita.info\\\/press\\\/2023\\\/11\\\/30\\\/tres-israelies-murieron-en-un-ataque-terrorista-esta-manana-en-jerusalen\\\/\"},\"author\":{\"name\":\"SalaStampa.eu, world press service\",\"@id\":\"https:\\\/\\\/elcanillita.info\\\/press\\\/#\\\/schema\\\/person\\\/7fcb79f38045700919f7da6d97e71ba0\"},\"headline\":\"Tres israel\u00edes murieron en un ataque terrorista \u00e9sta ma\u00f1ana en Jerusal\u00e9n\",\"datePublished\":\"2023-11-30T17:42:31+00:00\",\"mainEntityOfPage\":{\"@id\":\"https:\\\/\\\/elcanillita.info\\\/press\\\/2023\\\/11\\\/30\\\/tres-israelies-murieron-en-un-ataque-terrorista-esta-manana-en-jerusalen\\\/\"},\"wordCount\":98,\"publisher\":{\"@id\":\"https:\\\/\\\/elcanillita.info\\\/press\\\/#organization\"},\"keywords\":[\"Israel\"],\"articleSection\":[\".\",\".\",\"broadcasting\"],\"inLanguage\":\"es-AR\"},{\"@type\":\"WebPage\",\"@id\":\"https:\\\/\\\/elcanillita.info\\\/press\\\/2023\\\/11\\\/30\\\/tres-israelies-murieron-en-un-ataque-terrorista-esta-manana-en-jerusalen\\\/\",\"url\":\"https:\\\/\\\/elcanillita.info\\\/press\\\/2023\\\/11\\\/30\\\/tres-israelies-murieron-en-un-ataque-terrorista-esta-manana-en-jerusalen\\\/\",\"name\":\"Tres israel\u00edes murieron en un ataque terrorista \u00e9sta ma\u00f1ana en Jerusal\u00e9n - ElCanillita.Info\",\"isPartOf\":{\"@id\":\"https:\\\/\\\/elcanillita.info\\\/press\\\/#website\"},\"datePublished\":\"2023-11-30T17:42:31+00:00\",\"inLanguage\":\"es-AR\",\"potentialAction\":[{\"@type\":\"ReadAction\",\"target\":[\"https:\\\/\\\/elcanillita.info\\\/press\\\/2023\\\/11\\\/30\\\/tres-israelies-murieron-en-un-ataque-terrorista-esta-manana-en-jerusalen\\\/\"]}]},{\"@type\":\"WebSite\",\"@id\":\"https:\\\/\\\/elcanillita.info\\\/press\\\/#website\",\"url\":\"https:\\\/\\\/elcanillita.info\\\/press\\\/\",\"name\":\"ElCanillita.Info\",\"description\":\"desde los Apeninos a los Andes\",\"publisher\":{\"@id\":\"https:\\\/\\\/elcanillita.info\\\/press\\\/#organization\"},\"potentialAction\":[{\"@type\":\"SearchAction\",\"target\":{\"@type\":\"EntryPoint\",\"urlTemplate\":\"https:\\\/\\\/elcanillita.info\\\/press\\\/?s={search_term_string}\"},\"query-input\":{\"@type\":\"PropertyValueSpecification\",\"valueRequired\":true,\"valueName\":\"search_term_string\"}}],\"inLanguage\":\"es-AR\"},{\"@type\":\"Organization\",\"@id\":\"https:\\\/\\\/elcanillita.info\\\/press\\\/#organization\",\"name\":\"Guzzo Photos & Graphic Publications\",\"url\":\"https:\\\/\\\/elcanillita.info\\\/press\\\/\",\"logo\":{\"@type\":\"ImageObject\",\"inLanguage\":\"es-AR\",\"@id\":\"https:\\\/\\\/elcanillita.info\\\/press\\\/#\\\/schema\\\/logo\\\/image\\\/\",\"url\":\"https:\\\/\\\/elcanillita.info\\\/press\\\/images\\\/2020\\\/01\\\/cropped-cropped-cropped-elcanillitainfo.png\",\"contentUrl\":\"https:\\\/\\\/elcanillita.info\\\/press\\\/images\\\/2020\\\/01\\\/cropped-cropped-cropped-elcanillitainfo.png\",\"width\":460,\"height\":50,\"caption\":\"Guzzo Photos & Graphic Publications\"},\"image\":{\"@id\":\"https:\\\/\\\/elcanillita.info\\\/press\\\/#\\\/schema\\\/logo\\\/image\\\/\"},\"sameAs\":[\"https:\\\/\\\/ar-ar.facebook.com\\\/ElCanillitainfo-114249515285712\\\/\"]},{\"@type\":\"Person\",\"@id\":\"https:\\\/\\\/elcanillita.info\\\/press\\\/#\\\/schema\\\/person\\\/7fcb79f38045700919f7da6d97e71ba0\",\"name\":\"SalaStampa.eu, world press service\",\"image\":{\"@type\":\"ImageObject\",\"inLanguage\":\"es-AR\",\"@id\":\"https:\\\/\\\/secure.gravatar.com\\\/avatar\\\/c2f0e0d515a107624234994507816ca4724c7199cef73fc8bedebf6931d73888?s=96&d=mm&r=g\",\"url\":\"https:\\\/\\\/secure.gravatar.com\\\/avatar\\\/c2f0e0d515a107624234994507816ca4724c7199cef73fc8bedebf6931d73888?s=96&d=mm&r=g\",\"contentUrl\":\"https:\\\/\\\/secure.gravatar.com\\\/avatar\\\/c2f0e0d515a107624234994507816ca4724c7199cef73fc8bedebf6931d73888?s=96&d=mm&r=g\",\"caption\":\"SalaStampa.eu, world press service\"}}]}<\/script>\n<!-- \/ Yoast SEO plugin. -->","yoast_head_json":{"title":"Tres israel\u00edes murieron en un ataque terrorista \u00e9sta ma\u00f1ana en Jerusal\u00e9n - ElCanillita.Info","robots":{"index":"index","follow":"follow","max-snippet":"max-snippet:-1","max-image-preview":"max-image-preview:large","max-video-preview":"max-video-preview:-1"},"canonical":"https:\/\/elcanillita.info\/press\/2023\/11\/30\/tres-israelies-murieron-en-un-ataque-terrorista-esta-manana-en-jerusalen\/","og_locale":"es_ES","og_type":"article","og_title":"Tres israel\u00edes murieron en un ataque terrorista \u00e9sta ma\u00f1ana en Jerusal\u00e9n - ElCanillita.Info","og_description":"Jerusal\u00e9m, 30\/11\/2023Tres israel\u00edes murieron y otras seis personas resultaron heridas el jueves por la ma\u00f1ana en un tiroteo terrorista en el bulevar Weizman, a la&#8230;","og_url":"https:\/\/elcanillita.info\/press\/2023\/11\/30\/tres-israelies-murieron-en-un-ataque-terrorista-esta-manana-en-jerusalen\/","og_site_name":"ElCanillita.Info","article_publisher":"https:\/\/ar-ar.facebook.com\/ElCanillitainfo-114249515285712\/","article_published_time":"2023-11-30T17:42:31+00:00","author":"SalaStampa.eu, world press service","twitter_card":"summary_large_image","twitter_misc":{"Escrito por":"SalaStampa.eu, world press service","Tiempo de lectura":"1 minuto"},"schema":{"@context":"https:\/\/schema.org","@graph":[{"@type":"Article","@id":"https:\/\/elcanillita.info\/press\/2023\/11\/30\/tres-israelies-murieron-en-un-ataque-terrorista-esta-manana-en-jerusalen\/#article","isPartOf":{"@id":"https:\/\/elcanillita.info\/press\/2023\/11\/30\/tres-israelies-murieron-en-un-ataque-terrorista-esta-manana-en-jerusalen\/"},"author":{"name":"SalaStampa.eu, world press service","@id":"https:\/\/elcanillita.info\/press\/#\/schema\/person\/7fcb79f38045700919f7da6d97e71ba0"},"headline":"Tres israel\u00edes murieron en un ataque terrorista \u00e9sta ma\u00f1ana en Jerusal\u00e9n","datePublished":"2023-11-30T17:42:31+00:00","mainEntityOfPage":{"@id":"https:\/\/elcanillita.info\/press\/2023\/11\/30\/tres-israelies-murieron-en-un-ataque-terrorista-esta-manana-en-jerusalen\/"},"wordCount":98,"publisher":{"@id":"https:\/\/elcanillita.info\/press\/#organization"},"keywords":["Israel"],"articleSection":[".",".","broadcasting"],"inLanguage":"es-AR"},{"@type":"WebPage","@id":"https:\/\/elcanillita.info\/press\/2023\/11\/30\/tres-israelies-murieron-en-un-ataque-terrorista-esta-manana-en-jerusalen\/","url":"https:\/\/elcanillita.info\/press\/2023\/11\/30\/tres-israelies-murieron-en-un-ataque-terrorista-esta-manana-en-jerusalen\/","name":"Tres israel\u00edes murieron en un ataque terrorista \u00e9sta ma\u00f1ana en Jerusal\u00e9n - ElCanillita.Info","isPartOf":{"@id":"https:\/\/elcanillita.info\/press\/#website"},"datePublished":"2023-11-30T17:42:31+00:00","inLanguage":"es-AR","potentialAction":[{"@type":"ReadAction","target":["https:\/\/elcanillita.info\/press\/2023\/11\/30\/tres-israelies-murieron-en-un-ataque-terrorista-esta-manana-en-jerusalen\/"]}]},{"@type":"WebSite","@id":"https:\/\/elcanillita.info\/press\/#website","url":"https:\/\/elcanillita.info\/press\/","name":"ElCanillita.Info","description":"desde los Apeninos a los Andes","publisher":{"@id":"https:\/\/elcanillita.info\/press\/#organization"},"potentialAction":[{"@type":"SearchAction","target":{"@type":"EntryPoint","urlTemplate":"https:\/\/elcanillita.info\/press\/?s={search_term_string}"},"query-input":{"@type":"PropertyValueSpecification","valueRequired":true,"valueName":"search_term_string"}}],"inLanguage":"es-AR"},{"@type":"Organization","@id":"https:\/\/elcanillita.info\/press\/#organization","name":"Guzzo Photos & Graphic Publications","url":"https:\/\/elcanillita.info\/press\/","logo":{"@type":"ImageObject","inLanguage":"es-AR","@id":"https:\/\/elcanillita.info\/press\/#\/schema\/logo\/image\/","url":"https:\/\/elcanillita.info\/press\/images\/2020\/01\/cropped-cropped-cropped-elcanillitainfo.png","contentUrl":"https:\/\/elcanillita.info\/press\/images\/2020\/01\/cropped-cropped-cropped-elcanillitainfo.png","width":460,"height":50,"caption":"Guzzo Photos & Graphic Publications"},"image":{"@id":"https:\/\/elcanillita.info\/press\/#\/schema\/logo\/image\/"},"sameAs":["https:\/\/ar-ar.facebook.com\/ElCanillitainfo-114249515285712\/"]},{"@type":"Person","@id":"https:\/\/elcanillita.info\/press\/#\/schema\/person\/7fcb79f38045700919f7da6d97e71ba0","name":"SalaStampa.eu, world press service","image":{"@type":"ImageObject","inLanguage":"es-AR","@id":"https:\/\/secure.gravatar.com\/avatar\/c2f0e0d515a107624234994507816ca4724c7199cef73fc8bedebf6931d73888?s=96&d=mm&r=g","url":"https:\/\/secure.gravatar.com\/avatar\/c2f0e0d515a107624234994507816ca4724c7199cef73fc8bedebf6931d73888?s=96&d=mm&r=g","contentUrl":"https:\/\/secure.gravatar.com\/avatar\/c2f0e0d515a107624234994507816ca4724c7199cef73fc8bedebf6931d73888?s=96&d=mm&r=g","caption":"SalaStampa.eu, world press service"}}]}},"views":367,"_links":{"self":[{"href":"https:\/\/elcanillita.info\/press\/wp-json\/wp\/v2\/posts\/3892","targetHints":{"allow":["GET"]}}],"collection":[{"href":"https:\/\/elcanillita.info\/press\/wp-json\/wp\/v2\/posts"}],"about":[{"href":"https:\/\/elcanillita.info\/press\/wp-json\/wp\/v2\/types\/post"}],"author":[{"embeddable":true,"href":"https:\/\/elcanillita.info\/press\/wp-json\/wp\/v2\/users\/1"}],"replies":[{"embeddable":true,"href":"https:\/\/elcanillita.info\/press\/wp-json\/wp\/v2\/comments?post=3892"}],"version-history":[{"count":0,"href":"https:\/\/elcanillita.info\/press\/wp-json\/wp\/v2\/posts\/3892\/revisions"}],"wp:attachment":[{"href":"https:\/\/elcanillita.info\/press\/wp-json\/wp\/v2\/media?parent=3892"}],"wp:term":[{"taxonomy":"category","embeddable":true,"href":"https:\/\/elcanillita.info\/press\/wp-json\/wp\/v2\/categories?post=3892"},{"taxonomy":"post_tag","embeddable":true,"href":"https:\/\/elcanillita.info\/press\/wp-json\/wp\/v2\/tags?post=3892"}],"curies":[{"name":"wp","href":"https:\/\/api.w.org\/{rel}","templated":true}]}}