{"id":3882,"date":"2023-11-28T18:04:39","date_gmt":"2023-11-28T21:04:39","guid":{"rendered":"https:\/\/elcanillita.info\/press\/?p=3882"},"modified":"2023-11-28T18:17:37","modified_gmt":"2023-11-28T21:17:37","slug":"bienvenidos-argentinos-en-uruguay-pero-sin-sus-habitos-de-voto","status":"publish","type":"post","link":"https:\/\/elcanillita.info\/press\/2023\/11\/28\/bienvenidos-argentinos-en-uruguay-pero-sin-sus-habitos-de-voto\/","title":{"rendered":"Bienvenidos argentinos en Uruguay, pero sin sus h\u00e1bitos de voto"},"content":{"rendered":"\n<figure class=\"wp-block-image size-full\"><img loading=\"lazy\" decoding=\"async\" width=\"600\" height=\"400\" src=\"https:\/\/elcanillita.info\/press\/images\/2023\/11\/covuru2_20231128.jpg\" alt=\"\" class=\"wp-image-3883\" srcset=\"https:\/\/elcanillita.info\/press\/images\/2023\/11\/covuru2_20231128.jpg 600w, https:\/\/elcanillita.info\/press\/images\/2023\/11\/covuru2_20231128-300x200.jpg 300w\" sizes=\"auto, (max-width: 600px) 100vw, 600px\" \/><\/figure>\n\n\n\n<p><strong>ElCanillita.info, 28\/11\/2023<\/strong><br>Uno de los beneficiarios de la incertidumbre que rode\u00f3 a las impredecibles elecciones presidenciales argentinas de este a\u00f1o fue un promotor inmobiliario situado al otro lado del estuario del R\u00edo de la Plata, en Uruguay.<\/p>\n\n\n\n<p>&#8220;Vendimos un mont\u00f3n de unidades&#8221;, dice Eduardo Bastitta. &#8220;Siempre que hay una conmoci\u00f3n en Argentina, nuestras ventas repuntan&#8221;.<\/p>\n\n\n\n<p>Bastitta est\u00e1 construyendo un proyecto audaz para atraer a los argentinos, cansados de los altos impuestos y la inestabilidad econ\u00f3mica cr\u00f3nica, a un pa\u00eds a menudo apodado la Suiza de Am\u00e9rica Latina. Su proyecto M\u00e1sColonia pretende duplicar con el tiempo la poblaci\u00f3n de 26.000 habitantes de la hist\u00f3rica ciudad uruguaya de Colonia del Sacramento, situada a 40 km de Buenos Aires, ofreciendo a los argentinos la opci\u00f3n de &#8220;irse sin irse&#8221;, como \u00e9l dice, estableciendo su residencia fiscal en Uruguay, un pa\u00eds favorable a los inversores, pero disfrutando de un r\u00e1pido desplazamiento en barco al centro de Buenos Aires en menos de una hora.<\/p>\n\n\n\n<p>Los argentinos m\u00e1s acaudalados, como el fundador de la plataforma financiera y de comercio electr\u00f3nico MercadoLibre, Marcos Galper\u00edn, o el multimillonario petrolero Alejandro Bulgheroni, poseen desde hace tiempo viviendas en Uruguay, atra\u00eddos por su estabilidad, seguridad y ventajas fiscales para los ricos. Ya existe una colonia de argentinos adinerados en el barrio de Carrasco de Montevideo, en la campi\u00f1a de Colonia y en el balneario de Punta del Este, a veces apodado el Miami uruguayo, donde hay una mayor oferta de colegios.<br><br>Pero en los \u00faltimos tres a\u00f1os, el presidente uruguayo Luis Lacalle Pou, favorable a las empresas, ha ampliado enormemente las exenciones fiscales ofrecidas, abriendo su pa\u00eds por primera vez como una opci\u00f3n para las masas adineradas con movilidad global. Antes de asumir el cargo en 2020, ya hablaba de sus planes para atraer a los inversores extranjeros y a sus familias, con el objetivo de atraer hasta 100.000 nuevos residentes s\u00f3lo de Argentina.<\/p>\n\n\n\n<p>&#8220;Primero voy por las familias, y una vez que las familias est\u00e9n aqu\u00ed, traer\u00e1n su dinero&#8221;, declar\u00f3 a los medios de comunicaci\u00f3n locales. &#8220;Este pa\u00eds se va a convertir en un destino para el Cono Sur y el mundo&#8221;.<\/p>\n\n\n\n<p>En sus primeros meses en el gobierno, Lacalle Pou cumpli\u00f3 su palabra. Redujo en tres cuartas partes la inversi\u00f3n m\u00ednima necesaria en Uruguay para obtener la residencia fiscal, hasta 380.000 d\u00f3lares, y redujo de 180 a 60 d\u00edas la estad\u00eda m\u00ednima anual exigida en el pa\u00eds.<\/p>\n\n\n\n<p>Para los residentes que cumplan los requisitos, Uruguay exime de impuestos todos los ingresos procedentes del extranjero durante un m\u00e1ximo de 11 a\u00f1os. A partir de entonces, los intereses y dividendos tributan al 12%. Los activos extranjeros no est\u00e1n sujetos al impuesto sobre las plusval\u00edas ni al impuesto sobre el patrimonio.<\/p>\n\n\n\n<p>Las ventajas de esta peque\u00f1a naci\u00f3n sudamericana van mucho m\u00e1s all\u00e1 de la fiscalidad, la seguridad y unos servicios p\u00fablicos decentes. Un largo litoral de playas de arena blanca aguarda a los que se instalan, as\u00ed como una floreciente escena art\u00edstica y gastron\u00f3mica, que atrae a la jet-set internacional durante el invierno del hemisferio norte a un grupo de selectos complejos de estilo de moda boho-chic que a menudo se comparan con St Tropez.<\/p>\n\n\n\n<p>El multimillonario hotelero noruego Alex Vik, cuya madre es uruguaya, tiene tres complejos de lujo en Uruguay, agrupados en el pueblo pesquero de Jos\u00e9 Ignacio y sus alrededores, muy apreciado por las celebridades internacionales y comparado a veces con los Hamptons de los a\u00f1os sesenta.<\/p>\n\n\n\n<p>&#8220;Hasta ahora, los argentinos que se iban a vivir a Uruguay eran generalmente los m\u00e1s ricos&#8221;, dice Bastitta. &#8220;Pero este proyecto est\u00e1 pensado para que cualquier persona de la regi\u00f3n, no s\u00f3lo argentina, pueda venir a vivir aqu\u00ed&#8221;.<\/p>\n\n\n\n<p>Las viviendas m\u00e1s peque\u00f1as del proyecto inicial de M\u00e1sColonia, de 500 apartamentos, tienen 35 metros cuadrados y se venden por s\u00f3lo 70.000 d\u00f3lares. Con un dep\u00f3sito de s\u00f3lo 20.000 d\u00f3lares, los compradores pueden obtener una hipoteca a 22 a\u00f1os a un tipo fijo del 4,5%, algo impensable en Argentina, donde los tipos de inter\u00e9s son los m\u00e1s altos del mundo (133%) y las hipotecas en moneda local son imposibles.<\/p>\n\n\n\n<p>Las unidades m\u00e1s grandes de la primera fase del proyecto, de 100 millones de d\u00f3lares, cuestan hasta 400.000 d\u00f3lares, cantidad suficiente para que el comprador obtenga la residencia fiscal en Uruguay. Ya se han vendido m\u00e1s de tres cuartas partes de las propiedades y m\u00e1s del 60% de los compradores son argentinos, afirma Bastitta.<\/p>\n\n\n\n<p>La construcci\u00f3n est\u00e1 a punto de comenzar, y la finalizaci\u00f3n est\u00e1 prevista para 2025. El promotor ya est\u00e1 planeando nuevos proyectos cada a\u00f1o a partir de esa fecha, siempre que se mantenga la demanda, hasta una inversi\u00f3n total de 2.000 millones de d\u00f3lares. &#8220;El proyecto prev\u00e9 la llegada de otros 30.000 residentes a Colonia, es decir, duplicar la poblaci\u00f3n de la ciudad y su superficie&#8221;, afirma. &#8220;Es un proyecto precioso&#8221;.<br><br>Facundo Garret\u00f3n, un empresario y ex legislador argentino que ahora vive en Uruguay, dice que para \u00e9l la gota que colm\u00f3 el vaso fue cuando los peronistas ganaron las elecciones de 2019, desbancando al presidente Mauricio Macri, amigo de los negocios, y devolviendo a la ex l\u00edder de la izquierda radical Cristina Fern\u00e1ndez de Kirchner al poder como vicepresidenta de gran influencia.<\/p>\n\n\n\n<p>&#8220;Dije: &#8216;No quiero vivir en un pa\u00eds donde la gente elija gobiernos as\u00ed'&#8221;. &#8220;Pensaba que ocurrir\u00eda un desastre como el que vive hoy Argentina. Ese fue mi principal motivo. Fui a Uruguay e hice todos los tr\u00e1mites para convertirme en residente&#8221;.<\/p>\n\n\n\n<p>Miles de argentinos siguieron sus pasos. Tras descender durante los a\u00f1os de Macri a 1.482 en 2018, el n\u00famero de argentinos que buscan residencia en Uruguay aument\u00f3 tras el cambio de poder.<\/p>\n\n\n\n<p>En 2020, el primer a\u00f1o completo del gobierno peronista, se triplic\u00f3 a 6.816 y luego casi se duplic\u00f3 de nuevo al a\u00f1o siguiente a un r\u00e9cord de 12.489, aunque los n\u00fameros volvieron a caer en 2022. Durante los cuatro a\u00f1os de gobierno peronista, que finalizaron el mes pasado, se calcula que m\u00e1s de 30.000 argentinos se trasladaron a Uruguay.<\/p>\n\n\n\n<p>Alberto Iribarne, embajador de Argentina en Uruguay, calcula que unos 60.000 de sus conciudadanos viven actualmente all\u00ed. &#8220;Hay una enorme afinidad cultural&#8221;, dice, se\u00f1alando que los uruguayos disfrutan de su t\u00e9 de yerba mate y sus postres de dulce de leche tanto como sus primos del otro lado del estuario, y hablan espa\u00f1ol con acentos similares. A ambos les encanta el f\u00fatbol. &#8220;Pero el mayor incentivo, sobre todo para los de arriba, son las ventajas fiscales&#8221;.<\/p>\n\n\n\n<figure class=\"wp-block-image size-full\"><img loading=\"lazy\" decoding=\"async\" width=\"600\" height=\"450\" src=\"https:\/\/elcanillita.info\/press\/images\/2023\/11\/col_uru2_20231128.jpg\" alt=\"\" class=\"wp-image-3884\" srcset=\"https:\/\/elcanillita.info\/press\/images\/2023\/11\/col_uru2_20231128.jpg 600w, https:\/\/elcanillita.info\/press\/images\/2023\/11\/col_uru2_20231128-300x225.jpg 300w\" sizes=\"auto, (max-width: 600px) 100vw, 600px\" \/><figcaption class=\"wp-element-caption\">Colonia de Sacramento, Uruguay<\/figcaption><\/figure>\n\n\n\n<p>Gustavo Grobocopatel, un bar\u00f3n de la agroindustria argentina que vive en Uruguay desde hace a\u00f1os, se\u00f1ala que hay una tradici\u00f3n de pol\u00edticos e intelectuales argentinos que buscan el exilio en el pa\u00eds que se remonta al siglo XIX.<\/p>\n\n\n\n<p>&#8220;Eleg\u00ed Uruguay porque, en cierto modo, es como Argentina. La parte cultural, las amistades, las creencias, los valores son muy parecidos&#8221;, afirma. Grobocopatel se instal\u00f3 en Colonia, que describe como &#8220;un suburbio de Buenos Aires&#8221;.<\/p>\n\n\n\n<p>La mayor\u00eda de los argentinos m\u00e1s acaudalados que viven en Uruguay no quieren hablar p\u00fablicamente de las razones que les han llevado a buscarse la vida al otro lado del estuario. En privado, sin embargo, confirman su desafecci\u00f3n por la fijaci\u00f3n de su patria con la pol\u00edtica de izquierdas y los altos impuestos. &#8220;El impuesto sobre el patrimonio introducido por los peronistas [en 2020] fue realmente un castigo terrible&#8221;, afirma uno de ellos. &#8220;En un a\u00f1o impusieron un recargo de modo que sumaba hasta el 5% de los activos y siempre exist\u00eda el riesgo de nuevos impuestos. Luego vino la pandemia&#8221;.<\/p>\n\n\n\n<p>Argentina impuso uno de los cierres m\u00e1s largos del mundo, una cuarentena que el Presidente Alberto Fern\u00e1ndez desobedeci\u00f3 cuando celebr\u00f3 una fiesta en su residencia oficial, con invitados entre los que se encontraba su peluquero, lo que provoc\u00f3 indignaci\u00f3n. El bloqueo result\u00f3 costoso pero, en \u00faltima instancia, ineficaz: las estimaciones de exceso de mortalidad durante la pandemia elaboradas por The Economist indican que Uruguay tuvo menos muertes por cada 100.000 habitantes que Argentina, a pesar de evitar en gran medida los bloqueos.<\/p>\n\n\n\n<p>Uruguay deposit\u00f3 su confianza en un s\u00f3lido sistema de salud p\u00fablica, altos niveles de educaci\u00f3n y tecnolog\u00eda de rastreo de contactos, al tiempo que evitaba los cierres patronales. &#8220;Pudimos pasear por la playa durante la pandemia y disfrutar de los restaurantes mientras Argentina estaba bloqueada&#8221;, afirma un oligarca, que prefiere permanecer en el anonimato. &#8220;Eso tambi\u00e9n influy\u00f3 en la decisi\u00f3n de quedarnos aqu\u00ed&#8221;.<\/p>\n\n\n\n<p><strong>Pol\u00edtica argentina y el libertario radical Javier Milei, elegido presidente de Argentina<br><\/strong><br>&#8220;Los miembros de la comunidad argentina expatriada en Uruguay que esperaban un giro hacia un gobierno moderado de centro-derecha en las elecciones de este a\u00f1o para regresar a su pa\u00eds, han visto frustradas sus esperanzas. Patricia Bullrich, la principal candidata conservadora, fue eliminada en la primera vuelta de las elecciones de octubre y la segunda vuelta del 19 de noviembre fue ganada por Javier Milei, un extravagante economista televisivo que se describe a s\u00ed mismo como &#8220;anarcocapitalista&#8221; y que prometido cerrar el banco central y dolarizar la econom\u00eda.<\/p>\n\n\n\n<p>La convincente victoria de Milei ha llevado a Argentina a aguas desconocidas, con el libertario decidido a embarcarse en un programa de reformas econ\u00f3micas radicales a pesar de que carece de mayor\u00eda en el Congreso y se enfrenta a la poderosa oposici\u00f3n de los peronistas, que han dominado la pol\u00edtica argentina desde que el pa\u00eds volvi\u00f3 a la democracia en 1983.<\/p>\n\n\n\n<p>&#8220;A los votantes peronistas no les interesa la inflaci\u00f3n, la pobreza, la indigencia y mucho menos la corrupci\u00f3n&#8221;, se lamentaba en X Agust\u00edn Antonetti, un influencer de derechas en las redes sociales. &#8220;Son los yihadistas de la pol\u00edtica, es un voto religioso&#8221;.<\/p>\n\n\n\n<p>Los peronistas controlan los poderosos sindicatos del pa\u00eds y tienen capacidad para movilizar a sus seguidores en protestas masivas que pueden paralizar la capital y sus alrededores. Esto, unido a la personalidad vol\u00e1til y exc\u00e9ntrica de Milei, probablemente har\u00e1 que los pr\u00f3ximos a\u00f1os sean turbulentos.&#8221;<\/p>\n\n\n\n<p>&#8220;Con lo que pas\u00f3 ahora . . . camiones llenos de argentinos se mudar\u00e1n a Uruguay&#8221;, dice Garret\u00f3n:<br>&#8220;El problema es que ya no es s\u00f3lo la gente con mucha riqueza. Ahora tambi\u00e9n se va todo el conocimiento, toda la gente con conocimientos para desarrollar negocios. Las empresas m\u00e1s valiosas e innovadoras han sido fundadas por argentinos que hoy viven en Uruguay.&#8221;<br><br>&#8220;Que vengan a Uruguay todos los argentinos que quieran. Pero que no traigan consigo sus h\u00e1bitos de voto&#8221;.\u2002<\/p>\n\n\n\n<p> <small>Copyright \u00a9 2023 ElCanillita.info \/ SalaStampa.Eu, servicio mundial de prensa<\/small><\/p>\n\n\n\n<p><\/p>\n\n\n\n \n<a href=\"https:\/\/www.giffgaff.com\/orders\/affiliate\/elcanillita_1568653375683\" target=\"_blank\" rel=\"noopener\"><img loading=\"lazy\" decoding=\"async\" src=\"https:\/\/static.giffgaff.com\/design-system\/brand\/latest\/spread-banners\/04_173x26_v2.webp\" onerror=\"this.src='https:\/\/static.giffgaff.com\/design-system\/brand\/latest\/spread-banners\/04_173x26_v2.png'; this.onerror = null\" width=\"173\" height=\"26\" alt=\"Get a free giffgaff Sim\" \/><\/a>\n","protected":false},"excerpt":{"rendered":"<p>Los argentinos acuden en masa a Uruguay para evitar una elevada presi\u00f3n fiscal. A s\u00f3lo una hora en barco, un para\u00edso contra la inestabilidad econ\u00f3mica, con ventajas fiscales cada vez m\u00e1s atractivas para los extranjeros, as\u00ed como buenos servicios p\u00fablicos y de seguridad.<\/p>\n","protected":false},"author":1,"featured_media":3885,"comment_status":"closed","ping_status":"closed","sticky":false,"template":"","format":"standard","meta":{"footnotes":"","_links_to":"","_links_to_target":""},"categories":[108,121,70,11,20,25],"tags":[56],"class_list":["post-3882","post","type-post","status-publish","format-standard","has-post-thumbnail","hentry","category-blogdiario","category-dc24","category-actualidad","category-america-del-sur","category-economia","category-sociedad","tag-uruguay","entry","double"],"yoast_head":"<!-- This site is optimized with the Yoast SEO plugin v27.4 - https:\/\/yoast.com\/product\/yoast-seo-wordpress\/ -->\n<title>Bienvenidos argentinos en Uruguay, pero sin sus h\u00e1bitos de voto - ElCanillita.Info<\/title>\n<meta name=\"description\" content=\"Los argentinos acuden en masa a Uruguay para evitar una elevada presi\u00f3n fiscal.\" \/>\n<meta name=\"robots\" content=\"index, follow, max-snippet:-1, max-image-preview:large, max-video-preview:-1\" \/>\n<link rel=\"canonical\" href=\"https:\/\/elcanillita.info\/press\/2023\/11\/28\/bienvenidos-argentinos-en-uruguay-pero-sin-sus-habitos-de-voto\/\" \/>\n<meta property=\"og:locale\" content=\"es_ES\" \/>\n<meta property=\"og:type\" content=\"article\" \/>\n<meta property=\"og:title\" content=\"Bienvenidos argentinos en Uruguay, pero sin sus h\u00e1bitos de voto - ElCanillita.Info\" \/>\n<meta property=\"og:description\" content=\"Los argentinos acuden en masa a Uruguay para evitar una elevada presi\u00f3n fiscal.\" \/>\n<meta property=\"og:url\" content=\"https:\/\/elcanillita.info\/press\/2023\/11\/28\/bienvenidos-argentinos-en-uruguay-pero-sin-sus-habitos-de-voto\/\" \/>\n<meta property=\"og:site_name\" content=\"ElCanillita.Info\" \/>\n<meta property=\"article:publisher\" content=\"https:\/\/ar-ar.facebook.com\/ElCanillitainfo-114249515285712\/\" \/>\n<meta property=\"article:published_time\" content=\"2023-11-28T21:04:39+00:00\" \/>\n<meta property=\"article:modified_time\" content=\"2023-11-28T21:17:37+00:00\" \/>\n<meta property=\"og:image\" content=\"https:\/\/elcanillita.info\/press\/images\/2023\/11\/col_uru1_20231128.jpg\" \/>\n\t<meta property=\"og:image:width\" content=\"600\" \/>\n\t<meta property=\"og:image:height\" content=\"400\" \/>\n\t<meta property=\"og:image:type\" content=\"image\/jpeg\" \/>\n<meta name=\"author\" content=\"SalaStampa.eu, world press service\" \/>\n<meta name=\"twitter:card\" content=\"summary_large_image\" \/>\n<meta name=\"twitter:label1\" content=\"Escrito por\" \/>\n\t<meta name=\"twitter:data1\" content=\"SalaStampa.eu, world press service\" \/>\n\t<meta name=\"twitter:label2\" content=\"Tiempo de lectura\" \/>\n\t<meta name=\"twitter:data2\" content=\"9 minutos\" \/>\n<script type=\"application\/ld+json\" class=\"yoast-schema-graph\">{\"@context\":\"https:\\\/\\\/schema.org\",\"@graph\":[{\"@type\":\"Article\",\"@id\":\"https:\\\/\\\/elcanillita.info\\\/press\\\/2023\\\/11\\\/28\\\/bienvenidos-argentinos-en-uruguay-pero-sin-sus-habitos-de-voto\\\/#article\",\"isPartOf\":{\"@id\":\"https:\\\/\\\/elcanillita.info\\\/press\\\/2023\\\/11\\\/28\\\/bienvenidos-argentinos-en-uruguay-pero-sin-sus-habitos-de-voto\\\/\"},\"author\":{\"name\":\"SalaStampa.eu, world press service\",\"@id\":\"https:\\\/\\\/elcanillita.info\\\/press\\\/#\\\/schema\\\/person\\\/7fcb79f38045700919f7da6d97e71ba0\"},\"headline\":\"Bienvenidos argentinos en Uruguay, pero sin sus h\u00e1bitos de voto\",\"datePublished\":\"2023-11-28T21:04:39+00:00\",\"dateModified\":\"2023-11-28T21:17:37+00:00\",\"mainEntityOfPage\":{\"@id\":\"https:\\\/\\\/elcanillita.info\\\/press\\\/2023\\\/11\\\/28\\\/bienvenidos-argentinos-en-uruguay-pero-sin-sus-habitos-de-voto\\\/\"},\"wordCount\":1836,\"publisher\":{\"@id\":\"https:\\\/\\\/elcanillita.info\\\/press\\\/#organization\"},\"image\":{\"@id\":\"https:\\\/\\\/elcanillita.info\\\/press\\\/2023\\\/11\\\/28\\\/bienvenidos-argentinos-en-uruguay-pero-sin-sus-habitos-de-voto\\\/#primaryimage\"},\"thumbnailUrl\":\"https:\\\/\\\/elcanillita.info\\\/press\\\/images\\\/2023\\\/11\\\/col_uru1_20231128.jpg\",\"keywords\":[\"Uruguay\"],\"articleSection\":[\".\",\".\",\"Actualidad\",\"Am\u00e9rica del Sur\",\"Economia\",\"Sociedad\"],\"inLanguage\":\"es-AR\"},{\"@type\":\"WebPage\",\"@id\":\"https:\\\/\\\/elcanillita.info\\\/press\\\/2023\\\/11\\\/28\\\/bienvenidos-argentinos-en-uruguay-pero-sin-sus-habitos-de-voto\\\/\",\"url\":\"https:\\\/\\\/elcanillita.info\\\/press\\\/2023\\\/11\\\/28\\\/bienvenidos-argentinos-en-uruguay-pero-sin-sus-habitos-de-voto\\\/\",\"name\":\"Bienvenidos argentinos en Uruguay, pero sin sus h\u00e1bitos de voto - ElCanillita.Info\",\"isPartOf\":{\"@id\":\"https:\\\/\\\/elcanillita.info\\\/press\\\/#website\"},\"primaryImageOfPage\":{\"@id\":\"https:\\\/\\\/elcanillita.info\\\/press\\\/2023\\\/11\\\/28\\\/bienvenidos-argentinos-en-uruguay-pero-sin-sus-habitos-de-voto\\\/#primaryimage\"},\"image\":{\"@id\":\"https:\\\/\\\/elcanillita.info\\\/press\\\/2023\\\/11\\\/28\\\/bienvenidos-argentinos-en-uruguay-pero-sin-sus-habitos-de-voto\\\/#primaryimage\"},\"thumbnailUrl\":\"https:\\\/\\\/elcanillita.info\\\/press\\\/images\\\/2023\\\/11\\\/col_uru1_20231128.jpg\",\"datePublished\":\"2023-11-28T21:04:39+00:00\",\"dateModified\":\"2023-11-28T21:17:37+00:00\",\"description\":\"Los argentinos acuden en masa a Uruguay para evitar una elevada presi\u00f3n fiscal.\",\"inLanguage\":\"es-AR\",\"potentialAction\":[{\"@type\":\"ReadAction\",\"target\":[\"https:\\\/\\\/elcanillita.info\\\/press\\\/2023\\\/11\\\/28\\\/bienvenidos-argentinos-en-uruguay-pero-sin-sus-habitos-de-voto\\\/\"]}]},{\"@type\":\"ImageObject\",\"inLanguage\":\"es-AR\",\"@id\":\"https:\\\/\\\/elcanillita.info\\\/press\\\/2023\\\/11\\\/28\\\/bienvenidos-argentinos-en-uruguay-pero-sin-sus-habitos-de-voto\\\/#primaryimage\",\"url\":\"https:\\\/\\\/elcanillita.info\\\/press\\\/images\\\/2023\\\/11\\\/col_uru1_20231128.jpg\",\"contentUrl\":\"https:\\\/\\\/elcanillita.info\\\/press\\\/images\\\/2023\\\/11\\\/col_uru1_20231128.jpg\",\"width\":600,\"height\":400},{\"@type\":\"WebSite\",\"@id\":\"https:\\\/\\\/elcanillita.info\\\/press\\\/#website\",\"url\":\"https:\\\/\\\/elcanillita.info\\\/press\\\/\",\"name\":\"ElCanillita.Info\",\"description\":\"desde los Apeninos a los Andes\",\"publisher\":{\"@id\":\"https:\\\/\\\/elcanillita.info\\\/press\\\/#organization\"},\"potentialAction\":[{\"@type\":\"SearchAction\",\"target\":{\"@type\":\"EntryPoint\",\"urlTemplate\":\"https:\\\/\\\/elcanillita.info\\\/press\\\/?s={search_term_string}\"},\"query-input\":{\"@type\":\"PropertyValueSpecification\",\"valueRequired\":true,\"valueName\":\"search_term_string\"}}],\"inLanguage\":\"es-AR\"},{\"@type\":\"Organization\",\"@id\":\"https:\\\/\\\/elcanillita.info\\\/press\\\/#organization\",\"name\":\"Guzzo Photos & Graphic Publications\",\"url\":\"https:\\\/\\\/elcanillita.info\\\/press\\\/\",\"logo\":{\"@type\":\"ImageObject\",\"inLanguage\":\"es-AR\",\"@id\":\"https:\\\/\\\/elcanillita.info\\\/press\\\/#\\\/schema\\\/logo\\\/image\\\/\",\"url\":\"https:\\\/\\\/elcanillita.info\\\/press\\\/images\\\/2020\\\/01\\\/cropped-cropped-cropped-elcanillitainfo.png\",\"contentUrl\":\"https:\\\/\\\/elcanillita.info\\\/press\\\/images\\\/2020\\\/01\\\/cropped-cropped-cropped-elcanillitainfo.png\",\"width\":460,\"height\":50,\"caption\":\"Guzzo Photos & Graphic Publications\"},\"image\":{\"@id\":\"https:\\\/\\\/elcanillita.info\\\/press\\\/#\\\/schema\\\/logo\\\/image\\\/\"},\"sameAs\":[\"https:\\\/\\\/ar-ar.facebook.com\\\/ElCanillitainfo-114249515285712\\\/\"]},{\"@type\":\"Person\",\"@id\":\"https:\\\/\\\/elcanillita.info\\\/press\\\/#\\\/schema\\\/person\\\/7fcb79f38045700919f7da6d97e71ba0\",\"name\":\"SalaStampa.eu, world press service\",\"image\":{\"@type\":\"ImageObject\",\"inLanguage\":\"es-AR\",\"@id\":\"https:\\\/\\\/secure.gravatar.com\\\/avatar\\\/c2f0e0d515a107624234994507816ca4724c7199cef73fc8bedebf6931d73888?s=96&d=mm&r=g\",\"url\":\"https:\\\/\\\/secure.gravatar.com\\\/avatar\\\/c2f0e0d515a107624234994507816ca4724c7199cef73fc8bedebf6931d73888?s=96&d=mm&r=g\",\"contentUrl\":\"https:\\\/\\\/secure.gravatar.com\\\/avatar\\\/c2f0e0d515a107624234994507816ca4724c7199cef73fc8bedebf6931d73888?s=96&d=mm&r=g\",\"caption\":\"SalaStampa.eu, world press service\"}}]}<\/script>\n<!-- \/ Yoast SEO plugin. -->","yoast_head_json":{"title":"Bienvenidos argentinos en Uruguay, pero sin sus h\u00e1bitos de voto - ElCanillita.Info","description":"Los argentinos acuden en masa a Uruguay para evitar una elevada presi\u00f3n fiscal.","robots":{"index":"index","follow":"follow","max-snippet":"max-snippet:-1","max-image-preview":"max-image-preview:large","max-video-preview":"max-video-preview:-1"},"canonical":"https:\/\/elcanillita.info\/press\/2023\/11\/28\/bienvenidos-argentinos-en-uruguay-pero-sin-sus-habitos-de-voto\/","og_locale":"es_ES","og_type":"article","og_title":"Bienvenidos argentinos en Uruguay, pero sin sus h\u00e1bitos de voto - ElCanillita.Info","og_description":"Los argentinos acuden en masa a Uruguay para evitar una elevada presi\u00f3n fiscal.","og_url":"https:\/\/elcanillita.info\/press\/2023\/11\/28\/bienvenidos-argentinos-en-uruguay-pero-sin-sus-habitos-de-voto\/","og_site_name":"ElCanillita.Info","article_publisher":"https:\/\/ar-ar.facebook.com\/ElCanillitainfo-114249515285712\/","article_published_time":"2023-11-28T21:04:39+00:00","article_modified_time":"2023-11-28T21:17:37+00:00","og_image":[{"width":600,"height":400,"url":"https:\/\/elcanillita.info\/press\/images\/2023\/11\/col_uru1_20231128.jpg","type":"image\/jpeg"}],"author":"SalaStampa.eu, world press service","twitter_card":"summary_large_image","twitter_misc":{"Escrito por":"SalaStampa.eu, world press service","Tiempo de lectura":"9 minutos"},"schema":{"@context":"https:\/\/schema.org","@graph":[{"@type":"Article","@id":"https:\/\/elcanillita.info\/press\/2023\/11\/28\/bienvenidos-argentinos-en-uruguay-pero-sin-sus-habitos-de-voto\/#article","isPartOf":{"@id":"https:\/\/elcanillita.info\/press\/2023\/11\/28\/bienvenidos-argentinos-en-uruguay-pero-sin-sus-habitos-de-voto\/"},"author":{"name":"SalaStampa.eu, world press service","@id":"https:\/\/elcanillita.info\/press\/#\/schema\/person\/7fcb79f38045700919f7da6d97e71ba0"},"headline":"Bienvenidos argentinos en Uruguay, pero sin sus h\u00e1bitos de voto","datePublished":"2023-11-28T21:04:39+00:00","dateModified":"2023-11-28T21:17:37+00:00","mainEntityOfPage":{"@id":"https:\/\/elcanillita.info\/press\/2023\/11\/28\/bienvenidos-argentinos-en-uruguay-pero-sin-sus-habitos-de-voto\/"},"wordCount":1836,"publisher":{"@id":"https:\/\/elcanillita.info\/press\/#organization"},"image":{"@id":"https:\/\/elcanillita.info\/press\/2023\/11\/28\/bienvenidos-argentinos-en-uruguay-pero-sin-sus-habitos-de-voto\/#primaryimage"},"thumbnailUrl":"https:\/\/elcanillita.info\/press\/images\/2023\/11\/col_uru1_20231128.jpg","keywords":["Uruguay"],"articleSection":[".",".","Actualidad","Am\u00e9rica del Sur","Economia","Sociedad"],"inLanguage":"es-AR"},{"@type":"WebPage","@id":"https:\/\/elcanillita.info\/press\/2023\/11\/28\/bienvenidos-argentinos-en-uruguay-pero-sin-sus-habitos-de-voto\/","url":"https:\/\/elcanillita.info\/press\/2023\/11\/28\/bienvenidos-argentinos-en-uruguay-pero-sin-sus-habitos-de-voto\/","name":"Bienvenidos argentinos en Uruguay, pero sin sus h\u00e1bitos de voto - ElCanillita.Info","isPartOf":{"@id":"https:\/\/elcanillita.info\/press\/#website"},"primaryImageOfPage":{"@id":"https:\/\/elcanillita.info\/press\/2023\/11\/28\/bienvenidos-argentinos-en-uruguay-pero-sin-sus-habitos-de-voto\/#primaryimage"},"image":{"@id":"https:\/\/elcanillita.info\/press\/2023\/11\/28\/bienvenidos-argentinos-en-uruguay-pero-sin-sus-habitos-de-voto\/#primaryimage"},"thumbnailUrl":"https:\/\/elcanillita.info\/press\/images\/2023\/11\/col_uru1_20231128.jpg","datePublished":"2023-11-28T21:04:39+00:00","dateModified":"2023-11-28T21:17:37+00:00","description":"Los argentinos acuden en masa a Uruguay para evitar una elevada presi\u00f3n fiscal.","inLanguage":"es-AR","potentialAction":[{"@type":"ReadAction","target":["https:\/\/elcanillita.info\/press\/2023\/11\/28\/bienvenidos-argentinos-en-uruguay-pero-sin-sus-habitos-de-voto\/"]}]},{"@type":"ImageObject","inLanguage":"es-AR","@id":"https:\/\/elcanillita.info\/press\/2023\/11\/28\/bienvenidos-argentinos-en-uruguay-pero-sin-sus-habitos-de-voto\/#primaryimage","url":"https:\/\/elcanillita.info\/press\/images\/2023\/11\/col_uru1_20231128.jpg","contentUrl":"https:\/\/elcanillita.info\/press\/images\/2023\/11\/col_uru1_20231128.jpg","width":600,"height":400},{"@type":"WebSite","@id":"https:\/\/elcanillita.info\/press\/#website","url":"https:\/\/elcanillita.info\/press\/","name":"ElCanillita.Info","description":"desde los Apeninos a los Andes","publisher":{"@id":"https:\/\/elcanillita.info\/press\/#organization"},"potentialAction":[{"@type":"SearchAction","target":{"@type":"EntryPoint","urlTemplate":"https:\/\/elcanillita.info\/press\/?s={search_term_string}"},"query-input":{"@type":"PropertyValueSpecification","valueRequired":true,"valueName":"search_term_string"}}],"inLanguage":"es-AR"},{"@type":"Organization","@id":"https:\/\/elcanillita.info\/press\/#organization","name":"Guzzo Photos & Graphic Publications","url":"https:\/\/elcanillita.info\/press\/","logo":{"@type":"ImageObject","inLanguage":"es-AR","@id":"https:\/\/elcanillita.info\/press\/#\/schema\/logo\/image\/","url":"https:\/\/elcanillita.info\/press\/images\/2020\/01\/cropped-cropped-cropped-elcanillitainfo.png","contentUrl":"https:\/\/elcanillita.info\/press\/images\/2020\/01\/cropped-cropped-cropped-elcanillitainfo.png","width":460,"height":50,"caption":"Guzzo Photos & Graphic Publications"},"image":{"@id":"https:\/\/elcanillita.info\/press\/#\/schema\/logo\/image\/"},"sameAs":["https:\/\/ar-ar.facebook.com\/ElCanillitainfo-114249515285712\/"]},{"@type":"Person","@id":"https:\/\/elcanillita.info\/press\/#\/schema\/person\/7fcb79f38045700919f7da6d97e71ba0","name":"SalaStampa.eu, world press service","image":{"@type":"ImageObject","inLanguage":"es-AR","@id":"https:\/\/secure.gravatar.com\/avatar\/c2f0e0d515a107624234994507816ca4724c7199cef73fc8bedebf6931d73888?s=96&d=mm&r=g","url":"https:\/\/secure.gravatar.com\/avatar\/c2f0e0d515a107624234994507816ca4724c7199cef73fc8bedebf6931d73888?s=96&d=mm&r=g","contentUrl":"https:\/\/secure.gravatar.com\/avatar\/c2f0e0d515a107624234994507816ca4724c7199cef73fc8bedebf6931d73888?s=96&d=mm&r=g","caption":"SalaStampa.eu, world press service"}}]}},"views":402,"_links":{"self":[{"href":"https:\/\/elcanillita.info\/press\/wp-json\/wp\/v2\/posts\/3882","targetHints":{"allow":["GET"]}}],"collection":[{"href":"https:\/\/elcanillita.info\/press\/wp-json\/wp\/v2\/posts"}],"about":[{"href":"https:\/\/elcanillita.info\/press\/wp-json\/wp\/v2\/types\/post"}],"author":[{"embeddable":true,"href":"https:\/\/elcanillita.info\/press\/wp-json\/wp\/v2\/users\/1"}],"replies":[{"embeddable":true,"href":"https:\/\/elcanillita.info\/press\/wp-json\/wp\/v2\/comments?post=3882"}],"version-history":[{"count":0,"href":"https:\/\/elcanillita.info\/press\/wp-json\/wp\/v2\/posts\/3882\/revisions"}],"wp:featuredmedia":[{"embeddable":true,"href":"https:\/\/elcanillita.info\/press\/wp-json\/wp\/v2\/media\/3885"}],"wp:attachment":[{"href":"https:\/\/elcanillita.info\/press\/wp-json\/wp\/v2\/media?parent=3882"}],"wp:term":[{"taxonomy":"category","embeddable":true,"href":"https:\/\/elcanillita.info\/press\/wp-json\/wp\/v2\/categories?post=3882"},{"taxonomy":"post_tag","embeddable":true,"href":"https:\/\/elcanillita.info\/press\/wp-json\/wp\/v2\/tags?post=3882"}],"curies":[{"name":"wp","href":"https:\/\/api.w.org\/{rel}","templated":true}]}}