{"id":3871,"date":"2023-11-28T15:33:13","date_gmt":"2023-11-28T18:33:13","guid":{"rendered":"https:\/\/elcanillita.info\/press\/?p=3871"},"modified":"2023-11-28T17:57:51","modified_gmt":"2023-11-28T20:57:51","slug":"detienen-en-ecuador-al-presunto-narcotraficante-del-cartel-los-lobos","status":"publish","type":"post","link":"https:\/\/elcanillita.info\/press\/2023\/11\/28\/detienen-en-ecuador-al-presunto-narcotraficante-del-cartel-los-lobos\/","title":{"rendered":"Detienen en Ecuador al presunto narcotraficante del cartel Los Lobos"},"content":{"rendered":"\n<figure class=\"wp-block-image size-full\"><img loading=\"lazy\" decoding=\"async\" width=\"600\" height=\"447\" src=\"https:\/\/elcanillita.info\/press\/images\/2023\/11\/ecucv_20231128.jpg\" alt=\"\" class=\"wp-image-3873\" srcset=\"https:\/\/elcanillita.info\/press\/images\/2023\/11\/ecucv_20231128.jpg 600w, https:\/\/elcanillita.info\/press\/images\/2023\/11\/ecucv_20231128-300x224.jpg 300w\" sizes=\"auto, (max-width: 600px) 100vw, 600px\" \/><\/figure>\n\n\n\n<p><strong>ElCanillita.info, 28\/11\/2023<\/strong><br>Ecuador ha detenido a un presunto l\u00edder de una de las bandas de narcotraficantes m\u00e1s poderosas del pa\u00eds, d\u00edas despu\u00e9s de que el presidente Daniel Noboa asumiera el cargo prometiendo hacer frente a una creciente ola de delincuencia.<\/p>\n\n\n\n<p>El l\u00edder de la temida organizaci\u00f3n Los Lobos, conocido como Jaime Enrique SC, fue capturado por la polic\u00eda el domingo por la noche mientras conduc\u00eda en Puerto Bol\u00edvar, una ciudad portuaria y centro de embarque de bananas, que se ha visto afectada por una ola de violencia relacionada con el narcotr\u00e1fico, inform\u00f3 la polic\u00eda nacional de Ecuador.<\/p>\n\n\n\n<p>La detenci\u00f3n supone una declaraci\u00f3n de intenciones de Noboa, el pol\u00edtico de centro-derecha que asumi\u00f3 el cargo la semana pasada prometiendo mano dura contra los poderosos grupos de narcotraficantes que alimentan la creciente crisis de seguridad del pa\u00eds. Al parecer, Los Lobos tienen v\u00ednculos con uno de los principales grupos delictivos de M\u00e9xico.<\/p>\n\n\n\n<p>Jaime Enrique SC, cuyo nombre completo no se facilit\u00f3, viajaba en un veh\u00edculo de lujo con una pistola y 13.500 d\u00f3lares, seg\u00fan la polic\u00eda, que a\u00f1adi\u00f3 que ten\u00eda una orden de detenci\u00f3n previa por tenencia il\u00edcita de armas de fuego.<\/p>\n\n\n\n<p>Cuando el presunto l\u00edder de la banda era trasladado a una comisar\u00eda cercana, hombres armados, presuntamente leales a Jamie Enrique SC, bloquearon la carretera y dispararon contra la polic\u00eda, hiriendo a un agente. Esa misma noche se produjo un tiroteo frente a la comisar\u00eda.<\/p>\n\n\n\n<p>&#8220;Estas acciones .\u2009. ratifican nuestro compromiso de luchar contra la delincuencia organizada&#8221;, declar\u00f3 la polic\u00eda.&nbsp;<\/p>\n\n\n\n<figure class=\"wp-block-image size-full is-resized\"><img loading=\"lazy\" decoding=\"async\" width=\"600\" height=\"401\" src=\"https:\/\/elcanillita.info\/press\/images\/2023\/11\/narco_20231128.jpg\" alt=\"\" class=\"wp-image-3879\" style=\"width:733px;height:auto\" srcset=\"https:\/\/elcanillita.info\/press\/images\/2023\/11\/narco_20231128.jpg 600w, https:\/\/elcanillita.info\/press\/images\/2023\/11\/narco_20231128-300x201.jpg 300w\" sizes=\"auto, (max-width: 600px) 100vw, 600px\" \/><figcaption class=\"wp-element-caption\">Imagen borrosa de Jaime Enrique SC. . Seg\u00fan la polic\u00eda, viajaba con una pistola en un veh\u00edculo de lujo cuando fue detenido<\/figcaption><\/figure>\n\n\n\n<p>El \u00edndice de asesinatos en Ecuador, antes relativamente pac\u00edfica en comparaci\u00f3n con sus vecinos Colombia y Per\u00fa, se increment\u00f3 casi un 500% desde 2016 y el pa\u00eds a\u00fan est\u00e1 conmocionado por el descarado asesinato del candidato presidencial de centroderecha Fernando Villavicencio en agosto. Ese asesinato dio un vuelco a la campa\u00f1a y aliment\u00f3 el apoyo a Noboa, de 35 a\u00f1os, que no pertenece al mismo partido de centro-derecha, pero que hasta entonces era considerado un outsider.<\/p>\n\n\n\n<p>El gobierno de Noboa durar\u00e1 s\u00f3lo 17 meses porque completar\u00e1 el mandato del anterior presidente conservador, Guillermo Lasso, que convoc\u00f3 elecciones anticipadas en medio de un proceso de destituci\u00f3n en su contra.<\/p>\n\n\n\n<p>&#8220;Invito a todos a trabajar juntos contra los enemigos comunes de la violencia y la miseria&#8221;, dijo Noboa, hijo del magnate bananero y cinco veces candidato presidencial&nbsp;<\/p>\n\n\n\n<figure class=\"wp-block-image size-full\"><img loading=\"lazy\" decoding=\"async\" width=\"600\" height=\"338\" src=\"https:\/\/elcanillita.info\/press\/images\/2023\/11\/dnov_20231128.jpg\" alt=\"\" class=\"wp-image-3878\" srcset=\"https:\/\/elcanillita.info\/press\/images\/2023\/11\/dnov_20231128.jpg 600w, https:\/\/elcanillita.info\/press\/images\/2023\/11\/dnov_20231128-300x169.jpg 300w\" sizes=\"auto, (max-width: 600px) 100vw, 600px\" \/><figcaption class=\"wp-element-caption\">\u00c1lvaro Noboa, durante su toma de posesi\u00f3n.: &#8220;El trabajo es duro y dif\u00edcil y los d\u00edas son pocos&#8221;.<\/figcaption><\/figure>\n\n\n\n<p>El s\u00e1bado, Noboa derog\u00f3 las directrices que permit\u00edan a las personas portar peque\u00f1as cantidades de drogas ilegales, como marihuana, coca\u00edna, hero\u00edna y anfetaminas. Su oficina dijo que la medida &#8220;fomentaba el microtr\u00e1fico&#8221;.<\/p>\n\n\n\n<p>Los Lobos se ha convertido en la banda de narcotraficantes m\u00e1s poderosa de Ecuador, tras formarse inicialmente como un grupo escindido de la banda de Los Choneros, seg\u00fan InSight Crime, una plataforma que supervisa las organizaciones delictivas latinoamericanas.<\/p>\n\n\n\n<p>Se calcula que el grupo cuenta con m\u00e1s de 8.000 miembros y opera en las calles y en las c\u00e1rceles, donde ha participado en varias masacres y motines, seg\u00fan las autoridades. En noviembre de 2022, el grupo afirm\u00f3 tener el control de dos pabellones de la prisi\u00f3n del Litoral de Guayaquil, la mayor del pa\u00eds.<\/p>\n\n\n\n<p>Un grupo de hombres enmascarados que dec\u00edan ser miembros de Los Lobos reivindicaron el asesinato de Villavicencio en un mensaje de v\u00eddeo en agosto, aunque se ha cuestionado su veracidad.<\/p>\n\n\n\n<p>Fernando Carri\u00f3n, experto en seguridad del instituto Flacso de Quito, dijo que el liderazgo de Los Lobos es incierto, y que es posible que se produzca una lucha violenta por el poder o una fragmentaci\u00f3n tras la captura de Jaime Enrique SC.<\/p>\n\n\n\n<p>&#8220;Otra posibilidad es que se establezcan alianzas con grupos m\u00e1s peque\u00f1os que los hagan m\u00e1s fuertes&#8221;, a\u00f1adi\u00f3.<\/p>\n\n\n\n<p>La prensa ecuatoriana ha informado de que Los Lobos prestan servicios de seguridad al c\u00e1rtel mexicano Jalisco Nueva Generaci\u00f3n (CJNG), uno de los grupos delictivos organizados m\u00e1s grandes y mort\u00edferos de Latinoam\u00e9rica. El CJNG lleva a cabo una serie de actividades en M\u00e9xico que van desde la extorsi\u00f3n al tr\u00e1fico de inmigrantes y el fentanilo.<\/p>\n\n\n\n<p>Ra\u00fal Ben\u00edtez Manaut, profesor de la Universidad Nacional Aut\u00f3noma de M\u00e9xico, afirm\u00f3 que las autoridades ecuatorianas creen que el CJNG ha ido ganando terreno poco a poco al c\u00e1rtel de Sinaloa, que ha estado en el punto de mira de las autoridades mexicanas y estadounidenses.<\/p>\n\n\n\n<p>&#8220;En el narcotr\u00e1fico nada es formal, todos son grupos que poco a poco env\u00edan emisarios a buscar pandilleros, jefes de grupos criminales&#8230; se buscan entre ellos&#8221;, dijo.<\/p>\n\n\n\n<p><small>Copyright \u00a9 2023 ElCanillita.info \/ SalaStampa.Eu, servicio mundial de prensa. Derechos Reservados<\/small>  <\/p>\n","protected":false},"excerpt":{"rendered":"<p>El nuevo presidente de Ecuador, Daniel Noboa, sentado a la derecha, con su hom\u00f3logo colombiano, Gustavo Petro, en una reuni\u00f3n en Quito la semana pasada <\/p>\n","protected":false},"author":1,"featured_media":3872,"comment_status":"closed","ping_status":"closed","sticky":false,"template":"","format":"standard","meta":{"footnotes":"","_links_to":"","_links_to_target":""},"categories":[108,121,70,11,113],"tags":[53],"class_list":["post-3871","post","type-post","status-publish","format-standard","has-post-thumbnail","hentry","category-blogdiario","category-dc24","category-actualidad","category-america-del-sur","category-narcotrafico","tag-ecuador","entry","double"],"yoast_head":"<!-- This site is optimized with the Yoast SEO plugin v27.4 - https:\/\/yoast.com\/product\/yoast-seo-wordpress\/ -->\n<title>Detienen en Ecuador al presunto narcotraficante del cartel Los Lobos - ElCanillita.Info<\/title>\n<meta name=\"description\" content=\"El nuevo presidente de Ecuador, Daniel Noboa, sentado a la derecha, con su hom\u00f3logo colombiano, Gustavo Petro, en una reuni\u00f3n en Quito la semana pasada\" \/>\n<meta name=\"robots\" content=\"index, follow, max-snippet:-1, max-image-preview:large, max-video-preview:-1\" \/>\n<link rel=\"canonical\" href=\"https:\/\/elcanillita.info\/press\/2023\/11\/28\/detienen-en-ecuador-al-presunto-narcotraficante-del-cartel-los-lobos\/\" \/>\n<meta property=\"og:locale\" content=\"es_ES\" \/>\n<meta property=\"og:type\" content=\"article\" \/>\n<meta property=\"og:title\" content=\"Detienen en Ecuador al presunto narcotraficante del cartel Los Lobos - ElCanillita.Info\" \/>\n<meta property=\"og:description\" content=\"El nuevo presidente de Ecuador, Daniel Noboa, sentado a la derecha, con su hom\u00f3logo colombiano, Gustavo Petro, en una reuni\u00f3n en Quito la semana pasada\" \/>\n<meta property=\"og:url\" content=\"https:\/\/elcanillita.info\/press\/2023\/11\/28\/detienen-en-ecuador-al-presunto-narcotraficante-del-cartel-los-lobos\/\" \/>\n<meta property=\"og:site_name\" content=\"ElCanillita.Info\" \/>\n<meta property=\"article:publisher\" content=\"https:\/\/ar-ar.facebook.com\/ElCanillitainfo-114249515285712\/\" \/>\n<meta property=\"article:published_time\" content=\"2023-11-28T18:33:13+00:00\" \/>\n<meta property=\"article:modified_time\" content=\"2023-11-28T20:57:51+00:00\" \/>\n<meta property=\"og:image\" content=\"https:\/\/elcanillita.info\/press\/images\/2023\/11\/ecu_20231128.jpg\" \/>\n\t<meta property=\"og:image:width\" content=\"600\" \/>\n\t<meta property=\"og:image:height\" content=\"337\" \/>\n\t<meta property=\"og:image:type\" content=\"image\/jpeg\" \/>\n<meta name=\"author\" content=\"SalaStampa.eu, world press service\" \/>\n<meta name=\"twitter:card\" content=\"summary_large_image\" \/>\n<meta name=\"twitter:label1\" content=\"Escrito por\" \/>\n\t<meta name=\"twitter:data1\" content=\"SalaStampa.eu, world press service\" \/>\n\t<meta name=\"twitter:label2\" content=\"Tiempo de lectura\" \/>\n\t<meta name=\"twitter:data2\" content=\"5 minutos\" \/>\n<script type=\"application\/ld+json\" class=\"yoast-schema-graph\">{\"@context\":\"https:\\\/\\\/schema.org\",\"@graph\":[{\"@type\":\"Article\",\"@id\":\"https:\\\/\\\/elcanillita.info\\\/press\\\/2023\\\/11\\\/28\\\/detienen-en-ecuador-al-presunto-narcotraficante-del-cartel-los-lobos\\\/#article\",\"isPartOf\":{\"@id\":\"https:\\\/\\\/elcanillita.info\\\/press\\\/2023\\\/11\\\/28\\\/detienen-en-ecuador-al-presunto-narcotraficante-del-cartel-los-lobos\\\/\"},\"author\":{\"name\":\"SalaStampa.eu, world press service\",\"@id\":\"https:\\\/\\\/elcanillita.info\\\/press\\\/#\\\/schema\\\/person\\\/7fcb79f38045700919f7da6d97e71ba0\"},\"headline\":\"Detienen en Ecuador al presunto narcotraficante del cartel Los Lobos\",\"datePublished\":\"2023-11-28T18:33:13+00:00\",\"dateModified\":\"2023-11-28T20:57:51+00:00\",\"mainEntityOfPage\":{\"@id\":\"https:\\\/\\\/elcanillita.info\\\/press\\\/2023\\\/11\\\/28\\\/detienen-en-ecuador-al-presunto-narcotraficante-del-cartel-los-lobos\\\/\"},\"wordCount\":860,\"publisher\":{\"@id\":\"https:\\\/\\\/elcanillita.info\\\/press\\\/#organization\"},\"image\":{\"@id\":\"https:\\\/\\\/elcanillita.info\\\/press\\\/2023\\\/11\\\/28\\\/detienen-en-ecuador-al-presunto-narcotraficante-del-cartel-los-lobos\\\/#primaryimage\"},\"thumbnailUrl\":\"https:\\\/\\\/elcanillita.info\\\/press\\\/images\\\/2023\\\/11\\\/ecu_20231128.jpg\",\"keywords\":[\"Ecuador\"],\"articleSection\":[\".\",\".\",\"Actualidad\",\"Am\u00e9rica del Sur\",\"Narcotr\u00e1fico\"],\"inLanguage\":\"es-AR\"},{\"@type\":\"WebPage\",\"@id\":\"https:\\\/\\\/elcanillita.info\\\/press\\\/2023\\\/11\\\/28\\\/detienen-en-ecuador-al-presunto-narcotraficante-del-cartel-los-lobos\\\/\",\"url\":\"https:\\\/\\\/elcanillita.info\\\/press\\\/2023\\\/11\\\/28\\\/detienen-en-ecuador-al-presunto-narcotraficante-del-cartel-los-lobos\\\/\",\"name\":\"Detienen en Ecuador al presunto narcotraficante del cartel Los Lobos - ElCanillita.Info\",\"isPartOf\":{\"@id\":\"https:\\\/\\\/elcanillita.info\\\/press\\\/#website\"},\"primaryImageOfPage\":{\"@id\":\"https:\\\/\\\/elcanillita.info\\\/press\\\/2023\\\/11\\\/28\\\/detienen-en-ecuador-al-presunto-narcotraficante-del-cartel-los-lobos\\\/#primaryimage\"},\"image\":{\"@id\":\"https:\\\/\\\/elcanillita.info\\\/press\\\/2023\\\/11\\\/28\\\/detienen-en-ecuador-al-presunto-narcotraficante-del-cartel-los-lobos\\\/#primaryimage\"},\"thumbnailUrl\":\"https:\\\/\\\/elcanillita.info\\\/press\\\/images\\\/2023\\\/11\\\/ecu_20231128.jpg\",\"datePublished\":\"2023-11-28T18:33:13+00:00\",\"dateModified\":\"2023-11-28T20:57:51+00:00\",\"description\":\"El nuevo presidente de Ecuador, Daniel Noboa, sentado a la derecha, con su hom\u00f3logo colombiano, Gustavo Petro, en una reuni\u00f3n en Quito la semana pasada\",\"inLanguage\":\"es-AR\",\"potentialAction\":[{\"@type\":\"ReadAction\",\"target\":[\"https:\\\/\\\/elcanillita.info\\\/press\\\/2023\\\/11\\\/28\\\/detienen-en-ecuador-al-presunto-narcotraficante-del-cartel-los-lobos\\\/\"]}]},{\"@type\":\"ImageObject\",\"inLanguage\":\"es-AR\",\"@id\":\"https:\\\/\\\/elcanillita.info\\\/press\\\/2023\\\/11\\\/28\\\/detienen-en-ecuador-al-presunto-narcotraficante-del-cartel-los-lobos\\\/#primaryimage\",\"url\":\"https:\\\/\\\/elcanillita.info\\\/press\\\/images\\\/2023\\\/11\\\/ecu_20231128.jpg\",\"contentUrl\":\"https:\\\/\\\/elcanillita.info\\\/press\\\/images\\\/2023\\\/11\\\/ecu_20231128.jpg\",\"width\":600,\"height\":337},{\"@type\":\"WebSite\",\"@id\":\"https:\\\/\\\/elcanillita.info\\\/press\\\/#website\",\"url\":\"https:\\\/\\\/elcanillita.info\\\/press\\\/\",\"name\":\"ElCanillita.Info\",\"description\":\"desde los Apeninos a los Andes\",\"publisher\":{\"@id\":\"https:\\\/\\\/elcanillita.info\\\/press\\\/#organization\"},\"potentialAction\":[{\"@type\":\"SearchAction\",\"target\":{\"@type\":\"EntryPoint\",\"urlTemplate\":\"https:\\\/\\\/elcanillita.info\\\/press\\\/?s={search_term_string}\"},\"query-input\":{\"@type\":\"PropertyValueSpecification\",\"valueRequired\":true,\"valueName\":\"search_term_string\"}}],\"inLanguage\":\"es-AR\"},{\"@type\":\"Organization\",\"@id\":\"https:\\\/\\\/elcanillita.info\\\/press\\\/#organization\",\"name\":\"Guzzo Photos & Graphic Publications\",\"url\":\"https:\\\/\\\/elcanillita.info\\\/press\\\/\",\"logo\":{\"@type\":\"ImageObject\",\"inLanguage\":\"es-AR\",\"@id\":\"https:\\\/\\\/elcanillita.info\\\/press\\\/#\\\/schema\\\/logo\\\/image\\\/\",\"url\":\"https:\\\/\\\/elcanillita.info\\\/press\\\/images\\\/2020\\\/01\\\/cropped-cropped-cropped-elcanillitainfo.png\",\"contentUrl\":\"https:\\\/\\\/elcanillita.info\\\/press\\\/images\\\/2020\\\/01\\\/cropped-cropped-cropped-elcanillitainfo.png\",\"width\":460,\"height\":50,\"caption\":\"Guzzo Photos & Graphic Publications\"},\"image\":{\"@id\":\"https:\\\/\\\/elcanillita.info\\\/press\\\/#\\\/schema\\\/logo\\\/image\\\/\"},\"sameAs\":[\"https:\\\/\\\/ar-ar.facebook.com\\\/ElCanillitainfo-114249515285712\\\/\"]},{\"@type\":\"Person\",\"@id\":\"https:\\\/\\\/elcanillita.info\\\/press\\\/#\\\/schema\\\/person\\\/7fcb79f38045700919f7da6d97e71ba0\",\"name\":\"SalaStampa.eu, world press service\",\"image\":{\"@type\":\"ImageObject\",\"inLanguage\":\"es-AR\",\"@id\":\"https:\\\/\\\/secure.gravatar.com\\\/avatar\\\/c2f0e0d515a107624234994507816ca4724c7199cef73fc8bedebf6931d73888?s=96&d=mm&r=g\",\"url\":\"https:\\\/\\\/secure.gravatar.com\\\/avatar\\\/c2f0e0d515a107624234994507816ca4724c7199cef73fc8bedebf6931d73888?s=96&d=mm&r=g\",\"contentUrl\":\"https:\\\/\\\/secure.gravatar.com\\\/avatar\\\/c2f0e0d515a107624234994507816ca4724c7199cef73fc8bedebf6931d73888?s=96&d=mm&r=g\",\"caption\":\"SalaStampa.eu, world press service\"}}]}<\/script>\n<!-- \/ Yoast SEO plugin. -->","yoast_head_json":{"title":"Detienen en Ecuador al presunto narcotraficante del cartel Los Lobos - ElCanillita.Info","description":"El nuevo presidente de Ecuador, Daniel Noboa, sentado a la derecha, con su hom\u00f3logo colombiano, Gustavo Petro, en una reuni\u00f3n en Quito la semana pasada","robots":{"index":"index","follow":"follow","max-snippet":"max-snippet:-1","max-image-preview":"max-image-preview:large","max-video-preview":"max-video-preview:-1"},"canonical":"https:\/\/elcanillita.info\/press\/2023\/11\/28\/detienen-en-ecuador-al-presunto-narcotraficante-del-cartel-los-lobos\/","og_locale":"es_ES","og_type":"article","og_title":"Detienen en Ecuador al presunto narcotraficante del cartel Los Lobos - ElCanillita.Info","og_description":"El nuevo presidente de Ecuador, Daniel Noboa, sentado a la derecha, con su hom\u00f3logo colombiano, Gustavo Petro, en una reuni\u00f3n en Quito la semana pasada","og_url":"https:\/\/elcanillita.info\/press\/2023\/11\/28\/detienen-en-ecuador-al-presunto-narcotraficante-del-cartel-los-lobos\/","og_site_name":"ElCanillita.Info","article_publisher":"https:\/\/ar-ar.facebook.com\/ElCanillitainfo-114249515285712\/","article_published_time":"2023-11-28T18:33:13+00:00","article_modified_time":"2023-11-28T20:57:51+00:00","og_image":[{"width":600,"height":337,"url":"https:\/\/elcanillita.info\/press\/images\/2023\/11\/ecu_20231128.jpg","type":"image\/jpeg"}],"author":"SalaStampa.eu, world press service","twitter_card":"summary_large_image","twitter_misc":{"Escrito por":"SalaStampa.eu, world press service","Tiempo de lectura":"5 minutos"},"schema":{"@context":"https:\/\/schema.org","@graph":[{"@type":"Article","@id":"https:\/\/elcanillita.info\/press\/2023\/11\/28\/detienen-en-ecuador-al-presunto-narcotraficante-del-cartel-los-lobos\/#article","isPartOf":{"@id":"https:\/\/elcanillita.info\/press\/2023\/11\/28\/detienen-en-ecuador-al-presunto-narcotraficante-del-cartel-los-lobos\/"},"author":{"name":"SalaStampa.eu, world press service","@id":"https:\/\/elcanillita.info\/press\/#\/schema\/person\/7fcb79f38045700919f7da6d97e71ba0"},"headline":"Detienen en Ecuador al presunto narcotraficante del cartel Los Lobos","datePublished":"2023-11-28T18:33:13+00:00","dateModified":"2023-11-28T20:57:51+00:00","mainEntityOfPage":{"@id":"https:\/\/elcanillita.info\/press\/2023\/11\/28\/detienen-en-ecuador-al-presunto-narcotraficante-del-cartel-los-lobos\/"},"wordCount":860,"publisher":{"@id":"https:\/\/elcanillita.info\/press\/#organization"},"image":{"@id":"https:\/\/elcanillita.info\/press\/2023\/11\/28\/detienen-en-ecuador-al-presunto-narcotraficante-del-cartel-los-lobos\/#primaryimage"},"thumbnailUrl":"https:\/\/elcanillita.info\/press\/images\/2023\/11\/ecu_20231128.jpg","keywords":["Ecuador"],"articleSection":[".",".","Actualidad","Am\u00e9rica del Sur","Narcotr\u00e1fico"],"inLanguage":"es-AR"},{"@type":"WebPage","@id":"https:\/\/elcanillita.info\/press\/2023\/11\/28\/detienen-en-ecuador-al-presunto-narcotraficante-del-cartel-los-lobos\/","url":"https:\/\/elcanillita.info\/press\/2023\/11\/28\/detienen-en-ecuador-al-presunto-narcotraficante-del-cartel-los-lobos\/","name":"Detienen en Ecuador al presunto narcotraficante del cartel Los Lobos - ElCanillita.Info","isPartOf":{"@id":"https:\/\/elcanillita.info\/press\/#website"},"primaryImageOfPage":{"@id":"https:\/\/elcanillita.info\/press\/2023\/11\/28\/detienen-en-ecuador-al-presunto-narcotraficante-del-cartel-los-lobos\/#primaryimage"},"image":{"@id":"https:\/\/elcanillita.info\/press\/2023\/11\/28\/detienen-en-ecuador-al-presunto-narcotraficante-del-cartel-los-lobos\/#primaryimage"},"thumbnailUrl":"https:\/\/elcanillita.info\/press\/images\/2023\/11\/ecu_20231128.jpg","datePublished":"2023-11-28T18:33:13+00:00","dateModified":"2023-11-28T20:57:51+00:00","description":"El nuevo presidente de Ecuador, Daniel Noboa, sentado a la derecha, con su hom\u00f3logo colombiano, Gustavo Petro, en una reuni\u00f3n en Quito la semana pasada","inLanguage":"es-AR","potentialAction":[{"@type":"ReadAction","target":["https:\/\/elcanillita.info\/press\/2023\/11\/28\/detienen-en-ecuador-al-presunto-narcotraficante-del-cartel-los-lobos\/"]}]},{"@type":"ImageObject","inLanguage":"es-AR","@id":"https:\/\/elcanillita.info\/press\/2023\/11\/28\/detienen-en-ecuador-al-presunto-narcotraficante-del-cartel-los-lobos\/#primaryimage","url":"https:\/\/elcanillita.info\/press\/images\/2023\/11\/ecu_20231128.jpg","contentUrl":"https:\/\/elcanillita.info\/press\/images\/2023\/11\/ecu_20231128.jpg","width":600,"height":337},{"@type":"WebSite","@id":"https:\/\/elcanillita.info\/press\/#website","url":"https:\/\/elcanillita.info\/press\/","name":"ElCanillita.Info","description":"desde los Apeninos a los Andes","publisher":{"@id":"https:\/\/elcanillita.info\/press\/#organization"},"potentialAction":[{"@type":"SearchAction","target":{"@type":"EntryPoint","urlTemplate":"https:\/\/elcanillita.info\/press\/?s={search_term_string}"},"query-input":{"@type":"PropertyValueSpecification","valueRequired":true,"valueName":"search_term_string"}}],"inLanguage":"es-AR"},{"@type":"Organization","@id":"https:\/\/elcanillita.info\/press\/#organization","name":"Guzzo Photos & Graphic Publications","url":"https:\/\/elcanillita.info\/press\/","logo":{"@type":"ImageObject","inLanguage":"es-AR","@id":"https:\/\/elcanillita.info\/press\/#\/schema\/logo\/image\/","url":"https:\/\/elcanillita.info\/press\/images\/2020\/01\/cropped-cropped-cropped-elcanillitainfo.png","contentUrl":"https:\/\/elcanillita.info\/press\/images\/2020\/01\/cropped-cropped-cropped-elcanillitainfo.png","width":460,"height":50,"caption":"Guzzo Photos & Graphic Publications"},"image":{"@id":"https:\/\/elcanillita.info\/press\/#\/schema\/logo\/image\/"},"sameAs":["https:\/\/ar-ar.facebook.com\/ElCanillitainfo-114249515285712\/"]},{"@type":"Person","@id":"https:\/\/elcanillita.info\/press\/#\/schema\/person\/7fcb79f38045700919f7da6d97e71ba0","name":"SalaStampa.eu, world press service","image":{"@type":"ImageObject","inLanguage":"es-AR","@id":"https:\/\/secure.gravatar.com\/avatar\/c2f0e0d515a107624234994507816ca4724c7199cef73fc8bedebf6931d73888?s=96&d=mm&r=g","url":"https:\/\/secure.gravatar.com\/avatar\/c2f0e0d515a107624234994507816ca4724c7199cef73fc8bedebf6931d73888?s=96&d=mm&r=g","contentUrl":"https:\/\/secure.gravatar.com\/avatar\/c2f0e0d515a107624234994507816ca4724c7199cef73fc8bedebf6931d73888?s=96&d=mm&r=g","caption":"SalaStampa.eu, world press service"}}]}},"views":368,"_links":{"self":[{"href":"https:\/\/elcanillita.info\/press\/wp-json\/wp\/v2\/posts\/3871","targetHints":{"allow":["GET"]}}],"collection":[{"href":"https:\/\/elcanillita.info\/press\/wp-json\/wp\/v2\/posts"}],"about":[{"href":"https:\/\/elcanillita.info\/press\/wp-json\/wp\/v2\/types\/post"}],"author":[{"embeddable":true,"href":"https:\/\/elcanillita.info\/press\/wp-json\/wp\/v2\/users\/1"}],"replies":[{"embeddable":true,"href":"https:\/\/elcanillita.info\/press\/wp-json\/wp\/v2\/comments?post=3871"}],"version-history":[{"count":0,"href":"https:\/\/elcanillita.info\/press\/wp-json\/wp\/v2\/posts\/3871\/revisions"}],"wp:featuredmedia":[{"embeddable":true,"href":"https:\/\/elcanillita.info\/press\/wp-json\/wp\/v2\/media\/3872"}],"wp:attachment":[{"href":"https:\/\/elcanillita.info\/press\/wp-json\/wp\/v2\/media?parent=3871"}],"wp:term":[{"taxonomy":"category","embeddable":true,"href":"https:\/\/elcanillita.info\/press\/wp-json\/wp\/v2\/categories?post=3871"},{"taxonomy":"post_tag","embeddable":true,"href":"https:\/\/elcanillita.info\/press\/wp-json\/wp\/v2\/tags?post=3871"}],"curies":[{"name":"wp","href":"https:\/\/api.w.org\/{rel}","templated":true}]}}