{"id":387,"date":"2020-02-07T15:09:04","date_gmt":"2020-02-07T18:09:04","guid":{"rendered":"https:\/\/elcanillita.info\/press\/?p=387"},"modified":"2020-02-11T07:41:57","modified_gmt":"2020-02-11T10:41:57","slug":"suspension-vuelos-coronavirus-impacta-economia-mundial","status":"publish","type":"post","link":"https:\/\/elcanillita.info\/press\/2020\/02\/07\/suspension-vuelos-coronavirus-impacta-economia-mundial\/","title":{"rendered":"Suspensi\u00f3n de vuelos por coronavirus impacta econom\u00eda mundial"},"content":{"rendered":"\n<p>Uni\u00f3n Europea, 07.02.2020 &#8211; Las aerol\u00edneas est\u00e1n extendiendo la suspensi\u00f3n de vuelos a China continental, al tiempo que aumenta el n\u00famero de minoristas que calculan el potencial da\u00f1o econ\u00f3mico del brote de un nuevo virus en ese pa\u00eds asi\u00e1tico.<\/p>\n\n\n\n<p>Air France y su socio KLM han prolongado al menos hasta el 16 de marzo la suspensi\u00f3n de vuelos a China continental. Air France normalmente realiza 26 vuelos por semana a Beijing, Shangh\u00e1i y Wuhan. Se supon\u00eda que la suspensi\u00f3n en curso terminaba el domingo. Despu\u00e9s de mediados de marzo, Air France y KLM planean reanudar gradualmente sus servicios, ofreciendo entre las dos un vuelo diario tanto a Shangh\u00e1i como a Beijing, ya sea en vuelos de Air France desde Par\u00eds o de KLM desde \u00c1msterdam. La aerol\u00ednea nacional de Espa\u00f1a, Iberia, extendi\u00f3 hasta finales de abril la suspensi\u00f3n de sus vuelos de regreso de tres veces por semana a Shangh\u00e1i.<\/p>\n\n\n\n<p>La lujosa marca Tapestry advirti\u00f3 que el brote del virus en China est\u00e1 \u201cimpactando seriamente\u201d su negocio. La compa\u00f1\u00eda propietaria de Coach y Kate Spade indic\u00f3 que la mayor\u00eda de sus tiendas en China se encuentra cerrada. Al reportar sus ganancias el jueves, la minorista de Nueva York inform\u00f3 que sus ventas esperadas para el segundo semestre del a\u00f1o podr\u00edan sufrir un golpe de entre 200 y 250 millones de d\u00f3lares.<\/p>\n\n\n\n<p>Nike, la marca de ropa deportiva m\u00e1s grande del mundo se\u00f1al\u00f3 que el cierre de algunas de sus tiendas en China, su mercado de mayor crecimiento, tendr\u00e1 un \u201cimpacto material\u201d a corto plazo en sus operaciones. Nike ha cerrado cerca de la mitad de sus tiendas en China y el comercio minorista en las que contin\u00faan abiertas es menor que lo esperado. El pa\u00eds asi\u00e1tico represent\u00f3 17% de los ingresos de Nike en 2019.<br><br><small>2020 voanoticias \u2013 salastampa.eu, afiliada a la red Broadcasting Board of Governors \u00a9 2020 BBG<\/small><\/p>\n","protected":false},"excerpt":{"rendered":"<p>Uni\u00f3n Europea, 07.02.2020 &#8211; Las aerol\u00edneas est\u00e1n extendiendo la suspensi\u00f3n de vuelos a China continental, al tiempo que aumenta el n\u00famero de minoristas que calculan el potencial da\u00f1o econ\u00f3mico del brote de un nuevo virus en ese pa\u00eds asi\u00e1tico.<\/p>\n","protected":false},"author":1,"featured_media":0,"comment_status":"closed","ping_status":"closed","sticky":false,"template":"","format":"standard","meta":{"footnotes":"","_links_to":"","_links_to_target":""},"categories":[70,20,5,25],"tags":[59],"class_list":["post-387","post","type-post","status-publish","format-standard","hentry","category-actualidad","category-economia","category-europa","category-sociedad","tag-union-europea","entry","double"],"yoast_head":"<!-- This site is optimized with the Yoast SEO plugin v27.5 - https:\/\/yoast.com\/product\/yoast-seo-wordpress\/ -->\n<title>Suspensi\u00f3n de vuelos por coronavirus impacta econom\u00eda mundial - ElCanillita.Info<\/title>\n<meta name=\"robots\" content=\"index, follow, max-snippet:-1, max-image-preview:large, max-video-preview:-1\" \/>\n<link rel=\"canonical\" href=\"https:\/\/elcanillita.info\/press\/2020\/02\/07\/suspension-vuelos-coronavirus-impacta-economia-mundial\/\" \/>\n<meta property=\"og:locale\" content=\"es_ES\" \/>\n<meta property=\"og:type\" content=\"article\" \/>\n<meta property=\"og:title\" content=\"Suspensi\u00f3n de vuelos por coronavirus impacta econom\u00eda mundial - ElCanillita.Info\" \/>\n<meta property=\"og:description\" content=\"Uni\u00f3n Europea, 07.02.2020 - Las aerol\u00edneas est\u00e1n extendiendo la suspensi\u00f3n de vuelos a China continental, al tiempo que aumenta el n\u00famero de minoristas que calculan el potencial da\u00f1o econ\u00f3mico del brote de un nuevo virus en ese pa\u00eds asi\u00e1tico.\" \/>\n<meta property=\"og:url\" content=\"https:\/\/elcanillita.info\/press\/2020\/02\/07\/suspension-vuelos-coronavirus-impacta-economia-mundial\/\" \/>\n<meta property=\"og:site_name\" content=\"ElCanillita.Info\" \/>\n<meta property=\"article:publisher\" content=\"https:\/\/ar-ar.facebook.com\/ElCanillitainfo-114249515285712\/\" \/>\n<meta property=\"article:published_time\" content=\"2020-02-07T18:09:04+00:00\" \/>\n<meta property=\"article:modified_time\" content=\"2020-02-11T10:41:57+00:00\" \/>\n<meta name=\"author\" content=\"SalaStampa.eu, world press service\" \/>\n<meta name=\"twitter:card\" content=\"summary_large_image\" \/>\n<meta name=\"twitter:label1\" content=\"Escrito por\" \/>\n\t<meta name=\"twitter:data1\" content=\"SalaStampa.eu, world press service\" \/>\n\t<meta name=\"twitter:label2\" content=\"Tiempo de lectura\" \/>\n\t<meta name=\"twitter:data2\" content=\"2 minutos\" \/>\n<script type=\"application\/ld+json\" class=\"yoast-schema-graph\">{\"@context\":\"https:\\\/\\\/schema.org\",\"@graph\":[{\"@type\":\"Article\",\"@id\":\"https:\\\/\\\/elcanillita.info\\\/press\\\/2020\\\/02\\\/07\\\/suspension-vuelos-coronavirus-impacta-economia-mundial\\\/#article\",\"isPartOf\":{\"@id\":\"https:\\\/\\\/elcanillita.info\\\/press\\\/2020\\\/02\\\/07\\\/suspension-vuelos-coronavirus-impacta-economia-mundial\\\/\"},\"author\":{\"name\":\"SalaStampa.eu, world press service\",\"@id\":\"https:\\\/\\\/elcanillita.info\\\/press\\\/#\\\/schema\\\/person\\\/7fcb79f38045700919f7da6d97e71ba0\"},\"headline\":\"Suspensi\u00f3n de vuelos por coronavirus impacta econom\u00eda mundial\",\"datePublished\":\"2020-02-07T18:09:04+00:00\",\"dateModified\":\"2020-02-11T10:41:57+00:00\",\"mainEntityOfPage\":{\"@id\":\"https:\\\/\\\/elcanillita.info\\\/press\\\/2020\\\/02\\\/07\\\/suspension-vuelos-coronavirus-impacta-economia-mundial\\\/\"},\"wordCount\":340,\"publisher\":{\"@id\":\"https:\\\/\\\/elcanillita.info\\\/press\\\/#organization\"},\"keywords\":[\"Uni\u00f3n Europea\"],\"articleSection\":[\"Actualidad\",\"Economia\",\"Europa\",\"Sociedad\"],\"inLanguage\":\"es-AR\"},{\"@type\":\"WebPage\",\"@id\":\"https:\\\/\\\/elcanillita.info\\\/press\\\/2020\\\/02\\\/07\\\/suspension-vuelos-coronavirus-impacta-economia-mundial\\\/\",\"url\":\"https:\\\/\\\/elcanillita.info\\\/press\\\/2020\\\/02\\\/07\\\/suspension-vuelos-coronavirus-impacta-economia-mundial\\\/\",\"name\":\"Suspensi\u00f3n de vuelos por coronavirus impacta econom\u00eda mundial - ElCanillita.Info\",\"isPartOf\":{\"@id\":\"https:\\\/\\\/elcanillita.info\\\/press\\\/#website\"},\"datePublished\":\"2020-02-07T18:09:04+00:00\",\"dateModified\":\"2020-02-11T10:41:57+00:00\",\"inLanguage\":\"es-AR\",\"potentialAction\":[{\"@type\":\"ReadAction\",\"target\":[\"https:\\\/\\\/elcanillita.info\\\/press\\\/2020\\\/02\\\/07\\\/suspension-vuelos-coronavirus-impacta-economia-mundial\\\/\"]}]},{\"@type\":\"WebSite\",\"@id\":\"https:\\\/\\\/elcanillita.info\\\/press\\\/#website\",\"url\":\"https:\\\/\\\/elcanillita.info\\\/press\\\/\",\"name\":\"ElCanillita.Info\",\"description\":\"desde los Apeninos a los Andes\",\"publisher\":{\"@id\":\"https:\\\/\\\/elcanillita.info\\\/press\\\/#organization\"},\"potentialAction\":[{\"@type\":\"SearchAction\",\"target\":{\"@type\":\"EntryPoint\",\"urlTemplate\":\"https:\\\/\\\/elcanillita.info\\\/press\\\/?s={search_term_string}\"},\"query-input\":{\"@type\":\"PropertyValueSpecification\",\"valueRequired\":true,\"valueName\":\"search_term_string\"}}],\"inLanguage\":\"es-AR\"},{\"@type\":\"Organization\",\"@id\":\"https:\\\/\\\/elcanillita.info\\\/press\\\/#organization\",\"name\":\"Guzzo Photos & Graphic Publications\",\"url\":\"https:\\\/\\\/elcanillita.info\\\/press\\\/\",\"logo\":{\"@type\":\"ImageObject\",\"inLanguage\":\"es-AR\",\"@id\":\"https:\\\/\\\/elcanillita.info\\\/press\\\/#\\\/schema\\\/logo\\\/image\\\/\",\"url\":\"https:\\\/\\\/elcanillita.info\\\/press\\\/images\\\/2020\\\/01\\\/cropped-cropped-cropped-elcanillitainfo.png\",\"contentUrl\":\"https:\\\/\\\/elcanillita.info\\\/press\\\/images\\\/2020\\\/01\\\/cropped-cropped-cropped-elcanillitainfo.png\",\"width\":460,\"height\":50,\"caption\":\"Guzzo Photos & Graphic Publications\"},\"image\":{\"@id\":\"https:\\\/\\\/elcanillita.info\\\/press\\\/#\\\/schema\\\/logo\\\/image\\\/\"},\"sameAs\":[\"https:\\\/\\\/ar-ar.facebook.com\\\/ElCanillitainfo-114249515285712\\\/\"]},{\"@type\":\"Person\",\"@id\":\"https:\\\/\\\/elcanillita.info\\\/press\\\/#\\\/schema\\\/person\\\/7fcb79f38045700919f7da6d97e71ba0\",\"name\":\"SalaStampa.eu, world press service\",\"image\":{\"@type\":\"ImageObject\",\"inLanguage\":\"es-AR\",\"@id\":\"https:\\\/\\\/secure.gravatar.com\\\/avatar\\\/c2f0e0d515a107624234994507816ca4724c7199cef73fc8bedebf6931d73888?s=96&d=mm&r=g\",\"url\":\"https:\\\/\\\/secure.gravatar.com\\\/avatar\\\/c2f0e0d515a107624234994507816ca4724c7199cef73fc8bedebf6931d73888?s=96&d=mm&r=g\",\"contentUrl\":\"https:\\\/\\\/secure.gravatar.com\\\/avatar\\\/c2f0e0d515a107624234994507816ca4724c7199cef73fc8bedebf6931d73888?s=96&d=mm&r=g\",\"caption\":\"SalaStampa.eu, world press service\"}}]}<\/script>\n<!-- \/ Yoast SEO plugin. -->","yoast_head_json":{"title":"Suspensi\u00f3n de vuelos por coronavirus impacta econom\u00eda mundial - ElCanillita.Info","robots":{"index":"index","follow":"follow","max-snippet":"max-snippet:-1","max-image-preview":"max-image-preview:large","max-video-preview":"max-video-preview:-1"},"canonical":"https:\/\/elcanillita.info\/press\/2020\/02\/07\/suspension-vuelos-coronavirus-impacta-economia-mundial\/","og_locale":"es_ES","og_type":"article","og_title":"Suspensi\u00f3n de vuelos por coronavirus impacta econom\u00eda mundial - ElCanillita.Info","og_description":"Uni\u00f3n Europea, 07.02.2020 - Las aerol\u00edneas est\u00e1n extendiendo la suspensi\u00f3n de vuelos a China continental, al tiempo que aumenta el n\u00famero de minoristas que calculan el potencial da\u00f1o econ\u00f3mico del brote de un nuevo virus en ese pa\u00eds asi\u00e1tico.","og_url":"https:\/\/elcanillita.info\/press\/2020\/02\/07\/suspension-vuelos-coronavirus-impacta-economia-mundial\/","og_site_name":"ElCanillita.Info","article_publisher":"https:\/\/ar-ar.facebook.com\/ElCanillitainfo-114249515285712\/","article_published_time":"2020-02-07T18:09:04+00:00","article_modified_time":"2020-02-11T10:41:57+00:00","author":"SalaStampa.eu, world press service","twitter_card":"summary_large_image","twitter_misc":{"Escrito por":"SalaStampa.eu, world press service","Tiempo de lectura":"2 minutos"},"schema":{"@context":"https:\/\/schema.org","@graph":[{"@type":"Article","@id":"https:\/\/elcanillita.info\/press\/2020\/02\/07\/suspension-vuelos-coronavirus-impacta-economia-mundial\/#article","isPartOf":{"@id":"https:\/\/elcanillita.info\/press\/2020\/02\/07\/suspension-vuelos-coronavirus-impacta-economia-mundial\/"},"author":{"name":"SalaStampa.eu, world press service","@id":"https:\/\/elcanillita.info\/press\/#\/schema\/person\/7fcb79f38045700919f7da6d97e71ba0"},"headline":"Suspensi\u00f3n de vuelos por coronavirus impacta econom\u00eda mundial","datePublished":"2020-02-07T18:09:04+00:00","dateModified":"2020-02-11T10:41:57+00:00","mainEntityOfPage":{"@id":"https:\/\/elcanillita.info\/press\/2020\/02\/07\/suspension-vuelos-coronavirus-impacta-economia-mundial\/"},"wordCount":340,"publisher":{"@id":"https:\/\/elcanillita.info\/press\/#organization"},"keywords":["Uni\u00f3n Europea"],"articleSection":["Actualidad","Economia","Europa","Sociedad"],"inLanguage":"es-AR"},{"@type":"WebPage","@id":"https:\/\/elcanillita.info\/press\/2020\/02\/07\/suspension-vuelos-coronavirus-impacta-economia-mundial\/","url":"https:\/\/elcanillita.info\/press\/2020\/02\/07\/suspension-vuelos-coronavirus-impacta-economia-mundial\/","name":"Suspensi\u00f3n de vuelos por coronavirus impacta econom\u00eda mundial - ElCanillita.Info","isPartOf":{"@id":"https:\/\/elcanillita.info\/press\/#website"},"datePublished":"2020-02-07T18:09:04+00:00","dateModified":"2020-02-11T10:41:57+00:00","inLanguage":"es-AR","potentialAction":[{"@type":"ReadAction","target":["https:\/\/elcanillita.info\/press\/2020\/02\/07\/suspension-vuelos-coronavirus-impacta-economia-mundial\/"]}]},{"@type":"WebSite","@id":"https:\/\/elcanillita.info\/press\/#website","url":"https:\/\/elcanillita.info\/press\/","name":"ElCanillita.Info","description":"desde los Apeninos a los Andes","publisher":{"@id":"https:\/\/elcanillita.info\/press\/#organization"},"potentialAction":[{"@type":"SearchAction","target":{"@type":"EntryPoint","urlTemplate":"https:\/\/elcanillita.info\/press\/?s={search_term_string}"},"query-input":{"@type":"PropertyValueSpecification","valueRequired":true,"valueName":"search_term_string"}}],"inLanguage":"es-AR"},{"@type":"Organization","@id":"https:\/\/elcanillita.info\/press\/#organization","name":"Guzzo Photos & Graphic Publications","url":"https:\/\/elcanillita.info\/press\/","logo":{"@type":"ImageObject","inLanguage":"es-AR","@id":"https:\/\/elcanillita.info\/press\/#\/schema\/logo\/image\/","url":"https:\/\/elcanillita.info\/press\/images\/2020\/01\/cropped-cropped-cropped-elcanillitainfo.png","contentUrl":"https:\/\/elcanillita.info\/press\/images\/2020\/01\/cropped-cropped-cropped-elcanillitainfo.png","width":460,"height":50,"caption":"Guzzo Photos & Graphic Publications"},"image":{"@id":"https:\/\/elcanillita.info\/press\/#\/schema\/logo\/image\/"},"sameAs":["https:\/\/ar-ar.facebook.com\/ElCanillitainfo-114249515285712\/"]},{"@type":"Person","@id":"https:\/\/elcanillita.info\/press\/#\/schema\/person\/7fcb79f38045700919f7da6d97e71ba0","name":"SalaStampa.eu, world press service","image":{"@type":"ImageObject","inLanguage":"es-AR","@id":"https:\/\/secure.gravatar.com\/avatar\/c2f0e0d515a107624234994507816ca4724c7199cef73fc8bedebf6931d73888?s=96&d=mm&r=g","url":"https:\/\/secure.gravatar.com\/avatar\/c2f0e0d515a107624234994507816ca4724c7199cef73fc8bedebf6931d73888?s=96&d=mm&r=g","contentUrl":"https:\/\/secure.gravatar.com\/avatar\/c2f0e0d515a107624234994507816ca4724c7199cef73fc8bedebf6931d73888?s=96&d=mm&r=g","caption":"SalaStampa.eu, world press service"}}]}},"views":852,"_links":{"self":[{"href":"https:\/\/elcanillita.info\/press\/wp-json\/wp\/v2\/posts\/387","targetHints":{"allow":["GET"]}}],"collection":[{"href":"https:\/\/elcanillita.info\/press\/wp-json\/wp\/v2\/posts"}],"about":[{"href":"https:\/\/elcanillita.info\/press\/wp-json\/wp\/v2\/types\/post"}],"author":[{"embeddable":true,"href":"https:\/\/elcanillita.info\/press\/wp-json\/wp\/v2\/users\/1"}],"replies":[{"embeddable":true,"href":"https:\/\/elcanillita.info\/press\/wp-json\/wp\/v2\/comments?post=387"}],"version-history":[{"count":0,"href":"https:\/\/elcanillita.info\/press\/wp-json\/wp\/v2\/posts\/387\/revisions"}],"wp:attachment":[{"href":"https:\/\/elcanillita.info\/press\/wp-json\/wp\/v2\/media?parent=387"}],"wp:term":[{"taxonomy":"category","embeddable":true,"href":"https:\/\/elcanillita.info\/press\/wp-json\/wp\/v2\/categories?post=387"},{"taxonomy":"post_tag","embeddable":true,"href":"https:\/\/elcanillita.info\/press\/wp-json\/wp\/v2\/tags?post=387"}],"curies":[{"name":"wp","href":"https:\/\/api.w.org\/{rel}","templated":true}]}}