{"id":3866,"date":"2023-11-28T08:52:48","date_gmt":"2023-11-28T11:52:48","guid":{"rendered":"https:\/\/elcanillita.info\/press\/?p=3866"},"modified":"2023-11-28T15:34:29","modified_gmt":"2023-11-28T18:34:29","slug":"el-presidente-electo-de-argentina-visito-al-ohel","status":"publish","type":"post","link":"https:\/\/elcanillita.info\/press\/2023\/11\/28\/el-presidente-electo-de-argentina-visito-al-ohel\/","title":{"rendered":"El presidente electo de Argentina, visit\u00f3 al Ohel"},"content":{"rendered":"\n<figure class=\"wp-block-video\"><video controls src=\"https:\/\/elcanillita.info\/press\/images\/2023\/11\/milleyny.m4v\"><\/video><\/figure>\n\n\n\n<p>El presidente electo de Argentina, Javier Milei, fue visto llegando al Ohel del Lubavitcher Rebe en Cambria Heights, Queens, el lunes por la ma\u00f1ana. Javier ha hecho declaraciones sobre el Rebe y su pasi\u00f3n por el juda\u00edsmo en la televisi\u00f3n p\u00fablica.<br><br>El Ohel (en hebreo: \u05d0\u05d4\u05dc) es una estructura que protege las tumbas del Rebe de Jabad, el Rabino Menachem Mendel Schneerson (1902-1994) y su suegro, el Rabino Yosef Yitzchak Schneerson (1880-1950). El Ohel est\u00e1 situado en el cementerio de Montefiore, en el barrio de Queens, en la ciudad de Nueva York, en los Estados Unidos de Am\u00e9rica. All\u00ed han sido enterrados los dos \u00faltimos rebes de la dinast\u00eda jas\u00eddica Jabad-Lubavitch. El Ohel es un lugar de peregrinaci\u00f3n y es visitado anualmente por miles de personas, normalmente jud\u00edos jas\u00eddicos de la dinast\u00eda Jabad.<\/p>\n\n\n\n<p>Menajem Mendel fue el bisnieto del tercer rebe (rabino) de Jabad, Menajem Mendel Schneerson (cuyo nombre recibi\u00f3), como tambi\u00e9n yerno del rabino Iosef Itzjak Schneerson y de su esposa Jana Schneerson. En 1907 se mud\u00f3 junto a su familia a la ciudad de Yekaterinoslav (actualmente Dnipr\u00f3).<\/p>\n\n\n\n<p>El r\u00e9gimen comunista ucraniano juzg\u00f3 y conden\u00f3 a su padre a varios a\u00f1os de exilio en un remoto pueblo en Kazajist\u00e1n. En 1928, abandon\u00f3 la Uni\u00f3n Sovi\u00e9tica rumbo a Riga, Letonia, junto a su futuro suegro, rab\u00ed Iosef Itzjak Schneerson. Un a\u00f1o despu\u00e9s, en 1929, se cas\u00f3 con su prima segunda, Jaia Mussia, hija del sexto rebe de Jabad, Iosef Itzjak Schneerson, en Varsovia (Polonia), con la que en 1933 se trasladar\u00eda a Par\u00eds. Durante sus primeros dos a\u00f1os en la capital francesa, estudi\u00f3 ingenier\u00eda el\u00e9ctrica en un colegio vocacional (su \u00fanica experience de educaci\u00f3n formal), donde result\u00f3 ser un estudiante mediocre.<\/p>\n\n\n\n<p>En junio de 1941, Schneerson y su esposa se instalaron en Estados Unidos en v\u00edsperas de la entrada del pa\u00eds norteamericano en la Segunda Guerra Mundial. Su primer empleo fue como pe\u00f3n en el Astillero Naval de Brooklyn durante la guerra. En 1950, tras el fallecimiento de su suegro, asumi\u00f3 el liderazgo del movimiento Lubavitch.<br><br>El 12 de junio de 1994, dos a\u00f1os despu\u00e9s de que una hemiplej\u00eda paralizara su costado derecho, caus\u00e1ndole la p\u00e9rdida del habla, Schneerson falleci\u00f3 en el hospital Beth Israel Medical Center, en Manhattan, Nueva York. Fue enterrado junto a su suegro, Iosef Itzjak Schneerson, en una tumba cubierta en el cementerio Montefiore conocida como el Ohel. El t\u00e9rmino, cuyo significado en hebreo es \u2018tienda\u2019, se refiere a la estructura construida encima del lugar de reposo.<br><br><strong>Cr\u00edticas<\/strong><br>Schneerson y Jabad-Lubavitch fueron criticados por otros rabinos ortodoxos como el Gran Rabino de Israel Ovadia Yosef, quien le acus\u00f3 de herej\u00eda e idolatr\u00eda, y Elazar Shach, qui\u00e9n describi\u00f3 a Jabad como \u00abel culto bien conocido\u00bb.<br><br><small>Copyright \u00a9 2023 ElCanillita.info  \/ SalaStampa.eu,  servicio mundial de prensa &#8211;<\/small> <small> Derechos Reservados<\/small> <\/p>\n","protected":false},"excerpt":{"rendered":"<p>El Ohel es una estructura que protege las tumbas del Rebe de Jabad, el Rabino Menachem Mendel Schneerson, Queens, Nueva York<\/p>\n","protected":false},"author":1,"featured_media":3867,"comment_status":"closed","ping_status":"closed","sticky":false,"template":"","format":"standard","meta":{"footnotes":"","_links_to":"","_links_to_target":""},"categories":[108,121,70,9,23,25],"tags":[29,34],"class_list":["post-3866","post","type-post","status-publish","format-standard","has-post-thumbnail","hentry","category-blogdiario","category-dc24","category-actualidad","category-america-del-norte","category-politica","category-sociedad","tag-argentina","tag-estados-unidos","entry","double"],"yoast_head":"<!-- This site is optimized with the Yoast SEO plugin v27.4 - https:\/\/yoast.com\/product\/yoast-seo-wordpress\/ -->\n<title>El presidente electo de Argentina, visit\u00f3 al Ohel - ElCanillita.Info<\/title>\n<meta name=\"robots\" content=\"index, follow, max-snippet:-1, max-image-preview:large, max-video-preview:-1\" \/>\n<link rel=\"canonical\" href=\"https:\/\/elcanillita.info\/press\/2023\/11\/28\/el-presidente-electo-de-argentina-visito-al-ohel\/\" \/>\n<meta property=\"og:locale\" content=\"es_ES\" \/>\n<meta property=\"og:type\" content=\"article\" \/>\n<meta property=\"og:title\" content=\"El presidente electo de Argentina, visit\u00f3 al Ohel - ElCanillita.Info\" \/>\n<meta property=\"og:description\" content=\"El Ohel es una estructura que protege las tumbas del Rebe de Jabad, el Rabino Menachem Mendel Schneerson, Queens, Nueva York\" \/>\n<meta property=\"og:url\" content=\"https:\/\/elcanillita.info\/press\/2023\/11\/28\/el-presidente-electo-de-argentina-visito-al-ohel\/\" \/>\n<meta property=\"og:site_name\" content=\"ElCanillita.Info\" \/>\n<meta property=\"article:publisher\" content=\"https:\/\/ar-ar.facebook.com\/ElCanillitainfo-114249515285712\/\" \/>\n<meta property=\"article:published_time\" content=\"2023-11-28T11:52:48+00:00\" \/>\n<meta property=\"article:modified_time\" content=\"2023-11-28T18:34:29+00:00\" \/>\n<meta property=\"og:image\" content=\"https:\/\/elcanillita.info\/press\/images\/2023\/11\/Ohel20211128.jpg\" \/>\n\t<meta property=\"og:image:width\" content=\"600\" \/>\n\t<meta property=\"og:image:height\" content=\"400\" \/>\n\t<meta property=\"og:image:type\" content=\"image\/jpeg\" \/>\n<meta name=\"author\" content=\"SalaStampa.eu, world press service\" \/>\n<meta name=\"twitter:card\" content=\"summary_large_image\" \/>\n<meta name=\"twitter:label1\" content=\"Escrito por\" \/>\n\t<meta name=\"twitter:data1\" content=\"SalaStampa.eu, world press service\" \/>\n\t<meta name=\"twitter:label2\" content=\"Tiempo de lectura\" \/>\n\t<meta name=\"twitter:data2\" content=\"3 minutos\" \/>\n<script type=\"application\/ld+json\" class=\"yoast-schema-graph\">{\"@context\":\"https:\\\/\\\/schema.org\",\"@graph\":[{\"@type\":\"Article\",\"@id\":\"https:\\\/\\\/elcanillita.info\\\/press\\\/2023\\\/11\\\/28\\\/el-presidente-electo-de-argentina-visito-al-ohel\\\/#article\",\"isPartOf\":{\"@id\":\"https:\\\/\\\/elcanillita.info\\\/press\\\/2023\\\/11\\\/28\\\/el-presidente-electo-de-argentina-visito-al-ohel\\\/\"},\"author\":{\"name\":\"SalaStampa.eu, world press service\",\"@id\":\"https:\\\/\\\/elcanillita.info\\\/press\\\/#\\\/schema\\\/person\\\/7fcb79f38045700919f7da6d97e71ba0\"},\"headline\":\"El presidente electo de Argentina, visit\u00f3 al Ohel\",\"datePublished\":\"2023-11-28T11:52:48+00:00\",\"dateModified\":\"2023-11-28T18:34:29+00:00\",\"mainEntityOfPage\":{\"@id\":\"https:\\\/\\\/elcanillita.info\\\/press\\\/2023\\\/11\\\/28\\\/el-presidente-electo-de-argentina-visito-al-ohel\\\/\"},\"wordCount\":498,\"publisher\":{\"@id\":\"https:\\\/\\\/elcanillita.info\\\/press\\\/#organization\"},\"image\":{\"@id\":\"https:\\\/\\\/elcanillita.info\\\/press\\\/2023\\\/11\\\/28\\\/el-presidente-electo-de-argentina-visito-al-ohel\\\/#primaryimage\"},\"thumbnailUrl\":\"https:\\\/\\\/elcanillita.info\\\/press\\\/images\\\/2023\\\/11\\\/Ohel20211128.jpg\",\"keywords\":[\"Argentina\",\"Estados Unidos\"],\"articleSection\":[\".\",\".\",\"Actualidad\",\"Am\u00e9rica del Norte\",\"Politica\",\"Sociedad\"],\"inLanguage\":\"es-AR\"},{\"@type\":\"WebPage\",\"@id\":\"https:\\\/\\\/elcanillita.info\\\/press\\\/2023\\\/11\\\/28\\\/el-presidente-electo-de-argentina-visito-al-ohel\\\/\",\"url\":\"https:\\\/\\\/elcanillita.info\\\/press\\\/2023\\\/11\\\/28\\\/el-presidente-electo-de-argentina-visito-al-ohel\\\/\",\"name\":\"El presidente electo de Argentina, visit\u00f3 al Ohel - ElCanillita.Info\",\"isPartOf\":{\"@id\":\"https:\\\/\\\/elcanillita.info\\\/press\\\/#website\"},\"primaryImageOfPage\":{\"@id\":\"https:\\\/\\\/elcanillita.info\\\/press\\\/2023\\\/11\\\/28\\\/el-presidente-electo-de-argentina-visito-al-ohel\\\/#primaryimage\"},\"image\":{\"@id\":\"https:\\\/\\\/elcanillita.info\\\/press\\\/2023\\\/11\\\/28\\\/el-presidente-electo-de-argentina-visito-al-ohel\\\/#primaryimage\"},\"thumbnailUrl\":\"https:\\\/\\\/elcanillita.info\\\/press\\\/images\\\/2023\\\/11\\\/Ohel20211128.jpg\",\"datePublished\":\"2023-11-28T11:52:48+00:00\",\"dateModified\":\"2023-11-28T18:34:29+00:00\",\"inLanguage\":\"es-AR\",\"potentialAction\":[{\"@type\":\"ReadAction\",\"target\":[\"https:\\\/\\\/elcanillita.info\\\/press\\\/2023\\\/11\\\/28\\\/el-presidente-electo-de-argentina-visito-al-ohel\\\/\"]}]},{\"@type\":\"ImageObject\",\"inLanguage\":\"es-AR\",\"@id\":\"https:\\\/\\\/elcanillita.info\\\/press\\\/2023\\\/11\\\/28\\\/el-presidente-electo-de-argentina-visito-al-ohel\\\/#primaryimage\",\"url\":\"https:\\\/\\\/elcanillita.info\\\/press\\\/images\\\/2023\\\/11\\\/Ohel20211128.jpg\",\"contentUrl\":\"https:\\\/\\\/elcanillita.info\\\/press\\\/images\\\/2023\\\/11\\\/Ohel20211128.jpg\",\"width\":600,\"height\":400},{\"@type\":\"WebSite\",\"@id\":\"https:\\\/\\\/elcanillita.info\\\/press\\\/#website\",\"url\":\"https:\\\/\\\/elcanillita.info\\\/press\\\/\",\"name\":\"ElCanillita.Info\",\"description\":\"desde los Apeninos a los Andes\",\"publisher\":{\"@id\":\"https:\\\/\\\/elcanillita.info\\\/press\\\/#organization\"},\"potentialAction\":[{\"@type\":\"SearchAction\",\"target\":{\"@type\":\"EntryPoint\",\"urlTemplate\":\"https:\\\/\\\/elcanillita.info\\\/press\\\/?s={search_term_string}\"},\"query-input\":{\"@type\":\"PropertyValueSpecification\",\"valueRequired\":true,\"valueName\":\"search_term_string\"}}],\"inLanguage\":\"es-AR\"},{\"@type\":\"Organization\",\"@id\":\"https:\\\/\\\/elcanillita.info\\\/press\\\/#organization\",\"name\":\"Guzzo Photos & Graphic Publications\",\"url\":\"https:\\\/\\\/elcanillita.info\\\/press\\\/\",\"logo\":{\"@type\":\"ImageObject\",\"inLanguage\":\"es-AR\",\"@id\":\"https:\\\/\\\/elcanillita.info\\\/press\\\/#\\\/schema\\\/logo\\\/image\\\/\",\"url\":\"https:\\\/\\\/elcanillita.info\\\/press\\\/images\\\/2020\\\/01\\\/cropped-cropped-cropped-elcanillitainfo.png\",\"contentUrl\":\"https:\\\/\\\/elcanillita.info\\\/press\\\/images\\\/2020\\\/01\\\/cropped-cropped-cropped-elcanillitainfo.png\",\"width\":460,\"height\":50,\"caption\":\"Guzzo Photos & Graphic Publications\"},\"image\":{\"@id\":\"https:\\\/\\\/elcanillita.info\\\/press\\\/#\\\/schema\\\/logo\\\/image\\\/\"},\"sameAs\":[\"https:\\\/\\\/ar-ar.facebook.com\\\/ElCanillitainfo-114249515285712\\\/\"]},{\"@type\":\"Person\",\"@id\":\"https:\\\/\\\/elcanillita.info\\\/press\\\/#\\\/schema\\\/person\\\/7fcb79f38045700919f7da6d97e71ba0\",\"name\":\"SalaStampa.eu, world press service\",\"image\":{\"@type\":\"ImageObject\",\"inLanguage\":\"es-AR\",\"@id\":\"https:\\\/\\\/secure.gravatar.com\\\/avatar\\\/c2f0e0d515a107624234994507816ca4724c7199cef73fc8bedebf6931d73888?s=96&d=mm&r=g\",\"url\":\"https:\\\/\\\/secure.gravatar.com\\\/avatar\\\/c2f0e0d515a107624234994507816ca4724c7199cef73fc8bedebf6931d73888?s=96&d=mm&r=g\",\"contentUrl\":\"https:\\\/\\\/secure.gravatar.com\\\/avatar\\\/c2f0e0d515a107624234994507816ca4724c7199cef73fc8bedebf6931d73888?s=96&d=mm&r=g\",\"caption\":\"SalaStampa.eu, world press service\"}}]}<\/script>\n<!-- \/ Yoast SEO plugin. -->","yoast_head_json":{"title":"El presidente electo de Argentina, visit\u00f3 al Ohel - ElCanillita.Info","robots":{"index":"index","follow":"follow","max-snippet":"max-snippet:-1","max-image-preview":"max-image-preview:large","max-video-preview":"max-video-preview:-1"},"canonical":"https:\/\/elcanillita.info\/press\/2023\/11\/28\/el-presidente-electo-de-argentina-visito-al-ohel\/","og_locale":"es_ES","og_type":"article","og_title":"El presidente electo de Argentina, visit\u00f3 al Ohel - ElCanillita.Info","og_description":"El Ohel es una estructura que protege las tumbas del Rebe de Jabad, el Rabino Menachem Mendel Schneerson, Queens, Nueva York","og_url":"https:\/\/elcanillita.info\/press\/2023\/11\/28\/el-presidente-electo-de-argentina-visito-al-ohel\/","og_site_name":"ElCanillita.Info","article_publisher":"https:\/\/ar-ar.facebook.com\/ElCanillitainfo-114249515285712\/","article_published_time":"2023-11-28T11:52:48+00:00","article_modified_time":"2023-11-28T18:34:29+00:00","og_image":[{"width":600,"height":400,"url":"https:\/\/elcanillita.info\/press\/images\/2023\/11\/Ohel20211128.jpg","type":"image\/jpeg"}],"author":"SalaStampa.eu, world press service","twitter_card":"summary_large_image","twitter_misc":{"Escrito por":"SalaStampa.eu, world press service","Tiempo de lectura":"3 minutos"},"schema":{"@context":"https:\/\/schema.org","@graph":[{"@type":"Article","@id":"https:\/\/elcanillita.info\/press\/2023\/11\/28\/el-presidente-electo-de-argentina-visito-al-ohel\/#article","isPartOf":{"@id":"https:\/\/elcanillita.info\/press\/2023\/11\/28\/el-presidente-electo-de-argentina-visito-al-ohel\/"},"author":{"name":"SalaStampa.eu, world press service","@id":"https:\/\/elcanillita.info\/press\/#\/schema\/person\/7fcb79f38045700919f7da6d97e71ba0"},"headline":"El presidente electo de Argentina, visit\u00f3 al Ohel","datePublished":"2023-11-28T11:52:48+00:00","dateModified":"2023-11-28T18:34:29+00:00","mainEntityOfPage":{"@id":"https:\/\/elcanillita.info\/press\/2023\/11\/28\/el-presidente-electo-de-argentina-visito-al-ohel\/"},"wordCount":498,"publisher":{"@id":"https:\/\/elcanillita.info\/press\/#organization"},"image":{"@id":"https:\/\/elcanillita.info\/press\/2023\/11\/28\/el-presidente-electo-de-argentina-visito-al-ohel\/#primaryimage"},"thumbnailUrl":"https:\/\/elcanillita.info\/press\/images\/2023\/11\/Ohel20211128.jpg","keywords":["Argentina","Estados Unidos"],"articleSection":[".",".","Actualidad","Am\u00e9rica del Norte","Politica","Sociedad"],"inLanguage":"es-AR"},{"@type":"WebPage","@id":"https:\/\/elcanillita.info\/press\/2023\/11\/28\/el-presidente-electo-de-argentina-visito-al-ohel\/","url":"https:\/\/elcanillita.info\/press\/2023\/11\/28\/el-presidente-electo-de-argentina-visito-al-ohel\/","name":"El presidente electo de Argentina, visit\u00f3 al Ohel - ElCanillita.Info","isPartOf":{"@id":"https:\/\/elcanillita.info\/press\/#website"},"primaryImageOfPage":{"@id":"https:\/\/elcanillita.info\/press\/2023\/11\/28\/el-presidente-electo-de-argentina-visito-al-ohel\/#primaryimage"},"image":{"@id":"https:\/\/elcanillita.info\/press\/2023\/11\/28\/el-presidente-electo-de-argentina-visito-al-ohel\/#primaryimage"},"thumbnailUrl":"https:\/\/elcanillita.info\/press\/images\/2023\/11\/Ohel20211128.jpg","datePublished":"2023-11-28T11:52:48+00:00","dateModified":"2023-11-28T18:34:29+00:00","inLanguage":"es-AR","potentialAction":[{"@type":"ReadAction","target":["https:\/\/elcanillita.info\/press\/2023\/11\/28\/el-presidente-electo-de-argentina-visito-al-ohel\/"]}]},{"@type":"ImageObject","inLanguage":"es-AR","@id":"https:\/\/elcanillita.info\/press\/2023\/11\/28\/el-presidente-electo-de-argentina-visito-al-ohel\/#primaryimage","url":"https:\/\/elcanillita.info\/press\/images\/2023\/11\/Ohel20211128.jpg","contentUrl":"https:\/\/elcanillita.info\/press\/images\/2023\/11\/Ohel20211128.jpg","width":600,"height":400},{"@type":"WebSite","@id":"https:\/\/elcanillita.info\/press\/#website","url":"https:\/\/elcanillita.info\/press\/","name":"ElCanillita.Info","description":"desde los Apeninos a los Andes","publisher":{"@id":"https:\/\/elcanillita.info\/press\/#organization"},"potentialAction":[{"@type":"SearchAction","target":{"@type":"EntryPoint","urlTemplate":"https:\/\/elcanillita.info\/press\/?s={search_term_string}"},"query-input":{"@type":"PropertyValueSpecification","valueRequired":true,"valueName":"search_term_string"}}],"inLanguage":"es-AR"},{"@type":"Organization","@id":"https:\/\/elcanillita.info\/press\/#organization","name":"Guzzo Photos & Graphic Publications","url":"https:\/\/elcanillita.info\/press\/","logo":{"@type":"ImageObject","inLanguage":"es-AR","@id":"https:\/\/elcanillita.info\/press\/#\/schema\/logo\/image\/","url":"https:\/\/elcanillita.info\/press\/images\/2020\/01\/cropped-cropped-cropped-elcanillitainfo.png","contentUrl":"https:\/\/elcanillita.info\/press\/images\/2020\/01\/cropped-cropped-cropped-elcanillitainfo.png","width":460,"height":50,"caption":"Guzzo Photos & Graphic Publications"},"image":{"@id":"https:\/\/elcanillita.info\/press\/#\/schema\/logo\/image\/"},"sameAs":["https:\/\/ar-ar.facebook.com\/ElCanillitainfo-114249515285712\/"]},{"@type":"Person","@id":"https:\/\/elcanillita.info\/press\/#\/schema\/person\/7fcb79f38045700919f7da6d97e71ba0","name":"SalaStampa.eu, world press service","image":{"@type":"ImageObject","inLanguage":"es-AR","@id":"https:\/\/secure.gravatar.com\/avatar\/c2f0e0d515a107624234994507816ca4724c7199cef73fc8bedebf6931d73888?s=96&d=mm&r=g","url":"https:\/\/secure.gravatar.com\/avatar\/c2f0e0d515a107624234994507816ca4724c7199cef73fc8bedebf6931d73888?s=96&d=mm&r=g","contentUrl":"https:\/\/secure.gravatar.com\/avatar\/c2f0e0d515a107624234994507816ca4724c7199cef73fc8bedebf6931d73888?s=96&d=mm&r=g","caption":"SalaStampa.eu, world press service"}}]}},"views":377,"_links":{"self":[{"href":"https:\/\/elcanillita.info\/press\/wp-json\/wp\/v2\/posts\/3866","targetHints":{"allow":["GET"]}}],"collection":[{"href":"https:\/\/elcanillita.info\/press\/wp-json\/wp\/v2\/posts"}],"about":[{"href":"https:\/\/elcanillita.info\/press\/wp-json\/wp\/v2\/types\/post"}],"author":[{"embeddable":true,"href":"https:\/\/elcanillita.info\/press\/wp-json\/wp\/v2\/users\/1"}],"replies":[{"embeddable":true,"href":"https:\/\/elcanillita.info\/press\/wp-json\/wp\/v2\/comments?post=3866"}],"version-history":[{"count":0,"href":"https:\/\/elcanillita.info\/press\/wp-json\/wp\/v2\/posts\/3866\/revisions"}],"wp:featuredmedia":[{"embeddable":true,"href":"https:\/\/elcanillita.info\/press\/wp-json\/wp\/v2\/media\/3867"}],"wp:attachment":[{"href":"https:\/\/elcanillita.info\/press\/wp-json\/wp\/v2\/media?parent=3866"}],"wp:term":[{"taxonomy":"category","embeddable":true,"href":"https:\/\/elcanillita.info\/press\/wp-json\/wp\/v2\/categories?post=3866"},{"taxonomy":"post_tag","embeddable":true,"href":"https:\/\/elcanillita.info\/press\/wp-json\/wp\/v2\/tags?post=3866"}],"curies":[{"name":"wp","href":"https:\/\/api.w.org\/{rel}","templated":true}]}}