{"id":3862,"date":"2023-11-26T21:12:16","date_gmt":"2023-11-27T00:12:16","guid":{"rendered":"https:\/\/elcanillita.info\/press\/?p=3862"},"modified":"2023-11-28T17:59:02","modified_gmt":"2023-11-28T20:59:02","slug":"tarot-argentino","status":"publish","type":"post","link":"https:\/\/elcanillita.info\/press\/2023\/11\/26\/tarot-argentino\/","title":{"rendered":"Tarot argentino"},"content":{"rendered":"\n<figure class=\"wp-block-image size-full\"><img loading=\"lazy\" decoding=\"async\" width=\"699\" height=\"391\" src=\"https:\/\/elcanillita.info\/press\/images\/2023\/11\/2023-11-24-20-14-56.jpg\" alt=\"\" class=\"wp-image-3856\" srcset=\"https:\/\/elcanillita.info\/press\/images\/2023\/11\/2023-11-24-20-14-56.jpg 699w, https:\/\/elcanillita.info\/press\/images\/2023\/11\/2023-11-24-20-14-56-300x168.jpg 300w\" sizes=\"auto, (max-width: 699px) 100vw, 699px\" \/><\/figure>\n\n\n\n<p><strong>ElCanillita.info, 26\/11\/2023<\/strong><br>Desde la omisi\u00f3n\u00a0del\u00a0pago al Banco Mundial hasta la tipificaci\u00f3n como delito de la publicaci\u00f3n de estad\u00edsticas de inflaci\u00f3n precisas, hay pocos l\u00edmites de la buena gobernanza que Argentina no haya traspasado alegremente a lo largo de d\u00e9cadas. La elecci\u00f3n del &#8220;anarcocapitalista&#8221; Javier Milei como presidente, en sustituci\u00f3n del peronismo populista de izquierdas de Alberto Fern\u00e1ndez, promete un nuevo y emocionante cap\u00edtulo de la historia.<\/p>\n\n\n\n<p>La principal fuente de cataclismo es la terapia de choque econ\u00f3mica interna propuesta por Milei -recortar el gasto p\u00fablico en 15 puntos porcentuales del PIB-, que promete convertirle en pol\u00edtica thatcheriana de Mary Elizabeth Truss latinoamericana (ex ministro brit\u00e1nica) elevada a la septima potencia. Los inquietantes v\u00ednculos de su campa\u00f1a con el pasado dictatorial de Argentina tambi\u00e9n amenazan con avivar las divisiones del pa\u00eds, ya de por s\u00ed fracturado.<\/p>\n\n\n\n<p>El respaldo electoral a sus ideas econ\u00f3micas, cuando Argentina, miembro del G20 de grandes econom\u00edas, ha solicitado su ingreso en la agrupaci\u00f3n de mercados emergentes &#8220;Brics&#8221;- desgasta la idea de que dicha categor\u00eda de naciones tenga alguna orientaci\u00f3n geoecon\u00f3mica com\u00fan duradera. Bajo el mandato de Fern\u00e1ndez, Argentina se ha embarcado en el endeudamiento a trav\u00e9s de l\u00edneas swap con el Banco Popular de China, como parte de una supuesta desdolarizaci\u00f3n del sistema financiero mundial. La elecci\u00f3n de un presidente que anhela adoptar la divisa estadounidense supone un cambio radical y abrupto.<\/p>\n\n\n\n<p>En realidad, es poco probable que Milei consiga que el Congreso argentino apoye su terapia de choque monetaria y fiscal. Sus pol\u00edticas internacionales, sin embargo, seguir\u00e1n perturbando la idea de un orden del &#8220;Sur Global&#8221;. Milei ha calificado al gobierno de China de &#8220;asesino&#8221; y al presidente de Brasil, Luiz In\u00e1cio Lula da Silva, de &#8220;corrupto&#8221; y &#8220;comunista&#8221;. M\u00e1s en concreto, ha amenazado con retirarse del bloque comercial sudamericano Mercosur, formado por cuatro pa\u00edses, que actualmente se encuentra en una delicad\u00edsima fase final de negociaciones para ratificar un proyecto de acuerdo comercial con la UE.<\/p>\n\n\n\n<p>Abandonar el Mercosur no es la idea m\u00e1s descabellada de Milei. El bloque no ha sido un buen motor de liberalizaci\u00f3n y crecimiento. Ya tiene bastantes problemas para reducir las barreras al comercio entre sus miembros, por no hablar de la apertura de sus econom\u00edas al resto del mundo. Su acuerdo comercial con la UE tard\u00f3 20 a\u00f1os de negociaciones en llegar a la fase de firma en 2019, y desde entonces la ratificaci\u00f3n se ha visto frenada por el deseo de Brasil de modificar el acuerdo para mantener un mayor control sobre la contrataci\u00f3n p\u00fablica, junto con la preocupaci\u00f3n de la UE por la deforestaci\u00f3n de la Amazonia.<\/p>\n\n\n\n<p>La situaci\u00f3n, sin embargo, presenta potencialmente una estrecha apertura para que las fuerzas del liberalismo econ\u00f3mico moderado en Argentina se impongan y al menos hagan un gesto hacia una v\u00eda intermedia cooperativa entre el populismo estatista y el libertarismo de tierra quemada, y entre las econom\u00edas avanzadas y las emergentes. La m\u00ednima representaci\u00f3n de Milei en el Congreso significa que depender\u00e1 en gran medida de los partidarios de Mauricio Macri, su predecesor-pero-uno como presidente &#8211; tal vez la raz\u00f3n de la reacci\u00f3n optimista de los mercados financieros al resultado del domingo.<\/p>\n\n\n\n<p>La presidencia de Macri fue una gran oportunidad perdida. Tuvo muchas de las ideas correctas, concluyendo por fin la reestructuraci\u00f3n de la deuda soberana tras un impago en 2001 y firmando el acuerdo UE-Mercosur. Pero perdi\u00f3 los nervios y retrocedi\u00f3 en el control de la inflaci\u00f3n.<\/p>\n\n\n\n<p>Si Macri puede empujar a Milei en la direcci\u00f3n de la cooperaci\u00f3n, podr\u00eda surgir algo \u00fatil. Concluir el acuerdo UE-Mercosur, por ejemplo, demostrar\u00eda que los pa\u00edses m\u00e1s ricos y m\u00e1s pobres pueden liberalizar el comercio de forma cooperativa, protegiendo al mismo tiempo sus respectivos valores.<\/p>\n\n\n\n<p>El momento es interesante. Paraguay, cuyo presidente est\u00e1 a favor del acuerdo, asumir\u00e1 la presidencia del Mercosur el 7 de diciembre e insiste en que cualquier acuerdo revisado debe concluirse antes de esa fecha. La fecha de la toma de posesi\u00f3n de Milei, el 10 de diciembre, plantea la intrigante propuesta de obligarle a aceptar un acuerdo revisado entre la UE y Mercosur, en lugar de deshacerse por completo del bloque comercial.<\/p>\n\n\n\n<p>Lula, que anteriormente se hab\u00eda mostrado muy esc\u00e9ptico sobre el acuerdo UE-Mercosur, ha entablado estrechas negociaciones con Bruselas en las \u00faltimas semanas, con la vista puesta en la fecha l\u00edmite del 7 de diciembre. No hay grandes posibilidades de \u00e9xito en este plazo, dados los recelos que hay que superar. Milei tambi\u00e9n tendr\u00e1 que tragarse su propio negacionismo del cambio clim\u00e1tico a una velocidad r\u00e9cord, dados los compromisos medioambientales del pacto. Pero llegar a un acuerdo ser\u00eda una forma eficaz de demostrar que las econom\u00edas emergentes y avanzadas pueden cooperar.<\/p>\n\n\n\n<p>Para ser realistas, dado el desastroso legado de alta inflaci\u00f3n, bajo crecimiento y una moneda que se desploma que ha heredado, el gobierno de Milei probablemente se estrellar\u00e1 como la mayor\u00eda de sus predecesores. El \u00faltimo presidente argentino que prometi\u00f3 la desregulaci\u00f3n y un r\u00e9gimen monetario duro fracas\u00f3 estrepitosamente. Carlos Menem, en el poder entre 1989 y 1999, fij\u00f3 la paridad del peso con el d\u00f3lar en 1991 y se lanz\u00f3 a una oleada de privatizaciones, pero el incontrolable gasto p\u00fablico hizo que el experimento acabara en impago y devaluaci\u00f3n una d\u00e9cada despu\u00e9s.<\/p>\n\n\n\n<p>Pero si Milei quiere elegir sus batallas -y a sus aliados- con bastante m\u00e1s delicadeza de la que ha demostrado hasta ahora, hay al menos algunas cosas que podr\u00eda hacer por el camino. Es improbable que Argentina consiga alg\u00fan \u00e9xito en materia de racionalidad econ\u00f3mica, pero el acuerdo comercial de Mercosur con la UE no est\u00e1 del todo descartado.<br><br><small>Copyright \u00a9 2023 ElCanillita.info \/ Diana Casco \/ SalaStampa.Eu, servicio mundial de prensa<\/small><br><br>ATENCI\u00d3N:  LEER puede crear Independencia<br><\/p>\n\n\n\n<a href=\"https:\/\/www.giffgaff.com\/orders\/affiliate\/elcanillita_1568653375683\" target=\"_blank\" rel=\"noopener\"><img loading=\"lazy\" decoding=\"async\" src=\"https:\/\/static.giffgaff.com\/design-system\/brand\/latest\/spread-banners\/04_173x26_v2.webp\" onerror=\"this.src='https:\/\/static.giffgaff.com\/design-system\/brand\/latest\/spread-banners\/04_173x26_v2.png'; this.onerror = null\" width=\"173\" height=\"26\" alt=\"Get a free giffgaff Sim\" \/><\/a>\n","protected":false},"excerpt":{"rendered":"<p>Las dudas sobre el plan econ\u00f3mico del Presidente Milei debilita la idea de un &#8220;Sur Global&#8221; unificado.<\/p>\n","protected":false},"author":1,"featured_media":3863,"comment_status":"closed","ping_status":"closed","sticky":false,"template":"","format":"standard","meta":{"footnotes":"","_links_to":"","_links_to_target":""},"categories":[108,121,70,11,23],"tags":[29],"class_list":["post-3862","post","type-post","status-publish","format-standard","has-post-thumbnail","hentry","category-blogdiario","category-dc24","category-actualidad","category-america-del-sur","category-politica","tag-argentina","entry","double"],"yoast_head":"<!-- This site is optimized with the Yoast SEO plugin v27.4 - https:\/\/yoast.com\/product\/yoast-seo-wordpress\/ -->\n<title>Tarot argentino - ElCanillita.Info<\/title>\n<meta name=\"description\" content=\"Las dudas sobre el plan econ\u00f3mico del Presidente Milei debilita la idea de un &quot;Sur Global&quot; unificado.\" \/>\n<meta name=\"robots\" content=\"index, follow, max-snippet:-1, max-image-preview:large, max-video-preview:-1\" \/>\n<link rel=\"canonical\" href=\"https:\/\/elcanillita.info\/press\/2023\/11\/26\/tarot-argentino\/\" \/>\n<meta property=\"og:locale\" content=\"es_ES\" \/>\n<meta property=\"og:type\" content=\"article\" \/>\n<meta property=\"og:title\" content=\"Tarot argentino - ElCanillita.Info\" \/>\n<meta property=\"og:description\" content=\"Las dudas sobre el plan econ\u00f3mico del Presidente Milei debilita la idea de un &quot;Sur Global&quot; unificado.\" \/>\n<meta property=\"og:url\" content=\"https:\/\/elcanillita.info\/press\/2023\/11\/26\/tarot-argentino\/\" \/>\n<meta property=\"og:site_name\" content=\"ElCanillita.Info\" \/>\n<meta property=\"article:publisher\" content=\"https:\/\/ar-ar.facebook.com\/ElCanillitainfo-114249515285712\/\" \/>\n<meta property=\"article:published_time\" content=\"2023-11-27T00:12:16+00:00\" \/>\n<meta property=\"article:modified_time\" content=\"2023-11-28T20:59:02+00:00\" \/>\n<meta property=\"og:image\" content=\"https:\/\/elcanillita.info\/press\/images\/2023\/11\/Vtarok20231126.jpg\" \/>\n\t<meta property=\"og:image:width\" content=\"600\" \/>\n\t<meta property=\"og:image:height\" content=\"379\" \/>\n\t<meta property=\"og:image:type\" content=\"image\/jpeg\" \/>\n<meta name=\"author\" content=\"SalaStampa.eu, world press service\" \/>\n<meta name=\"twitter:card\" content=\"summary_large_image\" \/>\n<meta name=\"twitter:label1\" content=\"Escrito por\" \/>\n\t<meta name=\"twitter:data1\" content=\"SalaStampa.eu, world press service\" \/>\n\t<meta name=\"twitter:label2\" content=\"Tiempo de lectura\" \/>\n\t<meta name=\"twitter:data2\" content=\"5 minutos\" \/>\n<script type=\"application\/ld+json\" class=\"yoast-schema-graph\">{\"@context\":\"https:\\\/\\\/schema.org\",\"@graph\":[{\"@type\":\"Article\",\"@id\":\"https:\\\/\\\/elcanillita.info\\\/press\\\/2023\\\/11\\\/26\\\/tarot-argentino\\\/#article\",\"isPartOf\":{\"@id\":\"https:\\\/\\\/elcanillita.info\\\/press\\\/2023\\\/11\\\/26\\\/tarot-argentino\\\/\"},\"author\":{\"name\":\"SalaStampa.eu, world press service\",\"@id\":\"https:\\\/\\\/elcanillita.info\\\/press\\\/#\\\/schema\\\/person\\\/7fcb79f38045700919f7da6d97e71ba0\"},\"headline\":\"Tarot argentino\",\"datePublished\":\"2023-11-27T00:12:16+00:00\",\"dateModified\":\"2023-11-28T20:59:02+00:00\",\"mainEntityOfPage\":{\"@id\":\"https:\\\/\\\/elcanillita.info\\\/press\\\/2023\\\/11\\\/26\\\/tarot-argentino\\\/\"},\"wordCount\":1023,\"publisher\":{\"@id\":\"https:\\\/\\\/elcanillita.info\\\/press\\\/#organization\"},\"image\":{\"@id\":\"https:\\\/\\\/elcanillita.info\\\/press\\\/2023\\\/11\\\/26\\\/tarot-argentino\\\/#primaryimage\"},\"thumbnailUrl\":\"https:\\\/\\\/elcanillita.info\\\/press\\\/images\\\/2023\\\/11\\\/Vtarok20231126.jpg\",\"keywords\":[\"Argentina\"],\"articleSection\":[\".\",\".\",\"Actualidad\",\"Am\u00e9rica del Sur\",\"Politica\"],\"inLanguage\":\"es-AR\"},{\"@type\":\"WebPage\",\"@id\":\"https:\\\/\\\/elcanillita.info\\\/press\\\/2023\\\/11\\\/26\\\/tarot-argentino\\\/\",\"url\":\"https:\\\/\\\/elcanillita.info\\\/press\\\/2023\\\/11\\\/26\\\/tarot-argentino\\\/\",\"name\":\"Tarot argentino - ElCanillita.Info\",\"isPartOf\":{\"@id\":\"https:\\\/\\\/elcanillita.info\\\/press\\\/#website\"},\"primaryImageOfPage\":{\"@id\":\"https:\\\/\\\/elcanillita.info\\\/press\\\/2023\\\/11\\\/26\\\/tarot-argentino\\\/#primaryimage\"},\"image\":{\"@id\":\"https:\\\/\\\/elcanillita.info\\\/press\\\/2023\\\/11\\\/26\\\/tarot-argentino\\\/#primaryimage\"},\"thumbnailUrl\":\"https:\\\/\\\/elcanillita.info\\\/press\\\/images\\\/2023\\\/11\\\/Vtarok20231126.jpg\",\"datePublished\":\"2023-11-27T00:12:16+00:00\",\"dateModified\":\"2023-11-28T20:59:02+00:00\",\"description\":\"Las dudas sobre el plan econ\u00f3mico del Presidente Milei debilita la idea de un \\\"Sur Global\\\" unificado.\",\"inLanguage\":\"es-AR\",\"potentialAction\":[{\"@type\":\"ReadAction\",\"target\":[\"https:\\\/\\\/elcanillita.info\\\/press\\\/2023\\\/11\\\/26\\\/tarot-argentino\\\/\"]}]},{\"@type\":\"ImageObject\",\"inLanguage\":\"es-AR\",\"@id\":\"https:\\\/\\\/elcanillita.info\\\/press\\\/2023\\\/11\\\/26\\\/tarot-argentino\\\/#primaryimage\",\"url\":\"https:\\\/\\\/elcanillita.info\\\/press\\\/images\\\/2023\\\/11\\\/Vtarok20231126.jpg\",\"contentUrl\":\"https:\\\/\\\/elcanillita.info\\\/press\\\/images\\\/2023\\\/11\\\/Vtarok20231126.jpg\",\"width\":600,\"height\":379},{\"@type\":\"WebSite\",\"@id\":\"https:\\\/\\\/elcanillita.info\\\/press\\\/#website\",\"url\":\"https:\\\/\\\/elcanillita.info\\\/press\\\/\",\"name\":\"ElCanillita.Info\",\"description\":\"desde los Apeninos a los Andes\",\"publisher\":{\"@id\":\"https:\\\/\\\/elcanillita.info\\\/press\\\/#organization\"},\"potentialAction\":[{\"@type\":\"SearchAction\",\"target\":{\"@type\":\"EntryPoint\",\"urlTemplate\":\"https:\\\/\\\/elcanillita.info\\\/press\\\/?s={search_term_string}\"},\"query-input\":{\"@type\":\"PropertyValueSpecification\",\"valueRequired\":true,\"valueName\":\"search_term_string\"}}],\"inLanguage\":\"es-AR\"},{\"@type\":\"Organization\",\"@id\":\"https:\\\/\\\/elcanillita.info\\\/press\\\/#organization\",\"name\":\"Guzzo Photos & Graphic Publications\",\"url\":\"https:\\\/\\\/elcanillita.info\\\/press\\\/\",\"logo\":{\"@type\":\"ImageObject\",\"inLanguage\":\"es-AR\",\"@id\":\"https:\\\/\\\/elcanillita.info\\\/press\\\/#\\\/schema\\\/logo\\\/image\\\/\",\"url\":\"https:\\\/\\\/elcanillita.info\\\/press\\\/images\\\/2020\\\/01\\\/cropped-cropped-cropped-elcanillitainfo.png\",\"contentUrl\":\"https:\\\/\\\/elcanillita.info\\\/press\\\/images\\\/2020\\\/01\\\/cropped-cropped-cropped-elcanillitainfo.png\",\"width\":460,\"height\":50,\"caption\":\"Guzzo Photos & Graphic Publications\"},\"image\":{\"@id\":\"https:\\\/\\\/elcanillita.info\\\/press\\\/#\\\/schema\\\/logo\\\/image\\\/\"},\"sameAs\":[\"https:\\\/\\\/ar-ar.facebook.com\\\/ElCanillitainfo-114249515285712\\\/\"]},{\"@type\":\"Person\",\"@id\":\"https:\\\/\\\/elcanillita.info\\\/press\\\/#\\\/schema\\\/person\\\/7fcb79f38045700919f7da6d97e71ba0\",\"name\":\"SalaStampa.eu, world press service\",\"image\":{\"@type\":\"ImageObject\",\"inLanguage\":\"es-AR\",\"@id\":\"https:\\\/\\\/secure.gravatar.com\\\/avatar\\\/c2f0e0d515a107624234994507816ca4724c7199cef73fc8bedebf6931d73888?s=96&d=mm&r=g\",\"url\":\"https:\\\/\\\/secure.gravatar.com\\\/avatar\\\/c2f0e0d515a107624234994507816ca4724c7199cef73fc8bedebf6931d73888?s=96&d=mm&r=g\",\"contentUrl\":\"https:\\\/\\\/secure.gravatar.com\\\/avatar\\\/c2f0e0d515a107624234994507816ca4724c7199cef73fc8bedebf6931d73888?s=96&d=mm&r=g\",\"caption\":\"SalaStampa.eu, world press service\"}}]}<\/script>\n<!-- \/ Yoast SEO plugin. -->","yoast_head_json":{"title":"Tarot argentino - ElCanillita.Info","description":"Las dudas sobre el plan econ\u00f3mico del Presidente Milei debilita la idea de un \"Sur Global\" unificado.","robots":{"index":"index","follow":"follow","max-snippet":"max-snippet:-1","max-image-preview":"max-image-preview:large","max-video-preview":"max-video-preview:-1"},"canonical":"https:\/\/elcanillita.info\/press\/2023\/11\/26\/tarot-argentino\/","og_locale":"es_ES","og_type":"article","og_title":"Tarot argentino - ElCanillita.Info","og_description":"Las dudas sobre el plan econ\u00f3mico del Presidente Milei debilita la idea de un \"Sur Global\" unificado.","og_url":"https:\/\/elcanillita.info\/press\/2023\/11\/26\/tarot-argentino\/","og_site_name":"ElCanillita.Info","article_publisher":"https:\/\/ar-ar.facebook.com\/ElCanillitainfo-114249515285712\/","article_published_time":"2023-11-27T00:12:16+00:00","article_modified_time":"2023-11-28T20:59:02+00:00","og_image":[{"width":600,"height":379,"url":"https:\/\/elcanillita.info\/press\/images\/2023\/11\/Vtarok20231126.jpg","type":"image\/jpeg"}],"author":"SalaStampa.eu, world press service","twitter_card":"summary_large_image","twitter_misc":{"Escrito por":"SalaStampa.eu, world press service","Tiempo de lectura":"5 minutos"},"schema":{"@context":"https:\/\/schema.org","@graph":[{"@type":"Article","@id":"https:\/\/elcanillita.info\/press\/2023\/11\/26\/tarot-argentino\/#article","isPartOf":{"@id":"https:\/\/elcanillita.info\/press\/2023\/11\/26\/tarot-argentino\/"},"author":{"name":"SalaStampa.eu, world press service","@id":"https:\/\/elcanillita.info\/press\/#\/schema\/person\/7fcb79f38045700919f7da6d97e71ba0"},"headline":"Tarot argentino","datePublished":"2023-11-27T00:12:16+00:00","dateModified":"2023-11-28T20:59:02+00:00","mainEntityOfPage":{"@id":"https:\/\/elcanillita.info\/press\/2023\/11\/26\/tarot-argentino\/"},"wordCount":1023,"publisher":{"@id":"https:\/\/elcanillita.info\/press\/#organization"},"image":{"@id":"https:\/\/elcanillita.info\/press\/2023\/11\/26\/tarot-argentino\/#primaryimage"},"thumbnailUrl":"https:\/\/elcanillita.info\/press\/images\/2023\/11\/Vtarok20231126.jpg","keywords":["Argentina"],"articleSection":[".",".","Actualidad","Am\u00e9rica del Sur","Politica"],"inLanguage":"es-AR"},{"@type":"WebPage","@id":"https:\/\/elcanillita.info\/press\/2023\/11\/26\/tarot-argentino\/","url":"https:\/\/elcanillita.info\/press\/2023\/11\/26\/tarot-argentino\/","name":"Tarot argentino - ElCanillita.Info","isPartOf":{"@id":"https:\/\/elcanillita.info\/press\/#website"},"primaryImageOfPage":{"@id":"https:\/\/elcanillita.info\/press\/2023\/11\/26\/tarot-argentino\/#primaryimage"},"image":{"@id":"https:\/\/elcanillita.info\/press\/2023\/11\/26\/tarot-argentino\/#primaryimage"},"thumbnailUrl":"https:\/\/elcanillita.info\/press\/images\/2023\/11\/Vtarok20231126.jpg","datePublished":"2023-11-27T00:12:16+00:00","dateModified":"2023-11-28T20:59:02+00:00","description":"Las dudas sobre el plan econ\u00f3mico del Presidente Milei debilita la idea de un \"Sur Global\" unificado.","inLanguage":"es-AR","potentialAction":[{"@type":"ReadAction","target":["https:\/\/elcanillita.info\/press\/2023\/11\/26\/tarot-argentino\/"]}]},{"@type":"ImageObject","inLanguage":"es-AR","@id":"https:\/\/elcanillita.info\/press\/2023\/11\/26\/tarot-argentino\/#primaryimage","url":"https:\/\/elcanillita.info\/press\/images\/2023\/11\/Vtarok20231126.jpg","contentUrl":"https:\/\/elcanillita.info\/press\/images\/2023\/11\/Vtarok20231126.jpg","width":600,"height":379},{"@type":"WebSite","@id":"https:\/\/elcanillita.info\/press\/#website","url":"https:\/\/elcanillita.info\/press\/","name":"ElCanillita.Info","description":"desde los Apeninos a los Andes","publisher":{"@id":"https:\/\/elcanillita.info\/press\/#organization"},"potentialAction":[{"@type":"SearchAction","target":{"@type":"EntryPoint","urlTemplate":"https:\/\/elcanillita.info\/press\/?s={search_term_string}"},"query-input":{"@type":"PropertyValueSpecification","valueRequired":true,"valueName":"search_term_string"}}],"inLanguage":"es-AR"},{"@type":"Organization","@id":"https:\/\/elcanillita.info\/press\/#organization","name":"Guzzo Photos & Graphic Publications","url":"https:\/\/elcanillita.info\/press\/","logo":{"@type":"ImageObject","inLanguage":"es-AR","@id":"https:\/\/elcanillita.info\/press\/#\/schema\/logo\/image\/","url":"https:\/\/elcanillita.info\/press\/images\/2020\/01\/cropped-cropped-cropped-elcanillitainfo.png","contentUrl":"https:\/\/elcanillita.info\/press\/images\/2020\/01\/cropped-cropped-cropped-elcanillitainfo.png","width":460,"height":50,"caption":"Guzzo Photos & Graphic Publications"},"image":{"@id":"https:\/\/elcanillita.info\/press\/#\/schema\/logo\/image\/"},"sameAs":["https:\/\/ar-ar.facebook.com\/ElCanillitainfo-114249515285712\/"]},{"@type":"Person","@id":"https:\/\/elcanillita.info\/press\/#\/schema\/person\/7fcb79f38045700919f7da6d97e71ba0","name":"SalaStampa.eu, world press service","image":{"@type":"ImageObject","inLanguage":"es-AR","@id":"https:\/\/secure.gravatar.com\/avatar\/c2f0e0d515a107624234994507816ca4724c7199cef73fc8bedebf6931d73888?s=96&d=mm&r=g","url":"https:\/\/secure.gravatar.com\/avatar\/c2f0e0d515a107624234994507816ca4724c7199cef73fc8bedebf6931d73888?s=96&d=mm&r=g","contentUrl":"https:\/\/secure.gravatar.com\/avatar\/c2f0e0d515a107624234994507816ca4724c7199cef73fc8bedebf6931d73888?s=96&d=mm&r=g","caption":"SalaStampa.eu, world press service"}}]}},"views":317,"_links":{"self":[{"href":"https:\/\/elcanillita.info\/press\/wp-json\/wp\/v2\/posts\/3862","targetHints":{"allow":["GET"]}}],"collection":[{"href":"https:\/\/elcanillita.info\/press\/wp-json\/wp\/v2\/posts"}],"about":[{"href":"https:\/\/elcanillita.info\/press\/wp-json\/wp\/v2\/types\/post"}],"author":[{"embeddable":true,"href":"https:\/\/elcanillita.info\/press\/wp-json\/wp\/v2\/users\/1"}],"replies":[{"embeddable":true,"href":"https:\/\/elcanillita.info\/press\/wp-json\/wp\/v2\/comments?post=3862"}],"version-history":[{"count":0,"href":"https:\/\/elcanillita.info\/press\/wp-json\/wp\/v2\/posts\/3862\/revisions"}],"wp:featuredmedia":[{"embeddable":true,"href":"https:\/\/elcanillita.info\/press\/wp-json\/wp\/v2\/media\/3863"}],"wp:attachment":[{"href":"https:\/\/elcanillita.info\/press\/wp-json\/wp\/v2\/media?parent=3862"}],"wp:term":[{"taxonomy":"category","embeddable":true,"href":"https:\/\/elcanillita.info\/press\/wp-json\/wp\/v2\/categories?post=3862"},{"taxonomy":"post_tag","embeddable":true,"href":"https:\/\/elcanillita.info\/press\/wp-json\/wp\/v2\/tags?post=3862"}],"curies":[{"name":"wp","href":"https:\/\/api.w.org\/{rel}","templated":true}]}}