{"id":3858,"date":"2023-11-25T11:44:47","date_gmt":"2023-11-25T14:44:47","guid":{"rendered":"https:\/\/elcanillita.info\/press\/?p=3858"},"modified":"2023-11-25T11:53:26","modified_gmt":"2023-11-25T14:53:26","slug":"el-cortejado-milei","status":"publish","type":"post","link":"https:\/\/elcanillita.info\/press\/2023\/11\/25\/el-cortejado-milei\/","title":{"rendered":"El cortejado Milei"},"content":{"rendered":"\n<figure class=\"wp-block-image size-full\"><img loading=\"lazy\" decoding=\"async\" width=\"600\" height=\"399\" src=\"https:\/\/elcanillita.info\/press\/images\/2023\/11\/mil_3_20231123.jpg\" alt=\"La improbable alianza que podr\u00eda dar forma al nuevo liderazgo radical de Argentina.\" class=\"wp-image-3859\" srcset=\"https:\/\/elcanillita.info\/press\/images\/2023\/11\/mil_3_20231123.jpg 600w, https:\/\/elcanillita.info\/press\/images\/2023\/11\/mil_3_20231123-300x200.jpg 300w\" sizes=\"auto, (max-width: 600px) 100vw, 600px\" \/><figcaption class=\"wp-element-caption\">De izquierda a derecha, Javier Milei, Mauricio Macri y Patricia Bullrich en la sede de campa\u00f1a de Milei en Buenos Aires<\/figcaption><\/figure>\n\n\n\n<p><strong>ElCanillita.info, 25\/11\/2023<\/strong><br>Menos de 24 horas despu\u00e9s de que el ultraderechista Javier Milei llegara a la presidencia de Argentina con la promesa de un cambio econ\u00f3mico radical y una ruptura con la \u00e9lite pol\u00edtica tradicional del pa\u00eds, un miembro cr\u00edtico de esa \u00e9lite lleg\u00f3 a su puerta.<\/p>\n\n\n\n<p>Mauricio Macri, el ex presidente de Argentina que dio un valioso respaldo a Milei en octubre, se dej\u00f3 caer el lunes por la noche en una visita inesperada al hotel del centro de Buenos Aires que se convirti\u00f3 en el b\u00fanker de campa\u00f1a de Milei.<\/p>\n\n\n\n<p>&#8220;\u00bfDe qu\u00e9 vamos a hablar si no es del futuro del pa\u00eds?&#8221;, dijo a los periodistas en el vest\u00edbulo.<\/p>\n\n\n\n<p>Macri -que gobern\u00f3 entre 2015 y 2019 sac\u00f3 el odiado programa de pr\u00e9stamos de Argentina con el FMI tras un intento fallido de reforma econ\u00f3mica- tiene uno de los \u00edndices de aprobaci\u00f3n m\u00e1s bajos de la pol\u00edtica argentina.<\/p>\n\n\n\n<p>Procedente de una familia multimillonaria y con dos d\u00e9cadas en la pol\u00edtica, forma parte del establishment contra el que Milei ha pasado su carrera. En una entrevista hace cuatro a\u00f1os, Milei calific\u00f3 a Macri de &#8220;malvado&#8221; y &#8220;populista de segunda&#8221;.<\/p>\n\n\n\n<p>Pero el apoyo del ex l\u00edder -que sigui\u00f3 a la eliminaci\u00f3n en primera vuelta de Patricia Bullrich, la candidata presidencial de la coalici\u00f3n de centro-derecha Juntos por el Cambio (JxC) de Macri- ayud\u00f3 a ganar votantes moderados cruciales para Milei, una exc\u00e9ntrica ex personalidad de la televisi\u00f3n que ha expresado anteriormente su apoyo a ideas controvertidas como la legalizaci\u00f3n de la venta de \u00f3rganos humanos, y ha intercambiado insultos con el Papa Francisco.<\/p>\n\n\n\n<p>Los argentinos est\u00e1n pendientes de la investidura del 10 de diciembre para ver hasta qu\u00e9 punto su incipiente alianza da forma al gobierno de Milei.<br><br>Milei a\u00fan no ha anunciado qui\u00e9n ser\u00e1 su ministro de Econom\u00eda, pero varios de los nombres que, seg\u00fan los medios locales, se barajan son funcionarios del Gobierno de Macri, entre ellos el ex jefe del Banco Central Federico Sturzenegger y el ex ministro de Finanzas Luis Caputo, aunque tambi\u00e9n se barajan otros que no pertenecen al partido de Macri.<\/p>\n\n\n\n<p>En las pr\u00f3ximas semanas se cubrir\u00e1n otros puestos en el gabinete y cientos de cargos subalternos. El peque\u00f1o partido de Milei, La Libertad Avanza, de dos a\u00f1os de existencia, est\u00e1 formado en su mayor\u00eda por novatos en pol\u00edtica, y su equipo ha dicho que el &#8220;talento&#8221; de JxC ser\u00e1 bienvenido.<\/p>\n\n\n\n<p>Aunque a los partidarios m\u00e1s ac\u00e9rrimos del partido de Milei no les guste Macri, las conversaciones en curso con su partido han disipado cierta preocupaci\u00f3n entre los votantes y los inversores sobre el presidente electo, un autodenominado &#8220;anarcocapitalista&#8221; sin experiencia ejecutiva que ha propuesto un plan radical para eliminar el banco central.<\/p>\n\n\n\n<p>Macri y Milei s\u00f3lo se han visto un pu\u00f1ado de veces. Macri es hijo de un magnate multimillonario y lleg\u00f3 a la presidencia de Argentina a trav\u00e9s de la presidencia del club de f\u00fatbol Boca Juniors y luego de la  Gobernaci\u00f3n de la ciudad de Buenos Aires. Milei creci\u00f3 en un barrio de clase media baja y alcanz\u00f3 la popularidad gracias a una campa\u00f1a antisistema impulsada por las redes sociales.<\/p>\n\n\n\n<p>Sin embargo, hay puntos en com\u00fan. Los analistas opinan que ambos hablan el lenguaje del sector privado, y que Macri ha abandonado los discursos aprobados por asesores para convertirse en un orador m\u00e1s espont\u00e1neo desde que dej\u00f3 la presidencia, expresando con m\u00e1s libertad su frustraci\u00f3n sobre la econom\u00eda argentina.<\/p>\n\n\n\n<p>Macri ve la presidencia de Milei como una segunda oportunidad a su fallido intento de arreglar la disfuncional econom\u00eda argentina, dijo Juan Cruz D\u00edaz, director gerente de la consultora argentina Cefeidas Group.<\/p>\n\n\n\n<p>Muchos economistas afirman que el Gobierno de JxC, formado por el derechista PRO de Macri y partidos de centro y centroizquierda, actu\u00f3 con demasiada lentitud para recortar el d\u00e9ficit fiscal cr\u00f3nico de Argentina, confiando en cambio en un fuerte endeudamiento para financiar el gasto. La estrategia implosion\u00f3 durante una crisis de los mercados en 2018, lo que llev\u00f3 a Macri a pedir el mayor pr\u00e9stamo de la historia del FMI, un paquete de 57.000 millones de d\u00f3lares que r\u00e1pidamente desbord\u00f3.<\/p>\n\n\n\n<p>Los peronistas, un movimiento populista de izquierda que ha dominado la pol\u00edtica argentina durante d\u00e9cadas, obtuvieron una victoria decisiva en las elecciones de 2019.<\/p>\n\n\n\n<p>&#8220;Macri ve la victoria de Milei como una reivindicaci\u00f3n de sus ideas, porque siente que otras fuerzas de su coalici\u00f3n le impidieron ir lo suficientemente r\u00e1pido&#8221;, dijo D\u00edaz. &#8220;Siempre ha sentido que la gente le subestimaba a \u00e9l y a sus opciones, as\u00ed que tambi\u00e9n es una reivindicaci\u00f3n personal&#8221;.<\/p>\n\n\n\n<p>La decisi\u00f3n de Macri y Bullrich de respaldar a Milei ha desencadenado la desintegraci\u00f3n de JxC. Elisa Carri\u00f3, l\u00edder del partido centrista Coalici\u00f3n C\u00edvica ARI, lo ha declarado &#8220;roto&#8221;. Tambi\u00e9n ha culpado a Macri, que hab\u00eda manifestado su apoyo a Milei antes de la eliminaci\u00f3n de Bullrich, del fracaso de la candidata de JxC.<\/p>\n\n\n\n<p>Lucas Romero, director de la encuestadora Synopsis, con sede en Buenos Aires, dijo que Macri probablemente espera tener influencia &#8220;tanto en la direcci\u00f3n del Gobierno como en su composici\u00f3n&#8221; a cambio de sus en\u00e9rgicas contribuciones a la campa\u00f1a.<\/p>\n\n\n\n<p>Pero la relaci\u00f3n puede resultar tumultuosa, a\u00f1adi\u00f3. &#8220;Desde las primeras 48 horas despu\u00e9s de las elecciones, no me queda claro que Milei entienda lo que pas\u00f3 de la misma manera que Macri&#8221;, dijo, citando comunicaciones inconexas de la oficina del libertario. &#8220;Si Milei cree que el 56% de los votos que obtuvo le pertenecen s\u00f3lo a \u00e9l, est\u00e1 malinterpretando el resultado&#8221;.<\/p>\n\n\n\n<p>El LLA s\u00f3lo tiene 38 esca\u00f1os en la C\u00e1mara Baja argentina y siete en el Senado, por lo que Milei necesitar\u00e1 los votos que Macri ha prometido que obtendr\u00e1 del PRO, aunque no se ha anunciado ninguna coalici\u00f3n formal. Sin embargo, esto s\u00f3lo supondr\u00eda un tercio de los esca\u00f1os en la C\u00e1mara Baja y un quinto en el Senado.<\/p>\n\n\n\n<p>Por tanto, el gobierno de Milei puede tener dificultades, con o sin Macri, para llevar a cabo la reforma integral que, seg\u00fan la mayor\u00eda de los economistas, es necesaria para estabilizar y, en \u00faltima instancia, reactivar la espiral econ\u00f3mica de Argentina.<\/p>\n\n\n\n<p>La inflaci\u00f3n se sit\u00faa en el 142,7%, las reservas de divisas han desaparecido casi por completo y los intereses de la deuda con los acreedores nacionales se han disparado hasta niveles abrumadores.<\/p>\n\n\n\n<p>El gobierno de Milei se enfrenta a un panorama m\u00e1s dif\u00edcil que el de Macri cuando comenz\u00f3 en 2015, dijo Guido Sandleris, ex jefe del banco central bajo Macri y profesor de la Universidad Torcuato di Tella de Buenos Aires y Johns Hopkins en Washington, DC.<\/p>\n\n\n\n<p>&#8220;Tienen tres desventajas: la situaci\u00f3n econ\u00f3mica es mucho peor despu\u00e9s de  aquella del ministro de Econom\u00eda peronista Sergio Massa, tienen menos experiencia y menos apoyo en el Congreso&#8221;.<br>&#8220;Pero tienen una ventaja clave: la poblaci\u00f3n es hoy mucho m\u00e1s consciente de la necesidad de un cambio profundo&#8221;.<br><br><small>Copyright \u00a9 2023 ElCanillita.info \/ SalaStampa.Eu, servicio mundial de prensa<\/small><\/p>\n","protected":false},"excerpt":{"rendered":"<p>La improbable alianza que podr\u00eda dar forma al nuevo liderazgo radical de Argentina.  <\/p>\n","protected":false},"author":1,"featured_media":3697,"comment_status":"closed","ping_status":"closed","sticky":false,"template":"","format":"standard","meta":{"footnotes":"","_links_to":"","_links_to_target":""},"categories":[108,121,70,123,23],"tags":[29],"class_list":["post-3858","post","type-post","status-publish","format-standard","has-post-thumbnail","hentry","category-blogdiario","category-dc24","category-actualidad","category-argentina","category-politica","tag-argentina","entry","double"],"yoast_head":"<!-- This site is optimized with the Yoast SEO plugin v27.4 - https:\/\/yoast.com\/product\/yoast-seo-wordpress\/ -->\n<title>El cortejado Milei - ElCanillita.Info<\/title>\n<meta name=\"description\" content=\"La improbable alianza que podr\u00eda dar forma al nuevo liderazgo radical de Argentina.\" \/>\n<meta name=\"robots\" content=\"index, follow, max-snippet:-1, max-image-preview:large, max-video-preview:-1\" \/>\n<link rel=\"canonical\" href=\"https:\/\/elcanillita.info\/press\/2023\/11\/25\/el-cortejado-milei\/\" \/>\n<meta property=\"og:locale\" content=\"es_ES\" \/>\n<meta property=\"og:type\" content=\"article\" \/>\n<meta property=\"og:title\" content=\"El cortejado Milei - ElCanillita.Info\" \/>\n<meta property=\"og:description\" content=\"La improbable alianza que podr\u00eda dar forma al nuevo liderazgo radical de Argentina.\" \/>\n<meta property=\"og:url\" content=\"https:\/\/elcanillita.info\/press\/2023\/11\/25\/el-cortejado-milei\/\" \/>\n<meta property=\"og:site_name\" content=\"ElCanillita.Info\" \/>\n<meta property=\"article:publisher\" content=\"https:\/\/ar-ar.facebook.com\/ElCanillitainfo-114249515285712\/\" \/>\n<meta property=\"article:published_time\" content=\"2023-11-25T14:44:47+00:00\" \/>\n<meta property=\"article:modified_time\" content=\"2023-11-25T14:53:26+00:00\" \/>\n<meta property=\"og:image\" content=\"https:\/\/elcanillita.info\/press\/images\/2023\/08\/jvmil_cover20230518.jpg\" \/>\n\t<meta property=\"og:image:width\" content=\"600\" \/>\n\t<meta property=\"og:image:height\" content=\"400\" \/>\n\t<meta property=\"og:image:type\" content=\"image\/jpeg\" \/>\n<meta name=\"author\" content=\"SalaStampa.eu, world press service\" \/>\n<meta name=\"twitter:card\" content=\"summary_large_image\" \/>\n<meta name=\"twitter:label1\" content=\"Escrito por\" \/>\n\t<meta name=\"twitter:data1\" content=\"SalaStampa.eu, world press service\" \/>\n\t<meta name=\"twitter:label2\" content=\"Tiempo de lectura\" \/>\n\t<meta name=\"twitter:data2\" content=\"6 minutos\" \/>\n<script type=\"application\/ld+json\" class=\"yoast-schema-graph\">{\"@context\":\"https:\\\/\\\/schema.org\",\"@graph\":[{\"@type\":\"Article\",\"@id\":\"https:\\\/\\\/elcanillita.info\\\/press\\\/2023\\\/11\\\/25\\\/el-cortejado-milei\\\/#article\",\"isPartOf\":{\"@id\":\"https:\\\/\\\/elcanillita.info\\\/press\\\/2023\\\/11\\\/25\\\/el-cortejado-milei\\\/\"},\"author\":{\"name\":\"SalaStampa.eu, world press service\",\"@id\":\"https:\\\/\\\/elcanillita.info\\\/press\\\/#\\\/schema\\\/person\\\/7fcb79f38045700919f7da6d97e71ba0\"},\"headline\":\"El cortejado Milei\",\"datePublished\":\"2023-11-25T14:44:47+00:00\",\"dateModified\":\"2023-11-25T14:53:26+00:00\",\"mainEntityOfPage\":{\"@id\":\"https:\\\/\\\/elcanillita.info\\\/press\\\/2023\\\/11\\\/25\\\/el-cortejado-milei\\\/\"},\"wordCount\":1254,\"publisher\":{\"@id\":\"https:\\\/\\\/elcanillita.info\\\/press\\\/#organization\"},\"image\":{\"@id\":\"https:\\\/\\\/elcanillita.info\\\/press\\\/2023\\\/11\\\/25\\\/el-cortejado-milei\\\/#primaryimage\"},\"thumbnailUrl\":\"https:\\\/\\\/elcanillita.info\\\/press\\\/images\\\/2023\\\/08\\\/jvmil_cover20230518.jpg\",\"keywords\":[\"Argentina\"],\"articleSection\":[\".\",\".\",\"Actualidad\",\"Argentina\",\"Politica\"],\"inLanguage\":\"es-AR\"},{\"@type\":\"WebPage\",\"@id\":\"https:\\\/\\\/elcanillita.info\\\/press\\\/2023\\\/11\\\/25\\\/el-cortejado-milei\\\/\",\"url\":\"https:\\\/\\\/elcanillita.info\\\/press\\\/2023\\\/11\\\/25\\\/el-cortejado-milei\\\/\",\"name\":\"El cortejado Milei - ElCanillita.Info\",\"isPartOf\":{\"@id\":\"https:\\\/\\\/elcanillita.info\\\/press\\\/#website\"},\"primaryImageOfPage\":{\"@id\":\"https:\\\/\\\/elcanillita.info\\\/press\\\/2023\\\/11\\\/25\\\/el-cortejado-milei\\\/#primaryimage\"},\"image\":{\"@id\":\"https:\\\/\\\/elcanillita.info\\\/press\\\/2023\\\/11\\\/25\\\/el-cortejado-milei\\\/#primaryimage\"},\"thumbnailUrl\":\"https:\\\/\\\/elcanillita.info\\\/press\\\/images\\\/2023\\\/08\\\/jvmil_cover20230518.jpg\",\"datePublished\":\"2023-11-25T14:44:47+00:00\",\"dateModified\":\"2023-11-25T14:53:26+00:00\",\"description\":\"La improbable alianza que podr\u00eda dar forma al nuevo liderazgo radical de Argentina.\",\"inLanguage\":\"es-AR\",\"potentialAction\":[{\"@type\":\"ReadAction\",\"target\":[\"https:\\\/\\\/elcanillita.info\\\/press\\\/2023\\\/11\\\/25\\\/el-cortejado-milei\\\/\"]}]},{\"@type\":\"ImageObject\",\"inLanguage\":\"es-AR\",\"@id\":\"https:\\\/\\\/elcanillita.info\\\/press\\\/2023\\\/11\\\/25\\\/el-cortejado-milei\\\/#primaryimage\",\"url\":\"https:\\\/\\\/elcanillita.info\\\/press\\\/images\\\/2023\\\/08\\\/jvmil_cover20230518.jpg\",\"contentUrl\":\"https:\\\/\\\/elcanillita.info\\\/press\\\/images\\\/2023\\\/08\\\/jvmil_cover20230518.jpg\",\"width\":600,\"height\":400},{\"@type\":\"WebSite\",\"@id\":\"https:\\\/\\\/elcanillita.info\\\/press\\\/#website\",\"url\":\"https:\\\/\\\/elcanillita.info\\\/press\\\/\",\"name\":\"ElCanillita.Info\",\"description\":\"desde los Apeninos a los Andes\",\"publisher\":{\"@id\":\"https:\\\/\\\/elcanillita.info\\\/press\\\/#organization\"},\"potentialAction\":[{\"@type\":\"SearchAction\",\"target\":{\"@type\":\"EntryPoint\",\"urlTemplate\":\"https:\\\/\\\/elcanillita.info\\\/press\\\/?s={search_term_string}\"},\"query-input\":{\"@type\":\"PropertyValueSpecification\",\"valueRequired\":true,\"valueName\":\"search_term_string\"}}],\"inLanguage\":\"es-AR\"},{\"@type\":\"Organization\",\"@id\":\"https:\\\/\\\/elcanillita.info\\\/press\\\/#organization\",\"name\":\"Guzzo Photos & Graphic Publications\",\"url\":\"https:\\\/\\\/elcanillita.info\\\/press\\\/\",\"logo\":{\"@type\":\"ImageObject\",\"inLanguage\":\"es-AR\",\"@id\":\"https:\\\/\\\/elcanillita.info\\\/press\\\/#\\\/schema\\\/logo\\\/image\\\/\",\"url\":\"https:\\\/\\\/elcanillita.info\\\/press\\\/images\\\/2020\\\/01\\\/cropped-cropped-cropped-elcanillitainfo.png\",\"contentUrl\":\"https:\\\/\\\/elcanillita.info\\\/press\\\/images\\\/2020\\\/01\\\/cropped-cropped-cropped-elcanillitainfo.png\",\"width\":460,\"height\":50,\"caption\":\"Guzzo Photos & Graphic Publications\"},\"image\":{\"@id\":\"https:\\\/\\\/elcanillita.info\\\/press\\\/#\\\/schema\\\/logo\\\/image\\\/\"},\"sameAs\":[\"https:\\\/\\\/ar-ar.facebook.com\\\/ElCanillitainfo-114249515285712\\\/\"]},{\"@type\":\"Person\",\"@id\":\"https:\\\/\\\/elcanillita.info\\\/press\\\/#\\\/schema\\\/person\\\/7fcb79f38045700919f7da6d97e71ba0\",\"name\":\"SalaStampa.eu, world press service\",\"image\":{\"@type\":\"ImageObject\",\"inLanguage\":\"es-AR\",\"@id\":\"https:\\\/\\\/secure.gravatar.com\\\/avatar\\\/c2f0e0d515a107624234994507816ca4724c7199cef73fc8bedebf6931d73888?s=96&d=mm&r=g\",\"url\":\"https:\\\/\\\/secure.gravatar.com\\\/avatar\\\/c2f0e0d515a107624234994507816ca4724c7199cef73fc8bedebf6931d73888?s=96&d=mm&r=g\",\"contentUrl\":\"https:\\\/\\\/secure.gravatar.com\\\/avatar\\\/c2f0e0d515a107624234994507816ca4724c7199cef73fc8bedebf6931d73888?s=96&d=mm&r=g\",\"caption\":\"SalaStampa.eu, world press service\"}}]}<\/script>\n<!-- \/ Yoast SEO plugin. -->","yoast_head_json":{"title":"El cortejado Milei - ElCanillita.Info","description":"La improbable alianza que podr\u00eda dar forma al nuevo liderazgo radical de Argentina.","robots":{"index":"index","follow":"follow","max-snippet":"max-snippet:-1","max-image-preview":"max-image-preview:large","max-video-preview":"max-video-preview:-1"},"canonical":"https:\/\/elcanillita.info\/press\/2023\/11\/25\/el-cortejado-milei\/","og_locale":"es_ES","og_type":"article","og_title":"El cortejado Milei - ElCanillita.Info","og_description":"La improbable alianza que podr\u00eda dar forma al nuevo liderazgo radical de Argentina.","og_url":"https:\/\/elcanillita.info\/press\/2023\/11\/25\/el-cortejado-milei\/","og_site_name":"ElCanillita.Info","article_publisher":"https:\/\/ar-ar.facebook.com\/ElCanillitainfo-114249515285712\/","article_published_time":"2023-11-25T14:44:47+00:00","article_modified_time":"2023-11-25T14:53:26+00:00","og_image":[{"width":600,"height":400,"url":"https:\/\/elcanillita.info\/press\/images\/2023\/08\/jvmil_cover20230518.jpg","type":"image\/jpeg"}],"author":"SalaStampa.eu, world press service","twitter_card":"summary_large_image","twitter_misc":{"Escrito por":"SalaStampa.eu, world press service","Tiempo de lectura":"6 minutos"},"schema":{"@context":"https:\/\/schema.org","@graph":[{"@type":"Article","@id":"https:\/\/elcanillita.info\/press\/2023\/11\/25\/el-cortejado-milei\/#article","isPartOf":{"@id":"https:\/\/elcanillita.info\/press\/2023\/11\/25\/el-cortejado-milei\/"},"author":{"name":"SalaStampa.eu, world press service","@id":"https:\/\/elcanillita.info\/press\/#\/schema\/person\/7fcb79f38045700919f7da6d97e71ba0"},"headline":"El cortejado Milei","datePublished":"2023-11-25T14:44:47+00:00","dateModified":"2023-11-25T14:53:26+00:00","mainEntityOfPage":{"@id":"https:\/\/elcanillita.info\/press\/2023\/11\/25\/el-cortejado-milei\/"},"wordCount":1254,"publisher":{"@id":"https:\/\/elcanillita.info\/press\/#organization"},"image":{"@id":"https:\/\/elcanillita.info\/press\/2023\/11\/25\/el-cortejado-milei\/#primaryimage"},"thumbnailUrl":"https:\/\/elcanillita.info\/press\/images\/2023\/08\/jvmil_cover20230518.jpg","keywords":["Argentina"],"articleSection":[".",".","Actualidad","Argentina","Politica"],"inLanguage":"es-AR"},{"@type":"WebPage","@id":"https:\/\/elcanillita.info\/press\/2023\/11\/25\/el-cortejado-milei\/","url":"https:\/\/elcanillita.info\/press\/2023\/11\/25\/el-cortejado-milei\/","name":"El cortejado Milei - ElCanillita.Info","isPartOf":{"@id":"https:\/\/elcanillita.info\/press\/#website"},"primaryImageOfPage":{"@id":"https:\/\/elcanillita.info\/press\/2023\/11\/25\/el-cortejado-milei\/#primaryimage"},"image":{"@id":"https:\/\/elcanillita.info\/press\/2023\/11\/25\/el-cortejado-milei\/#primaryimage"},"thumbnailUrl":"https:\/\/elcanillita.info\/press\/images\/2023\/08\/jvmil_cover20230518.jpg","datePublished":"2023-11-25T14:44:47+00:00","dateModified":"2023-11-25T14:53:26+00:00","description":"La improbable alianza que podr\u00eda dar forma al nuevo liderazgo radical de Argentina.","inLanguage":"es-AR","potentialAction":[{"@type":"ReadAction","target":["https:\/\/elcanillita.info\/press\/2023\/11\/25\/el-cortejado-milei\/"]}]},{"@type":"ImageObject","inLanguage":"es-AR","@id":"https:\/\/elcanillita.info\/press\/2023\/11\/25\/el-cortejado-milei\/#primaryimage","url":"https:\/\/elcanillita.info\/press\/images\/2023\/08\/jvmil_cover20230518.jpg","contentUrl":"https:\/\/elcanillita.info\/press\/images\/2023\/08\/jvmil_cover20230518.jpg","width":600,"height":400},{"@type":"WebSite","@id":"https:\/\/elcanillita.info\/press\/#website","url":"https:\/\/elcanillita.info\/press\/","name":"ElCanillita.Info","description":"desde los Apeninos a los Andes","publisher":{"@id":"https:\/\/elcanillita.info\/press\/#organization"},"potentialAction":[{"@type":"SearchAction","target":{"@type":"EntryPoint","urlTemplate":"https:\/\/elcanillita.info\/press\/?s={search_term_string}"},"query-input":{"@type":"PropertyValueSpecification","valueRequired":true,"valueName":"search_term_string"}}],"inLanguage":"es-AR"},{"@type":"Organization","@id":"https:\/\/elcanillita.info\/press\/#organization","name":"Guzzo Photos & Graphic Publications","url":"https:\/\/elcanillita.info\/press\/","logo":{"@type":"ImageObject","inLanguage":"es-AR","@id":"https:\/\/elcanillita.info\/press\/#\/schema\/logo\/image\/","url":"https:\/\/elcanillita.info\/press\/images\/2020\/01\/cropped-cropped-cropped-elcanillitainfo.png","contentUrl":"https:\/\/elcanillita.info\/press\/images\/2020\/01\/cropped-cropped-cropped-elcanillitainfo.png","width":460,"height":50,"caption":"Guzzo Photos & Graphic Publications"},"image":{"@id":"https:\/\/elcanillita.info\/press\/#\/schema\/logo\/image\/"},"sameAs":["https:\/\/ar-ar.facebook.com\/ElCanillitainfo-114249515285712\/"]},{"@type":"Person","@id":"https:\/\/elcanillita.info\/press\/#\/schema\/person\/7fcb79f38045700919f7da6d97e71ba0","name":"SalaStampa.eu, world press service","image":{"@type":"ImageObject","inLanguage":"es-AR","@id":"https:\/\/secure.gravatar.com\/avatar\/c2f0e0d515a107624234994507816ca4724c7199cef73fc8bedebf6931d73888?s=96&d=mm&r=g","url":"https:\/\/secure.gravatar.com\/avatar\/c2f0e0d515a107624234994507816ca4724c7199cef73fc8bedebf6931d73888?s=96&d=mm&r=g","contentUrl":"https:\/\/secure.gravatar.com\/avatar\/c2f0e0d515a107624234994507816ca4724c7199cef73fc8bedebf6931d73888?s=96&d=mm&r=g","caption":"SalaStampa.eu, world press service"}}]}},"views":298,"_links":{"self":[{"href":"https:\/\/elcanillita.info\/press\/wp-json\/wp\/v2\/posts\/3858","targetHints":{"allow":["GET"]}}],"collection":[{"href":"https:\/\/elcanillita.info\/press\/wp-json\/wp\/v2\/posts"}],"about":[{"href":"https:\/\/elcanillita.info\/press\/wp-json\/wp\/v2\/types\/post"}],"author":[{"embeddable":true,"href":"https:\/\/elcanillita.info\/press\/wp-json\/wp\/v2\/users\/1"}],"replies":[{"embeddable":true,"href":"https:\/\/elcanillita.info\/press\/wp-json\/wp\/v2\/comments?post=3858"}],"version-history":[{"count":0,"href":"https:\/\/elcanillita.info\/press\/wp-json\/wp\/v2\/posts\/3858\/revisions"}],"wp:featuredmedia":[{"embeddable":true,"href":"https:\/\/elcanillita.info\/press\/wp-json\/wp\/v2\/media\/3697"}],"wp:attachment":[{"href":"https:\/\/elcanillita.info\/press\/wp-json\/wp\/v2\/media?parent=3858"}],"wp:term":[{"taxonomy":"category","embeddable":true,"href":"https:\/\/elcanillita.info\/press\/wp-json\/wp\/v2\/categories?post=3858"},{"taxonomy":"post_tag","embeddable":true,"href":"https:\/\/elcanillita.info\/press\/wp-json\/wp\/v2\/tags?post=3858"}],"curies":[{"name":"wp","href":"https:\/\/api.w.org\/{rel}","templated":true}]}}