{"id":3854,"date":"2023-11-25T09:29:42","date_gmt":"2023-11-25T12:29:42","guid":{"rendered":"https:\/\/elcanillita.info\/press\/?p=3854"},"modified":"2023-11-25T09:29:43","modified_gmt":"2023-11-25T12:29:43","slug":"vientos-y-mariscales","status":"publish","type":"post","link":"https:\/\/elcanillita.info\/press\/2023\/11\/25\/vientos-y-mariscales\/","title":{"rendered":"Vientos y Mariscales"},"content":{"rendered":"\n<figure class=\"wp-block-image size-full\"><img loading=\"lazy\" decoding=\"async\" width=\"600\" height=\"374\" src=\"https:\/\/elcanillita.info\/press\/images\/2023\/11\/1003_20231120.jpg\" alt=\"\" class=\"wp-image-3855\" srcset=\"https:\/\/elcanillita.info\/press\/images\/2023\/11\/1003_20231120.jpg 600w, https:\/\/elcanillita.info\/press\/images\/2023\/11\/1003_20231120-300x187.jpg 300w\" sizes=\"auto, (max-width: 600px) 100vw, 600px\" \/><\/figure>\n\n\n\n<p><strong>por Enrique Guillermo Avogadro<\/strong><br><br><strong><em>\u201cYo me conformar\u00eda con que el coraz\u00f3n de los argentinos<\/em><\/strong><br><strong><em>\u00a0tuviera tres cosas: honestidad, responsabilidad, solidaridad\u201d.<\/em><\/strong><\/p>\n\n\n\n<p><strong><em>&nbsp;Ren\u00e9 Favaloro<\/em><\/strong><\/p>\n\n\n\n<p><strong>Buenos Aires, 25\/11\/2023<\/strong><br>Mi emocionado abrazo a los grandes vencedores del domingo, Javier Milei y Victoria Villarruel, a los que sumo, sin dudar, a Mauricio Macri y Patricia Bullrich, que consiguieron reencausar hacia los libertarios a gran parte de los votantes de JxC y garantizar su triunfo con el aporte de miles de fiscales. Gracias a Dios, la Argentina se encamina a la reconstrucci\u00f3n de la mano de la austeridad en la conducci\u00f3n del Estado, la libertad de los ciudadanos y la seguridad jur\u00eddica para permitir las inversiones esenciales.<\/p>\n\n\n\n<p>La resonante victoria del candidato libertario fue la constataci\u00f3n de que en Am\u00e9rica, finalmente, los pueblos han despertado y los vientos soplan en contra del Foro de San Pablo y su pretensi\u00f3n de extender el \u201csocialismo del siglo XXI\u201d, el proyecto populista y autoritario que, en su hora, organiz\u00f3 Luiz In\u00e1cio Lula da Silva con la complicidad de N\u00e9stor y Cristina Kirchner, Evo Morales, Hugo Ch\u00e1vez y Rafael Correa; a\u00fan lo integran Daniel Ortega (Nicaragua), Miguel D\u00edaz-Canel (Cuba), Xiomara Castro (Honduras), Gustavo Petro (Colombia), Nicol\u00e1s Maduro (Venezuela), &nbsp;Luis Arce (Bolivia), &nbsp;Andr\u00e9s L\u00f3pez Obrador (M\u00e9xico) y, pese a su vocaci\u00f3n democr\u00e1tica, Gabriel Boric (Chile). Ese hurac\u00e1n ya se llev\u00f3 puestas esas ansias con la derrota en la Constituyente chilena, el triunfo de la oposici\u00f3n colombiana en las elecciones municipales, la victoria de Daniel Noboa sobre el corre\u00edsmo en el ballotage ecuatoriano y ahora en la Argentina, mientras que resultaban imposibles quimeras en El Salvador, Paraguay y Uruguay, pa\u00edses que ya hab\u00edan rechazado el progresismo empobrecedor que, durante muchos a\u00f1os, habilit\u00f3 la fundaci\u00f3n de Unasur y otros conglomerados regionales sectarios.<\/p>\n\n\n\n<p>El resultado del domingo constituy\u00f3 el mejor escenario, al menos por ahora, para Cristina Fern\u00e1ndez, porque consigui\u00f3 retener la crucial Provincia de Buenos Aires y varios municipios clave y, a la vez, impedir que el <em>Aceitoso <\/em>la convirtiera en v\u00edctima de un inevitable matricidio. Pero la monumental golpiza que recibi\u00f3 el peronismo en todo el pa\u00eds (en el feudo de Axel Kiciloff triunf\u00f3 s\u00f3lo por un lastimoso 1,47%) fue de tal magnitud que, por ser la gran e indisimulable responsable, no se le permitir\u00e1 eludir el pago de la factura que siempre el famoso movimiento presenta a sus mariscales derrotados. En breve veremos una nueva configuraci\u00f3n del poder en el PJ, pues los gobernadores de ese signo ser\u00e1n, aunque sea a desgana, mucho m\u00e1s colaborativos con el nuevo Presidente que quienes a\u00fan militan en el kirchnerismo duro, fascista y ladr\u00f3n.<\/p>\n\n\n\n<p>El connotado c\u00edrculo rojo, formado por los empresarios \u201cexpertos en mercados regulados\u201d, aspiraba y apostaba a un triunfo de Sergio Massa para conservar los zool\u00f3gicos y ba\u00f1eras en los cuales tanto tiempo caz\u00f3 y pesc\u00f3 (las ensambladoras de Tierra del Fuego son un ejemplo paradigm\u00e1tico) siempre en perjuicio de una sociedad que toler\u00f3 su gen\u00e9tica corrupci\u00f3n, pagando altos precios por sus productos malos, escondido detr\u00e1s de f\u00f3rmulas de nacionalismo berreta y proteccionismo absurdo. Resulta c\u00f3mico ver c\u00f3mo sus integrantes se rasgan ahora las vestiduras frente a las propuestas de libertad que trae Milei, anunciando la p\u00e9rdida de puestos de trabajo (que fueron incapaces de generar pese al cierre casi total de la econom\u00eda) si se vieran obligados a competir.<\/p>\n\n\n\n<p>\u00bfY d\u00f3nde estaban los eternos y absurdamente enriquecidos dirigentes sindicales mientras el tr\u00edo de los Fern\u00e1ndez\u00b2 y Massa arrasaba la econom\u00eda, destru\u00eda salarios y jubilaciones, nos llevaba al borde de la hiperestanflaci\u00f3n, la pobreza bien medida al 50%, la indigencia al 15% y desaparec\u00eda a la clase media que anta\u00f1o era su clientela? Hoy, ya antes de que asuma Milei, se muestran espantados y profieren amenazas s\u00f3lo porque ven peligrar sus privilegios de casta. La misma actividad preventiva est\u00e1n desplegando los gerentes de la pobreza, acosados por la probabilidad de verse desplazados de su papel de intermediarios en la cadena de la felicidad de los planes.<\/p>\n\n\n\n<p>A algunos, como Pablo Moyano y otros energ\u00famenos se les solt\u00f3 la cadena, en especial a Pablo Bir\u00f3, que se siente due\u00f1o de Aerol\u00edneas Argentinas y menta a muertes en la calle, por lo que ya fue denunciado penalmente por el Fiscal Carlos Stornelli. Y tal como supon\u00edamos, Massa ha empezado a recorrer el mismo camino, acusado por Mar\u00eda Eugenia Talerico y Daniel Sabsay, con raz\u00f3n, de administraci\u00f3n fraudulenta por la forma en que dilapid\u00f3 dinero p\u00fablico para sostener su candidatura.<\/p>\n\n\n\n<p>Lo realmente positivo es que Milei, que est\u00e1 dando permanentes muestras de autoridad y honestidad, pese a ser el Presidente con menor apoyo legislativo propio de la historia dispondr\u00e1 de la colaboraci\u00f3n de gobernadores, diputados y senadores del PRO y del peronismo republicano para obtener las leyes que necesitar\u00e1 para sacarnos de estas arenas movedizas que, hace tantos a\u00f1os, engullen nuestro destino.<\/p>\n\n\n\n<p>Habr\u00e1 que hacer sacrificios extremos, pero tiene detr\u00e1s de s\u00ed los catorce millones de votos que obtuvo el domingo pasado; y cuenta ya con gente capaz y experimentada en muchas \u00e1reas de gobierno, especialmente en seguridad (narcos y \u201cmapuches\u201d, \u00a1tel\u00e9fono!) y defensa por si los repugnantes espec\u00edmenes que se adue\u00f1aron del Estado \u2013sobre todo de la educaci\u00f3n p\u00fablica- y sus empresas quisieran repetir sus pasadas \u201cproezas\u201d.<\/p>\n\n\n\n<p><small>\u00a9 Copyright 2023 Enrique Guillermo Avogadro<br>\u00a9 2023 ElCanillita.info \/ SalaStampa.Eu, servicio mundial de prensa<\/small><\/p>\n","protected":false},"excerpt":{"rendered":"<p>La victoria de Milei fue la constataci\u00f3n de que en Am\u00e9rica, los pueblos han despertado y los vientos soplan en contra del Foro de San Pablo y  el \u201csocialismo del siglo XXI\u201d<\/p>\n","protected":false},"author":1,"featured_media":3856,"comment_status":"closed","ping_status":"closed","sticky":false,"template":"","format":"standard","meta":{"footnotes":"","_links_to":"","_links_to_target":""},"categories":[108,121,70,123,23],"tags":[29],"class_list":["post-3854","post","type-post","status-publish","format-standard","has-post-thumbnail","hentry","category-blogdiario","category-dc24","category-actualidad","category-argentina","category-politica","tag-argentina","entry","double"],"yoast_head":"<!-- This site is optimized with the Yoast SEO plugin v27.4 - https:\/\/yoast.com\/product\/yoast-seo-wordpress\/ -->\n<title>Vientos y Mariscales - ElCanillita.Info<\/title>\n<meta name=\"description\" content=\"La victoria de Milei fue la constataci\u00f3n de que en Am\u00e9rica, los pueblos han despertado y los vientos soplan en contra del Foro de San Pablo y el \u201csocialismo del siglo XXI\u201d\" \/>\n<meta name=\"robots\" content=\"index, follow, max-snippet:-1, max-image-preview:large, max-video-preview:-1\" \/>\n<link rel=\"canonical\" href=\"https:\/\/elcanillita.info\/press\/2023\/11\/25\/vientos-y-mariscales\/\" \/>\n<meta property=\"og:locale\" content=\"es_ES\" \/>\n<meta property=\"og:type\" content=\"article\" \/>\n<meta property=\"og:title\" content=\"Vientos y Mariscales - ElCanillita.Info\" \/>\n<meta property=\"og:description\" content=\"La victoria de Milei fue la constataci\u00f3n de que en Am\u00e9rica, los pueblos han despertado y los vientos soplan en contra del Foro de San Pablo y el \u201csocialismo del siglo XXI\u201d\" \/>\n<meta property=\"og:url\" content=\"https:\/\/elcanillita.info\/press\/2023\/11\/25\/vientos-y-mariscales\/\" \/>\n<meta property=\"og:site_name\" content=\"ElCanillita.Info\" \/>\n<meta property=\"article:publisher\" content=\"https:\/\/ar-ar.facebook.com\/ElCanillitainfo-114249515285712\/\" \/>\n<meta property=\"article:published_time\" content=\"2023-11-25T12:29:42+00:00\" \/>\n<meta property=\"article:modified_time\" content=\"2023-11-25T12:29:43+00:00\" \/>\n<meta property=\"og:image\" content=\"https:\/\/elcanillita.info\/press\/images\/2023\/11\/2023-11-24-20-14-56.jpg\" \/>\n\t<meta property=\"og:image:width\" content=\"699\" \/>\n\t<meta property=\"og:image:height\" content=\"391\" \/>\n\t<meta property=\"og:image:type\" content=\"image\/jpeg\" \/>\n<meta name=\"author\" content=\"SalaStampa.eu, world press service\" \/>\n<meta name=\"twitter:card\" content=\"summary_large_image\" \/>\n<meta name=\"twitter:label1\" content=\"Escrito por\" \/>\n\t<meta name=\"twitter:data1\" content=\"SalaStampa.eu, world press service\" \/>\n\t<meta name=\"twitter:label2\" content=\"Tiempo de lectura\" \/>\n\t<meta name=\"twitter:data2\" content=\"5 minutos\" \/>\n<script type=\"application\/ld+json\" class=\"yoast-schema-graph\">{\"@context\":\"https:\\\/\\\/schema.org\",\"@graph\":[{\"@type\":\"Article\",\"@id\":\"https:\\\/\\\/elcanillita.info\\\/press\\\/2023\\\/11\\\/25\\\/vientos-y-mariscales\\\/#article\",\"isPartOf\":{\"@id\":\"https:\\\/\\\/elcanillita.info\\\/press\\\/2023\\\/11\\\/25\\\/vientos-y-mariscales\\\/\"},\"author\":{\"name\":\"SalaStampa.eu, world press service\",\"@id\":\"https:\\\/\\\/elcanillita.info\\\/press\\\/#\\\/schema\\\/person\\\/7fcb79f38045700919f7da6d97e71ba0\"},\"headline\":\"Vientos y Mariscales\",\"datePublished\":\"2023-11-25T12:29:42+00:00\",\"dateModified\":\"2023-11-25T12:29:43+00:00\",\"mainEntityOfPage\":{\"@id\":\"https:\\\/\\\/elcanillita.info\\\/press\\\/2023\\\/11\\\/25\\\/vientos-y-mariscales\\\/\"},\"wordCount\":950,\"publisher\":{\"@id\":\"https:\\\/\\\/elcanillita.info\\\/press\\\/#organization\"},\"image\":{\"@id\":\"https:\\\/\\\/elcanillita.info\\\/press\\\/2023\\\/11\\\/25\\\/vientos-y-mariscales\\\/#primaryimage\"},\"thumbnailUrl\":\"https:\\\/\\\/elcanillita.info\\\/press\\\/images\\\/2023\\\/11\\\/2023-11-24-20-14-56.jpg\",\"keywords\":[\"Argentina\"],\"articleSection\":[\".\",\".\",\"Actualidad\",\"Argentina\",\"Politica\"],\"inLanguage\":\"es-AR\"},{\"@type\":\"WebPage\",\"@id\":\"https:\\\/\\\/elcanillita.info\\\/press\\\/2023\\\/11\\\/25\\\/vientos-y-mariscales\\\/\",\"url\":\"https:\\\/\\\/elcanillita.info\\\/press\\\/2023\\\/11\\\/25\\\/vientos-y-mariscales\\\/\",\"name\":\"Vientos y Mariscales - ElCanillita.Info\",\"isPartOf\":{\"@id\":\"https:\\\/\\\/elcanillita.info\\\/press\\\/#website\"},\"primaryImageOfPage\":{\"@id\":\"https:\\\/\\\/elcanillita.info\\\/press\\\/2023\\\/11\\\/25\\\/vientos-y-mariscales\\\/#primaryimage\"},\"image\":{\"@id\":\"https:\\\/\\\/elcanillita.info\\\/press\\\/2023\\\/11\\\/25\\\/vientos-y-mariscales\\\/#primaryimage\"},\"thumbnailUrl\":\"https:\\\/\\\/elcanillita.info\\\/press\\\/images\\\/2023\\\/11\\\/2023-11-24-20-14-56.jpg\",\"datePublished\":\"2023-11-25T12:29:42+00:00\",\"dateModified\":\"2023-11-25T12:29:43+00:00\",\"description\":\"La victoria de Milei fue la constataci\u00f3n de que en Am\u00e9rica, los pueblos han despertado y los vientos soplan en contra del Foro de San Pablo y el \u201csocialismo del siglo XXI\u201d\",\"inLanguage\":\"es-AR\",\"potentialAction\":[{\"@type\":\"ReadAction\",\"target\":[\"https:\\\/\\\/elcanillita.info\\\/press\\\/2023\\\/11\\\/25\\\/vientos-y-mariscales\\\/\"]}]},{\"@type\":\"ImageObject\",\"inLanguage\":\"es-AR\",\"@id\":\"https:\\\/\\\/elcanillita.info\\\/press\\\/2023\\\/11\\\/25\\\/vientos-y-mariscales\\\/#primaryimage\",\"url\":\"https:\\\/\\\/elcanillita.info\\\/press\\\/images\\\/2023\\\/11\\\/2023-11-24-20-14-56.jpg\",\"contentUrl\":\"https:\\\/\\\/elcanillita.info\\\/press\\\/images\\\/2023\\\/11\\\/2023-11-24-20-14-56.jpg\",\"width\":699,\"height\":391},{\"@type\":\"WebSite\",\"@id\":\"https:\\\/\\\/elcanillita.info\\\/press\\\/#website\",\"url\":\"https:\\\/\\\/elcanillita.info\\\/press\\\/\",\"name\":\"ElCanillita.Info\",\"description\":\"desde los Apeninos a los Andes\",\"publisher\":{\"@id\":\"https:\\\/\\\/elcanillita.info\\\/press\\\/#organization\"},\"potentialAction\":[{\"@type\":\"SearchAction\",\"target\":{\"@type\":\"EntryPoint\",\"urlTemplate\":\"https:\\\/\\\/elcanillita.info\\\/press\\\/?s={search_term_string}\"},\"query-input\":{\"@type\":\"PropertyValueSpecification\",\"valueRequired\":true,\"valueName\":\"search_term_string\"}}],\"inLanguage\":\"es-AR\"},{\"@type\":\"Organization\",\"@id\":\"https:\\\/\\\/elcanillita.info\\\/press\\\/#organization\",\"name\":\"Guzzo Photos & Graphic Publications\",\"url\":\"https:\\\/\\\/elcanillita.info\\\/press\\\/\",\"logo\":{\"@type\":\"ImageObject\",\"inLanguage\":\"es-AR\",\"@id\":\"https:\\\/\\\/elcanillita.info\\\/press\\\/#\\\/schema\\\/logo\\\/image\\\/\",\"url\":\"https:\\\/\\\/elcanillita.info\\\/press\\\/images\\\/2020\\\/01\\\/cropped-cropped-cropped-elcanillitainfo.png\",\"contentUrl\":\"https:\\\/\\\/elcanillita.info\\\/press\\\/images\\\/2020\\\/01\\\/cropped-cropped-cropped-elcanillitainfo.png\",\"width\":460,\"height\":50,\"caption\":\"Guzzo Photos & Graphic Publications\"},\"image\":{\"@id\":\"https:\\\/\\\/elcanillita.info\\\/press\\\/#\\\/schema\\\/logo\\\/image\\\/\"},\"sameAs\":[\"https:\\\/\\\/ar-ar.facebook.com\\\/ElCanillitainfo-114249515285712\\\/\"]},{\"@type\":\"Person\",\"@id\":\"https:\\\/\\\/elcanillita.info\\\/press\\\/#\\\/schema\\\/person\\\/7fcb79f38045700919f7da6d97e71ba0\",\"name\":\"SalaStampa.eu, world press service\",\"image\":{\"@type\":\"ImageObject\",\"inLanguage\":\"es-AR\",\"@id\":\"https:\\\/\\\/secure.gravatar.com\\\/avatar\\\/c2f0e0d515a107624234994507816ca4724c7199cef73fc8bedebf6931d73888?s=96&d=mm&r=g\",\"url\":\"https:\\\/\\\/secure.gravatar.com\\\/avatar\\\/c2f0e0d515a107624234994507816ca4724c7199cef73fc8bedebf6931d73888?s=96&d=mm&r=g\",\"contentUrl\":\"https:\\\/\\\/secure.gravatar.com\\\/avatar\\\/c2f0e0d515a107624234994507816ca4724c7199cef73fc8bedebf6931d73888?s=96&d=mm&r=g\",\"caption\":\"SalaStampa.eu, world press service\"}}]}<\/script>\n<!-- \/ Yoast SEO plugin. -->","yoast_head_json":{"title":"Vientos y Mariscales - ElCanillita.Info","description":"La victoria de Milei fue la constataci\u00f3n de que en Am\u00e9rica, los pueblos han despertado y los vientos soplan en contra del Foro de San Pablo y el \u201csocialismo del siglo XXI\u201d","robots":{"index":"index","follow":"follow","max-snippet":"max-snippet:-1","max-image-preview":"max-image-preview:large","max-video-preview":"max-video-preview:-1"},"canonical":"https:\/\/elcanillita.info\/press\/2023\/11\/25\/vientos-y-mariscales\/","og_locale":"es_ES","og_type":"article","og_title":"Vientos y Mariscales - ElCanillita.Info","og_description":"La victoria de Milei fue la constataci\u00f3n de que en Am\u00e9rica, los pueblos han despertado y los vientos soplan en contra del Foro de San Pablo y el \u201csocialismo del siglo XXI\u201d","og_url":"https:\/\/elcanillita.info\/press\/2023\/11\/25\/vientos-y-mariscales\/","og_site_name":"ElCanillita.Info","article_publisher":"https:\/\/ar-ar.facebook.com\/ElCanillitainfo-114249515285712\/","article_published_time":"2023-11-25T12:29:42+00:00","article_modified_time":"2023-11-25T12:29:43+00:00","og_image":[{"width":699,"height":391,"url":"https:\/\/elcanillita.info\/press\/images\/2023\/11\/2023-11-24-20-14-56.jpg","type":"image\/jpeg"}],"author":"SalaStampa.eu, world press service","twitter_card":"summary_large_image","twitter_misc":{"Escrito por":"SalaStampa.eu, world press service","Tiempo de lectura":"5 minutos"},"schema":{"@context":"https:\/\/schema.org","@graph":[{"@type":"Article","@id":"https:\/\/elcanillita.info\/press\/2023\/11\/25\/vientos-y-mariscales\/#article","isPartOf":{"@id":"https:\/\/elcanillita.info\/press\/2023\/11\/25\/vientos-y-mariscales\/"},"author":{"name":"SalaStampa.eu, world press service","@id":"https:\/\/elcanillita.info\/press\/#\/schema\/person\/7fcb79f38045700919f7da6d97e71ba0"},"headline":"Vientos y Mariscales","datePublished":"2023-11-25T12:29:42+00:00","dateModified":"2023-11-25T12:29:43+00:00","mainEntityOfPage":{"@id":"https:\/\/elcanillita.info\/press\/2023\/11\/25\/vientos-y-mariscales\/"},"wordCount":950,"publisher":{"@id":"https:\/\/elcanillita.info\/press\/#organization"},"image":{"@id":"https:\/\/elcanillita.info\/press\/2023\/11\/25\/vientos-y-mariscales\/#primaryimage"},"thumbnailUrl":"https:\/\/elcanillita.info\/press\/images\/2023\/11\/2023-11-24-20-14-56.jpg","keywords":["Argentina"],"articleSection":[".",".","Actualidad","Argentina","Politica"],"inLanguage":"es-AR"},{"@type":"WebPage","@id":"https:\/\/elcanillita.info\/press\/2023\/11\/25\/vientos-y-mariscales\/","url":"https:\/\/elcanillita.info\/press\/2023\/11\/25\/vientos-y-mariscales\/","name":"Vientos y Mariscales - ElCanillita.Info","isPartOf":{"@id":"https:\/\/elcanillita.info\/press\/#website"},"primaryImageOfPage":{"@id":"https:\/\/elcanillita.info\/press\/2023\/11\/25\/vientos-y-mariscales\/#primaryimage"},"image":{"@id":"https:\/\/elcanillita.info\/press\/2023\/11\/25\/vientos-y-mariscales\/#primaryimage"},"thumbnailUrl":"https:\/\/elcanillita.info\/press\/images\/2023\/11\/2023-11-24-20-14-56.jpg","datePublished":"2023-11-25T12:29:42+00:00","dateModified":"2023-11-25T12:29:43+00:00","description":"La victoria de Milei fue la constataci\u00f3n de que en Am\u00e9rica, los pueblos han despertado y los vientos soplan en contra del Foro de San Pablo y el \u201csocialismo del siglo XXI\u201d","inLanguage":"es-AR","potentialAction":[{"@type":"ReadAction","target":["https:\/\/elcanillita.info\/press\/2023\/11\/25\/vientos-y-mariscales\/"]}]},{"@type":"ImageObject","inLanguage":"es-AR","@id":"https:\/\/elcanillita.info\/press\/2023\/11\/25\/vientos-y-mariscales\/#primaryimage","url":"https:\/\/elcanillita.info\/press\/images\/2023\/11\/2023-11-24-20-14-56.jpg","contentUrl":"https:\/\/elcanillita.info\/press\/images\/2023\/11\/2023-11-24-20-14-56.jpg","width":699,"height":391},{"@type":"WebSite","@id":"https:\/\/elcanillita.info\/press\/#website","url":"https:\/\/elcanillita.info\/press\/","name":"ElCanillita.Info","description":"desde los Apeninos a los Andes","publisher":{"@id":"https:\/\/elcanillita.info\/press\/#organization"},"potentialAction":[{"@type":"SearchAction","target":{"@type":"EntryPoint","urlTemplate":"https:\/\/elcanillita.info\/press\/?s={search_term_string}"},"query-input":{"@type":"PropertyValueSpecification","valueRequired":true,"valueName":"search_term_string"}}],"inLanguage":"es-AR"},{"@type":"Organization","@id":"https:\/\/elcanillita.info\/press\/#organization","name":"Guzzo Photos & Graphic Publications","url":"https:\/\/elcanillita.info\/press\/","logo":{"@type":"ImageObject","inLanguage":"es-AR","@id":"https:\/\/elcanillita.info\/press\/#\/schema\/logo\/image\/","url":"https:\/\/elcanillita.info\/press\/images\/2020\/01\/cropped-cropped-cropped-elcanillitainfo.png","contentUrl":"https:\/\/elcanillita.info\/press\/images\/2020\/01\/cropped-cropped-cropped-elcanillitainfo.png","width":460,"height":50,"caption":"Guzzo Photos & Graphic Publications"},"image":{"@id":"https:\/\/elcanillita.info\/press\/#\/schema\/logo\/image\/"},"sameAs":["https:\/\/ar-ar.facebook.com\/ElCanillitainfo-114249515285712\/"]},{"@type":"Person","@id":"https:\/\/elcanillita.info\/press\/#\/schema\/person\/7fcb79f38045700919f7da6d97e71ba0","name":"SalaStampa.eu, world press service","image":{"@type":"ImageObject","inLanguage":"es-AR","@id":"https:\/\/secure.gravatar.com\/avatar\/c2f0e0d515a107624234994507816ca4724c7199cef73fc8bedebf6931d73888?s=96&d=mm&r=g","url":"https:\/\/secure.gravatar.com\/avatar\/c2f0e0d515a107624234994507816ca4724c7199cef73fc8bedebf6931d73888?s=96&d=mm&r=g","contentUrl":"https:\/\/secure.gravatar.com\/avatar\/c2f0e0d515a107624234994507816ca4724c7199cef73fc8bedebf6931d73888?s=96&d=mm&r=g","caption":"SalaStampa.eu, world press service"}}]}},"views":389,"_links":{"self":[{"href":"https:\/\/elcanillita.info\/press\/wp-json\/wp\/v2\/posts\/3854","targetHints":{"allow":["GET"]}}],"collection":[{"href":"https:\/\/elcanillita.info\/press\/wp-json\/wp\/v2\/posts"}],"about":[{"href":"https:\/\/elcanillita.info\/press\/wp-json\/wp\/v2\/types\/post"}],"author":[{"embeddable":true,"href":"https:\/\/elcanillita.info\/press\/wp-json\/wp\/v2\/users\/1"}],"replies":[{"embeddable":true,"href":"https:\/\/elcanillita.info\/press\/wp-json\/wp\/v2\/comments?post=3854"}],"version-history":[{"count":0,"href":"https:\/\/elcanillita.info\/press\/wp-json\/wp\/v2\/posts\/3854\/revisions"}],"wp:featuredmedia":[{"embeddable":true,"href":"https:\/\/elcanillita.info\/press\/wp-json\/wp\/v2\/media\/3856"}],"wp:attachment":[{"href":"https:\/\/elcanillita.info\/press\/wp-json\/wp\/v2\/media?parent=3854"}],"wp:term":[{"taxonomy":"category","embeddable":true,"href":"https:\/\/elcanillita.info\/press\/wp-json\/wp\/v2\/categories?post=3854"},{"taxonomy":"post_tag","embeddable":true,"href":"https:\/\/elcanillita.info\/press\/wp-json\/wp\/v2\/tags?post=3854"}],"curies":[{"name":"wp","href":"https:\/\/api.w.org\/{rel}","templated":true}]}}