{"id":3850,"date":"2023-11-24T17:40:25","date_gmt":"2023-11-24T20:40:25","guid":{"rendered":"https:\/\/elcanillita.info\/press\/?p=3850"},"modified":"2023-11-25T11:48:22","modified_gmt":"2023-11-25T14:48:22","slug":"argentina-no-sera-dolarizada","status":"publish","type":"post","link":"https:\/\/elcanillita.info\/press\/2023\/11\/24\/argentina-no-sera-dolarizada\/","title":{"rendered":"Argentina no ser\u00e1 dolarizada"},"content":{"rendered":"\n<figure class=\"wp-block-image size-full\"><img loading=\"lazy\" decoding=\"async\" width=\"600\" height=\"340\" src=\"https:\/\/elcanillita.info\/press\/images\/2023\/11\/mil_2_20231123.jpg\" alt=\"\" class=\"wp-image-3851\" srcset=\"https:\/\/elcanillita.info\/press\/images\/2023\/11\/mil_2_20231123.jpg 600w, https:\/\/elcanillita.info\/press\/images\/2023\/11\/mil_2_20231123-300x170.jpg 300w\" sizes=\"auto, (max-width: 600px) 100vw, 600px\" \/><\/figure>\n\n\n\n<p>El enfoque del Presidente Milei se ajusta a la situaci\u00f3n econ\u00f3mica del pa\u00eds, mientras los mercados financieros locales muestran signos de tensi\u00f3n de cara a su investidura en diciembre.<br><br>El hombre nombrado por el presidente electo Javier Milei para dirigir el banco central argentino ha rechazado el trabajo por diferencias pol\u00edticas, en medio de se\u00f1ales de que el pr\u00f3ximo l\u00edder inconformista de la naci\u00f3n, est\u00e1 dando marcha atr\u00e1s en su pol\u00edtica emblem\u00e1tica de dolarizar la econom\u00eda del pa\u00eds, que\u00a0se\u00a0halla\u00a0en\u00a0agon\u00eda.<\/p>\n\n\n\n<p>Emilio Ocampo, profesor de historia econ\u00f3mica y ex banquero de inversi\u00f3n, era el principal defensor del equipo de Milei de la dolarizaci\u00f3n del peso argentino en favor del d\u00f3lar estadounidense. Autor de un reciente documento en el que aboga por la dolarizaci\u00f3n, hab\u00eda estado trabajando en un proyecto para poner en pr\u00e1ctica el plan despu\u00e9s de que el nuevo gobierno tome posesi\u00f3n el 10 de diciembre.<\/p>\n\n\n\n<p>Milei, hab\u00eda dicho durante la campa\u00f1a electoral que Ocampo dirigir\u00eda el Banco Central con la misi\u00f3n de cerrarlo, a\u00f1adiendo ya en septiembre que la dolarizaci\u00f3n de la econom\u00eda y el cierre del Banco eran &#8220;innegociables&#8221;.<\/p>\n\n\n\n<p>Sin embargo, una fuente cercana a Ocampo confirm\u00f3 el jueves por la noche de que ya no aceptar\u00eda el cargo.<\/p>\n\n\n\n<p>&#8220;La \u00fanica raz\u00f3n por la que Ocampo estaba en el Banco Central era para dolarizar&#8221;, dijo la fuente. &#8220;\u00c9l nunca iba a ir al banco central para implementar el plan de otra persona, con el que no est\u00e1 de acuerdo&#8221;. Ocampo y el equipo de Milei declinaron hacer comentarios.<\/p>\n\n\n\n<p>El desguace del peso, del que Milei dijo en una entrevista en octubre que val\u00eda &#8220;menos que un excremento&#8221;, y la &#8220;voladura&#8221; del Banco Central eran los puntos centrales del audaz plan que present\u00f3 durante su campa\u00f1a como una forma de revitalizar la econom\u00eda argentina, reducir dr\u00e1sticamente la inflaci\u00f3n anual de tres d\u00edgitos y sanear las finanzas p\u00fablicas.<\/p>\n\n\n\n<p>El economista televisivo ha prometido &#8220;usar una motosierra con el Estado&#8221; para equilibrar el presupuesto y tambi\u00e9n ha prometido privatizaciones generalizadas.<\/p>\n\n\n\n<p>Pero Milei declar\u00f3 en una entrevista el mi\u00e9rcoles por la noche que, aunque le gustaba el plan de Ocampo, &#8220;tenemos que ver si la situaci\u00f3n del mercado permite una soluci\u00f3n como la que propone Emilio, y si est\u00e1 dispuesto a aplicar un plan que no es el que hab\u00eda previsto originalmente&#8221;.<\/p>\n\n\n\n<p>La oficina de Milei dijo el viernes en la red social X que el cierre del Banco Central era un &#8220;asunto innegociable&#8221; a pesar de los &#8220;falsos rumores que se han difundido&#8221;, sin mencionar la dolarizaci\u00f3n.<\/p>\n\n\n\n<p>Milei a\u00fan no ha confirmado un candidato alternativo para dirigir el Banco Central, pero los medios de comunicaci\u00f3n locales han informado de que se baraja la posibilidad de nombrar a Demian Reidel, que fue vicepresidente de la instituci\u00f3n durante la presidencia de Mauricio Macri.<\/p>\n\n\n\n<p>El puesto clave de ministro de Econom\u00eda es otro que a\u00fan no est\u00e1 cubierto. Al hablar de posibles nombramientos para el puesto en su entrevista del mi\u00e9rcoles, Milei elogi\u00f3 a Luis Caputo, un ex jefe de trading para Am\u00e9rica Latina en JPMorgan en la d\u00e9cada de 1990 que m\u00e1s tarde trabaj\u00f3 en el Deutsche Bank.<\/p>\n\n\n\n<p>Caputo fue ministro de Finanzas de 2017 a 2018 bajo la administraci\u00f3n de centroderecha de Macri, quien sol\u00eda describirlo como un &#8220;Messi de las finanzas&#8221;, en referencia al futbolista estrella de Argentina.<\/p>\n\n\n\n<p>Mientras estuvo en el ministerio, Caputo supervis\u00f3 la emisi\u00f3n de un bono soberano a 100 a\u00f1os en el pico del entusiasmo de los inversores por Argentina, un instrumento desechado por el actual gobierno peronista despu\u00e9s de que incumpliera.<\/p>\n\n\n\n<p>Dirigi\u00f3 el banco central durante unos meses en 2018 antes de dimitir en medio de diferencias con el FMI sobre las condiciones que estableci\u00f3 para un rescate r\u00e9cord de 57.000 millones de d\u00f3lares para Argentina durante ese a\u00f1o.<\/p>\n\n\n\n<p>Caputo es &#8220;una persona capaz de hacer el trabajo, sin ninguna duda&#8221;, dijo Milei. &#8220;Tiene la experiencia necesaria para resolver el problema monetario y darle una soluci\u00f3n de mercado financiero&#8221;.<\/p>\n\n\n\n<p>Milei no lleg\u00f3 a nombrar a Caputo para el cargo y, seg\u00fan la prensa local, el ex ministro a\u00fan no ha tomado una decisi\u00f3n definitiva sobre si aceptar el puesto.<\/p>\n\n\n\n<p>Los mercados financieros locales muestran cada vez m\u00e1s signos de tensi\u00f3n, mientras Milei trabaja para ultimar las principales carteras econ\u00f3micas antes de su toma de posesi\u00f3n el 10 de diciembre.<\/p>\n\n\n\n<p>El banco central tiene dificultades para encontrar compradores para la deuda a corto plazo denominada en pesos que emite, para sacar la moneda local del sistema, lo que indica que sus esfuerzos por contener la inflaci\u00f3n flaquean ante la incertidumbre del mercado.<\/p>\n\n\n\n<p>El d\u00f3lar cotizaba el jueves a unos 1.020 pesos en el mercado negro, casi el triple del tipo fijado oficialmente de 364 por d\u00f3lar.<\/p>\n\n\n\n<p>El mayor reto de Milei es desmantelar una elaborada red de controles de precios y de divisas tejida por la administraci\u00f3n peronista saliente sin desencadenar una hiperinflaci\u00f3n y un colapso econ\u00f3mico.<\/p>\n\n\n\n<p><small>Copyright \u00a9 2023 ElCanillita.info \/ SalaStampa.Eu, servicio mundial de prensa<\/small><\/p>\n","protected":false},"excerpt":{"rendered":"<p>El argentino Milei se aleja de la dolarizaci\u00f3n mientras los mercados financieros locales muestran signos de tensi\u00f3n.<\/p>\n","protected":false},"author":1,"featured_media":3852,"comment_status":"closed","ping_status":"closed","sticky":false,"template":"","format":"standard","meta":{"footnotes":"","_links_to":"","_links_to_target":""},"categories":[108,121,70,123,20,23],"tags":[29],"class_list":["post-3850","post","type-post","status-publish","format-standard","has-post-thumbnail","hentry","category-blogdiario","category-dc24","category-actualidad","category-argentina","category-economia","category-politica","tag-argentina","entry","double"],"yoast_head":"<!-- This site is optimized with the Yoast SEO plugin v27.4 - https:\/\/yoast.com\/product\/yoast-seo-wordpress\/ -->\n<title>Argentina no ser\u00e1 dolarizada - ElCanillita.Info<\/title>\n<meta name=\"description\" content=\"El argentino Milei se aleja de la dolarizaci\u00f3n mientras los mercados financieros locales muestran signos de tensi\u00f3n.\" \/>\n<meta name=\"robots\" content=\"index, follow, max-snippet:-1, max-image-preview:large, max-video-preview:-1\" \/>\n<link rel=\"canonical\" href=\"https:\/\/elcanillita.info\/press\/2023\/11\/24\/argentina-no-sera-dolarizada\/\" \/>\n<meta property=\"og:locale\" content=\"es_ES\" \/>\n<meta property=\"og:type\" content=\"article\" \/>\n<meta property=\"og:title\" content=\"Argentina no ser\u00e1 dolarizada - ElCanillita.Info\" \/>\n<meta property=\"og:description\" content=\"El argentino Milei se aleja de la dolarizaci\u00f3n mientras los mercados financieros locales muestran signos de tensi\u00f3n.\" \/>\n<meta property=\"og:url\" content=\"https:\/\/elcanillita.info\/press\/2023\/11\/24\/argentina-no-sera-dolarizada\/\" \/>\n<meta property=\"og:site_name\" content=\"ElCanillita.Info\" \/>\n<meta property=\"article:publisher\" content=\"https:\/\/ar-ar.facebook.com\/ElCanillitainfo-114249515285712\/\" \/>\n<meta property=\"article:published_time\" content=\"2023-11-24T20:40:25+00:00\" \/>\n<meta property=\"article:modified_time\" content=\"2023-11-25T14:48:22+00:00\" \/>\n<meta property=\"og:image\" content=\"https:\/\/elcanillita.info\/press\/images\/2023\/11\/mil_cov_20231123.jpg\" \/>\n\t<meta property=\"og:image:width\" content=\"600\" \/>\n\t<meta property=\"og:image:height\" content=\"400\" \/>\n\t<meta property=\"og:image:type\" content=\"image\/jpeg\" \/>\n<meta name=\"author\" content=\"SalaStampa.eu, world press service\" \/>\n<meta name=\"twitter:card\" content=\"summary_large_image\" \/>\n<meta name=\"twitter:label1\" content=\"Escrito por\" \/>\n\t<meta name=\"twitter:data1\" content=\"SalaStampa.eu, world press service\" \/>\n\t<meta name=\"twitter:label2\" content=\"Tiempo de lectura\" \/>\n\t<meta name=\"twitter:data2\" content=\"4 minutos\" \/>\n<script type=\"application\/ld+json\" class=\"yoast-schema-graph\">{\"@context\":\"https:\\\/\\\/schema.org\",\"@graph\":[{\"@type\":\"Article\",\"@id\":\"https:\\\/\\\/elcanillita.info\\\/press\\\/2023\\\/11\\\/24\\\/argentina-no-sera-dolarizada\\\/#article\",\"isPartOf\":{\"@id\":\"https:\\\/\\\/elcanillita.info\\\/press\\\/2023\\\/11\\\/24\\\/argentina-no-sera-dolarizada\\\/\"},\"author\":{\"name\":\"SalaStampa.eu, world press service\",\"@id\":\"https:\\\/\\\/elcanillita.info\\\/press\\\/#\\\/schema\\\/person\\\/7fcb79f38045700919f7da6d97e71ba0\"},\"headline\":\"Argentina no ser\u00e1 dolarizada\",\"datePublished\":\"2023-11-24T20:40:25+00:00\",\"dateModified\":\"2023-11-25T14:48:22+00:00\",\"mainEntityOfPage\":{\"@id\":\"https:\\\/\\\/elcanillita.info\\\/press\\\/2023\\\/11\\\/24\\\/argentina-no-sera-dolarizada\\\/\"},\"wordCount\":893,\"publisher\":{\"@id\":\"https:\\\/\\\/elcanillita.info\\\/press\\\/#organization\"},\"image\":{\"@id\":\"https:\\\/\\\/elcanillita.info\\\/press\\\/2023\\\/11\\\/24\\\/argentina-no-sera-dolarizada\\\/#primaryimage\"},\"thumbnailUrl\":\"https:\\\/\\\/elcanillita.info\\\/press\\\/images\\\/2023\\\/11\\\/mil_cov_20231123.jpg\",\"keywords\":[\"Argentina\"],\"articleSection\":[\".\",\".\",\"Actualidad\",\"Argentina\",\"Economia\",\"Politica\"],\"inLanguage\":\"es-AR\"},{\"@type\":\"WebPage\",\"@id\":\"https:\\\/\\\/elcanillita.info\\\/press\\\/2023\\\/11\\\/24\\\/argentina-no-sera-dolarizada\\\/\",\"url\":\"https:\\\/\\\/elcanillita.info\\\/press\\\/2023\\\/11\\\/24\\\/argentina-no-sera-dolarizada\\\/\",\"name\":\"Argentina no ser\u00e1 dolarizada - ElCanillita.Info\",\"isPartOf\":{\"@id\":\"https:\\\/\\\/elcanillita.info\\\/press\\\/#website\"},\"primaryImageOfPage\":{\"@id\":\"https:\\\/\\\/elcanillita.info\\\/press\\\/2023\\\/11\\\/24\\\/argentina-no-sera-dolarizada\\\/#primaryimage\"},\"image\":{\"@id\":\"https:\\\/\\\/elcanillita.info\\\/press\\\/2023\\\/11\\\/24\\\/argentina-no-sera-dolarizada\\\/#primaryimage\"},\"thumbnailUrl\":\"https:\\\/\\\/elcanillita.info\\\/press\\\/images\\\/2023\\\/11\\\/mil_cov_20231123.jpg\",\"datePublished\":\"2023-11-24T20:40:25+00:00\",\"dateModified\":\"2023-11-25T14:48:22+00:00\",\"description\":\"El argentino Milei se aleja de la dolarizaci\u00f3n mientras los mercados financieros locales muestran signos de tensi\u00f3n.\",\"inLanguage\":\"es-AR\",\"potentialAction\":[{\"@type\":\"ReadAction\",\"target\":[\"https:\\\/\\\/elcanillita.info\\\/press\\\/2023\\\/11\\\/24\\\/argentina-no-sera-dolarizada\\\/\"]}]},{\"@type\":\"ImageObject\",\"inLanguage\":\"es-AR\",\"@id\":\"https:\\\/\\\/elcanillita.info\\\/press\\\/2023\\\/11\\\/24\\\/argentina-no-sera-dolarizada\\\/#primaryimage\",\"url\":\"https:\\\/\\\/elcanillita.info\\\/press\\\/images\\\/2023\\\/11\\\/mil_cov_20231123.jpg\",\"contentUrl\":\"https:\\\/\\\/elcanillita.info\\\/press\\\/images\\\/2023\\\/11\\\/mil_cov_20231123.jpg\",\"width\":600,\"height\":400},{\"@type\":\"WebSite\",\"@id\":\"https:\\\/\\\/elcanillita.info\\\/press\\\/#website\",\"url\":\"https:\\\/\\\/elcanillita.info\\\/press\\\/\",\"name\":\"ElCanillita.Info\",\"description\":\"desde los Apeninos a los Andes\",\"publisher\":{\"@id\":\"https:\\\/\\\/elcanillita.info\\\/press\\\/#organization\"},\"potentialAction\":[{\"@type\":\"SearchAction\",\"target\":{\"@type\":\"EntryPoint\",\"urlTemplate\":\"https:\\\/\\\/elcanillita.info\\\/press\\\/?s={search_term_string}\"},\"query-input\":{\"@type\":\"PropertyValueSpecification\",\"valueRequired\":true,\"valueName\":\"search_term_string\"}}],\"inLanguage\":\"es-AR\"},{\"@type\":\"Organization\",\"@id\":\"https:\\\/\\\/elcanillita.info\\\/press\\\/#organization\",\"name\":\"Guzzo Photos & Graphic Publications\",\"url\":\"https:\\\/\\\/elcanillita.info\\\/press\\\/\",\"logo\":{\"@type\":\"ImageObject\",\"inLanguage\":\"es-AR\",\"@id\":\"https:\\\/\\\/elcanillita.info\\\/press\\\/#\\\/schema\\\/logo\\\/image\\\/\",\"url\":\"https:\\\/\\\/elcanillita.info\\\/press\\\/images\\\/2020\\\/01\\\/cropped-cropped-cropped-elcanillitainfo.png\",\"contentUrl\":\"https:\\\/\\\/elcanillita.info\\\/press\\\/images\\\/2020\\\/01\\\/cropped-cropped-cropped-elcanillitainfo.png\",\"width\":460,\"height\":50,\"caption\":\"Guzzo Photos & Graphic Publications\"},\"image\":{\"@id\":\"https:\\\/\\\/elcanillita.info\\\/press\\\/#\\\/schema\\\/logo\\\/image\\\/\"},\"sameAs\":[\"https:\\\/\\\/ar-ar.facebook.com\\\/ElCanillitainfo-114249515285712\\\/\"]},{\"@type\":\"Person\",\"@id\":\"https:\\\/\\\/elcanillita.info\\\/press\\\/#\\\/schema\\\/person\\\/7fcb79f38045700919f7da6d97e71ba0\",\"name\":\"SalaStampa.eu, world press service\",\"image\":{\"@type\":\"ImageObject\",\"inLanguage\":\"es-AR\",\"@id\":\"https:\\\/\\\/secure.gravatar.com\\\/avatar\\\/c2f0e0d515a107624234994507816ca4724c7199cef73fc8bedebf6931d73888?s=96&d=mm&r=g\",\"url\":\"https:\\\/\\\/secure.gravatar.com\\\/avatar\\\/c2f0e0d515a107624234994507816ca4724c7199cef73fc8bedebf6931d73888?s=96&d=mm&r=g\",\"contentUrl\":\"https:\\\/\\\/secure.gravatar.com\\\/avatar\\\/c2f0e0d515a107624234994507816ca4724c7199cef73fc8bedebf6931d73888?s=96&d=mm&r=g\",\"caption\":\"SalaStampa.eu, world press service\"}}]}<\/script>\n<!-- \/ Yoast SEO plugin. -->","yoast_head_json":{"title":"Argentina no ser\u00e1 dolarizada - ElCanillita.Info","description":"El argentino Milei se aleja de la dolarizaci\u00f3n mientras los mercados financieros locales muestran signos de tensi\u00f3n.","robots":{"index":"index","follow":"follow","max-snippet":"max-snippet:-1","max-image-preview":"max-image-preview:large","max-video-preview":"max-video-preview:-1"},"canonical":"https:\/\/elcanillita.info\/press\/2023\/11\/24\/argentina-no-sera-dolarizada\/","og_locale":"es_ES","og_type":"article","og_title":"Argentina no ser\u00e1 dolarizada - ElCanillita.Info","og_description":"El argentino Milei se aleja de la dolarizaci\u00f3n mientras los mercados financieros locales muestran signos de tensi\u00f3n.","og_url":"https:\/\/elcanillita.info\/press\/2023\/11\/24\/argentina-no-sera-dolarizada\/","og_site_name":"ElCanillita.Info","article_publisher":"https:\/\/ar-ar.facebook.com\/ElCanillitainfo-114249515285712\/","article_published_time":"2023-11-24T20:40:25+00:00","article_modified_time":"2023-11-25T14:48:22+00:00","og_image":[{"width":600,"height":400,"url":"https:\/\/elcanillita.info\/press\/images\/2023\/11\/mil_cov_20231123.jpg","type":"image\/jpeg"}],"author":"SalaStampa.eu, world press service","twitter_card":"summary_large_image","twitter_misc":{"Escrito por":"SalaStampa.eu, world press service","Tiempo de lectura":"4 minutos"},"schema":{"@context":"https:\/\/schema.org","@graph":[{"@type":"Article","@id":"https:\/\/elcanillita.info\/press\/2023\/11\/24\/argentina-no-sera-dolarizada\/#article","isPartOf":{"@id":"https:\/\/elcanillita.info\/press\/2023\/11\/24\/argentina-no-sera-dolarizada\/"},"author":{"name":"SalaStampa.eu, world press service","@id":"https:\/\/elcanillita.info\/press\/#\/schema\/person\/7fcb79f38045700919f7da6d97e71ba0"},"headline":"Argentina no ser\u00e1 dolarizada","datePublished":"2023-11-24T20:40:25+00:00","dateModified":"2023-11-25T14:48:22+00:00","mainEntityOfPage":{"@id":"https:\/\/elcanillita.info\/press\/2023\/11\/24\/argentina-no-sera-dolarizada\/"},"wordCount":893,"publisher":{"@id":"https:\/\/elcanillita.info\/press\/#organization"},"image":{"@id":"https:\/\/elcanillita.info\/press\/2023\/11\/24\/argentina-no-sera-dolarizada\/#primaryimage"},"thumbnailUrl":"https:\/\/elcanillita.info\/press\/images\/2023\/11\/mil_cov_20231123.jpg","keywords":["Argentina"],"articleSection":[".",".","Actualidad","Argentina","Economia","Politica"],"inLanguage":"es-AR"},{"@type":"WebPage","@id":"https:\/\/elcanillita.info\/press\/2023\/11\/24\/argentina-no-sera-dolarizada\/","url":"https:\/\/elcanillita.info\/press\/2023\/11\/24\/argentina-no-sera-dolarizada\/","name":"Argentina no ser\u00e1 dolarizada - ElCanillita.Info","isPartOf":{"@id":"https:\/\/elcanillita.info\/press\/#website"},"primaryImageOfPage":{"@id":"https:\/\/elcanillita.info\/press\/2023\/11\/24\/argentina-no-sera-dolarizada\/#primaryimage"},"image":{"@id":"https:\/\/elcanillita.info\/press\/2023\/11\/24\/argentina-no-sera-dolarizada\/#primaryimage"},"thumbnailUrl":"https:\/\/elcanillita.info\/press\/images\/2023\/11\/mil_cov_20231123.jpg","datePublished":"2023-11-24T20:40:25+00:00","dateModified":"2023-11-25T14:48:22+00:00","description":"El argentino Milei se aleja de la dolarizaci\u00f3n mientras los mercados financieros locales muestran signos de tensi\u00f3n.","inLanguage":"es-AR","potentialAction":[{"@type":"ReadAction","target":["https:\/\/elcanillita.info\/press\/2023\/11\/24\/argentina-no-sera-dolarizada\/"]}]},{"@type":"ImageObject","inLanguage":"es-AR","@id":"https:\/\/elcanillita.info\/press\/2023\/11\/24\/argentina-no-sera-dolarizada\/#primaryimage","url":"https:\/\/elcanillita.info\/press\/images\/2023\/11\/mil_cov_20231123.jpg","contentUrl":"https:\/\/elcanillita.info\/press\/images\/2023\/11\/mil_cov_20231123.jpg","width":600,"height":400},{"@type":"WebSite","@id":"https:\/\/elcanillita.info\/press\/#website","url":"https:\/\/elcanillita.info\/press\/","name":"ElCanillita.Info","description":"desde los Apeninos a los Andes","publisher":{"@id":"https:\/\/elcanillita.info\/press\/#organization"},"potentialAction":[{"@type":"SearchAction","target":{"@type":"EntryPoint","urlTemplate":"https:\/\/elcanillita.info\/press\/?s={search_term_string}"},"query-input":{"@type":"PropertyValueSpecification","valueRequired":true,"valueName":"search_term_string"}}],"inLanguage":"es-AR"},{"@type":"Organization","@id":"https:\/\/elcanillita.info\/press\/#organization","name":"Guzzo Photos & Graphic Publications","url":"https:\/\/elcanillita.info\/press\/","logo":{"@type":"ImageObject","inLanguage":"es-AR","@id":"https:\/\/elcanillita.info\/press\/#\/schema\/logo\/image\/","url":"https:\/\/elcanillita.info\/press\/images\/2020\/01\/cropped-cropped-cropped-elcanillitainfo.png","contentUrl":"https:\/\/elcanillita.info\/press\/images\/2020\/01\/cropped-cropped-cropped-elcanillitainfo.png","width":460,"height":50,"caption":"Guzzo Photos & Graphic Publications"},"image":{"@id":"https:\/\/elcanillita.info\/press\/#\/schema\/logo\/image\/"},"sameAs":["https:\/\/ar-ar.facebook.com\/ElCanillitainfo-114249515285712\/"]},{"@type":"Person","@id":"https:\/\/elcanillita.info\/press\/#\/schema\/person\/7fcb79f38045700919f7da6d97e71ba0","name":"SalaStampa.eu, world press service","image":{"@type":"ImageObject","inLanguage":"es-AR","@id":"https:\/\/secure.gravatar.com\/avatar\/c2f0e0d515a107624234994507816ca4724c7199cef73fc8bedebf6931d73888?s=96&d=mm&r=g","url":"https:\/\/secure.gravatar.com\/avatar\/c2f0e0d515a107624234994507816ca4724c7199cef73fc8bedebf6931d73888?s=96&d=mm&r=g","contentUrl":"https:\/\/secure.gravatar.com\/avatar\/c2f0e0d515a107624234994507816ca4724c7199cef73fc8bedebf6931d73888?s=96&d=mm&r=g","caption":"SalaStampa.eu, world press service"}}]}},"views":325,"_links":{"self":[{"href":"https:\/\/elcanillita.info\/press\/wp-json\/wp\/v2\/posts\/3850","targetHints":{"allow":["GET"]}}],"collection":[{"href":"https:\/\/elcanillita.info\/press\/wp-json\/wp\/v2\/posts"}],"about":[{"href":"https:\/\/elcanillita.info\/press\/wp-json\/wp\/v2\/types\/post"}],"author":[{"embeddable":true,"href":"https:\/\/elcanillita.info\/press\/wp-json\/wp\/v2\/users\/1"}],"replies":[{"embeddable":true,"href":"https:\/\/elcanillita.info\/press\/wp-json\/wp\/v2\/comments?post=3850"}],"version-history":[{"count":0,"href":"https:\/\/elcanillita.info\/press\/wp-json\/wp\/v2\/posts\/3850\/revisions"}],"wp:featuredmedia":[{"embeddable":true,"href":"https:\/\/elcanillita.info\/press\/wp-json\/wp\/v2\/media\/3852"}],"wp:attachment":[{"href":"https:\/\/elcanillita.info\/press\/wp-json\/wp\/v2\/media?parent=3850"}],"wp:term":[{"taxonomy":"category","embeddable":true,"href":"https:\/\/elcanillita.info\/press\/wp-json\/wp\/v2\/categories?post=3850"},{"taxonomy":"post_tag","embeddable":true,"href":"https:\/\/elcanillita.info\/press\/wp-json\/wp\/v2\/tags?post=3850"}],"curies":[{"name":"wp","href":"https:\/\/api.w.org\/{rel}","templated":true}]}}