{"id":3843,"date":"2023-11-22T19:47:56","date_gmt":"2023-11-22T22:47:56","guid":{"rendered":"https:\/\/elcanillita.info\/press\/?p=3843"},"modified":"2023-11-22T19:47:57","modified_gmt":"2023-11-22T22:47:57","slug":"el-traje-rosa-de-jackie","status":"publish","type":"post","link":"https:\/\/elcanillita.info\/press\/2023\/11\/22\/el-traje-rosa-de-jackie\/","title":{"rendered":"El traje rosa de Jackie"},"content":{"rendered":"\n<figure class=\"wp-block-image size-full\"><img loading=\"lazy\" decoding=\"async\" width=\"600\" height=\"376\" src=\"https:\/\/elcanillita.info\/press\/images\/2023\/11\/Kenn_1_20231122.jpg\" alt=\"\" class=\"wp-image-3844\" srcset=\"https:\/\/elcanillita.info\/press\/images\/2023\/11\/Kenn_1_20231122.jpg 600w, https:\/\/elcanillita.info\/press\/images\/2023\/11\/Kenn_1_20231122-300x188.jpg 300w\" sizes=\"auto, (max-width: 600px) 100vw, 600px\" \/><\/figure>\n\n\n\n<p><strong>ElCanillita.info, 22\/11\/2023<\/strong><br>Al conmemorarse hoy el 60 aniversario del asesinato del presidente John F. Kennedy, se exhiben por primera vez objetos y objetos personales relacionados con la tragedia en exposiciones muse\u00edsticas en Dallas, donde tuvo lugar el horrible crimen, y en la capital de Estados Unidos, Washington DC.<\/p>\n\n\n\n<p>Sin embargo, algunas de las piezas m\u00e1s emblem\u00e1ticas de aquel terrible d\u00eda permanecer\u00e1n ocultas a la vista del p\u00fablico, como el traje de tweed boucl\u00e9 rosa frambuesa de la Primera Dama Jacqueline Kennedy, que se empap\u00f3 de sangre cuando se sent\u00f3 junto a su marido en la limusina presidencial en el momento en que se produjeron los disparos mortales.<\/p>\n\n\n\n<p>El conjunto de la Sra. Kennedy se conserva bajo condiciones clim\u00e1ticas controladas y almacenado en contenedores especiales en los Archivos Nacionales de Washington. Est\u00e1 prohibida su exhibici\u00f3n p\u00fablica, investigaci\u00f3n o cualquier otro uso. Estos t\u00e9rminos tambi\u00e9n se aplican a sus medias manchadas de sangre, as\u00ed como a los zapatos y el bolso que llevaba ese d\u00eda, ambos de color azul marino, a juego con el ribete de seda del traje, su blusa interior y la limusina presidencial.<br><br>Seg\u00fan un comunicado oficial de los Archivos Nacionales de Washington, las restricciones se deben a un documento relacionado con la donaci\u00f3n de los efectos personales de la Primera Dama por parte de su hija, Caroline Kennedy. La escritura restringe el acceso a los objetos para no deshonrar su memoria y para no causar &#8220;pena o sufrimiento a los miembros de su familia&#8221;.<br><br>Dado que el traje est\u00e1 protegido de la vista del p\u00fablico, los detalles relacionados con \u00e9l, incluida su marca, han sido objeto de error y tambi\u00e9n siguen siendo un misterio. En su bestseller del a\u00f1o 2000, Jacqueline Bouvier Kennedy Onassis: A Life, Donald Spoto, bi\u00f3grafo y te\u00f3logo, identific\u00f3 err\u00f3neamente a Elsa Schiaparelli como dise\u00f1adora del traje probablemente porque el rosa chill\u00f3n, tono caracter\u00edstico de la modista, era similar al intenso color del traje. Sin embargo, la mayor\u00eda de los bi\u00f3grafos de la ex Primera Dama se han ce\u00f1ido al ap\u00e9ndice de la escritura, que lo describe como un &#8220;Traje Chanel Rosa&#8221;.<\/p>\n\n\n<div class=\"wp-block-image\">\n<figure class=\"alignleft size-full\"><img loading=\"lazy\" decoding=\"async\" width=\"355\" height=\"548\" src=\"https:\/\/elcanillita.info\/press\/images\/2023\/11\/2023-11-22-21-49-24.jpg\" alt=\"\" class=\"wp-image-3845\" srcset=\"https:\/\/elcanillita.info\/press\/images\/2023\/11\/2023-11-22-21-49-24.jpg 355w, https:\/\/elcanillita.info\/press\/images\/2023\/11\/2023-11-22-21-49-24-194x300.jpg 194w\" sizes=\"auto, (max-width: 355px) 100vw, 355px\" \/><\/figure>\n<\/div>\n\n\n<p>En la reci\u00e9n publicada edici\u00f3n actualizada de su biograf\u00eda de Gabrielle Chanel, Coco Chanel: The Legend And the Life, Justine Picardie dedic\u00f3 un cap\u00edtulo a explicar c\u00f3mo el traje fue confeccionado por Chanel casi en su totalidad, pero no en su totalidad. &#8220;El traje se cort\u00f3 en Par\u00eds, se confeccion\u00f3 con botones de Chanel\u2026 [se adorn\u00f3 con] cinta de grosgrain de Chanel, [se confeccion\u00f3 con] tweed de Chanel, pero hubo que coserlo para la Sra. Kennedy en Estados Unidos&#8221;, escribe Picardie.<\/p>\n\n\n\n<p>Trabajando en la Biblioteca y Museo Presidencial John F. Kennedy, as\u00ed como con el archivo parisino de Chanel, donde la investigaci\u00f3n en curso eval\u00faa y actualiza la erudici\u00f3n relacionada con el dise\u00f1ador, Picardie descubri\u00f3 c\u00f3mo el traje era una copia autorizada de un traje de Chanel confeccionado por Chez Ninon. La exclusiva boutique de Park Avenue contaba con la Sra. Kennedy como su principal clienta tras su boda en 1953 con JFK, que entonces era senador por Massachusetts.<\/p>\n\n\n\n<p>En el taller de Chez Ninon, expertas costureras reproduc\u00edan los originales parisinos que ella admiraba trabajando sobre un maniqu\u00ed de modista hecho a su medida. Estas adaptaciones de la ropa francesa superaban a las prendas pirateadas que hab\u00edan inundado el mercado americano hasta que Christian Dior y sus contempor\u00e1neos parisinos regularon la confecci\u00f3n de sus propios dise\u00f1os cobrando a las boutiques seleccionadas y a los mejores grandes almacenes tarifas de &#8220;cauci\u00f3n&#8221; por producir r\u00e9plicas.<\/p>\n\n\n\n<p>La pr\u00e1ctica de producir estas copias de alta costura &#8220;l\u00ednea por l\u00ednea&#8221; continu\u00f3 hasta la llegada del pr\u00eat-\u00e0-porter de dise\u00f1o a finales de la d\u00e9cada de 1960, explica la historiadora de la moda Valerie Steele, directora del museo del Fashion Institute of Technology de Nueva York. Llevar reproducciones permiti\u00f3 a la Sra. Kennedy frenar las duras cr\u00edticas que tachaban su gusto por la alta costura parisina de antipatri\u00f3tico y fr\u00edvolo, afirma.<\/p>\n\n\n\n<p>Lo mismo ocurri\u00f3 cuando contrat\u00f3 los servicios de Oleg Cassini. Trabajando como &#8220;Secretario de Estilo&#8221; de la Primera Dama, el suave dise\u00f1ador ruso afincado en Nueva York y nacido en Par\u00eds adapt\u00f3 a su gusto la alta costura de Hubert de Givenchy, que junto con Chanel, era su dise\u00f1ador favorito. &#8220;La mayor parte de la moda estadounidense de entonces no era m\u00e1s que una copia de la francesa, con o sin licencia&#8221;, a\u00f1ade Steele. &#8220;La Sra. Kennedy intent\u00f3 defenderse comprando en Chez Ninon&#8221;.<br><br>Los hallazgos de Picardie coinciden con las conclusiones de Bill Cunningham, el difunto fot\u00f3grafo de moda del New York Times que comenz\u00f3 su carrera trabajando en Chez Ninon. Se dice que guard\u00f3 un recibo que documentaba la compra de un &#8220;traje de lana&#8221; fucsia el 19 de diciembre de 1961. Jan Tuckwood, del Palm Beach Post, que recientemente dio a conocer la historia del recibo de compra, se\u00f1ala que podr\u00eda autentificar la compra del &#8220;traje rosa&#8221;, que debut\u00f3 como parte de la colecci\u00f3n de alta costura oto\u00f1o\/invierno 1961 de Chanel.<\/p>\n\n\n\n<p>Del mismo modo que la Princesa de Gales suele reciclar la ropa que lleva en sus actos oficiales, la Sra. Kennedy se proteg\u00eda de las cr\u00edticas vistiendo repetidamente sus prendas de dise\u00f1o.<\/p>\n\n\n\n<figure class=\"wp-block-image size-full\"><img loading=\"lazy\" decoding=\"async\" width=\"600\" height=\"470\" src=\"https:\/\/elcanillita.info\/press\/images\/2023\/11\/Kenn_2_20231122.jpg\" alt=\"\" class=\"wp-image-3846\" srcset=\"https:\/\/elcanillita.info\/press\/images\/2023\/11\/Kenn_2_20231122.jpg 600w, https:\/\/elcanillita.info\/press\/images\/2023\/11\/Kenn_2_20231122-300x235.jpg 300w\" sizes=\"auto, (max-width: 600px) 100vw, 600px\" \/><\/figure>\n\n\n\n<p>El viaje a Dallas, por ejemplo, supuso la s\u00e9ptima vez que se pon\u00eda su Chez Ninon Chanel. Se lo puso para revisar los planes arquitect\u00f3nicos que ayudaron a salvar Lafayette Square, un hist\u00f3rico enclave residencial al norte de la Casa Blanca, en septiembre de 1962. Un mes m\u00e1s tarde, se convirti\u00f3 en un traje de reserva cuando, en el \u00faltimo momento, una gala programada para honrar al Maharaj\u00e1 y la Maharani de Jaipur coincidi\u00f3 con la Crisis de los Misiles de Cuba y fue r\u00e1pidamente reprogramada como una cena \u00edntima. &#8220;Se pon\u00eda lo mismo una y otra vez&#8221;, recuerda James Bernard West, que fue ujier jefe de la Casa Blanca durante el mandato del presidente Kennedy.<br><br>Si la Primera Dama era &#8220;muy informal&#8221; en su vida privada, se\u00f1al\u00f3 West, la conciencia cultural que adquiri\u00f3 al licenciarse en literatura francesa por la Universidad George Washington y que aprovech\u00f3 para transformar la Casa Blanca, tambi\u00e9n influy\u00f3 en la forma en que revolucion\u00f3 el modo en que las Primeras Damas utilizaban su vestuario oficial como herramienta diplom\u00e1tica.<\/p>\n\n\n\n<p>El &#8220;traje de sangre&#8221;, como me lo describi\u00f3 un miembro de la Biblioteca y Museo Presidencial JFK, no fue una excepci\u00f3n. Puede que el Presidente Kennedy eligiera el conjunto. Contemplando su viaje juntos a un coraz\u00f3n republicano hostil &#8211; donde le hab\u00edan advertido que no viajara &#8211; el dem\u00f3crata de ojos azules y guapo como una estrella de cine le explic\u00f3 a su mujer: &#8220;Van a estar todas esas ricas mujeres republicanas\u2026 llevando abrigos de vis\u00f3n y pulseras de diamantes\u2026 Mu\u00e9strales [a esos] tejanos lo que es realmente el buen gusto&#8221;.<\/p>\n\n\n\n<figure class=\"wp-block-image size-full\"><img loading=\"lazy\" decoding=\"async\" width=\"600\" height=\"380\" src=\"https:\/\/elcanillita.info\/press\/images\/2023\/11\/Kenn_6_20231122.jpg\" alt=\"\" class=\"wp-image-3847\" srcset=\"https:\/\/elcanillita.info\/press\/images\/2023\/11\/Kenn_6_20231122.jpg 600w, https:\/\/elcanillita.info\/press\/images\/2023\/11\/Kenn_6_20231122-300x190.jpg 300w\" sizes=\"auto, (max-width: 600px) 100vw, 600px\" \/><\/figure>\n\n\n\n<p>Las fotograf\u00edas de la Sra. Kennedy con sus galas salpicadas de sangre, de pie junto a Lyndon Johnson, mientras juraba el cargo a bordo del Air Force One y acompa\u00f1ando el f\u00e9retro de su marido de vuelta a la Casa Blanca, demostraron al mundo una fuerza sobrehumana que sirvi\u00f3 para reforzar a su traumatizado pa\u00eds.<br><br>&#8220;La vimos reaccionar y luego actuar con magnificencia en el momento m\u00e1s horrible de su vida y nunca lo olvidar\u00edamos&#8221;, observ\u00f3 Dominick Dunne. &#8220;Con el conocimiento instintivo de los grandes, que saben cu\u00e1ndo ha llegado su momento, recogi\u00f3 en efecto la bandera que hab\u00eda dejado caer su marido ca\u00eddo&#8221;.<\/p>\n\n\n\n<p>Se ha dicho que las tr\u00e1gicas im\u00e1genes de ella prefiguraron los a\u00f1os posteriores que trajeron el caos a Estados Unidos, desde el movimiento por los derechos civiles hasta la guerra de Vietnam y el Watergate. &#8220;La brutalidad de aquel asesinato acab\u00f3 con el sue\u00f1o de Camelot: que la pol\u00edtica estadounidense se estaba transformando&#8221;, observa Justine Picardie.<\/p>\n\n\n\n<p>&#8220;Como escritora de libros, miro la historia con un relato de guerras mundiales y presidentes a trav\u00e9s del prisma de la ropa y la moda. Con demasiada frecuencia [la moda] se descarta por no ser relevante para la historia. La historia se limita a relatar las historias de generales y presidentes. Pero yo creo que hay momentos profundos [relacionados] con la moda y la historia de las mujeres. Jackie Kennedy con su traje rosa es uno de esos momentos&#8221;.<br><br><small>Copyright \u00a9 2023 ElCanillita.info \/ SalaStampa.Eu, servicio mundial de prensa<\/small><\/p>\n","protected":false},"excerpt":{"rendered":"<p>El traje de Chanel que Jacqueline Kennedy llevaba el d\u00eda del asesinato de su marido y por qu\u00e9 es posible que nunca vuelva a verse en p\u00fablico.<\/p>\n","protected":false},"author":1,"featured_media":3848,"comment_status":"closed","ping_status":"closed","sticky":false,"template":"","format":"standard","meta":{"footnotes":"","_links_to":"","_links_to_target":""},"categories":[108,121,9,19,47],"tags":[34],"class_list":["post-3843","post","type-post","status-publish","format-standard","has-post-thumbnail","hentry","category-blogdiario","category-dc24","category-america-del-norte","category-cultura","category-etiologia","tag-estados-unidos","entry","double"],"yoast_head":"<!-- This site is optimized with the Yoast SEO plugin v27.4 - https:\/\/yoast.com\/product\/yoast-seo-wordpress\/ -->\n<title>El traje rosa de Jackie - ElCanillita.Info<\/title>\n<meta name=\"description\" content=\"El traje de Chanel que Jacqueline Kennedy llevaba el d\u00eda del asesinato de su marido y por qu\u00e9 es posible que nunca vuelva a verse en p\u00fablico.\" \/>\n<meta name=\"robots\" content=\"index, follow, max-snippet:-1, max-image-preview:large, max-video-preview:-1\" \/>\n<link rel=\"canonical\" href=\"https:\/\/elcanillita.info\/press\/2023\/11\/22\/el-traje-rosa-de-jackie\/\" \/>\n<meta property=\"og:locale\" content=\"es_ES\" \/>\n<meta property=\"og:type\" content=\"article\" \/>\n<meta property=\"og:title\" content=\"El traje rosa de Jackie - ElCanillita.Info\" \/>\n<meta property=\"og:description\" content=\"El traje de Chanel que Jacqueline Kennedy llevaba el d\u00eda del asesinato de su marido y por qu\u00e9 es posible que nunca vuelva a verse en p\u00fablico.\" \/>\n<meta property=\"og:url\" content=\"https:\/\/elcanillita.info\/press\/2023\/11\/22\/el-traje-rosa-de-jackie\/\" \/>\n<meta property=\"og:site_name\" content=\"ElCanillita.Info\" \/>\n<meta property=\"article:publisher\" content=\"https:\/\/ar-ar.facebook.com\/ElCanillitainfo-114249515285712\/\" \/>\n<meta property=\"article:published_time\" content=\"2023-11-22T22:47:56+00:00\" \/>\n<meta property=\"article:modified_time\" content=\"2023-11-22T22:47:57+00:00\" \/>\n<meta property=\"og:image\" content=\"https:\/\/elcanillita.info\/press\/images\/2023\/11\/Kenn_7_20231122.jpg\" \/>\n\t<meta property=\"og:image:width\" content=\"572\" \/>\n\t<meta property=\"og:image:height\" content=\"574\" \/>\n\t<meta property=\"og:image:type\" content=\"image\/jpeg\" \/>\n<meta name=\"author\" content=\"SalaStampa.eu, world press service\" \/>\n<meta name=\"twitter:card\" content=\"summary_large_image\" \/>\n<meta name=\"twitter:label1\" content=\"Escrito por\" \/>\n\t<meta name=\"twitter:data1\" content=\"SalaStampa.eu, world press service\" \/>\n\t<meta name=\"twitter:label2\" content=\"Tiempo de lectura\" \/>\n\t<meta name=\"twitter:data2\" content=\"8 minutos\" \/>\n<script type=\"application\/ld+json\" class=\"yoast-schema-graph\">{\"@context\":\"https:\\\/\\\/schema.org\",\"@graph\":[{\"@type\":\"Article\",\"@id\":\"https:\\\/\\\/elcanillita.info\\\/press\\\/2023\\\/11\\\/22\\\/el-traje-rosa-de-jackie\\\/#article\",\"isPartOf\":{\"@id\":\"https:\\\/\\\/elcanillita.info\\\/press\\\/2023\\\/11\\\/22\\\/el-traje-rosa-de-jackie\\\/\"},\"author\":{\"name\":\"SalaStampa.eu, world press service\",\"@id\":\"https:\\\/\\\/elcanillita.info\\\/press\\\/#\\\/schema\\\/person\\\/7fcb79f38045700919f7da6d97e71ba0\"},\"headline\":\"El traje rosa de Jackie\",\"datePublished\":\"2023-11-22T22:47:56+00:00\",\"dateModified\":\"2023-11-22T22:47:57+00:00\",\"mainEntityOfPage\":{\"@id\":\"https:\\\/\\\/elcanillita.info\\\/press\\\/2023\\\/11\\\/22\\\/el-traje-rosa-de-jackie\\\/\"},\"wordCount\":1467,\"publisher\":{\"@id\":\"https:\\\/\\\/elcanillita.info\\\/press\\\/#organization\"},\"image\":{\"@id\":\"https:\\\/\\\/elcanillita.info\\\/press\\\/2023\\\/11\\\/22\\\/el-traje-rosa-de-jackie\\\/#primaryimage\"},\"thumbnailUrl\":\"https:\\\/\\\/elcanillita.info\\\/press\\\/images\\\/2023\\\/11\\\/Kenn_7_20231122.jpg\",\"keywords\":[\"Estados Unidos\"],\"articleSection\":[\".\",\".\",\"Am\u00e9rica del Norte\",\"Cultura\",\"Etiologia\"],\"inLanguage\":\"es-AR\"},{\"@type\":\"WebPage\",\"@id\":\"https:\\\/\\\/elcanillita.info\\\/press\\\/2023\\\/11\\\/22\\\/el-traje-rosa-de-jackie\\\/\",\"url\":\"https:\\\/\\\/elcanillita.info\\\/press\\\/2023\\\/11\\\/22\\\/el-traje-rosa-de-jackie\\\/\",\"name\":\"El traje rosa de Jackie - ElCanillita.Info\",\"isPartOf\":{\"@id\":\"https:\\\/\\\/elcanillita.info\\\/press\\\/#website\"},\"primaryImageOfPage\":{\"@id\":\"https:\\\/\\\/elcanillita.info\\\/press\\\/2023\\\/11\\\/22\\\/el-traje-rosa-de-jackie\\\/#primaryimage\"},\"image\":{\"@id\":\"https:\\\/\\\/elcanillita.info\\\/press\\\/2023\\\/11\\\/22\\\/el-traje-rosa-de-jackie\\\/#primaryimage\"},\"thumbnailUrl\":\"https:\\\/\\\/elcanillita.info\\\/press\\\/images\\\/2023\\\/11\\\/Kenn_7_20231122.jpg\",\"datePublished\":\"2023-11-22T22:47:56+00:00\",\"dateModified\":\"2023-11-22T22:47:57+00:00\",\"description\":\"El traje de Chanel que Jacqueline Kennedy llevaba el d\u00eda del asesinato de su marido y por qu\u00e9 es posible que nunca vuelva a verse en p\u00fablico.\",\"inLanguage\":\"es-AR\",\"potentialAction\":[{\"@type\":\"ReadAction\",\"target\":[\"https:\\\/\\\/elcanillita.info\\\/press\\\/2023\\\/11\\\/22\\\/el-traje-rosa-de-jackie\\\/\"]}]},{\"@type\":\"ImageObject\",\"inLanguage\":\"es-AR\",\"@id\":\"https:\\\/\\\/elcanillita.info\\\/press\\\/2023\\\/11\\\/22\\\/el-traje-rosa-de-jackie\\\/#primaryimage\",\"url\":\"https:\\\/\\\/elcanillita.info\\\/press\\\/images\\\/2023\\\/11\\\/Kenn_7_20231122.jpg\",\"contentUrl\":\"https:\\\/\\\/elcanillita.info\\\/press\\\/images\\\/2023\\\/11\\\/Kenn_7_20231122.jpg\",\"width\":572,\"height\":574},{\"@type\":\"WebSite\",\"@id\":\"https:\\\/\\\/elcanillita.info\\\/press\\\/#website\",\"url\":\"https:\\\/\\\/elcanillita.info\\\/press\\\/\",\"name\":\"ElCanillita.Info\",\"description\":\"desde los Apeninos a los Andes\",\"publisher\":{\"@id\":\"https:\\\/\\\/elcanillita.info\\\/press\\\/#organization\"},\"potentialAction\":[{\"@type\":\"SearchAction\",\"target\":{\"@type\":\"EntryPoint\",\"urlTemplate\":\"https:\\\/\\\/elcanillita.info\\\/press\\\/?s={search_term_string}\"},\"query-input\":{\"@type\":\"PropertyValueSpecification\",\"valueRequired\":true,\"valueName\":\"search_term_string\"}}],\"inLanguage\":\"es-AR\"},{\"@type\":\"Organization\",\"@id\":\"https:\\\/\\\/elcanillita.info\\\/press\\\/#organization\",\"name\":\"Guzzo Photos & Graphic Publications\",\"url\":\"https:\\\/\\\/elcanillita.info\\\/press\\\/\",\"logo\":{\"@type\":\"ImageObject\",\"inLanguage\":\"es-AR\",\"@id\":\"https:\\\/\\\/elcanillita.info\\\/press\\\/#\\\/schema\\\/logo\\\/image\\\/\",\"url\":\"https:\\\/\\\/elcanillita.info\\\/press\\\/images\\\/2020\\\/01\\\/cropped-cropped-cropped-elcanillitainfo.png\",\"contentUrl\":\"https:\\\/\\\/elcanillita.info\\\/press\\\/images\\\/2020\\\/01\\\/cropped-cropped-cropped-elcanillitainfo.png\",\"width\":460,\"height\":50,\"caption\":\"Guzzo Photos & Graphic Publications\"},\"image\":{\"@id\":\"https:\\\/\\\/elcanillita.info\\\/press\\\/#\\\/schema\\\/logo\\\/image\\\/\"},\"sameAs\":[\"https:\\\/\\\/ar-ar.facebook.com\\\/ElCanillitainfo-114249515285712\\\/\"]},{\"@type\":\"Person\",\"@id\":\"https:\\\/\\\/elcanillita.info\\\/press\\\/#\\\/schema\\\/person\\\/7fcb79f38045700919f7da6d97e71ba0\",\"name\":\"SalaStampa.eu, world press service\",\"image\":{\"@type\":\"ImageObject\",\"inLanguage\":\"es-AR\",\"@id\":\"https:\\\/\\\/secure.gravatar.com\\\/avatar\\\/c2f0e0d515a107624234994507816ca4724c7199cef73fc8bedebf6931d73888?s=96&d=mm&r=g\",\"url\":\"https:\\\/\\\/secure.gravatar.com\\\/avatar\\\/c2f0e0d515a107624234994507816ca4724c7199cef73fc8bedebf6931d73888?s=96&d=mm&r=g\",\"contentUrl\":\"https:\\\/\\\/secure.gravatar.com\\\/avatar\\\/c2f0e0d515a107624234994507816ca4724c7199cef73fc8bedebf6931d73888?s=96&d=mm&r=g\",\"caption\":\"SalaStampa.eu, world press service\"}}]}<\/script>\n<!-- \/ Yoast SEO plugin. -->","yoast_head_json":{"title":"El traje rosa de Jackie - ElCanillita.Info","description":"El traje de Chanel que Jacqueline Kennedy llevaba el d\u00eda del asesinato de su marido y por qu\u00e9 es posible que nunca vuelva a verse en p\u00fablico.","robots":{"index":"index","follow":"follow","max-snippet":"max-snippet:-1","max-image-preview":"max-image-preview:large","max-video-preview":"max-video-preview:-1"},"canonical":"https:\/\/elcanillita.info\/press\/2023\/11\/22\/el-traje-rosa-de-jackie\/","og_locale":"es_ES","og_type":"article","og_title":"El traje rosa de Jackie - ElCanillita.Info","og_description":"El traje de Chanel que Jacqueline Kennedy llevaba el d\u00eda del asesinato de su marido y por qu\u00e9 es posible que nunca vuelva a verse en p\u00fablico.","og_url":"https:\/\/elcanillita.info\/press\/2023\/11\/22\/el-traje-rosa-de-jackie\/","og_site_name":"ElCanillita.Info","article_publisher":"https:\/\/ar-ar.facebook.com\/ElCanillitainfo-114249515285712\/","article_published_time":"2023-11-22T22:47:56+00:00","article_modified_time":"2023-11-22T22:47:57+00:00","og_image":[{"width":572,"height":574,"url":"https:\/\/elcanillita.info\/press\/images\/2023\/11\/Kenn_7_20231122.jpg","type":"image\/jpeg"}],"author":"SalaStampa.eu, world press service","twitter_card":"summary_large_image","twitter_misc":{"Escrito por":"SalaStampa.eu, world press service","Tiempo de lectura":"8 minutos"},"schema":{"@context":"https:\/\/schema.org","@graph":[{"@type":"Article","@id":"https:\/\/elcanillita.info\/press\/2023\/11\/22\/el-traje-rosa-de-jackie\/#article","isPartOf":{"@id":"https:\/\/elcanillita.info\/press\/2023\/11\/22\/el-traje-rosa-de-jackie\/"},"author":{"name":"SalaStampa.eu, world press service","@id":"https:\/\/elcanillita.info\/press\/#\/schema\/person\/7fcb79f38045700919f7da6d97e71ba0"},"headline":"El traje rosa de Jackie","datePublished":"2023-11-22T22:47:56+00:00","dateModified":"2023-11-22T22:47:57+00:00","mainEntityOfPage":{"@id":"https:\/\/elcanillita.info\/press\/2023\/11\/22\/el-traje-rosa-de-jackie\/"},"wordCount":1467,"publisher":{"@id":"https:\/\/elcanillita.info\/press\/#organization"},"image":{"@id":"https:\/\/elcanillita.info\/press\/2023\/11\/22\/el-traje-rosa-de-jackie\/#primaryimage"},"thumbnailUrl":"https:\/\/elcanillita.info\/press\/images\/2023\/11\/Kenn_7_20231122.jpg","keywords":["Estados Unidos"],"articleSection":[".",".","Am\u00e9rica del Norte","Cultura","Etiologia"],"inLanguage":"es-AR"},{"@type":"WebPage","@id":"https:\/\/elcanillita.info\/press\/2023\/11\/22\/el-traje-rosa-de-jackie\/","url":"https:\/\/elcanillita.info\/press\/2023\/11\/22\/el-traje-rosa-de-jackie\/","name":"El traje rosa de Jackie - ElCanillita.Info","isPartOf":{"@id":"https:\/\/elcanillita.info\/press\/#website"},"primaryImageOfPage":{"@id":"https:\/\/elcanillita.info\/press\/2023\/11\/22\/el-traje-rosa-de-jackie\/#primaryimage"},"image":{"@id":"https:\/\/elcanillita.info\/press\/2023\/11\/22\/el-traje-rosa-de-jackie\/#primaryimage"},"thumbnailUrl":"https:\/\/elcanillita.info\/press\/images\/2023\/11\/Kenn_7_20231122.jpg","datePublished":"2023-11-22T22:47:56+00:00","dateModified":"2023-11-22T22:47:57+00:00","description":"El traje de Chanel que Jacqueline Kennedy llevaba el d\u00eda del asesinato de su marido y por qu\u00e9 es posible que nunca vuelva a verse en p\u00fablico.","inLanguage":"es-AR","potentialAction":[{"@type":"ReadAction","target":["https:\/\/elcanillita.info\/press\/2023\/11\/22\/el-traje-rosa-de-jackie\/"]}]},{"@type":"ImageObject","inLanguage":"es-AR","@id":"https:\/\/elcanillita.info\/press\/2023\/11\/22\/el-traje-rosa-de-jackie\/#primaryimage","url":"https:\/\/elcanillita.info\/press\/images\/2023\/11\/Kenn_7_20231122.jpg","contentUrl":"https:\/\/elcanillita.info\/press\/images\/2023\/11\/Kenn_7_20231122.jpg","width":572,"height":574},{"@type":"WebSite","@id":"https:\/\/elcanillita.info\/press\/#website","url":"https:\/\/elcanillita.info\/press\/","name":"ElCanillita.Info","description":"desde los Apeninos a los Andes","publisher":{"@id":"https:\/\/elcanillita.info\/press\/#organization"},"potentialAction":[{"@type":"SearchAction","target":{"@type":"EntryPoint","urlTemplate":"https:\/\/elcanillita.info\/press\/?s={search_term_string}"},"query-input":{"@type":"PropertyValueSpecification","valueRequired":true,"valueName":"search_term_string"}}],"inLanguage":"es-AR"},{"@type":"Organization","@id":"https:\/\/elcanillita.info\/press\/#organization","name":"Guzzo Photos & Graphic Publications","url":"https:\/\/elcanillita.info\/press\/","logo":{"@type":"ImageObject","inLanguage":"es-AR","@id":"https:\/\/elcanillita.info\/press\/#\/schema\/logo\/image\/","url":"https:\/\/elcanillita.info\/press\/images\/2020\/01\/cropped-cropped-cropped-elcanillitainfo.png","contentUrl":"https:\/\/elcanillita.info\/press\/images\/2020\/01\/cropped-cropped-cropped-elcanillitainfo.png","width":460,"height":50,"caption":"Guzzo Photos & Graphic Publications"},"image":{"@id":"https:\/\/elcanillita.info\/press\/#\/schema\/logo\/image\/"},"sameAs":["https:\/\/ar-ar.facebook.com\/ElCanillitainfo-114249515285712\/"]},{"@type":"Person","@id":"https:\/\/elcanillita.info\/press\/#\/schema\/person\/7fcb79f38045700919f7da6d97e71ba0","name":"SalaStampa.eu, world press service","image":{"@type":"ImageObject","inLanguage":"es-AR","@id":"https:\/\/secure.gravatar.com\/avatar\/c2f0e0d515a107624234994507816ca4724c7199cef73fc8bedebf6931d73888?s=96&d=mm&r=g","url":"https:\/\/secure.gravatar.com\/avatar\/c2f0e0d515a107624234994507816ca4724c7199cef73fc8bedebf6931d73888?s=96&d=mm&r=g","contentUrl":"https:\/\/secure.gravatar.com\/avatar\/c2f0e0d515a107624234994507816ca4724c7199cef73fc8bedebf6931d73888?s=96&d=mm&r=g","caption":"SalaStampa.eu, world press service"}}]}},"views":431,"_links":{"self":[{"href":"https:\/\/elcanillita.info\/press\/wp-json\/wp\/v2\/posts\/3843","targetHints":{"allow":["GET"]}}],"collection":[{"href":"https:\/\/elcanillita.info\/press\/wp-json\/wp\/v2\/posts"}],"about":[{"href":"https:\/\/elcanillita.info\/press\/wp-json\/wp\/v2\/types\/post"}],"author":[{"embeddable":true,"href":"https:\/\/elcanillita.info\/press\/wp-json\/wp\/v2\/users\/1"}],"replies":[{"embeddable":true,"href":"https:\/\/elcanillita.info\/press\/wp-json\/wp\/v2\/comments?post=3843"}],"version-history":[{"count":0,"href":"https:\/\/elcanillita.info\/press\/wp-json\/wp\/v2\/posts\/3843\/revisions"}],"wp:featuredmedia":[{"embeddable":true,"href":"https:\/\/elcanillita.info\/press\/wp-json\/wp\/v2\/media\/3848"}],"wp:attachment":[{"href":"https:\/\/elcanillita.info\/press\/wp-json\/wp\/v2\/media?parent=3843"}],"wp:term":[{"taxonomy":"category","embeddable":true,"href":"https:\/\/elcanillita.info\/press\/wp-json\/wp\/v2\/categories?post=3843"},{"taxonomy":"post_tag","embeddable":true,"href":"https:\/\/elcanillita.info\/press\/wp-json\/wp\/v2\/tags?post=3843"}],"curies":[{"name":"wp","href":"https:\/\/api.w.org\/{rel}","templated":true}]}}