{"id":3839,"date":"2023-11-21T09:28:15","date_gmt":"2023-11-21T12:28:15","guid":{"rendered":"https:\/\/elcanillita.info\/press\/?p=3839"},"modified":"2023-11-21T10:04:47","modified_gmt":"2023-11-21T13:04:47","slug":"argentina-ante-una-imposibilidad-metafisica","status":"publish","type":"post","link":"https:\/\/elcanillita.info\/press\/2023\/11\/21\/argentina-ante-una-imposibilidad-metafisica\/","title":{"rendered":"Argentina ante una imposibilidad metaf\u00edsica"},"content":{"rendered":"\n<figure class=\"wp-block-image size-full\"><img loading=\"lazy\" decoding=\"async\" width=\"600\" height=\"325\" src=\"https:\/\/elcanillita.info\/press\/images\/2023\/11\/mil_20231121.jpg\" alt=\"\" class=\"wp-image-3840\" srcset=\"https:\/\/elcanillita.info\/press\/images\/2023\/11\/mil_20231121.jpg 600w, https:\/\/elcanillita.info\/press\/images\/2023\/11\/mil_20231121-300x163.jpg 300w\" sizes=\"auto, (max-width: 600px) 100vw, 600px\" \/><\/figure>\n\n\n\n<p><strong>ElCanillita.info, 21\/11\/2023<\/strong><br>Argentina, atrapada en las devastadoras garras de la hiperinflaci\u00f3n, el desempleo, la econom\u00eda sumergida y la pobreza galopante, el &#8220;pueblo soberano&#8221; ha hecho su elecci\u00f3n. Y entre el (in)seguro populismo habitual y el populismo de alto riesgo, ha optado por el segundo. Y aqu\u00ed, como en todos los dem\u00e1s numerosos \u00e9xitos neopopulistas, los progresistas no deber\u00edan contentarse con un encogimiento de hombros preparatorio para atrincherarse en la fortaleza de sus certezas que, entretanto, ha llegado a parecerse cada vez m\u00e1s a una Fortaleza Bastiani rodeada por el desierto (de votantes) y asediada por el poderoso Reino del Norte(est). Y no basta, ni conviene, tachar a los pol\u00edticos populistas de &#8220;feos, sucios y malos&#8221;, adormeci\u00e9ndolos en una narrativa autoconsoladora.<\/p>\n\n\n\n<p>En este caso, es muy probable que Milei se haya visto recompensado en una l\u00f3gica de &#8220;novedad&#8221; por la que, entre la novedad y el original decepcionante, se prefiere apostar por lo desconocido, confiando en la esperanza (a menudo equivocada\u2026) de sorprenderse positivamente. Tanto m\u00e1s cuanto que el economista, siguiendo un formato narrativo despoblado en la derecha desde el reaganismo (<em><strong>reaganomics<\/strong><\/em>:\u00a0contracci\u00f3n\u00a0de\u00a0Ronald Reagan\u00a0y econom\u00eda)\u00a0, ha sabido presentarse como un outsider. Un paradigma comunicativo, el del &#8220;under dog&#8221; y el &#8220;hijo de un dios menor&#8221;, que, salvo raras excepciones, no se corresponde con la verdad de los candidatos neopopulistas de \u00e9lites de diversa \u00edndole, pero que logra imponerse con frecuencia en campa\u00f1a electoral, frente a una izquierda que con la misma frecuencia es percibida como &#8220;anticuada y desfasada&#8221;, y gobernada por castas de privilegiados. En otras palabras, ese marco del pueblo opuesto al establishment del que los populistas de derechas son colocadores exagerados y muy convincentes. La cuesti\u00f3n es que la izquierda no sabe (o no quiere) hacer mucho para contrarrestarlo adecuadamente. Y as\u00ed se encuentra sumida en un clima de opini\u00f3n dominado por el subjetivismo del juicio de individuos que no quieren ser &#8220;aleccionados&#8221; por nadie y que, en la era de la horizontalizaci\u00f3n, tienen dificultades para reconocer la credibilidad de los portadores de conocimientos especializados, dispuestos a desestimarlos y repudiarlos por razones diversas. Empezando precisamente por el hecho de que, en una \u00e9poca de liquidez absoluta, la \u00fanica certeza (y coraza cognitiva) a la que nos aferramos coincide con nuestra opini\u00f3n personal, de ah\u00ed el rechazo de tantos a votar a quienes consideran poco interesados en escucharles e imbuidos del &#8220;s\u00edndrome de los mejores&#8221;, como se consideran precisamente tantos miembros de los grupos dirigentes de la izquierda.<\/p>\n\n\n\n<p>Es, en cierto modo, el resurgir en salsa posmoderna de la revuelta de las masas de Ortega y Gasset, aunque las masas ya no est\u00e9n ah\u00ed -o, tal vez, hayan vuelto a estarlo a la luz de la progresiva desaparici\u00f3n de las clases medias-. As\u00ed, mientras la clase media se adelgaza cada vez m\u00e1s inexorable y tr\u00e1gicamente (porque sin ella no hay democracias liberales ni sociedades abiertas duraderas, como nos recuerda Paul Krugman), los que se ven arrojados de nuevo al infierno de la relegaci\u00f3n social pasan a alimentar enjambres digitales y turbas antipol\u00edticas llenas de rabia y resentimiento. Pero la izquierda no sabe por d\u00f3nde tirar, y sigue sin encontrar el quid de la cuesti\u00f3n\u2026<br><br><small>Copyright \u00a9 2023 ElCanillita.info \/ SalaStampa.Eu, servicio mundial de prensa<\/small><\/p>\n","protected":false},"excerpt":{"rendered":"<p>Argentina, atrapada en las devastadoras garras de la hiperinflaci\u00f3n, el desempleo, la econom\u00eda sumergida y la pobreza galopante, el &#8220;pueblo soberano&#8221; ha hecho su elecci\u00f3n.<\/p>\n","protected":false},"author":1,"featured_media":3840,"comment_status":"closed","ping_status":"closed","sticky":false,"template":"","format":"standard","meta":{"footnotes":"","_links_to":"","_links_to_target":""},"categories":[108,121,70,11,23],"tags":[],"class_list":["post-3839","post","type-post","status-publish","format-standard","has-post-thumbnail","hentry","category-blogdiario","category-dc24","category-actualidad","category-america-del-sur","category-politica","entry","double"],"yoast_head":"<!-- This site is optimized with the Yoast SEO plugin v27.4 - https:\/\/yoast.com\/product\/yoast-seo-wordpress\/ -->\n<title>Argentina ante una imposibilidad metaf\u00edsica - ElCanillita.Info<\/title>\n<meta name=\"description\" content=\"Argentina, atrapada en las devastadoras garras de la hiperinflaci\u00f3n, el desempleo, la econom\u00eda sumergida y la pobreza galopante, el &quot;pueblo soberano&quot; ha hecho su elecci\u00f3n.\" \/>\n<meta name=\"robots\" content=\"index, follow, max-snippet:-1, max-image-preview:large, max-video-preview:-1\" \/>\n<link rel=\"canonical\" href=\"https:\/\/elcanillita.info\/press\/2023\/11\/21\/argentina-ante-una-imposibilidad-metafisica\/\" \/>\n<meta property=\"og:locale\" content=\"es_ES\" \/>\n<meta property=\"og:type\" content=\"article\" \/>\n<meta property=\"og:title\" content=\"Argentina ante una imposibilidad metaf\u00edsica - ElCanillita.Info\" \/>\n<meta property=\"og:description\" content=\"Argentina, atrapada en las devastadoras garras de la hiperinflaci\u00f3n, el desempleo, la econom\u00eda sumergida y la pobreza galopante, el &quot;pueblo soberano&quot; ha hecho su elecci\u00f3n.\" \/>\n<meta property=\"og:url\" content=\"https:\/\/elcanillita.info\/press\/2023\/11\/21\/argentina-ante-una-imposibilidad-metafisica\/\" \/>\n<meta property=\"og:site_name\" content=\"ElCanillita.Info\" \/>\n<meta property=\"article:publisher\" content=\"https:\/\/ar-ar.facebook.com\/ElCanillitainfo-114249515285712\/\" \/>\n<meta property=\"article:published_time\" content=\"2023-11-21T12:28:15+00:00\" \/>\n<meta property=\"article:modified_time\" content=\"2023-11-21T13:04:47+00:00\" \/>\n<meta property=\"og:image\" content=\"https:\/\/elcanillita.info\/press\/images\/2023\/11\/mil_20231121.jpg\" \/>\n\t<meta property=\"og:image:width\" content=\"600\" \/>\n\t<meta property=\"og:image:height\" content=\"325\" \/>\n\t<meta property=\"og:image:type\" content=\"image\/jpeg\" \/>\n<meta name=\"author\" content=\"SalaStampa.eu, world press service\" \/>\n<meta name=\"twitter:card\" content=\"summary_large_image\" \/>\n<meta name=\"twitter:label1\" content=\"Escrito por\" \/>\n\t<meta name=\"twitter:data1\" content=\"SalaStampa.eu, world press service\" \/>\n\t<meta name=\"twitter:label2\" content=\"Tiempo de lectura\" \/>\n\t<meta name=\"twitter:data2\" content=\"3 minutos\" \/>\n<script type=\"application\/ld+json\" class=\"yoast-schema-graph\">{\"@context\":\"https:\\\/\\\/schema.org\",\"@graph\":[{\"@type\":\"Article\",\"@id\":\"https:\\\/\\\/elcanillita.info\\\/press\\\/2023\\\/11\\\/21\\\/argentina-ante-una-imposibilidad-metafisica\\\/#article\",\"isPartOf\":{\"@id\":\"https:\\\/\\\/elcanillita.info\\\/press\\\/2023\\\/11\\\/21\\\/argentina-ante-una-imposibilidad-metafisica\\\/\"},\"author\":{\"name\":\"SalaStampa.eu, world press service\",\"@id\":\"https:\\\/\\\/elcanillita.info\\\/press\\\/#\\\/schema\\\/person\\\/7fcb79f38045700919f7da6d97e71ba0\"},\"headline\":\"Argentina ante una imposibilidad metaf\u00edsica\",\"datePublished\":\"2023-11-21T12:28:15+00:00\",\"dateModified\":\"2023-11-21T13:04:47+00:00\",\"mainEntityOfPage\":{\"@id\":\"https:\\\/\\\/elcanillita.info\\\/press\\\/2023\\\/11\\\/21\\\/argentina-ante-una-imposibilidad-metafisica\\\/\"},\"wordCount\":570,\"publisher\":{\"@id\":\"https:\\\/\\\/elcanillita.info\\\/press\\\/#organization\"},\"image\":{\"@id\":\"https:\\\/\\\/elcanillita.info\\\/press\\\/2023\\\/11\\\/21\\\/argentina-ante-una-imposibilidad-metafisica\\\/#primaryimage\"},\"thumbnailUrl\":\"https:\\\/\\\/elcanillita.info\\\/press\\\/images\\\/2023\\\/11\\\/mil_20231121.jpg\",\"articleSection\":[\".\",\".\",\"Actualidad\",\"Am\u00e9rica del Sur\",\"Politica\"],\"inLanguage\":\"es-AR\"},{\"@type\":\"WebPage\",\"@id\":\"https:\\\/\\\/elcanillita.info\\\/press\\\/2023\\\/11\\\/21\\\/argentina-ante-una-imposibilidad-metafisica\\\/\",\"url\":\"https:\\\/\\\/elcanillita.info\\\/press\\\/2023\\\/11\\\/21\\\/argentina-ante-una-imposibilidad-metafisica\\\/\",\"name\":\"Argentina ante una imposibilidad metaf\u00edsica - ElCanillita.Info\",\"isPartOf\":{\"@id\":\"https:\\\/\\\/elcanillita.info\\\/press\\\/#website\"},\"primaryImageOfPage\":{\"@id\":\"https:\\\/\\\/elcanillita.info\\\/press\\\/2023\\\/11\\\/21\\\/argentina-ante-una-imposibilidad-metafisica\\\/#primaryimage\"},\"image\":{\"@id\":\"https:\\\/\\\/elcanillita.info\\\/press\\\/2023\\\/11\\\/21\\\/argentina-ante-una-imposibilidad-metafisica\\\/#primaryimage\"},\"thumbnailUrl\":\"https:\\\/\\\/elcanillita.info\\\/press\\\/images\\\/2023\\\/11\\\/mil_20231121.jpg\",\"datePublished\":\"2023-11-21T12:28:15+00:00\",\"dateModified\":\"2023-11-21T13:04:47+00:00\",\"description\":\"Argentina, atrapada en las devastadoras garras de la hiperinflaci\u00f3n, el desempleo, la econom\u00eda sumergida y la pobreza galopante, el \\\"pueblo soberano\\\" ha hecho su elecci\u00f3n.\",\"inLanguage\":\"es-AR\",\"potentialAction\":[{\"@type\":\"ReadAction\",\"target\":[\"https:\\\/\\\/elcanillita.info\\\/press\\\/2023\\\/11\\\/21\\\/argentina-ante-una-imposibilidad-metafisica\\\/\"]}]},{\"@type\":\"ImageObject\",\"inLanguage\":\"es-AR\",\"@id\":\"https:\\\/\\\/elcanillita.info\\\/press\\\/2023\\\/11\\\/21\\\/argentina-ante-una-imposibilidad-metafisica\\\/#primaryimage\",\"url\":\"https:\\\/\\\/elcanillita.info\\\/press\\\/images\\\/2023\\\/11\\\/mil_20231121.jpg\",\"contentUrl\":\"https:\\\/\\\/elcanillita.info\\\/press\\\/images\\\/2023\\\/11\\\/mil_20231121.jpg\",\"width\":600,\"height\":325},{\"@type\":\"WebSite\",\"@id\":\"https:\\\/\\\/elcanillita.info\\\/press\\\/#website\",\"url\":\"https:\\\/\\\/elcanillita.info\\\/press\\\/\",\"name\":\"ElCanillita.Info\",\"description\":\"desde los Apeninos a los Andes\",\"publisher\":{\"@id\":\"https:\\\/\\\/elcanillita.info\\\/press\\\/#organization\"},\"potentialAction\":[{\"@type\":\"SearchAction\",\"target\":{\"@type\":\"EntryPoint\",\"urlTemplate\":\"https:\\\/\\\/elcanillita.info\\\/press\\\/?s={search_term_string}\"},\"query-input\":{\"@type\":\"PropertyValueSpecification\",\"valueRequired\":true,\"valueName\":\"search_term_string\"}}],\"inLanguage\":\"es-AR\"},{\"@type\":\"Organization\",\"@id\":\"https:\\\/\\\/elcanillita.info\\\/press\\\/#organization\",\"name\":\"Guzzo Photos & Graphic Publications\",\"url\":\"https:\\\/\\\/elcanillita.info\\\/press\\\/\",\"logo\":{\"@type\":\"ImageObject\",\"inLanguage\":\"es-AR\",\"@id\":\"https:\\\/\\\/elcanillita.info\\\/press\\\/#\\\/schema\\\/logo\\\/image\\\/\",\"url\":\"https:\\\/\\\/elcanillita.info\\\/press\\\/images\\\/2020\\\/01\\\/cropped-cropped-cropped-elcanillitainfo.png\",\"contentUrl\":\"https:\\\/\\\/elcanillita.info\\\/press\\\/images\\\/2020\\\/01\\\/cropped-cropped-cropped-elcanillitainfo.png\",\"width\":460,\"height\":50,\"caption\":\"Guzzo Photos & Graphic Publications\"},\"image\":{\"@id\":\"https:\\\/\\\/elcanillita.info\\\/press\\\/#\\\/schema\\\/logo\\\/image\\\/\"},\"sameAs\":[\"https:\\\/\\\/ar-ar.facebook.com\\\/ElCanillitainfo-114249515285712\\\/\"]},{\"@type\":\"Person\",\"@id\":\"https:\\\/\\\/elcanillita.info\\\/press\\\/#\\\/schema\\\/person\\\/7fcb79f38045700919f7da6d97e71ba0\",\"name\":\"SalaStampa.eu, world press service\",\"image\":{\"@type\":\"ImageObject\",\"inLanguage\":\"es-AR\",\"@id\":\"https:\\\/\\\/secure.gravatar.com\\\/avatar\\\/c2f0e0d515a107624234994507816ca4724c7199cef73fc8bedebf6931d73888?s=96&d=mm&r=g\",\"url\":\"https:\\\/\\\/secure.gravatar.com\\\/avatar\\\/c2f0e0d515a107624234994507816ca4724c7199cef73fc8bedebf6931d73888?s=96&d=mm&r=g\",\"contentUrl\":\"https:\\\/\\\/secure.gravatar.com\\\/avatar\\\/c2f0e0d515a107624234994507816ca4724c7199cef73fc8bedebf6931d73888?s=96&d=mm&r=g\",\"caption\":\"SalaStampa.eu, world press service\"}}]}<\/script>\n<!-- \/ Yoast SEO plugin. -->","yoast_head_json":{"title":"Argentina ante una imposibilidad metaf\u00edsica - ElCanillita.Info","description":"Argentina, atrapada en las devastadoras garras de la hiperinflaci\u00f3n, el desempleo, la econom\u00eda sumergida y la pobreza galopante, el \"pueblo soberano\" ha hecho su elecci\u00f3n.","robots":{"index":"index","follow":"follow","max-snippet":"max-snippet:-1","max-image-preview":"max-image-preview:large","max-video-preview":"max-video-preview:-1"},"canonical":"https:\/\/elcanillita.info\/press\/2023\/11\/21\/argentina-ante-una-imposibilidad-metafisica\/","og_locale":"es_ES","og_type":"article","og_title":"Argentina ante una imposibilidad metaf\u00edsica - ElCanillita.Info","og_description":"Argentina, atrapada en las devastadoras garras de la hiperinflaci\u00f3n, el desempleo, la econom\u00eda sumergida y la pobreza galopante, el \"pueblo soberano\" ha hecho su elecci\u00f3n.","og_url":"https:\/\/elcanillita.info\/press\/2023\/11\/21\/argentina-ante-una-imposibilidad-metafisica\/","og_site_name":"ElCanillita.Info","article_publisher":"https:\/\/ar-ar.facebook.com\/ElCanillitainfo-114249515285712\/","article_published_time":"2023-11-21T12:28:15+00:00","article_modified_time":"2023-11-21T13:04:47+00:00","og_image":[{"width":600,"height":325,"url":"https:\/\/elcanillita.info\/press\/images\/2023\/11\/mil_20231121.jpg","type":"image\/jpeg"}],"author":"SalaStampa.eu, world press service","twitter_card":"summary_large_image","twitter_misc":{"Escrito por":"SalaStampa.eu, world press service","Tiempo de lectura":"3 minutos"},"schema":{"@context":"https:\/\/schema.org","@graph":[{"@type":"Article","@id":"https:\/\/elcanillita.info\/press\/2023\/11\/21\/argentina-ante-una-imposibilidad-metafisica\/#article","isPartOf":{"@id":"https:\/\/elcanillita.info\/press\/2023\/11\/21\/argentina-ante-una-imposibilidad-metafisica\/"},"author":{"name":"SalaStampa.eu, world press service","@id":"https:\/\/elcanillita.info\/press\/#\/schema\/person\/7fcb79f38045700919f7da6d97e71ba0"},"headline":"Argentina ante una imposibilidad metaf\u00edsica","datePublished":"2023-11-21T12:28:15+00:00","dateModified":"2023-11-21T13:04:47+00:00","mainEntityOfPage":{"@id":"https:\/\/elcanillita.info\/press\/2023\/11\/21\/argentina-ante-una-imposibilidad-metafisica\/"},"wordCount":570,"publisher":{"@id":"https:\/\/elcanillita.info\/press\/#organization"},"image":{"@id":"https:\/\/elcanillita.info\/press\/2023\/11\/21\/argentina-ante-una-imposibilidad-metafisica\/#primaryimage"},"thumbnailUrl":"https:\/\/elcanillita.info\/press\/images\/2023\/11\/mil_20231121.jpg","articleSection":[".",".","Actualidad","Am\u00e9rica del Sur","Politica"],"inLanguage":"es-AR"},{"@type":"WebPage","@id":"https:\/\/elcanillita.info\/press\/2023\/11\/21\/argentina-ante-una-imposibilidad-metafisica\/","url":"https:\/\/elcanillita.info\/press\/2023\/11\/21\/argentina-ante-una-imposibilidad-metafisica\/","name":"Argentina ante una imposibilidad metaf\u00edsica - ElCanillita.Info","isPartOf":{"@id":"https:\/\/elcanillita.info\/press\/#website"},"primaryImageOfPage":{"@id":"https:\/\/elcanillita.info\/press\/2023\/11\/21\/argentina-ante-una-imposibilidad-metafisica\/#primaryimage"},"image":{"@id":"https:\/\/elcanillita.info\/press\/2023\/11\/21\/argentina-ante-una-imposibilidad-metafisica\/#primaryimage"},"thumbnailUrl":"https:\/\/elcanillita.info\/press\/images\/2023\/11\/mil_20231121.jpg","datePublished":"2023-11-21T12:28:15+00:00","dateModified":"2023-11-21T13:04:47+00:00","description":"Argentina, atrapada en las devastadoras garras de la hiperinflaci\u00f3n, el desempleo, la econom\u00eda sumergida y la pobreza galopante, el \"pueblo soberano\" ha hecho su elecci\u00f3n.","inLanguage":"es-AR","potentialAction":[{"@type":"ReadAction","target":["https:\/\/elcanillita.info\/press\/2023\/11\/21\/argentina-ante-una-imposibilidad-metafisica\/"]}]},{"@type":"ImageObject","inLanguage":"es-AR","@id":"https:\/\/elcanillita.info\/press\/2023\/11\/21\/argentina-ante-una-imposibilidad-metafisica\/#primaryimage","url":"https:\/\/elcanillita.info\/press\/images\/2023\/11\/mil_20231121.jpg","contentUrl":"https:\/\/elcanillita.info\/press\/images\/2023\/11\/mil_20231121.jpg","width":600,"height":325},{"@type":"WebSite","@id":"https:\/\/elcanillita.info\/press\/#website","url":"https:\/\/elcanillita.info\/press\/","name":"ElCanillita.Info","description":"desde los Apeninos a los Andes","publisher":{"@id":"https:\/\/elcanillita.info\/press\/#organization"},"potentialAction":[{"@type":"SearchAction","target":{"@type":"EntryPoint","urlTemplate":"https:\/\/elcanillita.info\/press\/?s={search_term_string}"},"query-input":{"@type":"PropertyValueSpecification","valueRequired":true,"valueName":"search_term_string"}}],"inLanguage":"es-AR"},{"@type":"Organization","@id":"https:\/\/elcanillita.info\/press\/#organization","name":"Guzzo Photos & Graphic Publications","url":"https:\/\/elcanillita.info\/press\/","logo":{"@type":"ImageObject","inLanguage":"es-AR","@id":"https:\/\/elcanillita.info\/press\/#\/schema\/logo\/image\/","url":"https:\/\/elcanillita.info\/press\/images\/2020\/01\/cropped-cropped-cropped-elcanillitainfo.png","contentUrl":"https:\/\/elcanillita.info\/press\/images\/2020\/01\/cropped-cropped-cropped-elcanillitainfo.png","width":460,"height":50,"caption":"Guzzo Photos & Graphic Publications"},"image":{"@id":"https:\/\/elcanillita.info\/press\/#\/schema\/logo\/image\/"},"sameAs":["https:\/\/ar-ar.facebook.com\/ElCanillitainfo-114249515285712\/"]},{"@type":"Person","@id":"https:\/\/elcanillita.info\/press\/#\/schema\/person\/7fcb79f38045700919f7da6d97e71ba0","name":"SalaStampa.eu, world press service","image":{"@type":"ImageObject","inLanguage":"es-AR","@id":"https:\/\/secure.gravatar.com\/avatar\/c2f0e0d515a107624234994507816ca4724c7199cef73fc8bedebf6931d73888?s=96&d=mm&r=g","url":"https:\/\/secure.gravatar.com\/avatar\/c2f0e0d515a107624234994507816ca4724c7199cef73fc8bedebf6931d73888?s=96&d=mm&r=g","contentUrl":"https:\/\/secure.gravatar.com\/avatar\/c2f0e0d515a107624234994507816ca4724c7199cef73fc8bedebf6931d73888?s=96&d=mm&r=g","caption":"SalaStampa.eu, world press service"}}]}},"views":310,"_links":{"self":[{"href":"https:\/\/elcanillita.info\/press\/wp-json\/wp\/v2\/posts\/3839","targetHints":{"allow":["GET"]}}],"collection":[{"href":"https:\/\/elcanillita.info\/press\/wp-json\/wp\/v2\/posts"}],"about":[{"href":"https:\/\/elcanillita.info\/press\/wp-json\/wp\/v2\/types\/post"}],"author":[{"embeddable":true,"href":"https:\/\/elcanillita.info\/press\/wp-json\/wp\/v2\/users\/1"}],"replies":[{"embeddable":true,"href":"https:\/\/elcanillita.info\/press\/wp-json\/wp\/v2\/comments?post=3839"}],"version-history":[{"count":0,"href":"https:\/\/elcanillita.info\/press\/wp-json\/wp\/v2\/posts\/3839\/revisions"}],"wp:featuredmedia":[{"embeddable":true,"href":"https:\/\/elcanillita.info\/press\/wp-json\/wp\/v2\/media\/3840"}],"wp:attachment":[{"href":"https:\/\/elcanillita.info\/press\/wp-json\/wp\/v2\/media?parent=3839"}],"wp:term":[{"taxonomy":"category","embeddable":true,"href":"https:\/\/elcanillita.info\/press\/wp-json\/wp\/v2\/categories?post=3839"},{"taxonomy":"post_tag","embeddable":true,"href":"https:\/\/elcanillita.info\/press\/wp-json\/wp\/v2\/tags?post=3839"}],"curies":[{"name":"wp","href":"https:\/\/api.w.org\/{rel}","templated":true}]}}