{"id":3833,"date":"2023-11-20T23:14:46","date_gmt":"2023-11-21T02:14:46","guid":{"rendered":"https:\/\/elcanillita.info\/press\/?p=3833"},"modified":"2023-11-20T23:14:47","modified_gmt":"2023-11-21T02:14:47","slug":"javier-milei-promete-privatizaciones-masivas","status":"publish","type":"post","link":"https:\/\/elcanillita.info\/press\/2023\/11\/20\/javier-milei-promete-privatizaciones-masivas\/","title":{"rendered":"Javier Milei promete privatizaciones masivas"},"content":{"rendered":"\n<figure class=\"wp-block-image size-full\"><img loading=\"lazy\" decoding=\"async\" width=\"668\" height=\"418\" src=\"https:\/\/elcanillita.info\/press\/images\/2023\/11\/2023-11-21-02-38-47.jpg\" alt=\"\" class=\"wp-image-3834\" srcset=\"https:\/\/elcanillita.info\/press\/images\/2023\/11\/2023-11-21-02-38-47.jpg 668w, https:\/\/elcanillita.info\/press\/images\/2023\/11\/2023-11-21-02-38-47-300x188.jpg 300w\" sizes=\"auto, (max-width: 668px) 100vw, 668px\" \/><\/figure>\n\n\n\n<p><strong> ElCanillita.info, 20\/11\/2023<\/strong><br>Javier Milei, de 53 a\u00f1os, que en su campa\u00f1a se comprometi\u00f3 a utilizar una motosierra para cortar el abultado Estado argentino, enumer\u00f3 la vasta empresa energ\u00e9tica YPF, parcialmente nacionalizada, junto con varios medios de comunicaci\u00f3n bajo control estatal, como los primeros objetivos de las ventas del Gobierno una vez que asuma el cargo el pr\u00f3ximo mes. &#8220;Todo lo que pueda estar en manos del sector privado estar\u00e1 en manos del sector privado&#8221;, afirm\u00f3.<\/p>\n\n\n\n<p>No habr\u00e1 lugar para las emisoras estatales, a\u00f1adi\u00f3. &#8220;No suscribo estas pr\u00e1cticas de tener un ministerio de propaganda&#8221;.<\/p>\n\n\n\n<p>En la misma entrevista con la cadena de radio privada Mitre, revel\u00f3 que esperaba visitar Estados Unidos e Israel antes de su toma de posesi\u00f3n, el 10 de diciembre.<\/p>\n\n\n\n<p>El ex comentarista de televisi\u00f3n, que tiene dos maestr\u00edas en econom\u00eda y se convirti\u00f3 en diputado hace tres a\u00f1os, fue el claro vencedor de la re\u00f1ida segunda vuelta del domingo, al obtener casi el 56% de los votos, m\u00e1s de 11 puntos por delante de su rival de izquierdas, el actual ministro de Econom\u00eda Sergio Massa. El domingo por la noche, dirigi\u00e9ndose a sus jubilosos seguidores reunidos en un c\u00e9ntrico hotel de Buenos Aires, prometi\u00f3 que Argentina experimentar\u00eda un cambio transformador bajo su presidencia. &#8220;Adoptaremos un modelo de libertad para volver a ser una potencia mundial&#8221;, afirm\u00f3.<\/p>\n\n\n\n<figure class=\"wp-block-image size-full\"><img loading=\"lazy\" decoding=\"async\" width=\"600\" height=\"400\" src=\"https:\/\/elcanillita.info\/press\/images\/2023\/11\/massa20231120.jpg\" alt=\"\" class=\"wp-image-3837\" srcset=\"https:\/\/elcanillita.info\/press\/images\/2023\/11\/massa20231120.jpg 600w, https:\/\/elcanillita.info\/press\/images\/2023\/11\/massa20231120-300x200.jpg 300w\" sizes=\"auto, (max-width: 600px) 100vw, 600px\" \/><figcaption class=\"wp-element-caption\">Massa dijo a sus abatidos seguidores: &#8220;Los argentinos hemos elegido otro camino&#8221;.<\/figcaption><\/figure>\n\n\n\n<p>Milei, cuyo peinado alocado y su teatralidad radical de estrella de rock durante la campa\u00f1a contribuyeron a consolidar su imagen de reci\u00e9n llegado iconoclasta, ha prometido cerrar el banco central del pa\u00eds, introducir el d\u00f3lar estadounidense como moneda, recortar dr\u00e1sticamente el gasto p\u00fablico, reducir el n\u00famero de ministerios de 18 a 8 y llevar a cabo privatizaciones a gran escala. Tambi\u00e9n ha propuesto transferir la autoridad del sistema penitenciario de Argentina de los civiles a los militares y celebrar un refer\u00e9ndum para decidir si se vuelve a penalizar el aborto, legalizado en 2020.<\/p>\n\n\n\n<p>Se hab\u00eda especulado con la posibilidad de que se viera obligado a proceder con relativa lentitud en algunos de sus planes, dado que no tendr\u00e1 mayor\u00eda en el Congreso. Pero, aparentemente animado por el amplio margen de victoria, sugiri\u00f3 que la velocidad ser\u00e1 esencial. &#8220;A menos que avancemos r\u00e1pidamente con las reformas que este pa\u00eds necesita, nos veremos inmersos en la peor crisis de nuestra historia&#8221;, afirm\u00f3.<\/p>\n\n\n\n<p>Las felicitaciones de los l\u00edderes mundiales no se hicieron esperar, aunque en algunos casos fueron moderadas. El Presidente de Brasil, Lula da Silva, un izquierdista descrito por Milei como &#8220;comunista&#8221;, se limit\u00f3 a &#8220;felicitar a las instituciones argentinas por la conducci\u00f3n del proceso electoral y al pueblo argentino que particip\u00f3 en la jornada electoral de forma ordenada y pac\u00edfica&#8221;. No mencion\u00f3 a Milei por su nombre y no tiene previsto asistir a la toma de posesi\u00f3n el mes que viene, seg\u00fan el Ministerio de Asuntos Exteriores brasile\u00f1o.<\/p>\n\n\n\n<p>El presidente Petro de Colombia tuite\u00f3: &#8220;La extrema derecha ha ganado en Argentina. Es la decisi\u00f3n de su sociedad&#8221;. Donald Trump ofreci\u00f3 su apoyo a un hombre que a menudo ha sido aclamado como el Trump de Argentina. &#8220;Estoy muy orgulloso de ti&#8221;, dijo.<\/p>\n\n\n\n<p>Uno de los muchos planes pol\u00e9micos de Milei es reducir todas las relaciones con China, el segundo socio comercial de Argentina, por detr\u00e1s de Brasil. El gobierno chino, sin embargo, pareci\u00f3 desentenderse de la amenaza durante la habitual rueda de prensa del Ministerio de Asuntos Exteriores celebrada ayer en Pek\u00edn.<\/p>\n\n\n\n<p>Los votantes festejaron en las calles del centro de Buenos Aires y los automovilistas hicieron sonar sus bocinas al conocerse el resultado. Alrededor de la famosa torre del Obelisco, miles de partidarios del presidente electo ondeaban banderas, tanto la azul y blanca argentina como las amarillas de la coalici\u00f3n de Milei, Avances Libertarios.<\/p>\n\n\n\n<p>Milei gan\u00f3 en todas las provincias argentinas menos en tres, la mayor derrota hasta ahora del peronismo, el sistema de gobierno estatista que lleva el nombre de su fundador, Juan Per\u00f3n, y por el que el pa\u00eds ha vivido la mayor parte de los \u00faltimos 75 a\u00f1os. En su discurso de victoria, Milei calific\u00f3 al peronismo de &#8220;modelo de decadencia&#8221; que, seg\u00fan \u00e9l, no ha hecho m\u00e1s que empobrecer al pueblo y enriquecer a su propia clase pol\u00edtica.<\/p>\n\n\n\n<p>La votaci\u00f3n se celebr\u00f3 en medio de una grave crisis econ\u00f3mica, con una inflaci\u00f3n superior al 140%, el peso hundido frente al d\u00f3lar y m\u00e1s del 40% de la poblaci\u00f3n en la pobreza. La mitad de los argentinos recibe alg\u00fan tipo de prestaci\u00f3n, pero la inflaci\u00f3n se ha comido el valor de la mayor parte de esas ayudas.<\/p>\n\n\n\n<p>Mientras el pa\u00eds analizaba el inesperado amplio margen de la victoria de Milei, algunos lo vieron como un claro voto de castigo contra el Gobierno peronista de izquierdas del presidente en funciones Fern\u00e1ndez y su vicepresidenta, Cristina Fern\u00e1ndez de Kirchner. Los intentos de Massa de distanciarse del gobierno en el que sirvi\u00f3 no hab\u00edan convencido en gran medida a los votantes.<\/p>\n\n\n\n<p>La investidura presidencial tendr\u00e1 lugar en Buenos Aires. Una preocupaci\u00f3n inmediata es si habr\u00e1 protestas masivas, ya que el nuevo gobierno vira bruscamente de la izquierda a la derecha al tiempo que promete una terapia de choque para la econom\u00eda.<\/p>\n\n\n\n<p>Milei reconoce que existe un riesgo. &#8220;Dentro de la ley, todo&#8221;, advirti\u00f3. &#8220;Fuera de ella, nada&#8221;.<\/p>\n\n\n\n<p>Hubo un tiempo, no muy lejano, en que ser argentino era sin\u00f3nimo de ser rico. &#8220;Es tan rico como un argentino&#8221; era la frase que se escuchaba en los salones de Par\u00eds y Londres.<br>Eso ocurr\u00eda a principios del siglo XX, cuando la nueva rep\u00fablica, con sus vastos recursos naturales, era dos veces m\u00e1s rica que su antiguo amo colonial, Espa\u00f1a. En 1910, casi el 4% de todo el oro del mundo estaba depositado en las cajas fuertes de Buenos Aires.<\/p>\n\n\n\n<p>Los grandes bulevares de la capital, el exuberante teatro de la \u00f3pera Col\u00f3n, donde Javier Milei fue a ver Madama Butterfly el pasado viernes, y el campo de polo, en el coraz\u00f3n de la ciudad, son testimonio de aquellos tiempos. \u00bfC\u00f3mo ha ido tan mal?<\/p>\n\n\n\n<p>Argentina ha incumplido nueve veces, m\u00e1s que ning\u00fan otro pa\u00eds, y sus deudas ascienden a la friolera de 600.000 millones de d\u00f3lares. Las reservas de oro est\u00e1n agotadas desde hace tiempo.<\/p>\n\n\n\n<p>Dos factores son clave: un gobierno inestable y el populismo. Entre 1930 y 1983, Argentina sufri\u00f3 una serie de golpes de estado que desembocaron en gobiernos militares, alternados con gobiernos civiles, que socavaron el Estado de derecho y la inversi\u00f3n durante medio siglo, cuando muchos de sus rivales mundiales estaban transformando sus econom\u00edas.<\/p>\n\n\n\n<p>Juan Per\u00f3n, que ocup\u00f3 la presidencia por primera vez en 1946 y cuyo legado, el peronismo, perdura hasta nuestros d\u00edas, cre\u00eda en un Estado fuerte e intrusivo, que trabajara junto a poderosos sindicatos. Estableci\u00f3 en Argentina amplios planes de bienestar y pol\u00edticas econ\u00f3micas proteccionistas que le han convertido en un h\u00e9roe para algunos, a costa del crecimiento. Per\u00f3n muri\u00f3 en 1974, pero sus pol\u00edticas perduran.<\/p>\n\n\n\n<p>Un tercio de los argentinos con empleo a tiempo completo son empleados del Estado. Los servicios p\u00fablicos est\u00e1n fuertemente subvencionados. El gobierno acumula un enorme d\u00e9ficit y paga sus facturas principalmente imprimiendo dinero.<\/p>\n\n\n\n<p>Milei propone poner fin a todo esto. El pa\u00eds, insiste, necesita un tratamiento de choque o se convertir\u00e1 en una barriada.<\/p>\n\n\n\n<p>Pero, \u00bfpodr\u00e1 revertir un siglo de decadencia en los cuatro a\u00f1os que faltan para las pr\u00f3ximas elecciones? Sus oponentes ya susurran que su tratamiento ser\u00e1 peor que la enfermedad. Predicen que su mandato ser\u00e1 breve.<br><br><small>Copyright \u00a9 2023 ElCanillita.info \/ SalaStampa.Eu, servicio mundial de prensa<\/small><\/p>\n","protected":false},"excerpt":{"rendered":"<p>El presidente radical libertario electo de Argentina prometi\u00f3 privatizaciones masivas en su primera declaraci\u00f3n pol\u00edtica tras su aplastante victoria del domingo.<\/p>\n","protected":false},"author":1,"featured_media":3836,"comment_status":"closed","ping_status":"closed","sticky":false,"template":"","format":"standard","meta":{"footnotes":"","_links_to":"","_links_to_target":""},"categories":[108,121,70,11,23],"tags":[29],"class_list":["post-3833","post","type-post","status-publish","format-standard","has-post-thumbnail","hentry","category-blogdiario","category-dc24","category-actualidad","category-america-del-sur","category-politica","tag-argentina","entry","double"],"yoast_head":"<!-- This site is optimized with the Yoast SEO plugin v27.4 - https:\/\/yoast.com\/product\/yoast-seo-wordpress\/ -->\n<title>Javier Milei promete privatizaciones masivas - ElCanillita.Info<\/title>\n<meta name=\"description\" content=\"El presidente radical libertario electo de Argentina prometi\u00f3 privatizaciones masivas en su primera declaraci\u00f3n pol\u00edtica tras su aplastante victoria del domingo..\" \/>\n<meta name=\"robots\" content=\"index, follow, max-snippet:-1, max-image-preview:large, max-video-preview:-1\" \/>\n<link rel=\"canonical\" href=\"https:\/\/elcanillita.info\/press\/2023\/11\/20\/javier-milei-promete-privatizaciones-masivas\/\" \/>\n<meta property=\"og:locale\" content=\"es_ES\" \/>\n<meta property=\"og:type\" content=\"article\" \/>\n<meta property=\"og:title\" content=\"Javier Milei promete privatizaciones masivas - ElCanillita.Info\" \/>\n<meta property=\"og:description\" content=\"El presidente radical libertario electo de Argentina prometi\u00f3 privatizaciones masivas en su primera declaraci\u00f3n pol\u00edtica tras su aplastante victoria del domingo..\" \/>\n<meta property=\"og:url\" content=\"https:\/\/elcanillita.info\/press\/2023\/11\/20\/javier-milei-promete-privatizaciones-masivas\/\" \/>\n<meta property=\"og:site_name\" content=\"ElCanillita.Info\" \/>\n<meta property=\"article:publisher\" content=\"https:\/\/ar-ar.facebook.com\/ElCanillitainfo-114249515285712\/\" \/>\n<meta property=\"article:published_time\" content=\"2023-11-21T02:14:46+00:00\" \/>\n<meta property=\"article:modified_time\" content=\"2023-11-21T02:14:47+00:00\" \/>\n<meta property=\"og:image\" content=\"https:\/\/elcanillita.info\/press\/images\/2023\/11\/1000_20231120.jpg\" \/>\n\t<meta property=\"og:image:width\" content=\"600\" \/>\n\t<meta property=\"og:image:height\" content=\"376\" \/>\n\t<meta property=\"og:image:type\" content=\"image\/jpeg\" \/>\n<meta name=\"author\" content=\"SalaStampa.eu, world press service\" \/>\n<meta name=\"twitter:card\" content=\"summary_large_image\" \/>\n<meta name=\"twitter:label1\" content=\"Escrito por\" \/>\n\t<meta name=\"twitter:data1\" content=\"SalaStampa.eu, world press service\" \/>\n\t<meta name=\"twitter:label2\" content=\"Tiempo de lectura\" \/>\n\t<meta name=\"twitter:data2\" content=\"7 minutos\" \/>\n<script type=\"application\/ld+json\" class=\"yoast-schema-graph\">{\"@context\":\"https:\\\/\\\/schema.org\",\"@graph\":[{\"@type\":\"Article\",\"@id\":\"https:\\\/\\\/elcanillita.info\\\/press\\\/2023\\\/11\\\/20\\\/javier-milei-promete-privatizaciones-masivas\\\/#article\",\"isPartOf\":{\"@id\":\"https:\\\/\\\/elcanillita.info\\\/press\\\/2023\\\/11\\\/20\\\/javier-milei-promete-privatizaciones-masivas\\\/\"},\"author\":{\"name\":\"SalaStampa.eu, world press service\",\"@id\":\"https:\\\/\\\/elcanillita.info\\\/press\\\/#\\\/schema\\\/person\\\/7fcb79f38045700919f7da6d97e71ba0\"},\"headline\":\"Javier Milei promete privatizaciones masivas\",\"datePublished\":\"2023-11-21T02:14:46+00:00\",\"dateModified\":\"2023-11-21T02:14:47+00:00\",\"mainEntityOfPage\":{\"@id\":\"https:\\\/\\\/elcanillita.info\\\/press\\\/2023\\\/11\\\/20\\\/javier-milei-promete-privatizaciones-masivas\\\/\"},\"wordCount\":1332,\"publisher\":{\"@id\":\"https:\\\/\\\/elcanillita.info\\\/press\\\/#organization\"},\"image\":{\"@id\":\"https:\\\/\\\/elcanillita.info\\\/press\\\/2023\\\/11\\\/20\\\/javier-milei-promete-privatizaciones-masivas\\\/#primaryimage\"},\"thumbnailUrl\":\"https:\\\/\\\/elcanillita.info\\\/press\\\/images\\\/2023\\\/11\\\/1000_20231120.jpg\",\"keywords\":[\"Argentina\"],\"articleSection\":[\".\",\".\",\"Actualidad\",\"Am\u00e9rica del Sur\",\"Politica\"],\"inLanguage\":\"es-AR\"},{\"@type\":\"WebPage\",\"@id\":\"https:\\\/\\\/elcanillita.info\\\/press\\\/2023\\\/11\\\/20\\\/javier-milei-promete-privatizaciones-masivas\\\/\",\"url\":\"https:\\\/\\\/elcanillita.info\\\/press\\\/2023\\\/11\\\/20\\\/javier-milei-promete-privatizaciones-masivas\\\/\",\"name\":\"Javier Milei promete privatizaciones masivas - ElCanillita.Info\",\"isPartOf\":{\"@id\":\"https:\\\/\\\/elcanillita.info\\\/press\\\/#website\"},\"primaryImageOfPage\":{\"@id\":\"https:\\\/\\\/elcanillita.info\\\/press\\\/2023\\\/11\\\/20\\\/javier-milei-promete-privatizaciones-masivas\\\/#primaryimage\"},\"image\":{\"@id\":\"https:\\\/\\\/elcanillita.info\\\/press\\\/2023\\\/11\\\/20\\\/javier-milei-promete-privatizaciones-masivas\\\/#primaryimage\"},\"thumbnailUrl\":\"https:\\\/\\\/elcanillita.info\\\/press\\\/images\\\/2023\\\/11\\\/1000_20231120.jpg\",\"datePublished\":\"2023-11-21T02:14:46+00:00\",\"dateModified\":\"2023-11-21T02:14:47+00:00\",\"description\":\"El presidente radical libertario electo de Argentina prometi\u00f3 privatizaciones masivas en su primera declaraci\u00f3n pol\u00edtica tras su aplastante victoria del domingo..\",\"inLanguage\":\"es-AR\",\"potentialAction\":[{\"@type\":\"ReadAction\",\"target\":[\"https:\\\/\\\/elcanillita.info\\\/press\\\/2023\\\/11\\\/20\\\/javier-milei-promete-privatizaciones-masivas\\\/\"]}]},{\"@type\":\"ImageObject\",\"inLanguage\":\"es-AR\",\"@id\":\"https:\\\/\\\/elcanillita.info\\\/press\\\/2023\\\/11\\\/20\\\/javier-milei-promete-privatizaciones-masivas\\\/#primaryimage\",\"url\":\"https:\\\/\\\/elcanillita.info\\\/press\\\/images\\\/2023\\\/11\\\/1000_20231120.jpg\",\"contentUrl\":\"https:\\\/\\\/elcanillita.info\\\/press\\\/images\\\/2023\\\/11\\\/1000_20231120.jpg\",\"width\":600,\"height\":376},{\"@type\":\"WebSite\",\"@id\":\"https:\\\/\\\/elcanillita.info\\\/press\\\/#website\",\"url\":\"https:\\\/\\\/elcanillita.info\\\/press\\\/\",\"name\":\"ElCanillita.Info\",\"description\":\"desde los Apeninos a los Andes\",\"publisher\":{\"@id\":\"https:\\\/\\\/elcanillita.info\\\/press\\\/#organization\"},\"potentialAction\":[{\"@type\":\"SearchAction\",\"target\":{\"@type\":\"EntryPoint\",\"urlTemplate\":\"https:\\\/\\\/elcanillita.info\\\/press\\\/?s={search_term_string}\"},\"query-input\":{\"@type\":\"PropertyValueSpecification\",\"valueRequired\":true,\"valueName\":\"search_term_string\"}}],\"inLanguage\":\"es-AR\"},{\"@type\":\"Organization\",\"@id\":\"https:\\\/\\\/elcanillita.info\\\/press\\\/#organization\",\"name\":\"Guzzo Photos & Graphic Publications\",\"url\":\"https:\\\/\\\/elcanillita.info\\\/press\\\/\",\"logo\":{\"@type\":\"ImageObject\",\"inLanguage\":\"es-AR\",\"@id\":\"https:\\\/\\\/elcanillita.info\\\/press\\\/#\\\/schema\\\/logo\\\/image\\\/\",\"url\":\"https:\\\/\\\/elcanillita.info\\\/press\\\/images\\\/2020\\\/01\\\/cropped-cropped-cropped-elcanillitainfo.png\",\"contentUrl\":\"https:\\\/\\\/elcanillita.info\\\/press\\\/images\\\/2020\\\/01\\\/cropped-cropped-cropped-elcanillitainfo.png\",\"width\":460,\"height\":50,\"caption\":\"Guzzo Photos & Graphic Publications\"},\"image\":{\"@id\":\"https:\\\/\\\/elcanillita.info\\\/press\\\/#\\\/schema\\\/logo\\\/image\\\/\"},\"sameAs\":[\"https:\\\/\\\/ar-ar.facebook.com\\\/ElCanillitainfo-114249515285712\\\/\"]},{\"@type\":\"Person\",\"@id\":\"https:\\\/\\\/elcanillita.info\\\/press\\\/#\\\/schema\\\/person\\\/7fcb79f38045700919f7da6d97e71ba0\",\"name\":\"SalaStampa.eu, world press service\",\"image\":{\"@type\":\"ImageObject\",\"inLanguage\":\"es-AR\",\"@id\":\"https:\\\/\\\/secure.gravatar.com\\\/avatar\\\/c2f0e0d515a107624234994507816ca4724c7199cef73fc8bedebf6931d73888?s=96&d=mm&r=g\",\"url\":\"https:\\\/\\\/secure.gravatar.com\\\/avatar\\\/c2f0e0d515a107624234994507816ca4724c7199cef73fc8bedebf6931d73888?s=96&d=mm&r=g\",\"contentUrl\":\"https:\\\/\\\/secure.gravatar.com\\\/avatar\\\/c2f0e0d515a107624234994507816ca4724c7199cef73fc8bedebf6931d73888?s=96&d=mm&r=g\",\"caption\":\"SalaStampa.eu, world press service\"}}]}<\/script>\n<!-- \/ Yoast SEO plugin. -->","yoast_head_json":{"title":"Javier Milei promete privatizaciones masivas - ElCanillita.Info","description":"El presidente radical libertario electo de Argentina prometi\u00f3 privatizaciones masivas en su primera declaraci\u00f3n pol\u00edtica tras su aplastante victoria del domingo..","robots":{"index":"index","follow":"follow","max-snippet":"max-snippet:-1","max-image-preview":"max-image-preview:large","max-video-preview":"max-video-preview:-1"},"canonical":"https:\/\/elcanillita.info\/press\/2023\/11\/20\/javier-milei-promete-privatizaciones-masivas\/","og_locale":"es_ES","og_type":"article","og_title":"Javier Milei promete privatizaciones masivas - ElCanillita.Info","og_description":"El presidente radical libertario electo de Argentina prometi\u00f3 privatizaciones masivas en su primera declaraci\u00f3n pol\u00edtica tras su aplastante victoria del domingo..","og_url":"https:\/\/elcanillita.info\/press\/2023\/11\/20\/javier-milei-promete-privatizaciones-masivas\/","og_site_name":"ElCanillita.Info","article_publisher":"https:\/\/ar-ar.facebook.com\/ElCanillitainfo-114249515285712\/","article_published_time":"2023-11-21T02:14:46+00:00","article_modified_time":"2023-11-21T02:14:47+00:00","og_image":[{"width":600,"height":376,"url":"https:\/\/elcanillita.info\/press\/images\/2023\/11\/1000_20231120.jpg","type":"image\/jpeg"}],"author":"SalaStampa.eu, world press service","twitter_card":"summary_large_image","twitter_misc":{"Escrito por":"SalaStampa.eu, world press service","Tiempo de lectura":"7 minutos"},"schema":{"@context":"https:\/\/schema.org","@graph":[{"@type":"Article","@id":"https:\/\/elcanillita.info\/press\/2023\/11\/20\/javier-milei-promete-privatizaciones-masivas\/#article","isPartOf":{"@id":"https:\/\/elcanillita.info\/press\/2023\/11\/20\/javier-milei-promete-privatizaciones-masivas\/"},"author":{"name":"SalaStampa.eu, world press service","@id":"https:\/\/elcanillita.info\/press\/#\/schema\/person\/7fcb79f38045700919f7da6d97e71ba0"},"headline":"Javier Milei promete privatizaciones masivas","datePublished":"2023-11-21T02:14:46+00:00","dateModified":"2023-11-21T02:14:47+00:00","mainEntityOfPage":{"@id":"https:\/\/elcanillita.info\/press\/2023\/11\/20\/javier-milei-promete-privatizaciones-masivas\/"},"wordCount":1332,"publisher":{"@id":"https:\/\/elcanillita.info\/press\/#organization"},"image":{"@id":"https:\/\/elcanillita.info\/press\/2023\/11\/20\/javier-milei-promete-privatizaciones-masivas\/#primaryimage"},"thumbnailUrl":"https:\/\/elcanillita.info\/press\/images\/2023\/11\/1000_20231120.jpg","keywords":["Argentina"],"articleSection":[".",".","Actualidad","Am\u00e9rica del Sur","Politica"],"inLanguage":"es-AR"},{"@type":"WebPage","@id":"https:\/\/elcanillita.info\/press\/2023\/11\/20\/javier-milei-promete-privatizaciones-masivas\/","url":"https:\/\/elcanillita.info\/press\/2023\/11\/20\/javier-milei-promete-privatizaciones-masivas\/","name":"Javier Milei promete privatizaciones masivas - ElCanillita.Info","isPartOf":{"@id":"https:\/\/elcanillita.info\/press\/#website"},"primaryImageOfPage":{"@id":"https:\/\/elcanillita.info\/press\/2023\/11\/20\/javier-milei-promete-privatizaciones-masivas\/#primaryimage"},"image":{"@id":"https:\/\/elcanillita.info\/press\/2023\/11\/20\/javier-milei-promete-privatizaciones-masivas\/#primaryimage"},"thumbnailUrl":"https:\/\/elcanillita.info\/press\/images\/2023\/11\/1000_20231120.jpg","datePublished":"2023-11-21T02:14:46+00:00","dateModified":"2023-11-21T02:14:47+00:00","description":"El presidente radical libertario electo de Argentina prometi\u00f3 privatizaciones masivas en su primera declaraci\u00f3n pol\u00edtica tras su aplastante victoria del domingo..","inLanguage":"es-AR","potentialAction":[{"@type":"ReadAction","target":["https:\/\/elcanillita.info\/press\/2023\/11\/20\/javier-milei-promete-privatizaciones-masivas\/"]}]},{"@type":"ImageObject","inLanguage":"es-AR","@id":"https:\/\/elcanillita.info\/press\/2023\/11\/20\/javier-milei-promete-privatizaciones-masivas\/#primaryimage","url":"https:\/\/elcanillita.info\/press\/images\/2023\/11\/1000_20231120.jpg","contentUrl":"https:\/\/elcanillita.info\/press\/images\/2023\/11\/1000_20231120.jpg","width":600,"height":376},{"@type":"WebSite","@id":"https:\/\/elcanillita.info\/press\/#website","url":"https:\/\/elcanillita.info\/press\/","name":"ElCanillita.Info","description":"desde los Apeninos a los Andes","publisher":{"@id":"https:\/\/elcanillita.info\/press\/#organization"},"potentialAction":[{"@type":"SearchAction","target":{"@type":"EntryPoint","urlTemplate":"https:\/\/elcanillita.info\/press\/?s={search_term_string}"},"query-input":{"@type":"PropertyValueSpecification","valueRequired":true,"valueName":"search_term_string"}}],"inLanguage":"es-AR"},{"@type":"Organization","@id":"https:\/\/elcanillita.info\/press\/#organization","name":"Guzzo Photos & Graphic Publications","url":"https:\/\/elcanillita.info\/press\/","logo":{"@type":"ImageObject","inLanguage":"es-AR","@id":"https:\/\/elcanillita.info\/press\/#\/schema\/logo\/image\/","url":"https:\/\/elcanillita.info\/press\/images\/2020\/01\/cropped-cropped-cropped-elcanillitainfo.png","contentUrl":"https:\/\/elcanillita.info\/press\/images\/2020\/01\/cropped-cropped-cropped-elcanillitainfo.png","width":460,"height":50,"caption":"Guzzo Photos & Graphic Publications"},"image":{"@id":"https:\/\/elcanillita.info\/press\/#\/schema\/logo\/image\/"},"sameAs":["https:\/\/ar-ar.facebook.com\/ElCanillitainfo-114249515285712\/"]},{"@type":"Person","@id":"https:\/\/elcanillita.info\/press\/#\/schema\/person\/7fcb79f38045700919f7da6d97e71ba0","name":"SalaStampa.eu, world press service","image":{"@type":"ImageObject","inLanguage":"es-AR","@id":"https:\/\/secure.gravatar.com\/avatar\/c2f0e0d515a107624234994507816ca4724c7199cef73fc8bedebf6931d73888?s=96&d=mm&r=g","url":"https:\/\/secure.gravatar.com\/avatar\/c2f0e0d515a107624234994507816ca4724c7199cef73fc8bedebf6931d73888?s=96&d=mm&r=g","contentUrl":"https:\/\/secure.gravatar.com\/avatar\/c2f0e0d515a107624234994507816ca4724c7199cef73fc8bedebf6931d73888?s=96&d=mm&r=g","caption":"SalaStampa.eu, world press service"}}]}},"views":303,"_links":{"self":[{"href":"https:\/\/elcanillita.info\/press\/wp-json\/wp\/v2\/posts\/3833","targetHints":{"allow":["GET"]}}],"collection":[{"href":"https:\/\/elcanillita.info\/press\/wp-json\/wp\/v2\/posts"}],"about":[{"href":"https:\/\/elcanillita.info\/press\/wp-json\/wp\/v2\/types\/post"}],"author":[{"embeddable":true,"href":"https:\/\/elcanillita.info\/press\/wp-json\/wp\/v2\/users\/1"}],"replies":[{"embeddable":true,"href":"https:\/\/elcanillita.info\/press\/wp-json\/wp\/v2\/comments?post=3833"}],"version-history":[{"count":0,"href":"https:\/\/elcanillita.info\/press\/wp-json\/wp\/v2\/posts\/3833\/revisions"}],"wp:featuredmedia":[{"embeddable":true,"href":"https:\/\/elcanillita.info\/press\/wp-json\/wp\/v2\/media\/3836"}],"wp:attachment":[{"href":"https:\/\/elcanillita.info\/press\/wp-json\/wp\/v2\/media?parent=3833"}],"wp:term":[{"taxonomy":"category","embeddable":true,"href":"https:\/\/elcanillita.info\/press\/wp-json\/wp\/v2\/categories?post=3833"},{"taxonomy":"post_tag","embeddable":true,"href":"https:\/\/elcanillita.info\/press\/wp-json\/wp\/v2\/tags?post=3833"}],"curies":[{"name":"wp","href":"https:\/\/api.w.org\/{rel}","templated":true}]}}