{"id":382,"date":"2020-02-07T14:37:21","date_gmt":"2020-02-07T17:37:21","guid":{"rendered":"https:\/\/elcanillita.info\/press\/?p=382"},"modified":"2020-02-07T14:37:23","modified_gmt":"2020-02-07T17:37:23","slug":"usa-califica-cruel-traslado-ejecutivos-citgo-detenidos-venezuela","status":"publish","type":"post","link":"https:\/\/elcanillita.info\/press\/2020\/02\/07\/usa-califica-cruel-traslado-ejecutivos-citgo-detenidos-venezuela\/","title":{"rendered":"EE.UU. califica de \u201ccruel\u201d el traslado de los ejecutivos de Citgo detenidos en Venezuela"},"content":{"rendered":"\n<p>Washington, 07.02.2020 &#8211; El representante especial designado por el gobierno de EE.UU. para los asuntos de Venezuela, Elliott Abrams, calific\u00f3 de&nbsp;\u201ccruel\u201d e \u201cindefendible\u201d la situaci\u00f3n de los conocidos como los &#8216;6 de Citgo&#8217; luego de que&nbsp;los cuerpos de seguridad del Estado les sacaran de su arresto domiciliario.&nbsp;<\/p>\n\n\n\n<p>Asimismo, durante una rueda de prensa celebrada este jueves, Abrams&nbsp;volvi\u00f3 hacer un llamado para la liberaci\u00f3n de los seis directivos y asegur\u00f3 que \u201cla seguridad y la salud de los estadounidenses es una de las principales preocupaciones del Departamento de Estado\u201d.&nbsp;<\/p>\n\n\n\n<p>Familiares de seis exejecutivos de CITGO, la refiner\u00eda filial de PDVSA en Estados Unidos, detenidos en Caracas desde 2017 y en arresto domiciliario desde diciembre de 2019, denunciaron este jueves que fueron trasladados por agentes de seguridad del Estado y que fueron llevados a la c\u00e1rcel otra vez.<\/p>\n\n\n\n<p>\u201cCondenamos esta acci\u00f3n cruel e indefendible y exigimos que su larga e injusta detenci\u00f3n llegue a su fin y se les permita salir de Venezuela\u201d, indic\u00f3 Abrams.<\/p>\n\n\n\n<p>El grupo de ejecutivos, cinco de ellos ciudadanos estadounidenses, es causado de varios delitos, entre ellos malversaci\u00f3n de fondos. Se trata de: Jos\u00e9 Luis Zambrano, Alirio Zambrano, Jorge Toledo, Tomeu Vadell, Gustavo C\u00e1rdenas y Jos\u00e9 Pereira.<\/p>\n\n\n\n<p>\u201cTomamos esto muy seriamente. Hicimos un n\u00famero de esfuerzos hoy (\u2026) para saber m\u00e1s sobre lo que ocurre y para sacarles de prisi\u00f3n\u201d, detall\u00f3 el representante especial.<\/p>\n\n\n\n<p>El funcionario tambi\u00e9n abog\u00f3 por los dem\u00e1s presos pol\u00edticos, como los parlamentarios venezolanos Juan Requesens y Gilbert Caro.<\/p>\n\n\n\n<p> Espec\u00edficamente sobre la situaci\u00f3n en Venezuela, Abrams asegur\u00f3 que ve un \u201cabandono significativo del chavismo\u201d por parte del gobierno en disputa de Nicol\u00e1s Maduro, con acciones como el permitir la dolarizaci\u00f3n, pues tienen \u201cla espalda contra la pared\u201d, agreg\u00f3.<\/p>\n\n\n\n<p>Advirti\u00f3 que EE.UU. no se ha quedado sin sanciones y que tomar\u00e1 &#8220;medidas adicionales\u201d para apoyar al pueblo de Venezuela.<\/p>\n\n\n\n<p>Estas declaraciones se dan un d\u00eda despu\u00e9s de que Abrams recibiera en Washington al presidente interino Juan Guaid\u00f3, como parte de una gira que lo ha llevado a varios pa\u00edses de Am\u00e9rica y Europa.<\/p>\n\n\n\n<p>&#8220;El apoyo para \u00e9l (Guaid\u00f3) y para esta causa sigue siendo un asunto completamente bipartidista en Washington\u201d, agreg\u00f3.<\/p>\n\n\n\n<p>Por \u00faltimo, Abrams afirm\u00f3 que Washington est\u00e1 preparado para responder en caso de que le suceda algo a Guaid\u00f3 en su vuelta a Venezuela.<br><br><small>2020 voanoticias \u2013 salastampa.eu, afiliada a la red Broadcasting Board of Governors \u00a9 2020 BBG<\/small><\/p>\n","protected":false},"excerpt":{"rendered":"<p>Washington, 07.02.2020 &#8211; El representante especial designado por el gobierno de EE.UU. para los asuntos de Venezuela, Elliott Abrams, calific\u00f3 de \u201ccruel\u201d e \u201cindefendible\u201d la situaci\u00f3n de los conocidos como los &#8216;6 de Citgo&#8217; luego de que los cuerpos de seguridad del Estado les sacaran de su arresto domiciliario.<\/p>\n","protected":false},"author":1,"featured_media":0,"comment_status":"closed","ping_status":"closed","sticky":false,"template":"","format":"standard","meta":{"footnotes":"","_links_to":"","_links_to_target":""},"categories":[70,9,11,22,23],"tags":[34],"class_list":["post-382","post","type-post","status-publish","format-standard","hentry","category-actualidad","category-america-del-norte","category-america-del-sur","category-justicia","category-politica","tag-estados-unidos","entry","double"],"yoast_head":"<!-- This site is optimized with the Yoast SEO plugin v27.4 - https:\/\/yoast.com\/product\/yoast-seo-wordpress\/ -->\n<title>EE.UU. califica de \u201ccruel\u201d el traslado de los ejecutivos de Citgo detenidos en Venezuela - ElCanillita.Info<\/title>\n<meta name=\"robots\" content=\"index, follow, max-snippet:-1, max-image-preview:large, max-video-preview:-1\" \/>\n<link rel=\"canonical\" href=\"https:\/\/elcanillita.info\/press\/2020\/02\/07\/usa-califica-cruel-traslado-ejecutivos-citgo-detenidos-venezuela\/\" \/>\n<meta property=\"og:locale\" content=\"es_ES\" \/>\n<meta property=\"og:type\" content=\"article\" \/>\n<meta property=\"og:title\" content=\"EE.UU. califica de \u201ccruel\u201d el traslado de los ejecutivos de Citgo detenidos en Venezuela - ElCanillita.Info\" \/>\n<meta property=\"og:description\" content=\"Washington, 07.02.2020 - El representante especial designado por el gobierno de EE.UU. para los asuntos de Venezuela, Elliott Abrams, calific\u00f3 de \u201ccruel\u201d e \u201cindefendible\u201d la situaci\u00f3n de los conocidos como los &#039;6 de Citgo&#039; luego de que los cuerpos de seguridad del Estado les sacaran de su arresto domiciliario.\" \/>\n<meta property=\"og:url\" content=\"https:\/\/elcanillita.info\/press\/2020\/02\/07\/usa-califica-cruel-traslado-ejecutivos-citgo-detenidos-venezuela\/\" \/>\n<meta property=\"og:site_name\" content=\"ElCanillita.Info\" \/>\n<meta property=\"article:publisher\" content=\"https:\/\/ar-ar.facebook.com\/ElCanillitainfo-114249515285712\/\" \/>\n<meta property=\"article:published_time\" content=\"2020-02-07T17:37:21+00:00\" \/>\n<meta property=\"article:modified_time\" content=\"2020-02-07T17:37:23+00:00\" \/>\n<meta name=\"author\" content=\"SalaStampa.eu, world press service\" \/>\n<meta name=\"twitter:card\" content=\"summary_large_image\" \/>\n<meta name=\"twitter:label1\" content=\"Escrito por\" \/>\n\t<meta name=\"twitter:data1\" content=\"SalaStampa.eu, world press service\" \/>\n\t<meta name=\"twitter:label2\" content=\"Tiempo de lectura\" \/>\n\t<meta name=\"twitter:data2\" content=\"2 minutos\" \/>\n<script type=\"application\/ld+json\" class=\"yoast-schema-graph\">{\"@context\":\"https:\\\/\\\/schema.org\",\"@graph\":[{\"@type\":\"Article\",\"@id\":\"https:\\\/\\\/elcanillita.info\\\/press\\\/2020\\\/02\\\/07\\\/usa-califica-cruel-traslado-ejecutivos-citgo-detenidos-venezuela\\\/#article\",\"isPartOf\":{\"@id\":\"https:\\\/\\\/elcanillita.info\\\/press\\\/2020\\\/02\\\/07\\\/usa-califica-cruel-traslado-ejecutivos-citgo-detenidos-venezuela\\\/\"},\"author\":{\"name\":\"SalaStampa.eu, world press service\",\"@id\":\"https:\\\/\\\/elcanillita.info\\\/press\\\/#\\\/schema\\\/person\\\/7fcb79f38045700919f7da6d97e71ba0\"},\"headline\":\"EE.UU. califica de \u201ccruel\u201d el traslado de los ejecutivos de Citgo detenidos en Venezuela\",\"datePublished\":\"2020-02-07T17:37:21+00:00\",\"dateModified\":\"2020-02-07T17:37:23+00:00\",\"mainEntityOfPage\":{\"@id\":\"https:\\\/\\\/elcanillita.info\\\/press\\\/2020\\\/02\\\/07\\\/usa-califica-cruel-traslado-ejecutivos-citgo-detenidos-venezuela\\\/\"},\"wordCount\":433,\"publisher\":{\"@id\":\"https:\\\/\\\/elcanillita.info\\\/press\\\/#organization\"},\"keywords\":[\"Estados Unidos\"],\"articleSection\":[\"Actualidad\",\"Am\u00e9rica del Norte\",\"Am\u00e9rica del Sur\",\"Justicia\",\"Politica\"],\"inLanguage\":\"es-AR\"},{\"@type\":\"WebPage\",\"@id\":\"https:\\\/\\\/elcanillita.info\\\/press\\\/2020\\\/02\\\/07\\\/usa-califica-cruel-traslado-ejecutivos-citgo-detenidos-venezuela\\\/\",\"url\":\"https:\\\/\\\/elcanillita.info\\\/press\\\/2020\\\/02\\\/07\\\/usa-califica-cruel-traslado-ejecutivos-citgo-detenidos-venezuela\\\/\",\"name\":\"EE.UU. califica de \u201ccruel\u201d el traslado de los ejecutivos de Citgo detenidos en Venezuela - ElCanillita.Info\",\"isPartOf\":{\"@id\":\"https:\\\/\\\/elcanillita.info\\\/press\\\/#website\"},\"datePublished\":\"2020-02-07T17:37:21+00:00\",\"dateModified\":\"2020-02-07T17:37:23+00:00\",\"inLanguage\":\"es-AR\",\"potentialAction\":[{\"@type\":\"ReadAction\",\"target\":[\"https:\\\/\\\/elcanillita.info\\\/press\\\/2020\\\/02\\\/07\\\/usa-califica-cruel-traslado-ejecutivos-citgo-detenidos-venezuela\\\/\"]}]},{\"@type\":\"WebSite\",\"@id\":\"https:\\\/\\\/elcanillita.info\\\/press\\\/#website\",\"url\":\"https:\\\/\\\/elcanillita.info\\\/press\\\/\",\"name\":\"ElCanillita.Info\",\"description\":\"desde los Apeninos a los Andes\",\"publisher\":{\"@id\":\"https:\\\/\\\/elcanillita.info\\\/press\\\/#organization\"},\"potentialAction\":[{\"@type\":\"SearchAction\",\"target\":{\"@type\":\"EntryPoint\",\"urlTemplate\":\"https:\\\/\\\/elcanillita.info\\\/press\\\/?s={search_term_string}\"},\"query-input\":{\"@type\":\"PropertyValueSpecification\",\"valueRequired\":true,\"valueName\":\"search_term_string\"}}],\"inLanguage\":\"es-AR\"},{\"@type\":\"Organization\",\"@id\":\"https:\\\/\\\/elcanillita.info\\\/press\\\/#organization\",\"name\":\"Guzzo Photos & Graphic Publications\",\"url\":\"https:\\\/\\\/elcanillita.info\\\/press\\\/\",\"logo\":{\"@type\":\"ImageObject\",\"inLanguage\":\"es-AR\",\"@id\":\"https:\\\/\\\/elcanillita.info\\\/press\\\/#\\\/schema\\\/logo\\\/image\\\/\",\"url\":\"https:\\\/\\\/elcanillita.info\\\/press\\\/images\\\/2020\\\/01\\\/cropped-cropped-cropped-elcanillitainfo.png\",\"contentUrl\":\"https:\\\/\\\/elcanillita.info\\\/press\\\/images\\\/2020\\\/01\\\/cropped-cropped-cropped-elcanillitainfo.png\",\"width\":460,\"height\":50,\"caption\":\"Guzzo Photos & Graphic Publications\"},\"image\":{\"@id\":\"https:\\\/\\\/elcanillita.info\\\/press\\\/#\\\/schema\\\/logo\\\/image\\\/\"},\"sameAs\":[\"https:\\\/\\\/ar-ar.facebook.com\\\/ElCanillitainfo-114249515285712\\\/\"]},{\"@type\":\"Person\",\"@id\":\"https:\\\/\\\/elcanillita.info\\\/press\\\/#\\\/schema\\\/person\\\/7fcb79f38045700919f7da6d97e71ba0\",\"name\":\"SalaStampa.eu, world press service\",\"image\":{\"@type\":\"ImageObject\",\"inLanguage\":\"es-AR\",\"@id\":\"https:\\\/\\\/secure.gravatar.com\\\/avatar\\\/c2f0e0d515a107624234994507816ca4724c7199cef73fc8bedebf6931d73888?s=96&d=mm&r=g\",\"url\":\"https:\\\/\\\/secure.gravatar.com\\\/avatar\\\/c2f0e0d515a107624234994507816ca4724c7199cef73fc8bedebf6931d73888?s=96&d=mm&r=g\",\"contentUrl\":\"https:\\\/\\\/secure.gravatar.com\\\/avatar\\\/c2f0e0d515a107624234994507816ca4724c7199cef73fc8bedebf6931d73888?s=96&d=mm&r=g\",\"caption\":\"SalaStampa.eu, world press service\"}}]}<\/script>\n<!-- \/ Yoast SEO plugin. -->","yoast_head_json":{"title":"EE.UU. califica de \u201ccruel\u201d el traslado de los ejecutivos de Citgo detenidos en Venezuela - ElCanillita.Info","robots":{"index":"index","follow":"follow","max-snippet":"max-snippet:-1","max-image-preview":"max-image-preview:large","max-video-preview":"max-video-preview:-1"},"canonical":"https:\/\/elcanillita.info\/press\/2020\/02\/07\/usa-califica-cruel-traslado-ejecutivos-citgo-detenidos-venezuela\/","og_locale":"es_ES","og_type":"article","og_title":"EE.UU. califica de \u201ccruel\u201d el traslado de los ejecutivos de Citgo detenidos en Venezuela - ElCanillita.Info","og_description":"Washington, 07.02.2020 - El representante especial designado por el gobierno de EE.UU. para los asuntos de Venezuela, Elliott Abrams, calific\u00f3 de \u201ccruel\u201d e \u201cindefendible\u201d la situaci\u00f3n de los conocidos como los '6 de Citgo' luego de que los cuerpos de seguridad del Estado les sacaran de su arresto domiciliario.","og_url":"https:\/\/elcanillita.info\/press\/2020\/02\/07\/usa-califica-cruel-traslado-ejecutivos-citgo-detenidos-venezuela\/","og_site_name":"ElCanillita.Info","article_publisher":"https:\/\/ar-ar.facebook.com\/ElCanillitainfo-114249515285712\/","article_published_time":"2020-02-07T17:37:21+00:00","article_modified_time":"2020-02-07T17:37:23+00:00","author":"SalaStampa.eu, world press service","twitter_card":"summary_large_image","twitter_misc":{"Escrito por":"SalaStampa.eu, world press service","Tiempo de lectura":"2 minutos"},"schema":{"@context":"https:\/\/schema.org","@graph":[{"@type":"Article","@id":"https:\/\/elcanillita.info\/press\/2020\/02\/07\/usa-califica-cruel-traslado-ejecutivos-citgo-detenidos-venezuela\/#article","isPartOf":{"@id":"https:\/\/elcanillita.info\/press\/2020\/02\/07\/usa-califica-cruel-traslado-ejecutivos-citgo-detenidos-venezuela\/"},"author":{"name":"SalaStampa.eu, world press service","@id":"https:\/\/elcanillita.info\/press\/#\/schema\/person\/7fcb79f38045700919f7da6d97e71ba0"},"headline":"EE.UU. califica de \u201ccruel\u201d el traslado de los ejecutivos de Citgo detenidos en Venezuela","datePublished":"2020-02-07T17:37:21+00:00","dateModified":"2020-02-07T17:37:23+00:00","mainEntityOfPage":{"@id":"https:\/\/elcanillita.info\/press\/2020\/02\/07\/usa-califica-cruel-traslado-ejecutivos-citgo-detenidos-venezuela\/"},"wordCount":433,"publisher":{"@id":"https:\/\/elcanillita.info\/press\/#organization"},"keywords":["Estados Unidos"],"articleSection":["Actualidad","Am\u00e9rica del Norte","Am\u00e9rica del Sur","Justicia","Politica"],"inLanguage":"es-AR"},{"@type":"WebPage","@id":"https:\/\/elcanillita.info\/press\/2020\/02\/07\/usa-califica-cruel-traslado-ejecutivos-citgo-detenidos-venezuela\/","url":"https:\/\/elcanillita.info\/press\/2020\/02\/07\/usa-califica-cruel-traslado-ejecutivos-citgo-detenidos-venezuela\/","name":"EE.UU. califica de \u201ccruel\u201d el traslado de los ejecutivos de Citgo detenidos en Venezuela - ElCanillita.Info","isPartOf":{"@id":"https:\/\/elcanillita.info\/press\/#website"},"datePublished":"2020-02-07T17:37:21+00:00","dateModified":"2020-02-07T17:37:23+00:00","inLanguage":"es-AR","potentialAction":[{"@type":"ReadAction","target":["https:\/\/elcanillita.info\/press\/2020\/02\/07\/usa-califica-cruel-traslado-ejecutivos-citgo-detenidos-venezuela\/"]}]},{"@type":"WebSite","@id":"https:\/\/elcanillita.info\/press\/#website","url":"https:\/\/elcanillita.info\/press\/","name":"ElCanillita.Info","description":"desde los Apeninos a los Andes","publisher":{"@id":"https:\/\/elcanillita.info\/press\/#organization"},"potentialAction":[{"@type":"SearchAction","target":{"@type":"EntryPoint","urlTemplate":"https:\/\/elcanillita.info\/press\/?s={search_term_string}"},"query-input":{"@type":"PropertyValueSpecification","valueRequired":true,"valueName":"search_term_string"}}],"inLanguage":"es-AR"},{"@type":"Organization","@id":"https:\/\/elcanillita.info\/press\/#organization","name":"Guzzo Photos & Graphic Publications","url":"https:\/\/elcanillita.info\/press\/","logo":{"@type":"ImageObject","inLanguage":"es-AR","@id":"https:\/\/elcanillita.info\/press\/#\/schema\/logo\/image\/","url":"https:\/\/elcanillita.info\/press\/images\/2020\/01\/cropped-cropped-cropped-elcanillitainfo.png","contentUrl":"https:\/\/elcanillita.info\/press\/images\/2020\/01\/cropped-cropped-cropped-elcanillitainfo.png","width":460,"height":50,"caption":"Guzzo Photos & Graphic Publications"},"image":{"@id":"https:\/\/elcanillita.info\/press\/#\/schema\/logo\/image\/"},"sameAs":["https:\/\/ar-ar.facebook.com\/ElCanillitainfo-114249515285712\/"]},{"@type":"Person","@id":"https:\/\/elcanillita.info\/press\/#\/schema\/person\/7fcb79f38045700919f7da6d97e71ba0","name":"SalaStampa.eu, world press service","image":{"@type":"ImageObject","inLanguage":"es-AR","@id":"https:\/\/secure.gravatar.com\/avatar\/c2f0e0d515a107624234994507816ca4724c7199cef73fc8bedebf6931d73888?s=96&d=mm&r=g","url":"https:\/\/secure.gravatar.com\/avatar\/c2f0e0d515a107624234994507816ca4724c7199cef73fc8bedebf6931d73888?s=96&d=mm&r=g","contentUrl":"https:\/\/secure.gravatar.com\/avatar\/c2f0e0d515a107624234994507816ca4724c7199cef73fc8bedebf6931d73888?s=96&d=mm&r=g","caption":"SalaStampa.eu, world press service"}}]}},"views":727,"_links":{"self":[{"href":"https:\/\/elcanillita.info\/press\/wp-json\/wp\/v2\/posts\/382","targetHints":{"allow":["GET"]}}],"collection":[{"href":"https:\/\/elcanillita.info\/press\/wp-json\/wp\/v2\/posts"}],"about":[{"href":"https:\/\/elcanillita.info\/press\/wp-json\/wp\/v2\/types\/post"}],"author":[{"embeddable":true,"href":"https:\/\/elcanillita.info\/press\/wp-json\/wp\/v2\/users\/1"}],"replies":[{"embeddable":true,"href":"https:\/\/elcanillita.info\/press\/wp-json\/wp\/v2\/comments?post=382"}],"version-history":[{"count":0,"href":"https:\/\/elcanillita.info\/press\/wp-json\/wp\/v2\/posts\/382\/revisions"}],"wp:attachment":[{"href":"https:\/\/elcanillita.info\/press\/wp-json\/wp\/v2\/media?parent=382"}],"wp:term":[{"taxonomy":"category","embeddable":true,"href":"https:\/\/elcanillita.info\/press\/wp-json\/wp\/v2\/categories?post=382"},{"taxonomy":"post_tag","embeddable":true,"href":"https:\/\/elcanillita.info\/press\/wp-json\/wp\/v2\/tags?post=382"}],"curies":[{"name":"wp","href":"https:\/\/api.w.org\/{rel}","templated":true}]}}