{"id":3819,"date":"2023-11-17T21:59:37","date_gmt":"2023-11-18T00:59:37","guid":{"rendered":"https:\/\/elcanillita.info\/press\/?p=3819"},"modified":"2023-11-17T22:11:12","modified_gmt":"2023-11-18T01:11:12","slug":"no-va-mas","status":"publish","type":"post","link":"https:\/\/elcanillita.info\/press\/2023\/11\/17\/no-va-mas\/","title":{"rendered":"No va m\u00e1s"},"content":{"rendered":"\n<figure class=\"wp-block-image size-full\"><img loading=\"lazy\" decoding=\"async\" width=\"600\" height=\"400\" src=\"https:\/\/elcanillita.info\/press\/images\/2023\/11\/mil_20211118.jpg\" alt=\"\" class=\"wp-image-3820\" srcset=\"https:\/\/elcanillita.info\/press\/images\/2023\/11\/mil_20211118.jpg 600w, https:\/\/elcanillita.info\/press\/images\/2023\/11\/mil_20211118-300x200.jpg 300w\" sizes=\"auto, (max-width: 600px) 100vw, 600px\" \/><\/figure>\n\n\n\n<p><strong>por Enrique Guillermo Avogadro<\/strong><br><small><em>\u201cEl miedo s\u00f3lo sirve para perderlo todo\u201d.\u00a0<\/em><\/small><br><small><em>Manuel Belgrano<\/em><\/small><\/p>\n\n\n\n<p><strong>Buenos Aires, 18\/11\/2023<\/strong><br>La campa\u00f1a del miedo que el oficialismo ha desplegado no ha tenido, seg\u00fan las dudosas encuestas disponibles, el \u00e9xito esperado ya que el promedio de todas ellas muestra ganador al candidato libertario. Tampoco ha cuajado la ins\u00f3lita pretensi\u00f3n de Sergio Massa de que olvid\u00e1ramos su complicado y tan contradictorio pasado y disfrazarse de candidato capaz de encarnar un cambio diferenci\u00e1ndose, al igual que hace Cristina Fern\u00e1ndez, del fracasado y corrupto gobierno que comparte y cuya jefatura de facto ejerce desde hace m\u00e1s de un a\u00f1o. Es que el hartazgo que embriaga a una sociedad tan rota, producto de la voluntad kirchnerista de pauperizarla para dominarla, supera a la inc\u00f3gnita o al temor que suscita un curioso personaje, un desconocido reci\u00e9n llegado que, a trav\u00e9s de las redes sociales, ha adquirido la gran probabilidad de representarla.<\/p>\n\n\n\n<p>Quienes estamos preocupados por una eventual reedici\u00f3n, en peor versi\u00f3n y por veinte a\u00f1os m\u00e1s, de cuanto vivimos bajo el kirchnerismo, debemos instar a nuestros amigos y conocidos a votar positivamente, aunque lo hagan tap\u00e1ndose la nariz por el disgusto de tener que optar por un mal menor; la abstinencia y el voto en blanco favorecen a Massa, triunfador en la primera vuelta. El Gobierno, que se neg\u00f3 a postergar el fin de semana largo con la intenci\u00f3n de perjudicar a Javier Milei presumiendo que muchos de sus electores lo aprovechar\u00edan para viajar absteni\u00e9ndose de votar, tuvo una mala noticia: las reservas hoteleras cayeron verticalmente, confirmando el compromiso c\u00edvico que la ciudadan\u00eda ha asumido en esta crucial instancia.<\/p>\n\n\n\n<p>La \u00faltima bola de esta ruleta se lanzar\u00e1 ma\u00f1ana a la noche, y con eficiente fiscalizaci\u00f3n mediante, espero que los argentinos hayamos dado vuelta a una de las p\u00e1ginas&nbsp; m\u00e1s tr\u00e1gicas de nuestra historia, que comenz\u00f3 cuando Eduardo Duhalde, en 2002, literalmente remat\u00f3 la Presidencia de la Rep\u00fablica y N\u00e9stor Kirchner, que para ello dispon\u00eda de los hurtados y famosos fondos de Santa Cruz, hizo la mayor oferta. Espero tanto un triunfo de Milei cuanto en que la diferencia a su favor sea lo suficientemente importante como para no tener que esperar, por varios d\u00edas, el resultado del escrutinio definitivo, a cargo de la Justicia, o sea, de la C\u00e1mara Nacional Electoral.<\/p>\n\n\n\n<p>Con el an\u00e1lisis de la apertura de los datos finales sabremos si Cristina Fern\u00e1ndez, despu\u00e9s de haberse garantizado la Provincia de Buenos Aires y el ingreso de innumerables diputados y senadores adictos, am\u00e9n de muchos gobernadores e intendentes, jug\u00f3 en serio a favor de Massa, un c\u00ednico que necesariamente deber\u00e1 intentar un matricidio para ser el nuevo macho alfa del peronismo. A ella, \u00bfqu\u00e9 le conviene m\u00e1s?, \u00bfun mandatario que, con su triunfo, se habr\u00e1 transformado en due\u00f1o de la lapicera y del PJ u otro, que por su debilidad legislativa estar\u00e1 obligado a negociar cada ley?<\/p>\n\n\n\n<p>En esta largu\u00edsima campa\u00f1a electoral que termin\u00f3 el jueves hemos visto surgir de las cloacas las peores inmundicias, tanto en la proliferaci\u00f3n de grav\u00edsimos episodios de patoterismo provincial, corrupci\u00f3n (Insaurralde, <em>Chocolate <\/em>Rigau, etc.) y mafioso uso de los servicios de inteligencia estatal para perseguir a opositores, periodistas, jueces y hasta propia tropa, cuanto en la reiterada tentativa de colonizar al Poder Judicial mediante la fantochada del juicio pol\u00edtico a los ministros de la Corte Suprema. S\u00f3lo la masiva pobreza y la inducida ignorancia que padece nuestra ciudadan\u00eda, que le impide pensar en algo m\u00e1s que subsistir, ha permitido que Massa, c\u00f3mplice de ese bastardo ataque y directo responsable de la catastr\u00f3fica situaci\u00f3n econ\u00f3mica y de la imparable inflaci\u00f3n, sorprendiendo al mundo entero, haya conseguido ingresar al ballotage.<\/p>\n\n\n\n<p>Si el candidato libertario fuera el ganador, a Massa le espera un largo recorrido por los tribunales, dise\u00f1ado por la gran cantidad de denuncias por la desverg\u00fcenza con que ha violado todas las normas electorales, apropi\u00e1ndose de los muchos recursos y resortes del Estado para sostener su candidatura y para denostar a su adversario; con esa amoral conducta, adem\u00e1s, arras\u00f3 (3 puntos del PBI) con la ya destruida econom\u00eda nacional. Quienes moran en Comodoro Py poseen narices capaces de competir con los mejores perfumistas del mundo, y una percepci\u00f3n privilegiada para anticipar hacia d\u00f3nde se mover\u00e1n las veletas que coronan el edificio.<\/p>\n\n\n\n<p>El perverso calendario electoral deja escasos veinte d\u00edas a la transici\u00f3n (si se trata de signos pol\u00edticos distintos) y prometen ser m\u00e1s que agitados y peligrosos, tanto en una econom\u00eda en recesi\u00f3n y al borde la hiperinflaci\u00f3n, cuanto en lo social, por la proximidad de las fiestas de fin de a\u00f1o, una \u00e9poca en que las carencias siempre son mayores y m\u00e1s angustinates. Dudo que un perdedor <em>Aceitoso<\/em> resigne su cargo de Ministro de Econom\u00eda y, seguramente, estar\u00e1 tentado a arrojar sal sobre las ruinas que heredar\u00e1 su sucesor, mientras el kirchnerismo y sus c\u00f3mplices m\u00e1s violentos (barrabravas, soldaditos del narco, Vatay\u00f3n Militante, patotas sindicales y anarco-trotskistas) pondr\u00e1n en duda una transferencia pac\u00edfica del mando.<\/p>\n\n\n\n<p>Pero, con el sill\u00f3n de Rivadavia, Milei se har\u00e1 con el mando de todas las fuerzas armadas y de seguridad federales, y podr\u00e1 apoyarse en el prestigio que en ellas tiene su compa\u00f1era de f\u00f3rmula, Victoria Villarruel, y m\u00e1s a\u00fan en la confianza y el carisma que distinguen a Patricia Bullrich, quien ha tenido la nobleza de sumarse a la gesta libertaria contra la cual perdi\u00f3 en la primera vuelta electoral, para controlar cualquier desborde.<\/p>\n\n\n\n<p><small>\u00a9 Copyright 2023 Enrique Guillermo Avogadro<br>\u00a9 2023 ElCanillita.info \/ SalaStampa.Eu, servicio mundial de prensa<\/small><\/p>\n","protected":false},"excerpt":{"rendered":"<p>Quienes estamos preocupados por una eventual reedici\u00f3n, en peor versi\u00f3n y por veinte a\u00f1os m\u00e1s, de cuanto vivimos bajo el kirchnerismo, debemos instar a nuestros amigos y conocidos a votar positivamente<\/p>\n","protected":false},"author":1,"featured_media":3827,"comment_status":"closed","ping_status":"closed","sticky":false,"template":"","format":"standard","meta":{"footnotes":"","_links_to":"","_links_to_target":""},"categories":[121,108,70,11,123,118,23],"tags":[29],"class_list":["post-3819","post","type-post","status-publish","format-standard","has-post-thumbnail","hentry","category-dc24","category-blogdiario","category-actualidad","category-america-del-sur","category-argentina","category-corrupcion","category-politica","tag-argentina","entry","double"],"yoast_head":"<!-- This site is optimized with the Yoast SEO plugin v27.4 - https:\/\/yoast.com\/product\/yoast-seo-wordpress\/ -->\n<title>No va m\u00e1s - ElCanillita.Info<\/title>\n<meta name=\"description\" content=\"Quienes estamos preocupados por una eventual reedici\u00f3n, en peor versi\u00f3n y por veinte a\u00f1os m\u00e1s, de cuanto vivimos bajo el kirchnerismo, debemos instar a nuestros amigos y conocidos a votar positivamente.\" \/>\n<meta name=\"robots\" content=\"index, follow, max-snippet:-1, max-image-preview:large, max-video-preview:-1\" \/>\n<link rel=\"canonical\" href=\"https:\/\/elcanillita.info\/press\/2023\/11\/17\/no-va-mas\/\" \/>\n<meta property=\"og:locale\" content=\"es_ES\" \/>\n<meta property=\"og:type\" content=\"article\" \/>\n<meta property=\"og:title\" content=\"No va m\u00e1s - ElCanillita.Info\" \/>\n<meta property=\"og:description\" content=\"Quienes estamos preocupados por una eventual reedici\u00f3n, en peor versi\u00f3n y por veinte a\u00f1os m\u00e1s, de cuanto vivimos bajo el kirchnerismo, debemos instar a nuestros amigos y conocidos a votar positivamente.\" \/>\n<meta property=\"og:url\" content=\"https:\/\/elcanillita.info\/press\/2023\/11\/17\/no-va-mas\/\" \/>\n<meta property=\"og:site_name\" content=\"ElCanillita.Info\" \/>\n<meta property=\"article:publisher\" content=\"https:\/\/ar-ar.facebook.com\/ElCanillitainfo-114249515285712\/\" \/>\n<meta property=\"article:published_time\" content=\"2023-11-18T00:59:37+00:00\" \/>\n<meta property=\"article:modified_time\" content=\"2023-11-18T01:11:12+00:00\" \/>\n<meta property=\"og:image\" content=\"https:\/\/elcanillita.info\/press\/images\/2023\/11\/bigger.jpg\" \/>\n\t<meta property=\"og:image:width\" content=\"180\" \/>\n\t<meta property=\"og:image:height\" content=\"184\" \/>\n\t<meta property=\"og:image:type\" content=\"image\/jpeg\" \/>\n<meta name=\"author\" content=\"SalaStampa.eu, world press service\" \/>\n<meta name=\"twitter:card\" content=\"summary_large_image\" \/>\n<meta name=\"twitter:label1\" content=\"Escrito por\" \/>\n\t<meta name=\"twitter:data1\" content=\"SalaStampa.eu, world press service\" \/>\n\t<meta name=\"twitter:label2\" content=\"Tiempo de lectura\" \/>\n\t<meta name=\"twitter:data2\" content=\"5 minutos\" \/>\n<script type=\"application\/ld+json\" class=\"yoast-schema-graph\">{\"@context\":\"https:\\\/\\\/schema.org\",\"@graph\":[{\"@type\":\"Article\",\"@id\":\"https:\\\/\\\/elcanillita.info\\\/press\\\/2023\\\/11\\\/17\\\/no-va-mas\\\/#article\",\"isPartOf\":{\"@id\":\"https:\\\/\\\/elcanillita.info\\\/press\\\/2023\\\/11\\\/17\\\/no-va-mas\\\/\"},\"author\":{\"name\":\"SalaStampa.eu, world press service\",\"@id\":\"https:\\\/\\\/elcanillita.info\\\/press\\\/#\\\/schema\\\/person\\\/7fcb79f38045700919f7da6d97e71ba0\"},\"headline\":\"No va m\u00e1s\",\"datePublished\":\"2023-11-18T00:59:37+00:00\",\"dateModified\":\"2023-11-18T01:11:12+00:00\",\"mainEntityOfPage\":{\"@id\":\"https:\\\/\\\/elcanillita.info\\\/press\\\/2023\\\/11\\\/17\\\/no-va-mas\\\/\"},\"wordCount\":993,\"publisher\":{\"@id\":\"https:\\\/\\\/elcanillita.info\\\/press\\\/#organization\"},\"image\":{\"@id\":\"https:\\\/\\\/elcanillita.info\\\/press\\\/2023\\\/11\\\/17\\\/no-va-mas\\\/#primaryimage\"},\"thumbnailUrl\":\"https:\\\/\\\/elcanillita.info\\\/press\\\/images\\\/2023\\\/11\\\/bigger.jpg\",\"keywords\":[\"Argentina\"],\"articleSection\":[\".\",\".\",\"Actualidad\",\"Am\u00e9rica del Sur\",\"Argentina\",\"Corrupci\u00f3n\",\"Politica\"],\"inLanguage\":\"es-AR\"},{\"@type\":\"WebPage\",\"@id\":\"https:\\\/\\\/elcanillita.info\\\/press\\\/2023\\\/11\\\/17\\\/no-va-mas\\\/\",\"url\":\"https:\\\/\\\/elcanillita.info\\\/press\\\/2023\\\/11\\\/17\\\/no-va-mas\\\/\",\"name\":\"No va m\u00e1s - ElCanillita.Info\",\"isPartOf\":{\"@id\":\"https:\\\/\\\/elcanillita.info\\\/press\\\/#website\"},\"primaryImageOfPage\":{\"@id\":\"https:\\\/\\\/elcanillita.info\\\/press\\\/2023\\\/11\\\/17\\\/no-va-mas\\\/#primaryimage\"},\"image\":{\"@id\":\"https:\\\/\\\/elcanillita.info\\\/press\\\/2023\\\/11\\\/17\\\/no-va-mas\\\/#primaryimage\"},\"thumbnailUrl\":\"https:\\\/\\\/elcanillita.info\\\/press\\\/images\\\/2023\\\/11\\\/bigger.jpg\",\"datePublished\":\"2023-11-18T00:59:37+00:00\",\"dateModified\":\"2023-11-18T01:11:12+00:00\",\"description\":\"Quienes estamos preocupados por una eventual reedici\u00f3n, en peor versi\u00f3n y por veinte a\u00f1os m\u00e1s, de cuanto vivimos bajo el kirchnerismo, debemos instar a nuestros amigos y conocidos a votar positivamente.\",\"inLanguage\":\"es-AR\",\"potentialAction\":[{\"@type\":\"ReadAction\",\"target\":[\"https:\\\/\\\/elcanillita.info\\\/press\\\/2023\\\/11\\\/17\\\/no-va-mas\\\/\"]}]},{\"@type\":\"ImageObject\",\"inLanguage\":\"es-AR\",\"@id\":\"https:\\\/\\\/elcanillita.info\\\/press\\\/2023\\\/11\\\/17\\\/no-va-mas\\\/#primaryimage\",\"url\":\"https:\\\/\\\/elcanillita.info\\\/press\\\/images\\\/2023\\\/11\\\/bigger.jpg\",\"contentUrl\":\"https:\\\/\\\/elcanillita.info\\\/press\\\/images\\\/2023\\\/11\\\/bigger.jpg\",\"width\":180,\"height\":184},{\"@type\":\"WebSite\",\"@id\":\"https:\\\/\\\/elcanillita.info\\\/press\\\/#website\",\"url\":\"https:\\\/\\\/elcanillita.info\\\/press\\\/\",\"name\":\"ElCanillita.Info\",\"description\":\"desde los Apeninos a los Andes\",\"publisher\":{\"@id\":\"https:\\\/\\\/elcanillita.info\\\/press\\\/#organization\"},\"potentialAction\":[{\"@type\":\"SearchAction\",\"target\":{\"@type\":\"EntryPoint\",\"urlTemplate\":\"https:\\\/\\\/elcanillita.info\\\/press\\\/?s={search_term_string}\"},\"query-input\":{\"@type\":\"PropertyValueSpecification\",\"valueRequired\":true,\"valueName\":\"search_term_string\"}}],\"inLanguage\":\"es-AR\"},{\"@type\":\"Organization\",\"@id\":\"https:\\\/\\\/elcanillita.info\\\/press\\\/#organization\",\"name\":\"Guzzo Photos & Graphic Publications\",\"url\":\"https:\\\/\\\/elcanillita.info\\\/press\\\/\",\"logo\":{\"@type\":\"ImageObject\",\"inLanguage\":\"es-AR\",\"@id\":\"https:\\\/\\\/elcanillita.info\\\/press\\\/#\\\/schema\\\/logo\\\/image\\\/\",\"url\":\"https:\\\/\\\/elcanillita.info\\\/press\\\/images\\\/2020\\\/01\\\/cropped-cropped-cropped-elcanillitainfo.png\",\"contentUrl\":\"https:\\\/\\\/elcanillita.info\\\/press\\\/images\\\/2020\\\/01\\\/cropped-cropped-cropped-elcanillitainfo.png\",\"width\":460,\"height\":50,\"caption\":\"Guzzo Photos & Graphic Publications\"},\"image\":{\"@id\":\"https:\\\/\\\/elcanillita.info\\\/press\\\/#\\\/schema\\\/logo\\\/image\\\/\"},\"sameAs\":[\"https:\\\/\\\/ar-ar.facebook.com\\\/ElCanillitainfo-114249515285712\\\/\"]},{\"@type\":\"Person\",\"@id\":\"https:\\\/\\\/elcanillita.info\\\/press\\\/#\\\/schema\\\/person\\\/7fcb79f38045700919f7da6d97e71ba0\",\"name\":\"SalaStampa.eu, world press service\",\"image\":{\"@type\":\"ImageObject\",\"inLanguage\":\"es-AR\",\"@id\":\"https:\\\/\\\/secure.gravatar.com\\\/avatar\\\/c2f0e0d515a107624234994507816ca4724c7199cef73fc8bedebf6931d73888?s=96&d=mm&r=g\",\"url\":\"https:\\\/\\\/secure.gravatar.com\\\/avatar\\\/c2f0e0d515a107624234994507816ca4724c7199cef73fc8bedebf6931d73888?s=96&d=mm&r=g\",\"contentUrl\":\"https:\\\/\\\/secure.gravatar.com\\\/avatar\\\/c2f0e0d515a107624234994507816ca4724c7199cef73fc8bedebf6931d73888?s=96&d=mm&r=g\",\"caption\":\"SalaStampa.eu, world press service\"}}]}<\/script>\n<!-- \/ Yoast SEO plugin. -->","yoast_head_json":{"title":"No va m\u00e1s - ElCanillita.Info","description":"Quienes estamos preocupados por una eventual reedici\u00f3n, en peor versi\u00f3n y por veinte a\u00f1os m\u00e1s, de cuanto vivimos bajo el kirchnerismo, debemos instar a nuestros amigos y conocidos a votar positivamente.","robots":{"index":"index","follow":"follow","max-snippet":"max-snippet:-1","max-image-preview":"max-image-preview:large","max-video-preview":"max-video-preview:-1"},"canonical":"https:\/\/elcanillita.info\/press\/2023\/11\/17\/no-va-mas\/","og_locale":"es_ES","og_type":"article","og_title":"No va m\u00e1s - ElCanillita.Info","og_description":"Quienes estamos preocupados por una eventual reedici\u00f3n, en peor versi\u00f3n y por veinte a\u00f1os m\u00e1s, de cuanto vivimos bajo el kirchnerismo, debemos instar a nuestros amigos y conocidos a votar positivamente.","og_url":"https:\/\/elcanillita.info\/press\/2023\/11\/17\/no-va-mas\/","og_site_name":"ElCanillita.Info","article_publisher":"https:\/\/ar-ar.facebook.com\/ElCanillitainfo-114249515285712\/","article_published_time":"2023-11-18T00:59:37+00:00","article_modified_time":"2023-11-18T01:11:12+00:00","og_image":[{"width":180,"height":184,"url":"https:\/\/elcanillita.info\/press\/images\/2023\/11\/bigger.jpg","type":"image\/jpeg"}],"author":"SalaStampa.eu, world press service","twitter_card":"summary_large_image","twitter_misc":{"Escrito por":"SalaStampa.eu, world press service","Tiempo de lectura":"5 minutos"},"schema":{"@context":"https:\/\/schema.org","@graph":[{"@type":"Article","@id":"https:\/\/elcanillita.info\/press\/2023\/11\/17\/no-va-mas\/#article","isPartOf":{"@id":"https:\/\/elcanillita.info\/press\/2023\/11\/17\/no-va-mas\/"},"author":{"name":"SalaStampa.eu, world press service","@id":"https:\/\/elcanillita.info\/press\/#\/schema\/person\/7fcb79f38045700919f7da6d97e71ba0"},"headline":"No va m\u00e1s","datePublished":"2023-11-18T00:59:37+00:00","dateModified":"2023-11-18T01:11:12+00:00","mainEntityOfPage":{"@id":"https:\/\/elcanillita.info\/press\/2023\/11\/17\/no-va-mas\/"},"wordCount":993,"publisher":{"@id":"https:\/\/elcanillita.info\/press\/#organization"},"image":{"@id":"https:\/\/elcanillita.info\/press\/2023\/11\/17\/no-va-mas\/#primaryimage"},"thumbnailUrl":"https:\/\/elcanillita.info\/press\/images\/2023\/11\/bigger.jpg","keywords":["Argentina"],"articleSection":[".",".","Actualidad","Am\u00e9rica del Sur","Argentina","Corrupci\u00f3n","Politica"],"inLanguage":"es-AR"},{"@type":"WebPage","@id":"https:\/\/elcanillita.info\/press\/2023\/11\/17\/no-va-mas\/","url":"https:\/\/elcanillita.info\/press\/2023\/11\/17\/no-va-mas\/","name":"No va m\u00e1s - ElCanillita.Info","isPartOf":{"@id":"https:\/\/elcanillita.info\/press\/#website"},"primaryImageOfPage":{"@id":"https:\/\/elcanillita.info\/press\/2023\/11\/17\/no-va-mas\/#primaryimage"},"image":{"@id":"https:\/\/elcanillita.info\/press\/2023\/11\/17\/no-va-mas\/#primaryimage"},"thumbnailUrl":"https:\/\/elcanillita.info\/press\/images\/2023\/11\/bigger.jpg","datePublished":"2023-11-18T00:59:37+00:00","dateModified":"2023-11-18T01:11:12+00:00","description":"Quienes estamos preocupados por una eventual reedici\u00f3n, en peor versi\u00f3n y por veinte a\u00f1os m\u00e1s, de cuanto vivimos bajo el kirchnerismo, debemos instar a nuestros amigos y conocidos a votar positivamente.","inLanguage":"es-AR","potentialAction":[{"@type":"ReadAction","target":["https:\/\/elcanillita.info\/press\/2023\/11\/17\/no-va-mas\/"]}]},{"@type":"ImageObject","inLanguage":"es-AR","@id":"https:\/\/elcanillita.info\/press\/2023\/11\/17\/no-va-mas\/#primaryimage","url":"https:\/\/elcanillita.info\/press\/images\/2023\/11\/bigger.jpg","contentUrl":"https:\/\/elcanillita.info\/press\/images\/2023\/11\/bigger.jpg","width":180,"height":184},{"@type":"WebSite","@id":"https:\/\/elcanillita.info\/press\/#website","url":"https:\/\/elcanillita.info\/press\/","name":"ElCanillita.Info","description":"desde los Apeninos a los Andes","publisher":{"@id":"https:\/\/elcanillita.info\/press\/#organization"},"potentialAction":[{"@type":"SearchAction","target":{"@type":"EntryPoint","urlTemplate":"https:\/\/elcanillita.info\/press\/?s={search_term_string}"},"query-input":{"@type":"PropertyValueSpecification","valueRequired":true,"valueName":"search_term_string"}}],"inLanguage":"es-AR"},{"@type":"Organization","@id":"https:\/\/elcanillita.info\/press\/#organization","name":"Guzzo Photos & Graphic Publications","url":"https:\/\/elcanillita.info\/press\/","logo":{"@type":"ImageObject","inLanguage":"es-AR","@id":"https:\/\/elcanillita.info\/press\/#\/schema\/logo\/image\/","url":"https:\/\/elcanillita.info\/press\/images\/2020\/01\/cropped-cropped-cropped-elcanillitainfo.png","contentUrl":"https:\/\/elcanillita.info\/press\/images\/2020\/01\/cropped-cropped-cropped-elcanillitainfo.png","width":460,"height":50,"caption":"Guzzo Photos & Graphic Publications"},"image":{"@id":"https:\/\/elcanillita.info\/press\/#\/schema\/logo\/image\/"},"sameAs":["https:\/\/ar-ar.facebook.com\/ElCanillitainfo-114249515285712\/"]},{"@type":"Person","@id":"https:\/\/elcanillita.info\/press\/#\/schema\/person\/7fcb79f38045700919f7da6d97e71ba0","name":"SalaStampa.eu, world press service","image":{"@type":"ImageObject","inLanguage":"es-AR","@id":"https:\/\/secure.gravatar.com\/avatar\/c2f0e0d515a107624234994507816ca4724c7199cef73fc8bedebf6931d73888?s=96&d=mm&r=g","url":"https:\/\/secure.gravatar.com\/avatar\/c2f0e0d515a107624234994507816ca4724c7199cef73fc8bedebf6931d73888?s=96&d=mm&r=g","contentUrl":"https:\/\/secure.gravatar.com\/avatar\/c2f0e0d515a107624234994507816ca4724c7199cef73fc8bedebf6931d73888?s=96&d=mm&r=g","caption":"SalaStampa.eu, world press service"}}]}},"views":483,"_links":{"self":[{"href":"https:\/\/elcanillita.info\/press\/wp-json\/wp\/v2\/posts\/3819","targetHints":{"allow":["GET"]}}],"collection":[{"href":"https:\/\/elcanillita.info\/press\/wp-json\/wp\/v2\/posts"}],"about":[{"href":"https:\/\/elcanillita.info\/press\/wp-json\/wp\/v2\/types\/post"}],"author":[{"embeddable":true,"href":"https:\/\/elcanillita.info\/press\/wp-json\/wp\/v2\/users\/1"}],"replies":[{"embeddable":true,"href":"https:\/\/elcanillita.info\/press\/wp-json\/wp\/v2\/comments?post=3819"}],"version-history":[{"count":0,"href":"https:\/\/elcanillita.info\/press\/wp-json\/wp\/v2\/posts\/3819\/revisions"}],"wp:featuredmedia":[{"embeddable":true,"href":"https:\/\/elcanillita.info\/press\/wp-json\/wp\/v2\/media\/3827"}],"wp:attachment":[{"href":"https:\/\/elcanillita.info\/press\/wp-json\/wp\/v2\/media?parent=3819"}],"wp:term":[{"taxonomy":"category","embeddable":true,"href":"https:\/\/elcanillita.info\/press\/wp-json\/wp\/v2\/categories?post=3819"},{"taxonomy":"post_tag","embeddable":true,"href":"https:\/\/elcanillita.info\/press\/wp-json\/wp\/v2\/tags?post=3819"}],"curies":[{"name":"wp","href":"https:\/\/api.w.org\/{rel}","templated":true}]}}