{"id":3811,"date":"2023-10-27T20:34:24","date_gmt":"2023-10-27T23:34:24","guid":{"rendered":"https:\/\/elcanillita.info\/press\/?p=3811"},"modified":"2023-10-27T20:34:24","modified_gmt":"2023-10-27T23:34:24","slug":"por-que","status":"publish","type":"post","link":"https:\/\/elcanillita.info\/press\/2023\/10\/27\/por-que\/","title":{"rendered":"Por qu\u00e9"},"content":{"rendered":"\n<figure class=\"wp-block-image size-full\"><img loading=\"lazy\" decoding=\"async\" width=\"600\" height=\"400\" src=\"https:\/\/elcanillita.info\/press\/images\/2023\/09\/covER_20230903.jpg\" alt=\"\" class=\"wp-image-3718\" srcset=\"https:\/\/elcanillita.info\/press\/images\/2023\/09\/covER_20230903.jpg 600w, https:\/\/elcanillita.info\/press\/images\/2023\/09\/covER_20230903-300x200.jpg 300w\" sizes=\"auto, (max-width: 600px) 100vw, 600px\" \/><\/figure>\n\n\n\n<p><strong>por Enrique Guillermo Avogadro <\/strong><br><small><em>\u201cEn pol\u00edtica los cr\u00edmenes se perdonan, los errores nunca\u201d.<\/em><\/small><\/p>\n\n\n\n<p><strong>Buenos Aires, 28\/10\/2023<\/strong><br>Me equivoqu\u00e9 totalmente en mis previsiones sobre los resultados del domingo pasado; que le haya pasado a muchos no me consuela, porque tantos a\u00f1os viviendo en este r\u00e9gimen ladri-populista me hubieran debido ense\u00f1ar algo. No tuve en cuenta la enorme capacidad de movilizaci\u00f3n del aparato peronista cuando se pone en juego el poder y, desde \u00e9l, seguir saqueando al pa\u00eds hasta la extenuaci\u00f3n; olvid\u00e9 tambi\u00e9n la importancia de las manos que hurtan boletas de los adversarios, facilitada por la total ausencia de fiscales libertarios, en otra zancadilla del eterno Luis Barrionuevo.<\/p>\n\n\n\n<p>Tampoco consider\u00e9 el s\u00edndrome de Estocolmo que afecta a los m\u00e1s pobres y miserables de nuestros conciudadanos, tan desesperados por los siguientes minutos de su castigada existencia que no piensan siquiera en el mediano plazo y, por regalos que pagan ellos mismos con impuestos e inflaci\u00f3n, vuelven a entregar el futuro de sus hijos y nietos, que nunca podr\u00e1n salir del barro y acceder a bienes tan elementales como el agua potable y las cloacas, la educaci\u00f3n y la salud. La campa\u00f1a del miedo, desplegada diez d\u00edas antes y nuevamente ahora, fue sumamente eficiente en esos estratos sociales, y el uso obsceno de los recursos p\u00fablicos para apoyar al nuevo mascar\u00f3n de proa termin\u00f3 de cerrar el maloliente paquete.<\/p>\n\n\n\n<p>Colabor\u00f3 claramente la incre\u00edble incapacidad de la oposici\u00f3n para explicar qu\u00e9 impacto tendr\u00edan las medidas que propone y, sobre todo, para unificar candidaturas en la crucial Provincia de Buenos Aires, donde el lamentable ombliguismo de los dirigentes, entregando ese basti\u00f3n pol\u00edtico tan relevante, permiti\u00f3 la supervivencia del kirchnerismo m\u00e1s cerrado. A partir del triunfo del car\u00edsimo e incapaz Axel Kiciloff, su heredero putativo, acompa\u00f1ado por muchos \u201cbarones\u201d del Conurbano que recuperaron municipios hasta hoy en manos de la oposici\u00f3n, Cristina Fern\u00e1ndez dej\u00f3 de preocuparse por la pu\u00f1alada trapera que, como cuenta la historia en miles de ejemplos, le habr\u00eda asestado Sergio Massa para sacarla definitivamente del juego y convertirse en el nuevo macho alfa del peronismo.<\/p>\n\n\n\n<p>Pero no est\u00e1 todo perdido. Muy por el contrario, gracias al muy loable y patri\u00f3tico gesto de Patricia Bullrich y Mauricio Macri, tenemos la enorme posibilidad de hacer que Javier Milei gane el ballotage (lo separaron s\u00f3lo seis puntos porcentuales del <em>Aceitoso<\/em>)y, para eso, todos tenemos que ir el 19 a votar y hacer un enorme esfuerzo para fiscalizar en las zonas m\u00e1s densamente pobladas. Cuando se me pregunta si creo que casi todos cuantos se abstuvieron en la primera vuelta acompa\u00f1ar\u00e1n al l\u00edder libertario, mi respuesta es afirmativa, porque el pero-kirchnerismo puso toda la carne al asador hace una semana, con gobernadores e intendentes jugando muy fuerte por sus propias elecciones, todas las cuales ya se han disputado, inclusive las de senadores y diputados. \u00bfSeguir\u00e1n moviendo sus aparatos y gastando fortunas para ello cuando ya agarraron la sortija?<\/p>\n\n\n\n<p>No s\u00e9 si Milei \u2013con quien no comparto muchas de sus propuestas- ser\u00e1 capaz, a\u00fan con ayuda del PRO, de hacer un exitoso gobierno y, menos a\u00fan, si podr\u00e1 llevar a la pr\u00e1ctica sus proyectos m\u00e1s disruptivos bajo el control de un Congreso tan atomizado como el que lo recibir\u00e1, pero no tengo ninguna duda de que es necesario hacer hasta lo imposible para frenar a Sergio Massa. Porque no quiero que se siga endeud\u00e1ndonos en condiciones secretas, que se mate impunemente a los fiscales, que nos alineemos con los peores reg\u00edmenes totalitarios, que el Estado siga siendo el bot\u00edn de pol\u00edticos de toda procedencia;&nbsp; que se siga subsidiando con el hambre de los pobres los lujos de Malena Galmarini en AySA y de La C\u00e1mpora en Aerol\u00edneas Argentinas, que el narcotr\u00e1fico -socio del poder- siga asesin\u00e1ndonos y, definitivamente, no quiero m\u00e1s ladrones como M\u00e1ximo Kirchner, Mart\u00edn Insaurralde, <em>Chocolate<\/em> Rigau, Crist\u00f3bal L\u00f3pez, L\u00e1zaro B\u00e1ez, los secretarios de Cristina Fern\u00e1ndez, Claudio Scapolan, Walter Bento y tantos otros.<\/p>\n\n\n\n<p>Aunque pueda resultar atractiva la tentaci\u00f3n de permitir que la bomba neutr\u00f3nica. que con tanto ah\u00ednco ha cebado, explote en las propias manos del <em>Aceitoso<\/em>, no debemos olvidar que una gran abstinencia en el voto de los ciudadanos permiti\u00f3 a Hugo Ch\u00e1vez, en 1999, empobrecer intencionalmente a la clase media, instalar una dictadura y entronizar luego a Nicol\u00e1s Maduro como heredero. Los parecidos entre ambos pa\u00edses no ser\u00e1n entonces meras especulaciones si, por desinter\u00e9s o falsos pruritos principistas, permitimos que el amoral Massa, que carece de todo escr\u00fapulo, se imponga porque, como all\u00ed sucede, todos los que a\u00fan no lo hacemos pasaremos a depender del Estado para m\u00ednimamente sobrevivir y los pol\u00edticos se enriquecer\u00e1n a\u00fan m\u00e1s, implantando aqu\u00ed algo similar al C\u00e1rtel de los Soles, due\u00f1o y se\u00f1or del narcotr\u00e1fico, asociados a Ir\u00e1n y Rusia, a Nicaragua, Cuba y Honduras. Y con \u00e9l llegar\u00e1n tambi\u00e9n sus carro\u00f1eros amigos empresarios \u201cexpertos en operar en mercados regulados\u201d, puesto que el pa\u00eds se habr\u00e1 convertido en una pecera y en un zool\u00f3gico en los que lucrar sin competencia alguna.<\/p>\n\n\n\n<p>Y por todo ello es indispensable concurrir ahora a las urnas y votar positivamente, es decir, por Javier Milei, porque corremos el peligros\u00edsimo riesgo de entregar otros veinte a\u00f1os de nuestra vida y de las de nuestros descendientes a un matrimonio que, por donde se lo mire, ser\u00e1 mucho peor que los tan nefastos y saquedores N\u00e9stor y Cristina. A quien no est\u00e9 convencido de esto, sugiero leer \u201cMassa confidencial\u201d, de Christian Sanz, director del sitio Tribuna de Periodistas, que describe en detalle al aterrador personaje; se trata de material tan revelador y explosivo que ninguna editorial quiso publicarlo; lo pongo a disposici\u00f3n de quien lo solicite, por correo o WhatsApp.<br><br><small>\u00a9 Copyright 2023 Enrique Guillermo Avogadro<br>\u00a9 2023 ElCanillita.info \/ SalaStampa.Eu, servicio mundial de prensa<\/small><\/p>\n","protected":false},"excerpt":{"rendered":"<p>No debemos olvidar que una gran abstinencia en el voto de los ciudadanos permiti\u00f3 a Hugo Ch\u00e1vez, en 1999, empobrecer intencionalmente a la clase media, instalar una dictadura y entronizar luego a Nicol\u00e1s Maduro<\/p>\n","protected":false},"author":1,"featured_media":3718,"comment_status":"closed","ping_status":"closed","sticky":false,"template":"","format":"standard","meta":{"footnotes":"","_links_to":"","_links_to_target":""},"categories":[108,121,70,11,23],"tags":[29],"class_list":["post-3811","post","type-post","status-publish","format-standard","has-post-thumbnail","hentry","category-blogdiario","category-dc24","category-actualidad","category-america-del-sur","category-politica","tag-argentina","entry","double"],"yoast_head":"<!-- This site is optimized with the Yoast SEO plugin v27.4 - https:\/\/yoast.com\/product\/yoast-seo-wordpress\/ -->\n<title>Por qu\u00e9 - ElCanillita.Info<\/title>\n<meta name=\"description\" content=\"No debemos olvidar que una gran abstinencia en el voto de los ciudadanos permiti\u00f3 a Hugo Ch\u00e1vez, en 1999, empobrecer intencionalmente a la clase media, instalar una dictadura y entronizar luego a Nicol\u00e1s Maduro\" \/>\n<meta name=\"robots\" content=\"index, follow, max-snippet:-1, max-image-preview:large, max-video-preview:-1\" \/>\n<link rel=\"canonical\" href=\"https:\/\/elcanillita.info\/press\/2023\/10\/27\/por-que\/\" \/>\n<meta property=\"og:locale\" content=\"es_ES\" \/>\n<meta property=\"og:type\" content=\"article\" \/>\n<meta property=\"og:title\" content=\"Por qu\u00e9 - ElCanillita.Info\" \/>\n<meta property=\"og:description\" content=\"No debemos olvidar que una gran abstinencia en el voto de los ciudadanos permiti\u00f3 a Hugo Ch\u00e1vez, en 1999, empobrecer intencionalmente a la clase media, instalar una dictadura y entronizar luego a Nicol\u00e1s Maduro\" \/>\n<meta property=\"og:url\" content=\"https:\/\/elcanillita.info\/press\/2023\/10\/27\/por-que\/\" \/>\n<meta property=\"og:site_name\" content=\"ElCanillita.Info\" \/>\n<meta property=\"article:publisher\" content=\"https:\/\/ar-ar.facebook.com\/ElCanillitainfo-114249515285712\/\" \/>\n<meta property=\"article:published_time\" content=\"2023-10-27T23:34:24+00:00\" \/>\n<meta property=\"og:image\" content=\"https:\/\/elcanillita.info\/press\/images\/2023\/09\/covER_20230903.jpg\" \/>\n\t<meta property=\"og:image:width\" content=\"600\" \/>\n\t<meta property=\"og:image:height\" content=\"400\" \/>\n\t<meta property=\"og:image:type\" content=\"image\/jpeg\" \/>\n<meta name=\"author\" content=\"SalaStampa.eu, world press service\" \/>\n<meta name=\"twitter:card\" content=\"summary_large_image\" \/>\n<meta name=\"twitter:label1\" content=\"Escrito por\" \/>\n\t<meta name=\"twitter:data1\" content=\"SalaStampa.eu, world press service\" \/>\n\t<meta name=\"twitter:label2\" content=\"Tiempo de lectura\" \/>\n\t<meta name=\"twitter:data2\" content=\"5 minutos\" \/>\n<script type=\"application\/ld+json\" class=\"yoast-schema-graph\">{\"@context\":\"https:\\\/\\\/schema.org\",\"@graph\":[{\"@type\":\"Article\",\"@id\":\"https:\\\/\\\/elcanillita.info\\\/press\\\/2023\\\/10\\\/27\\\/por-que\\\/#article\",\"isPartOf\":{\"@id\":\"https:\\\/\\\/elcanillita.info\\\/press\\\/2023\\\/10\\\/27\\\/por-que\\\/\"},\"author\":{\"name\":\"SalaStampa.eu, world press service\",\"@id\":\"https:\\\/\\\/elcanillita.info\\\/press\\\/#\\\/schema\\\/person\\\/7fcb79f38045700919f7da6d97e71ba0\"},\"headline\":\"Por qu\u00e9\",\"datePublished\":\"2023-10-27T23:34:24+00:00\",\"mainEntityOfPage\":{\"@id\":\"https:\\\/\\\/elcanillita.info\\\/press\\\/2023\\\/10\\\/27\\\/por-que\\\/\"},\"wordCount\":1033,\"publisher\":{\"@id\":\"https:\\\/\\\/elcanillita.info\\\/press\\\/#organization\"},\"image\":{\"@id\":\"https:\\\/\\\/elcanillita.info\\\/press\\\/2023\\\/10\\\/27\\\/por-que\\\/#primaryimage\"},\"thumbnailUrl\":\"https:\\\/\\\/elcanillita.info\\\/press\\\/images\\\/2023\\\/09\\\/covER_20230903.jpg\",\"keywords\":[\"Argentina\"],\"articleSection\":[\".\",\".\",\"Actualidad\",\"Am\u00e9rica del Sur\",\"Politica\"],\"inLanguage\":\"es-AR\"},{\"@type\":\"WebPage\",\"@id\":\"https:\\\/\\\/elcanillita.info\\\/press\\\/2023\\\/10\\\/27\\\/por-que\\\/\",\"url\":\"https:\\\/\\\/elcanillita.info\\\/press\\\/2023\\\/10\\\/27\\\/por-que\\\/\",\"name\":\"Por qu\u00e9 - ElCanillita.Info\",\"isPartOf\":{\"@id\":\"https:\\\/\\\/elcanillita.info\\\/press\\\/#website\"},\"primaryImageOfPage\":{\"@id\":\"https:\\\/\\\/elcanillita.info\\\/press\\\/2023\\\/10\\\/27\\\/por-que\\\/#primaryimage\"},\"image\":{\"@id\":\"https:\\\/\\\/elcanillita.info\\\/press\\\/2023\\\/10\\\/27\\\/por-que\\\/#primaryimage\"},\"thumbnailUrl\":\"https:\\\/\\\/elcanillita.info\\\/press\\\/images\\\/2023\\\/09\\\/covER_20230903.jpg\",\"datePublished\":\"2023-10-27T23:34:24+00:00\",\"description\":\"No debemos olvidar que una gran abstinencia en el voto de los ciudadanos permiti\u00f3 a Hugo Ch\u00e1vez, en 1999, empobrecer intencionalmente a la clase media, instalar una dictadura y entronizar luego a Nicol\u00e1s Maduro\",\"inLanguage\":\"es-AR\",\"potentialAction\":[{\"@type\":\"ReadAction\",\"target\":[\"https:\\\/\\\/elcanillita.info\\\/press\\\/2023\\\/10\\\/27\\\/por-que\\\/\"]}]},{\"@type\":\"ImageObject\",\"inLanguage\":\"es-AR\",\"@id\":\"https:\\\/\\\/elcanillita.info\\\/press\\\/2023\\\/10\\\/27\\\/por-que\\\/#primaryimage\",\"url\":\"https:\\\/\\\/elcanillita.info\\\/press\\\/images\\\/2023\\\/09\\\/covER_20230903.jpg\",\"contentUrl\":\"https:\\\/\\\/elcanillita.info\\\/press\\\/images\\\/2023\\\/09\\\/covER_20230903.jpg\",\"width\":600,\"height\":400},{\"@type\":\"WebSite\",\"@id\":\"https:\\\/\\\/elcanillita.info\\\/press\\\/#website\",\"url\":\"https:\\\/\\\/elcanillita.info\\\/press\\\/\",\"name\":\"ElCanillita.Info\",\"description\":\"desde los Apeninos a los Andes\",\"publisher\":{\"@id\":\"https:\\\/\\\/elcanillita.info\\\/press\\\/#organization\"},\"potentialAction\":[{\"@type\":\"SearchAction\",\"target\":{\"@type\":\"EntryPoint\",\"urlTemplate\":\"https:\\\/\\\/elcanillita.info\\\/press\\\/?s={search_term_string}\"},\"query-input\":{\"@type\":\"PropertyValueSpecification\",\"valueRequired\":true,\"valueName\":\"search_term_string\"}}],\"inLanguage\":\"es-AR\"},{\"@type\":\"Organization\",\"@id\":\"https:\\\/\\\/elcanillita.info\\\/press\\\/#organization\",\"name\":\"Guzzo Photos & Graphic Publications\",\"url\":\"https:\\\/\\\/elcanillita.info\\\/press\\\/\",\"logo\":{\"@type\":\"ImageObject\",\"inLanguage\":\"es-AR\",\"@id\":\"https:\\\/\\\/elcanillita.info\\\/press\\\/#\\\/schema\\\/logo\\\/image\\\/\",\"url\":\"https:\\\/\\\/elcanillita.info\\\/press\\\/images\\\/2020\\\/01\\\/cropped-cropped-cropped-elcanillitainfo.png\",\"contentUrl\":\"https:\\\/\\\/elcanillita.info\\\/press\\\/images\\\/2020\\\/01\\\/cropped-cropped-cropped-elcanillitainfo.png\",\"width\":460,\"height\":50,\"caption\":\"Guzzo Photos & Graphic Publications\"},\"image\":{\"@id\":\"https:\\\/\\\/elcanillita.info\\\/press\\\/#\\\/schema\\\/logo\\\/image\\\/\"},\"sameAs\":[\"https:\\\/\\\/ar-ar.facebook.com\\\/ElCanillitainfo-114249515285712\\\/\"]},{\"@type\":\"Person\",\"@id\":\"https:\\\/\\\/elcanillita.info\\\/press\\\/#\\\/schema\\\/person\\\/7fcb79f38045700919f7da6d97e71ba0\",\"name\":\"SalaStampa.eu, world press service\",\"image\":{\"@type\":\"ImageObject\",\"inLanguage\":\"es-AR\",\"@id\":\"https:\\\/\\\/secure.gravatar.com\\\/avatar\\\/c2f0e0d515a107624234994507816ca4724c7199cef73fc8bedebf6931d73888?s=96&d=mm&r=g\",\"url\":\"https:\\\/\\\/secure.gravatar.com\\\/avatar\\\/c2f0e0d515a107624234994507816ca4724c7199cef73fc8bedebf6931d73888?s=96&d=mm&r=g\",\"contentUrl\":\"https:\\\/\\\/secure.gravatar.com\\\/avatar\\\/c2f0e0d515a107624234994507816ca4724c7199cef73fc8bedebf6931d73888?s=96&d=mm&r=g\",\"caption\":\"SalaStampa.eu, world press service\"}}]}<\/script>\n<!-- \/ Yoast SEO plugin. -->","yoast_head_json":{"title":"Por qu\u00e9 - ElCanillita.Info","description":"No debemos olvidar que una gran abstinencia en el voto de los ciudadanos permiti\u00f3 a Hugo Ch\u00e1vez, en 1999, empobrecer intencionalmente a la clase media, instalar una dictadura y entronizar luego a Nicol\u00e1s Maduro","robots":{"index":"index","follow":"follow","max-snippet":"max-snippet:-1","max-image-preview":"max-image-preview:large","max-video-preview":"max-video-preview:-1"},"canonical":"https:\/\/elcanillita.info\/press\/2023\/10\/27\/por-que\/","og_locale":"es_ES","og_type":"article","og_title":"Por qu\u00e9 - ElCanillita.Info","og_description":"No debemos olvidar que una gran abstinencia en el voto de los ciudadanos permiti\u00f3 a Hugo Ch\u00e1vez, en 1999, empobrecer intencionalmente a la clase media, instalar una dictadura y entronizar luego a Nicol\u00e1s Maduro","og_url":"https:\/\/elcanillita.info\/press\/2023\/10\/27\/por-que\/","og_site_name":"ElCanillita.Info","article_publisher":"https:\/\/ar-ar.facebook.com\/ElCanillitainfo-114249515285712\/","article_published_time":"2023-10-27T23:34:24+00:00","og_image":[{"width":600,"height":400,"url":"https:\/\/elcanillita.info\/press\/images\/2023\/09\/covER_20230903.jpg","type":"image\/jpeg"}],"author":"SalaStampa.eu, world press service","twitter_card":"summary_large_image","twitter_misc":{"Escrito por":"SalaStampa.eu, world press service","Tiempo de lectura":"5 minutos"},"schema":{"@context":"https:\/\/schema.org","@graph":[{"@type":"Article","@id":"https:\/\/elcanillita.info\/press\/2023\/10\/27\/por-que\/#article","isPartOf":{"@id":"https:\/\/elcanillita.info\/press\/2023\/10\/27\/por-que\/"},"author":{"name":"SalaStampa.eu, world press service","@id":"https:\/\/elcanillita.info\/press\/#\/schema\/person\/7fcb79f38045700919f7da6d97e71ba0"},"headline":"Por qu\u00e9","datePublished":"2023-10-27T23:34:24+00:00","mainEntityOfPage":{"@id":"https:\/\/elcanillita.info\/press\/2023\/10\/27\/por-que\/"},"wordCount":1033,"publisher":{"@id":"https:\/\/elcanillita.info\/press\/#organization"},"image":{"@id":"https:\/\/elcanillita.info\/press\/2023\/10\/27\/por-que\/#primaryimage"},"thumbnailUrl":"https:\/\/elcanillita.info\/press\/images\/2023\/09\/covER_20230903.jpg","keywords":["Argentina"],"articleSection":[".",".","Actualidad","Am\u00e9rica del Sur","Politica"],"inLanguage":"es-AR"},{"@type":"WebPage","@id":"https:\/\/elcanillita.info\/press\/2023\/10\/27\/por-que\/","url":"https:\/\/elcanillita.info\/press\/2023\/10\/27\/por-que\/","name":"Por qu\u00e9 - ElCanillita.Info","isPartOf":{"@id":"https:\/\/elcanillita.info\/press\/#website"},"primaryImageOfPage":{"@id":"https:\/\/elcanillita.info\/press\/2023\/10\/27\/por-que\/#primaryimage"},"image":{"@id":"https:\/\/elcanillita.info\/press\/2023\/10\/27\/por-que\/#primaryimage"},"thumbnailUrl":"https:\/\/elcanillita.info\/press\/images\/2023\/09\/covER_20230903.jpg","datePublished":"2023-10-27T23:34:24+00:00","description":"No debemos olvidar que una gran abstinencia en el voto de los ciudadanos permiti\u00f3 a Hugo Ch\u00e1vez, en 1999, empobrecer intencionalmente a la clase media, instalar una dictadura y entronizar luego a Nicol\u00e1s Maduro","inLanguage":"es-AR","potentialAction":[{"@type":"ReadAction","target":["https:\/\/elcanillita.info\/press\/2023\/10\/27\/por-que\/"]}]},{"@type":"ImageObject","inLanguage":"es-AR","@id":"https:\/\/elcanillita.info\/press\/2023\/10\/27\/por-que\/#primaryimage","url":"https:\/\/elcanillita.info\/press\/images\/2023\/09\/covER_20230903.jpg","contentUrl":"https:\/\/elcanillita.info\/press\/images\/2023\/09\/covER_20230903.jpg","width":600,"height":400},{"@type":"WebSite","@id":"https:\/\/elcanillita.info\/press\/#website","url":"https:\/\/elcanillita.info\/press\/","name":"ElCanillita.Info","description":"desde los Apeninos a los Andes","publisher":{"@id":"https:\/\/elcanillita.info\/press\/#organization"},"potentialAction":[{"@type":"SearchAction","target":{"@type":"EntryPoint","urlTemplate":"https:\/\/elcanillita.info\/press\/?s={search_term_string}"},"query-input":{"@type":"PropertyValueSpecification","valueRequired":true,"valueName":"search_term_string"}}],"inLanguage":"es-AR"},{"@type":"Organization","@id":"https:\/\/elcanillita.info\/press\/#organization","name":"Guzzo Photos & Graphic Publications","url":"https:\/\/elcanillita.info\/press\/","logo":{"@type":"ImageObject","inLanguage":"es-AR","@id":"https:\/\/elcanillita.info\/press\/#\/schema\/logo\/image\/","url":"https:\/\/elcanillita.info\/press\/images\/2020\/01\/cropped-cropped-cropped-elcanillitainfo.png","contentUrl":"https:\/\/elcanillita.info\/press\/images\/2020\/01\/cropped-cropped-cropped-elcanillitainfo.png","width":460,"height":50,"caption":"Guzzo Photos & Graphic Publications"},"image":{"@id":"https:\/\/elcanillita.info\/press\/#\/schema\/logo\/image\/"},"sameAs":["https:\/\/ar-ar.facebook.com\/ElCanillitainfo-114249515285712\/"]},{"@type":"Person","@id":"https:\/\/elcanillita.info\/press\/#\/schema\/person\/7fcb79f38045700919f7da6d97e71ba0","name":"SalaStampa.eu, world press service","image":{"@type":"ImageObject","inLanguage":"es-AR","@id":"https:\/\/secure.gravatar.com\/avatar\/c2f0e0d515a107624234994507816ca4724c7199cef73fc8bedebf6931d73888?s=96&d=mm&r=g","url":"https:\/\/secure.gravatar.com\/avatar\/c2f0e0d515a107624234994507816ca4724c7199cef73fc8bedebf6931d73888?s=96&d=mm&r=g","contentUrl":"https:\/\/secure.gravatar.com\/avatar\/c2f0e0d515a107624234994507816ca4724c7199cef73fc8bedebf6931d73888?s=96&d=mm&r=g","caption":"SalaStampa.eu, world press service"}}]}},"views":397,"_links":{"self":[{"href":"https:\/\/elcanillita.info\/press\/wp-json\/wp\/v2\/posts\/3811","targetHints":{"allow":["GET"]}}],"collection":[{"href":"https:\/\/elcanillita.info\/press\/wp-json\/wp\/v2\/posts"}],"about":[{"href":"https:\/\/elcanillita.info\/press\/wp-json\/wp\/v2\/types\/post"}],"author":[{"embeddable":true,"href":"https:\/\/elcanillita.info\/press\/wp-json\/wp\/v2\/users\/1"}],"replies":[{"embeddable":true,"href":"https:\/\/elcanillita.info\/press\/wp-json\/wp\/v2\/comments?post=3811"}],"version-history":[{"count":0,"href":"https:\/\/elcanillita.info\/press\/wp-json\/wp\/v2\/posts\/3811\/revisions"}],"wp:featuredmedia":[{"embeddable":true,"href":"https:\/\/elcanillita.info\/press\/wp-json\/wp\/v2\/media\/3718"}],"wp:attachment":[{"href":"https:\/\/elcanillita.info\/press\/wp-json\/wp\/v2\/media?parent=3811"}],"wp:term":[{"taxonomy":"category","embeddable":true,"href":"https:\/\/elcanillita.info\/press\/wp-json\/wp\/v2\/categories?post=3811"},{"taxonomy":"post_tag","embeddable":true,"href":"https:\/\/elcanillita.info\/press\/wp-json\/wp\/v2\/tags?post=3811"}],"curies":[{"name":"wp","href":"https:\/\/api.w.org\/{rel}","templated":true}]}}