{"id":379,"date":"2020-02-07T13:05:45","date_gmt":"2020-02-07T16:05:45","guid":{"rendered":"https:\/\/elcanillita.info\/press\/?p=379"},"modified":"2020-02-07T13:05:47","modified_gmt":"2020-02-07T16:05:47","slug":"estados-unidos-otorgara-visas-trabajo-salvadorenos","status":"publish","type":"post","link":"https:\/\/elcanillita.info\/press\/2020\/02\/07\/estados-unidos-otorgara-visas-trabajo-salvadorenos\/","title":{"rendered":"Estados Unidos otorgar\u00e1 visas de trabajo a salvadore\u00f1os"},"content":{"rendered":"\n<p>Washington, 07.02.2020 &#8211; Cerca de mil salvadore\u00f1os ser\u00e1n beneficiados con las visas de trabajo que el Gobierno de Estados Unidos proporcionar\u00e1 como parte de un acuerdo con el Gobierno de El Salvador el jueves.<\/p>\n\n\n\n<p>La firma del memor\u00e1ndum de entendimiento, realizada en San Salvador, fue realizada por el presidente de la Rep\u00fablica, Nayib Bukele, el embajador de los Estados Unidos, Ronald Johnson, la ministra de Relaciones Exteriores, Alexandra Hill Tinoco y el ministro de Trabajo, Rolando Castro.<\/p>\n\n\n\n<p>&#8220;Los Estados Unidos somos un socio comprometido y confiable para El Salvador y seguiremos trabajando para traer m\u00e1s oportunidades de desarrollo para los salvadore\u00f1os&#8221; dijo el embajador con relaci\u00f3n al acuerdo.<br>\nJohnson tambi\u00e9n hizo referencia a la confianza que poseen en pa\u00eds centroamericano. \u201cLas empresas en Estados Unidos han mostrado un gran inter\u00e9s en crear relaciones de trabajo duraderas con los salvadore\u00f1os pues han visto que son personas trabajadoras y responsables&#8221;.<\/p>\n\n\n\n<p>Por su parte el presidente de El Salvador asegur\u00f3 que las mil visas es solo el comienzo, que este programa representa una soluci\u00f3n a la migraci\u00f3n ilegal y que \u201cLa firma de este acuerdo de cooperaci\u00f3n es una muestra de las excelentes relaciones entre El Salvador y EE. UU. las cuales nunca debieron descuidarse\u201d, se\u00f1al\u00f3 el mandatario.<br>\nUn primer grupo de salvadore\u00f1os viaj\u00f3 a Mississippi, en diciembre del a\u00f1o pasado, fueron contratados por empresas estadounidenses para trabajar en labores agr\u00edcolas. Parte de los requisitos para estas visas son experiencia en el \u00e1rea requerida y cumplir una serie de requisitos divulgados por el Ministerio de Trabajo.<\/p>\n\n\n\n<p>\u201cSi ustedes siguen las reglas y las condiciones establecidas no hay ninguna raz\u00f3n por la que ustedes no puedan solicitar una visa una y otra vez\u201d, puntualiz\u00f3 el embajador de EE.UU.<br><br>\n<small>2020 voanoticias \u2013 salastampa.eu, afiliada a la red Broadcasting Board of Governors \u00a9 2020 BBG<\/small><\/p>\n","protected":false},"excerpt":{"rendered":"<p>Washington, 07.02.2020 &#8211; Cerca de mil salvadore\u00f1os ser\u00e1n beneficiados con las visas de trabajo que el Gobierno de Estados Unidos proporcionar\u00e1 como parte de un acuerdo con el Gobierno de El Salvador el jueves.<\/p>\n","protected":false},"author":1,"featured_media":0,"comment_status":"closed","ping_status":"closed","sticky":false,"template":"","format":"standard","meta":{"footnotes":"","_links_to":"","_links_to_target":""},"categories":[70,9,20,23],"tags":[34],"class_list":["post-379","post","type-post","status-publish","format-standard","hentry","category-actualidad","category-america-del-norte","category-economia","category-politica","tag-estados-unidos","entry","double"],"yoast_head":"<!-- This site is optimized with the Yoast SEO plugin v27.5 - https:\/\/yoast.com\/product\/yoast-seo-wordpress\/ -->\n<title>Estados Unidos otorgar\u00e1 visas de trabajo a salvadore\u00f1os - ElCanillita.Info<\/title>\n<meta name=\"robots\" content=\"index, follow, max-snippet:-1, max-image-preview:large, max-video-preview:-1\" \/>\n<link rel=\"canonical\" href=\"https:\/\/elcanillita.info\/press\/2020\/02\/07\/estados-unidos-otorgara-visas-trabajo-salvadorenos\/\" \/>\n<meta property=\"og:locale\" content=\"es_ES\" \/>\n<meta property=\"og:type\" content=\"article\" \/>\n<meta property=\"og:title\" content=\"Estados Unidos otorgar\u00e1 visas de trabajo a salvadore\u00f1os - ElCanillita.Info\" \/>\n<meta property=\"og:description\" content=\"Washington, 07.02.2020 - Cerca de mil salvadore\u00f1os ser\u00e1n beneficiados con las visas de trabajo que el Gobierno de Estados Unidos proporcionar\u00e1 como parte de un acuerdo con el Gobierno de El Salvador el jueves.\" \/>\n<meta property=\"og:url\" content=\"https:\/\/elcanillita.info\/press\/2020\/02\/07\/estados-unidos-otorgara-visas-trabajo-salvadorenos\/\" \/>\n<meta property=\"og:site_name\" content=\"ElCanillita.Info\" \/>\n<meta property=\"article:publisher\" content=\"https:\/\/ar-ar.facebook.com\/ElCanillitainfo-114249515285712\/\" \/>\n<meta property=\"article:published_time\" content=\"2020-02-07T16:05:45+00:00\" \/>\n<meta property=\"article:modified_time\" content=\"2020-02-07T16:05:47+00:00\" \/>\n<meta name=\"author\" content=\"SalaStampa.eu, world press service\" \/>\n<meta name=\"twitter:card\" content=\"summary_large_image\" \/>\n<meta name=\"twitter:label1\" content=\"Escrito por\" \/>\n\t<meta name=\"twitter:data1\" content=\"SalaStampa.eu, world press service\" \/>\n\t<meta name=\"twitter:label2\" content=\"Tiempo de lectura\" \/>\n\t<meta name=\"twitter:data2\" content=\"2 minutos\" \/>\n<script type=\"application\/ld+json\" class=\"yoast-schema-graph\">{\"@context\":\"https:\\\/\\\/schema.org\",\"@graph\":[{\"@type\":\"Article\",\"@id\":\"https:\\\/\\\/elcanillita.info\\\/press\\\/2020\\\/02\\\/07\\\/estados-unidos-otorgara-visas-trabajo-salvadorenos\\\/#article\",\"isPartOf\":{\"@id\":\"https:\\\/\\\/elcanillita.info\\\/press\\\/2020\\\/02\\\/07\\\/estados-unidos-otorgara-visas-trabajo-salvadorenos\\\/\"},\"author\":{\"name\":\"SalaStampa.eu, world press service\",\"@id\":\"https:\\\/\\\/elcanillita.info\\\/press\\\/#\\\/schema\\\/person\\\/7fcb79f38045700919f7da6d97e71ba0\"},\"headline\":\"Estados Unidos otorgar\u00e1 visas de trabajo a salvadore\u00f1os\",\"datePublished\":\"2020-02-07T16:05:45+00:00\",\"dateModified\":\"2020-02-07T16:05:47+00:00\",\"mainEntityOfPage\":{\"@id\":\"https:\\\/\\\/elcanillita.info\\\/press\\\/2020\\\/02\\\/07\\\/estados-unidos-otorgara-visas-trabajo-salvadorenos\\\/\"},\"wordCount\":324,\"publisher\":{\"@id\":\"https:\\\/\\\/elcanillita.info\\\/press\\\/#organization\"},\"keywords\":[\"Estados Unidos\"],\"articleSection\":[\"Actualidad\",\"Am\u00e9rica del Norte\",\"Economia\",\"Politica\"],\"inLanguage\":\"es-AR\"},{\"@type\":\"WebPage\",\"@id\":\"https:\\\/\\\/elcanillita.info\\\/press\\\/2020\\\/02\\\/07\\\/estados-unidos-otorgara-visas-trabajo-salvadorenos\\\/\",\"url\":\"https:\\\/\\\/elcanillita.info\\\/press\\\/2020\\\/02\\\/07\\\/estados-unidos-otorgara-visas-trabajo-salvadorenos\\\/\",\"name\":\"Estados Unidos otorgar\u00e1 visas de trabajo a salvadore\u00f1os - ElCanillita.Info\",\"isPartOf\":{\"@id\":\"https:\\\/\\\/elcanillita.info\\\/press\\\/#website\"},\"datePublished\":\"2020-02-07T16:05:45+00:00\",\"dateModified\":\"2020-02-07T16:05:47+00:00\",\"inLanguage\":\"es-AR\",\"potentialAction\":[{\"@type\":\"ReadAction\",\"target\":[\"https:\\\/\\\/elcanillita.info\\\/press\\\/2020\\\/02\\\/07\\\/estados-unidos-otorgara-visas-trabajo-salvadorenos\\\/\"]}]},{\"@type\":\"WebSite\",\"@id\":\"https:\\\/\\\/elcanillita.info\\\/press\\\/#website\",\"url\":\"https:\\\/\\\/elcanillita.info\\\/press\\\/\",\"name\":\"ElCanillita.Info\",\"description\":\"desde los Apeninos a los Andes\",\"publisher\":{\"@id\":\"https:\\\/\\\/elcanillita.info\\\/press\\\/#organization\"},\"potentialAction\":[{\"@type\":\"SearchAction\",\"target\":{\"@type\":\"EntryPoint\",\"urlTemplate\":\"https:\\\/\\\/elcanillita.info\\\/press\\\/?s={search_term_string}\"},\"query-input\":{\"@type\":\"PropertyValueSpecification\",\"valueRequired\":true,\"valueName\":\"search_term_string\"}}],\"inLanguage\":\"es-AR\"},{\"@type\":\"Organization\",\"@id\":\"https:\\\/\\\/elcanillita.info\\\/press\\\/#organization\",\"name\":\"Guzzo Photos & Graphic Publications\",\"url\":\"https:\\\/\\\/elcanillita.info\\\/press\\\/\",\"logo\":{\"@type\":\"ImageObject\",\"inLanguage\":\"es-AR\",\"@id\":\"https:\\\/\\\/elcanillita.info\\\/press\\\/#\\\/schema\\\/logo\\\/image\\\/\",\"url\":\"https:\\\/\\\/elcanillita.info\\\/press\\\/images\\\/2020\\\/01\\\/cropped-cropped-cropped-elcanillitainfo.png\",\"contentUrl\":\"https:\\\/\\\/elcanillita.info\\\/press\\\/images\\\/2020\\\/01\\\/cropped-cropped-cropped-elcanillitainfo.png\",\"width\":460,\"height\":50,\"caption\":\"Guzzo Photos & Graphic Publications\"},\"image\":{\"@id\":\"https:\\\/\\\/elcanillita.info\\\/press\\\/#\\\/schema\\\/logo\\\/image\\\/\"},\"sameAs\":[\"https:\\\/\\\/ar-ar.facebook.com\\\/ElCanillitainfo-114249515285712\\\/\"]},{\"@type\":\"Person\",\"@id\":\"https:\\\/\\\/elcanillita.info\\\/press\\\/#\\\/schema\\\/person\\\/7fcb79f38045700919f7da6d97e71ba0\",\"name\":\"SalaStampa.eu, world press service\",\"image\":{\"@type\":\"ImageObject\",\"inLanguage\":\"es-AR\",\"@id\":\"https:\\\/\\\/secure.gravatar.com\\\/avatar\\\/c2f0e0d515a107624234994507816ca4724c7199cef73fc8bedebf6931d73888?s=96&d=mm&r=g\",\"url\":\"https:\\\/\\\/secure.gravatar.com\\\/avatar\\\/c2f0e0d515a107624234994507816ca4724c7199cef73fc8bedebf6931d73888?s=96&d=mm&r=g\",\"contentUrl\":\"https:\\\/\\\/secure.gravatar.com\\\/avatar\\\/c2f0e0d515a107624234994507816ca4724c7199cef73fc8bedebf6931d73888?s=96&d=mm&r=g\",\"caption\":\"SalaStampa.eu, world press service\"}}]}<\/script>\n<!-- \/ Yoast SEO plugin. -->","yoast_head_json":{"title":"Estados Unidos otorgar\u00e1 visas de trabajo a salvadore\u00f1os - ElCanillita.Info","robots":{"index":"index","follow":"follow","max-snippet":"max-snippet:-1","max-image-preview":"max-image-preview:large","max-video-preview":"max-video-preview:-1"},"canonical":"https:\/\/elcanillita.info\/press\/2020\/02\/07\/estados-unidos-otorgara-visas-trabajo-salvadorenos\/","og_locale":"es_ES","og_type":"article","og_title":"Estados Unidos otorgar\u00e1 visas de trabajo a salvadore\u00f1os - ElCanillita.Info","og_description":"Washington, 07.02.2020 - Cerca de mil salvadore\u00f1os ser\u00e1n beneficiados con las visas de trabajo que el Gobierno de Estados Unidos proporcionar\u00e1 como parte de un acuerdo con el Gobierno de El Salvador el jueves.","og_url":"https:\/\/elcanillita.info\/press\/2020\/02\/07\/estados-unidos-otorgara-visas-trabajo-salvadorenos\/","og_site_name":"ElCanillita.Info","article_publisher":"https:\/\/ar-ar.facebook.com\/ElCanillitainfo-114249515285712\/","article_published_time":"2020-02-07T16:05:45+00:00","article_modified_time":"2020-02-07T16:05:47+00:00","author":"SalaStampa.eu, world press service","twitter_card":"summary_large_image","twitter_misc":{"Escrito por":"SalaStampa.eu, world press service","Tiempo de lectura":"2 minutos"},"schema":{"@context":"https:\/\/schema.org","@graph":[{"@type":"Article","@id":"https:\/\/elcanillita.info\/press\/2020\/02\/07\/estados-unidos-otorgara-visas-trabajo-salvadorenos\/#article","isPartOf":{"@id":"https:\/\/elcanillita.info\/press\/2020\/02\/07\/estados-unidos-otorgara-visas-trabajo-salvadorenos\/"},"author":{"name":"SalaStampa.eu, world press service","@id":"https:\/\/elcanillita.info\/press\/#\/schema\/person\/7fcb79f38045700919f7da6d97e71ba0"},"headline":"Estados Unidos otorgar\u00e1 visas de trabajo a salvadore\u00f1os","datePublished":"2020-02-07T16:05:45+00:00","dateModified":"2020-02-07T16:05:47+00:00","mainEntityOfPage":{"@id":"https:\/\/elcanillita.info\/press\/2020\/02\/07\/estados-unidos-otorgara-visas-trabajo-salvadorenos\/"},"wordCount":324,"publisher":{"@id":"https:\/\/elcanillita.info\/press\/#organization"},"keywords":["Estados Unidos"],"articleSection":["Actualidad","Am\u00e9rica del Norte","Economia","Politica"],"inLanguage":"es-AR"},{"@type":"WebPage","@id":"https:\/\/elcanillita.info\/press\/2020\/02\/07\/estados-unidos-otorgara-visas-trabajo-salvadorenos\/","url":"https:\/\/elcanillita.info\/press\/2020\/02\/07\/estados-unidos-otorgara-visas-trabajo-salvadorenos\/","name":"Estados Unidos otorgar\u00e1 visas de trabajo a salvadore\u00f1os - ElCanillita.Info","isPartOf":{"@id":"https:\/\/elcanillita.info\/press\/#website"},"datePublished":"2020-02-07T16:05:45+00:00","dateModified":"2020-02-07T16:05:47+00:00","inLanguage":"es-AR","potentialAction":[{"@type":"ReadAction","target":["https:\/\/elcanillita.info\/press\/2020\/02\/07\/estados-unidos-otorgara-visas-trabajo-salvadorenos\/"]}]},{"@type":"WebSite","@id":"https:\/\/elcanillita.info\/press\/#website","url":"https:\/\/elcanillita.info\/press\/","name":"ElCanillita.Info","description":"desde los Apeninos a los Andes","publisher":{"@id":"https:\/\/elcanillita.info\/press\/#organization"},"potentialAction":[{"@type":"SearchAction","target":{"@type":"EntryPoint","urlTemplate":"https:\/\/elcanillita.info\/press\/?s={search_term_string}"},"query-input":{"@type":"PropertyValueSpecification","valueRequired":true,"valueName":"search_term_string"}}],"inLanguage":"es-AR"},{"@type":"Organization","@id":"https:\/\/elcanillita.info\/press\/#organization","name":"Guzzo Photos & Graphic Publications","url":"https:\/\/elcanillita.info\/press\/","logo":{"@type":"ImageObject","inLanguage":"es-AR","@id":"https:\/\/elcanillita.info\/press\/#\/schema\/logo\/image\/","url":"https:\/\/elcanillita.info\/press\/images\/2020\/01\/cropped-cropped-cropped-elcanillitainfo.png","contentUrl":"https:\/\/elcanillita.info\/press\/images\/2020\/01\/cropped-cropped-cropped-elcanillitainfo.png","width":460,"height":50,"caption":"Guzzo Photos & Graphic Publications"},"image":{"@id":"https:\/\/elcanillita.info\/press\/#\/schema\/logo\/image\/"},"sameAs":["https:\/\/ar-ar.facebook.com\/ElCanillitainfo-114249515285712\/"]},{"@type":"Person","@id":"https:\/\/elcanillita.info\/press\/#\/schema\/person\/7fcb79f38045700919f7da6d97e71ba0","name":"SalaStampa.eu, world press service","image":{"@type":"ImageObject","inLanguage":"es-AR","@id":"https:\/\/secure.gravatar.com\/avatar\/c2f0e0d515a107624234994507816ca4724c7199cef73fc8bedebf6931d73888?s=96&d=mm&r=g","url":"https:\/\/secure.gravatar.com\/avatar\/c2f0e0d515a107624234994507816ca4724c7199cef73fc8bedebf6931d73888?s=96&d=mm&r=g","contentUrl":"https:\/\/secure.gravatar.com\/avatar\/c2f0e0d515a107624234994507816ca4724c7199cef73fc8bedebf6931d73888?s=96&d=mm&r=g","caption":"SalaStampa.eu, world press service"}}]}},"views":611,"_links":{"self":[{"href":"https:\/\/elcanillita.info\/press\/wp-json\/wp\/v2\/posts\/379","targetHints":{"allow":["GET"]}}],"collection":[{"href":"https:\/\/elcanillita.info\/press\/wp-json\/wp\/v2\/posts"}],"about":[{"href":"https:\/\/elcanillita.info\/press\/wp-json\/wp\/v2\/types\/post"}],"author":[{"embeddable":true,"href":"https:\/\/elcanillita.info\/press\/wp-json\/wp\/v2\/users\/1"}],"replies":[{"embeddable":true,"href":"https:\/\/elcanillita.info\/press\/wp-json\/wp\/v2\/comments?post=379"}],"version-history":[{"count":0,"href":"https:\/\/elcanillita.info\/press\/wp-json\/wp\/v2\/posts\/379\/revisions"}],"wp:attachment":[{"href":"https:\/\/elcanillita.info\/press\/wp-json\/wp\/v2\/media?parent=379"}],"wp:term":[{"taxonomy":"category","embeddable":true,"href":"https:\/\/elcanillita.info\/press\/wp-json\/wp\/v2\/categories?post=379"},{"taxonomy":"post_tag","embeddable":true,"href":"https:\/\/elcanillita.info\/press\/wp-json\/wp\/v2\/tags?post=379"}],"curies":[{"name":"wp","href":"https:\/\/api.w.org\/{rel}","templated":true}]}}