{"id":3778,"date":"2023-10-14T18:32:34","date_gmt":"2023-10-14T21:32:34","guid":{"rendered":"https:\/\/elcanillita.info\/press\/?p=3778"},"modified":"2023-10-14T19:27:13","modified_gmt":"2023-10-14T22:27:13","slug":"la-historia-ensena-que-no-ensena-nada-solamente-se-repite","status":"publish","type":"post","link":"https:\/\/elcanillita.info\/press\/2023\/10\/14\/la-historia-ensena-que-no-ensena-nada-solamente-se-repite\/","title":{"rendered":"La historia ense\u00f1a que no ense\u00f1a nada, solamente se repite"},"content":{"rendered":"\n<figure class=\"wp-block-image size-full\"><img loading=\"lazy\" decoding=\"async\" width=\"600\" height=\"298\" src=\"https:\/\/elcanillita.info\/press\/images\/2023\/10\/ausarajevo_20231014.jpg\" alt=\"\" class=\"wp-image-3780\" srcset=\"https:\/\/elcanillita.info\/press\/images\/2023\/10\/ausarajevo_20231014.jpg 600w, https:\/\/elcanillita.info\/press\/images\/2023\/10\/ausarajevo_20231014-300x149.jpg 300w\" sizes=\"auto, (max-width: 600px) 100vw, 600px\" \/><figcaption class=\"wp-element-caption\">El autom\u00f3vil Gr\u00e4f &amp; Stift Double Phaeton, usado por Francisco Fernando el d\u00eda del asesinato.<\/figcaption><\/figure>\n\n\n\n<p>En 1878, tras muchos siglos de dominaci\u00f3n, despu\u00e9s de la guerra contra Rusia, los turcos fueron expulsados de Bosnia y, en virtud del Tratado de Berl\u00edn, Austria-Hungr\u00eda recibi\u00f3 el mandato de administrar las provincias otomanas de Bosnia-Herzegovina, mientras que el Imperio Otomano conservaba la soberan\u00eda oficial. Este acuerdo dio lugar a una serie de disputas territoriales y pol\u00edticas que a lo largo de varias d\u00e9cadas involucraron al Imperio Ruso, Austria, Bosnia y Serbia, hasta que en 1908 el Imperio Austroh\u00fangaro procedi\u00f3 a la anexi\u00f3n definitiva de Bosnia-Herzegovina, mortificando por completo las ambiciones nacionales serbias.<\/p>\n\n\n\n<p>En 1913, el octogenario emperador Francisco Jos\u00e9, que gobernaba el Imperio de los Habsburgo desde 1848, encarnando la continuidad con el pasado y los valores de rigidez y militarismo del r\u00e9gimen, se preparaba para entregar el trono a Francisco Fernando, de 50 a\u00f1os, primo que hab\u00eda sucedido a Rodolfo en la l\u00ednea de sucesi\u00f3n, tras la muerte de su \u00fanico hijo, el pr\u00edncipe Rodolfo. <br>Desde el principio, Francisco Fernando fue una figura real poco apreciada en la corte y penalizada por su esposa Sof\u00eda, que proced\u00eda de una familia eslava de bajo rango. <br><br>A pesar de la negativa inicial del Emperador, Francisco Fernando se cas\u00f3 con Sof\u00eda en 1900, pero se vio obligado a contraer un matrimonio morgan\u00e1tico (en el cual cada c\u00f3nyuge conserva su condici\u00f3n anterior) privando para siempre a sus futuros hijos del derecho a la sucesi\u00f3n al trono y a su esposa, la condesa Chotek (m\u00e1s tarde duquesa de Hohenberg), del derecho a estar a su lado en las ceremonias oficiales. El emperador Francisco Jos\u00e9 tem\u00eda que, una vez subido al trono, Francisco Fernando faltara a su palabra, quiz\u00e1 gracias a una dispensa papal, y nombrara a Sof\u00eda emperatriz leg\u00edtima, elevando as\u00ed el rango de los tres ni\u00f1os e incluy\u00e9ndolos en la l\u00ednea de sucesi\u00f3n al trono de Austria-Hungr\u00eda.<\/p>\n\n\n\n<p>El 28 de junio de 1914 Francisco Fernando, y su esposa Sof\u00eda fueron asesinados por el nacionalista serbobosnio Gavrilo Princip durante una visita oficial de la pareja real a la ciudad. Este acto se considera convencionalmente el &#8220;casus belli&#8221; (motivo de guerra) tras el cual el gobierno imperial de Viena inici\u00f3 formalmente la Primera Guerra Mundial.<\/p>\n\n\n\n<p>Los conspiradores ignoraban que Francisco Fernando ve\u00eda con cierta indulgencia las aspiraciones nacionales de los pueblos del imperio, incluidas las de los serbios, y el 28 de junio planearon vengar idealmente la derrota de 1389, so\u00f1ando con restablecer la situaci\u00f3n pol\u00edtica de cinco siglos atr\u00e1s. El Imperio de los Habsburgo y otros imperios multinacionales fueron tambi\u00e9n caldo de cultivo para organizaciones terroristas clandestinas que pretend\u00edan corroer sus cimientos.<\/p>\n\n\n\n<p>En cuatro a\u00f1os, millones de personas murieron y muchas m\u00e1s resultaron heridas; Rusia estaba sumida en una revoluci\u00f3n y una espiral hacia el autoritarismo comunista; se hab\u00eda cerrado el tel\u00f3n de la era de los imperios europeos, aunque para algunos -como los brit\u00e1nicos- parpadeara brevemente. Nadie lo vio venir.<\/p>\n\n\n\n<p>Tampoco nadie vio venir los ataques contra Israel del pasado fin de semana. Hace poco m\u00e1s de quince dias, Jake Sullivan, asesor de seguridad nacional de Estados Unidos,  habl\u00f3  con optimismo de los cambios en Oriente Pr\u00f3ximo y de sus esperanzas -compartidas por muchos en la regi\u00f3n- de estabilidad y de una integraci\u00f3n continuada: &#8220;La regi\u00f3n de Oriente Pr\u00f3ximo est\u00e1 hoy m\u00e1s tranquila de lo que ha estado en dos d\u00e9cadas&#8221;, dijo en el Festival Atl\u00e1ntico el 29 de septiembre.<\/p>\n\n\n\n<p>Ocho d\u00edas despu\u00e9s, Ham\u00e1s inici\u00f3 un atentado que caus\u00f3 la muerte de m\u00e1s jud\u00edos que en ning\u00fan otro d\u00eda desde el Holocausto. Los horrores de aquellas escenas son casi imposibles de describir, desde los asistentes al festival acribillados a sangre fr\u00eda hasta la toma de rehenes, muchos de ellos mujeres, ni\u00f1os y ancianos. Ahora es probable que sus vidas se intercambien o se pierdan a medida que se intensifica la respuesta de Israel a esta crisis. Las medidas de represalia que se est\u00e1n adoptando para dar caza a los responsables son en s\u00ed mismas espantosas de ver, con edificios de varias plantas derrumb\u00e1ndose tras ser arrasados por los impactos de misiles y las detonaciones.<\/p>\n\n\n\n<p> Luego de dar la orden de evacuar hacia el sur a m\u00e1s de un mill\u00f3n de personas que viven al norte de Wadi Gaza,  ha seguido el asedio y bombardeos de Gaza por parte de las fuerzas militares israel\u00edes. No est\u00e1 claro que deben hacer j\u00f3venes, ancianos o enfermos, ni ad\u00f3nde deben ir para mantenerse a salvo.<br>Todos se ver\u00e1n obligados a vivir en una mitad de lo que ya es uno de los lugares m\u00e1s densamente poblados de la Tierra. Las fronteras con Egipto est\u00e1n cerradas, y el gobierno egipcio se niega hasta ahora a abrir corredores que permitan la salida de los civiles.<\/p>\n\n\n\n<p>Ham\u00e1s ha pedido a la poblaci\u00f3n que no se mueva y &#8220;permanezca firme en sus hogares&#8221;. Muchos temen lo que les deparar\u00e1n las pr\u00f3ximas horas, d\u00edas y semanas. Estamos asistiendo a una cat\u00e1strofe humanitaria en ciernes.<\/p>\n\n\n\n<p>Por ahora, muchos creen que los desastres s\u00f3lo los sufrir\u00e1n las poblaciones de Israel y Gaza. Pero ya hay indicios de escalada. Algunos funcionarios de los servicios de inteligencia estadounidenses hab\u00edan vinculado inicialmente a Ir\u00e1n con los atentados, y Sullivan afirmaba que &#8220;Ir\u00e1n es c\u00f3mplice de este atentado en un sentido amplio porque ha proporcionado la mayor parte de la financiaci\u00f3n del ala militar de Ham\u00e1s, ha proporcionado entrenamiento, ha proporcionado capacidades, ha proporcionado apoyo y ha mantenido compromisos y contactos con Ham\u00e1s durante a\u00f1os y a\u00f1os&#8221;.<\/p>\n\n\n\n<p>Esa valoraci\u00f3n ha cambiado en los dos \u00faltimos d\u00edas, y ahora m\u00faltiples fuentes parecen indicar que el ataque de Ham\u00e1s tom\u00f3 por sorpresa a los dirigentes militares, pol\u00edticos y de seguridad iran\u00edes. Si Teher\u00e1n no estaba directamente implicado entonces, ahora est\u00e1 buscando pelea. Las acciones de Israel contra los palestinos representan &#8220;cr\u00edmenes de guerra&#8221;, anunci\u00f3 ayer Hossein Amir-Abdollahian, ministro de Asuntos Exteriores de Ir\u00e1n, tras una visita a L\u00edbano.<\/p>\n\n\n\n<p>Las acciones y el ultim\u00e1tum de Israel en Gaza, dijo, &#8220;desencadenar\u00e1n sin duda una respuesta colectiva del eje de la resistencia&#8221;. Obviamente, esto significaba que el principal cliente de Ir\u00e1n en la regi\u00f3n, Hezbol\u00e1, intervendr\u00eda.<\/p>\n\n\n\n<p>Naim Qassem, dirigente adjunto de Hezbol\u00e1, dej\u00f3 claro que ni \u00e9l ni su organizaci\u00f3n aceptar\u00edan los llamamientos a la moderaci\u00f3n. &#8220;Las llamadas entre bastidores de grandes potencias, pa\u00edses \u00e1rabes, enviados de Naciones Unidas, dici\u00e9ndonos directa e indirectamente que no interfiramos, no tendr\u00e1n ning\u00fan efecto&#8221;, dijo a sus seguidores en un mitin en el sur de Beirut. Es una cuesti\u00f3n de cu\u00e1ndo, y no de si Hezbol\u00e1 intervendr\u00e1. Adi\u00f3s a la paz y la tranquilidad en Oriente Pr\u00f3ximo.<\/p>\n\n\n\n<p>El hecho de que nos enfrentemos a la crisis m\u00e1s grave en la regi\u00f3n desde la Guerra del Yom Kippur -cuyo 50 aniversario se cumpli\u00f3 el pasado fin de semana- es en s\u00ed mismo una sorpresa, ya que hab\u00eda habido muchas se\u00f1ales de progreso y paz, como bien hab\u00eda sugerido Sullivan.<\/p>\n\n\n\n<p>Los Acuerdos de Abraham, firmados en 2020, hab\u00edan normalizado las relaciones entre Israel y Emiratos \u00c1rabes Unidos y Bahr\u00e9in. Justo el mes pasado, el pr\u00edncipe heredero Mohammed Bin Salman hab\u00eda concedido una rara entrevista en la que hab\u00eda sugerido que el reconocimiento de Israel por parte de Arabia Saud\u00ed estaba &#8220;cada d\u00eda m\u00e1s cerca&#8221;, a la espera de la creaci\u00f3n de un Estado palestino viable.<\/p>\n\n\n\n<p>&#8220;Para nosotros, la cuesti\u00f3n palestina es muy importante&#8221;, afirm\u00f3. &#8220;Tenemos que resolver esa parte. Esperamos que llegue a un punto que facilite la vida de los palestinos y consiga que Israel sea un actor en Oriente Medio&#8221;.<\/p>\n\n\n\n<p>Las perspectivas de un realineamiento de Oriente Pr\u00f3ximo, de una soluci\u00f3n de dos Estados o de un acuerdo con Israel ya no parecen tan lejanas como inconcebibles. El ataque a Israel tendr\u00e1 graves ramificaciones, cuya importancia es dif\u00edcil de subestimar.<\/p>\n\n\n\n<p>No hace mucho, el pr\u00edncipe heredero Mohammed Bin Salman sugiri\u00f3 que el reconocimiento de Israel por parte de Arabia Saud\u00ed estaba &#8220;cada vez m\u00e1s cerca&#8221;, pero ahora esto se ha dejado de lado.<\/p>\n\n\n\n<p>Por un lado, la conmoci\u00f3n de los israel\u00edes por el fracaso de los servicios de inteligencia a la hora de identificar la amenaza y por la actuaci\u00f3n mal coordinada de los militares para contrarrestarla r\u00e1pidamente remodelar\u00e1 un panorama pol\u00edtico ya de por s\u00ed fr\u00e1gil en el pa\u00eds.<\/p>\n\n\n\n<p>Si son ciertas las informaciones seg\u00fan las cuales los servicios de inteligencia egipcios hab\u00edan advertido a sus hom\u00f3logos israel\u00edes de un ataque inminente tres d\u00edas antes, habr\u00e1 que plantearse serias preguntas no s\u00f3lo sobre por qu\u00e9 no se tom\u00f3 m\u00e1s en serio esta alerta, sino tambi\u00e9n sobre la direcci\u00f3n del gobierno de Benjamin Netanyahu y la posible distracci\u00f3n que suponen las reformas propuestas que han desencadenado lo que algunos analistas han denominado &#8220;la crisis constitucional y pol\u00edtica m\u00e1s grave desde la creaci\u00f3n de Israel el 14 Mayo 1948.<\/p>\n\n\n\n<p>La onda expansiva se extender\u00e1 considerablemente. La respuesta de algunos era previsible. El Ministerio de Asuntos Exteriores saud\u00ed emiti\u00f3 un comunicado en el que no mencionaba la violencia que el pasado fin de semana se sald\u00f3 con el brutal asesinato de asistentes al festival y sus familias, sino que se\u00f1alaba que hab\u00eda hecho &#8220;repetidas advertencias sobre los peligros de la explosi\u00f3n de la situaci\u00f3n como consecuencia de la ocupaci\u00f3n continuada, la privaci\u00f3n al pueblo palestino de sus derechos leg\u00edtimos y la repetici\u00f3n de provocaciones sistem\u00e1ticas contra sus santidades&#8221;.<\/p>\n\n\n\n<p>No es de extra\u00f1ar, que algunos trataran de tomar cartas en el asunto para llamar la atenci\u00f3n sobre el problema y galvanizar apoyos. Tal vez no sorprenda que Arabia Saud\u00ed optara por dejar de lado sus posibles v\u00ednculos innovadores con Israel y mostrar su solidaridad con los palestinos ante la crisis.<\/p>\n\n\n\n<p>Las decisiones tomadas por otros pa\u00edses son m\u00e1s sorprendentes. La respuesta inicial del Ministerio de Asuntos Exteriores de Pek\u00edn tampoco dec\u00eda nada sobre la muerte de 1.200 personas en Israel, limit\u00e1ndose a se\u00f1alar su preocupaci\u00f3n &#8220;por la actual escalada de tensiones&#8221; y a pedir &#8220;a las partes implicadas que mantengan la calma, act\u00faen con moderaci\u00f3n y pongan fin inmediatamente a las hostilidades para proteger a los civiles y evitar un mayor deterioro de la situaci\u00f3n&#8221;. El curso de acci\u00f3n m\u00e1s apropiado, se\u00f1al\u00f3 el ministerio, consiste en &#8220;aplicar la soluci\u00f3n de los dos Estados y establecer un Estado independiente de Palestina&#8221;.<br><br>Esta respuesta fue duramente criticada por Yuval Waks, alto diplom\u00e1tico de la misi\u00f3n israel\u00ed en China. Israel esperaba una &#8220;condena m\u00e1s en\u00e9rgica&#8221; de Ham\u00e1s y sus acciones, se\u00f1al\u00f3, y a\u00f1adi\u00f3 que &#8220;cuando la gente es asesinada y masacrada en las calles&#8221;, no era &#8220;el momento de pedir una soluci\u00f3n de dos Estados&#8221;.<\/p>\n\n\n\n<p>Aunque Mao Ning, portavoz del Ministerio de Asuntos Exteriores, fue m\u00e1s directa en su condena al d\u00eda siguiente, los observadores de China no han tardado en darse cuenta de que la referencia de Pek\u00edn a una soluci\u00f3n de dos Estados supone un cambio en su postura habitual de no injerencia en los asuntos internos de otros pa\u00edses. Por otra parte, dadas las importantes relaciones comerciales que China mantiene desde hace tiempo con Israel, sobre todo en los sectores de defensa y alta tecnolog\u00eda, el hecho de que haya rehuido mostrar p\u00fablicamente su apoyo ante los traumas del pasado fin de semana se ha interpretado como un indicio de la importancia del mundo \u00e1rabe y de los pa\u00edses productores de petr\u00f3leo del Golfo, en particular, en el pensamiento estrat\u00e9gico y econ\u00f3mico chino.<\/p>\n\n\n\n<p>Si Pek\u00edn est\u00e1 viendo los acontecimientos de la semana pasada a trav\u00e9s de la lente de un nuevo mundo que est\u00e1 tomando forma, lo mismo ocurre con Mosc\u00fa, que tiene sus propios intereses en la difusi\u00f3n de la perturbaci\u00f3n tanto a nivel regional como m\u00e1s all\u00e1. Aunque no hay ninguna prueba de la implicaci\u00f3n de Rusia en los acontecimientos de la semana pasada ni de su apoyo a Ham\u00e1s y sus actividades, Rusia ha estado muy implicada en Siria durante la \u00faltima d\u00e9cada y, m\u00e1s recientemente, ha estrechado lazos con Ir\u00e1n, sobre todo para asegurarse el suministro de aviones no tripulados para su uso en Ucrania.<\/p>\n\n\n\n<p>Vladimir Putin tampoco ha desaprovechado la oportunidad de se\u00f1alar con el dedo lo que, seg\u00fan el presidente ruso, fue la causa de los atentados del pasado fin de semana. Estos, dijo, no se debieron a la opresi\u00f3n de Israel sobre los palestinos ni al f\u00e9rreo control de Ham\u00e1s sobre Gaza y su deseo de crear el caos; m\u00e1s bien, &#8220;se trata de un vivo ejemplo del fracaso de la pol\u00edtica de Estados Unidos en Oriente Pr\u00f3ximo&#8221;.<\/p>\n\n\n\n<p>Esto proporciona una narrativa que caer\u00e1 en terreno f\u00e9rtil en muchas partes del mundo en un momento de fragmentaci\u00f3n pol\u00edtica y econ\u00f3mica. Para Putin, la crisis de Oriente Pr\u00f3ximo llega en un momento oportuno, no s\u00f3lo para distraer la atenci\u00f3n de la guerra de Ucrania y culpar a Occidente de los pecados de otros, sino tambi\u00e9n por otro efecto secundario de los acontecimientos de los \u00faltimos siete d\u00edas.<\/p>\n\n\n\n<p>Quiz\u00e1s el m\u00e1s significativo de ellos sea el refuerzo de las ideas sostenidas en muchos pa\u00edses de todo el mundo, pero especialmente en Europa y Estados Unidos, de que el mundo est\u00e1 en transici\u00f3n, de que estamos entrando o ya estamos en una era de oscuridad, de que las amenazas acechan a la vuelta de cada esquina -desde los efectos de las nuevas tecnolog\u00edas hasta las preocupaciones por el cambio clim\u00e1tico, desde las inquietudes por la migraci\u00f3n masiva hasta las relativas a la polarizaci\u00f3n de la vida pol\u00edtica.<\/p>\n\n\n\n<p>Una forma racional de hacer frente a tales presiones es alejarse de ellas: as\u00ed que un efecto probable del sufrimiento de tantos israel\u00edes y palestinos ser\u00e1 el empuje hacia un creciente aislacionismo, algo que traer\u00e1 tantos problemas como soluciones.<\/p>\n\n\n\n<p>Como Kevin Rudd, ex primer ministro de Australia, ha dicho con tanta clarividencia, estamos &#8220;viviendo en la d\u00e9cada de vivir peligrosamente&#8221;. Rudd escrib\u00eda en 2021 sobre el contexto de rivalidad entre Estados Unidos y China.<\/p>\n\n\n\n<p>Pero el modelo se aplica a todo un nuevo conjunto de rivalidades que se han intensificado desde entonces: no s\u00f3lo las que existen entre bloques geopol\u00edticos, como Occidente, por un lado, y China y Rusia, por otro; sino tambi\u00e9n nuevas alianzas, ilusorias o no, como la agrupaci\u00f3n BRICS (Brasil, Rusia, India, China y Sud\u00e1frica, que se ampliar\u00e1 en enero para incluir a Egipto, Etiop\u00eda, Ir\u00e1n, Arabia Saud\u00ed, Emiratos \u00c1rabes Unidos y Argentina.<\/p>\n\n\n\n<p>Caprichosamente, la realidad demuestra que a medida que se desarrollaban los acontecimientos del verano de 1914, las grandes potencias, incluso los imperios, apostaron por su capacidad de tomar buenas decisiones, en lugar de tomar decisiones precipitadas.<\/p>\n\n\n\n<p>Mientras la venganza por los horrores del fin de semana anterior continuar\u00e1 a ocupar el centro del escenario en los pr\u00f3ximos d\u00edas y probablemente se intensifique con tr\u00e1gicas consecuencias, debemos ser conscientes de algunas de las peores lecciones de la historia y evitar si fuera posible, de que no se repitan.<br><br><small>Copyright \u00a9 2023 ElCanillita.info \/ SalaStampa.Eu, servicio mundial de prensa<\/small><\/p>\n","protected":false},"excerpt":{"rendered":"<p>Ejecuci\u00f3n de civiles serbios en Trebinje en los d\u00edas posteriores al ataque de Sarajevo en 1914<\/p>\n","protected":false},"author":1,"featured_media":3782,"comment_status":"closed","ping_status":"closed","sticky":false,"template":"","format":"standard","meta":{"footnotes":"","_links_to":"","_links_to_target":""},"categories":[108,121,119,15],"tags":[67,35],"class_list":["post-3778","post","type-post","status-publish","format-standard","has-post-thumbnail","hentry","category-blogdiario","category-dc24","category-guerra","category-medio-oriente","tag-israel","tag-mundo","entry","double"],"yoast_head":"<!-- This site is optimized with the Yoast SEO plugin v27.4 - https:\/\/yoast.com\/product\/yoast-seo-wordpress\/ -->\n<title>La historia ense\u00f1a que no ense\u00f1a nada, solamente se repite - ElCanillita.Info<\/title>\n<meta name=\"robots\" content=\"index, follow, max-snippet:-1, max-image-preview:large, max-video-preview:-1\" \/>\n<link rel=\"canonical\" href=\"https:\/\/elcanillita.info\/press\/2023\/10\/14\/la-historia-ensena-que-no-ensena-nada-solamente-se-repite\/\" \/>\n<meta property=\"og:locale\" content=\"es_ES\" \/>\n<meta property=\"og:type\" content=\"article\" \/>\n<meta property=\"og:title\" content=\"La historia ense\u00f1a que no ense\u00f1a nada, solamente se repite - ElCanillita.Info\" \/>\n<meta property=\"og:description\" content=\"Ejecuci\u00f3n de civiles serbios en Trebinje en los d\u00edas posteriores al ataque de Sarajevo en 1914\" \/>\n<meta property=\"og:url\" content=\"https:\/\/elcanillita.info\/press\/2023\/10\/14\/la-historia-ensena-que-no-ensena-nada-solamente-se-repite\/\" \/>\n<meta property=\"og:site_name\" content=\"ElCanillita.Info\" \/>\n<meta property=\"article:publisher\" content=\"https:\/\/ar-ar.facebook.com\/ElCanillitainfo-114249515285712\/\" \/>\n<meta property=\"article:published_time\" content=\"2023-10-14T21:32:34+00:00\" \/>\n<meta property=\"article:modified_time\" content=\"2023-10-14T22:27:13+00:00\" \/>\n<meta property=\"og:image\" content=\"https:\/\/elcanillita.info\/press\/images\/2023\/10\/ausarajevo_2_20231014.jpg\" \/>\n\t<meta property=\"og:image:width\" content=\"600\" \/>\n\t<meta property=\"og:image:height\" content=\"375\" \/>\n\t<meta property=\"og:image:type\" content=\"image\/jpeg\" \/>\n<meta name=\"author\" content=\"SalaStampa.eu, world press service\" \/>\n<meta name=\"twitter:card\" content=\"summary_large_image\" \/>\n<meta name=\"twitter:label1\" content=\"Escrito por\" \/>\n\t<meta name=\"twitter:data1\" content=\"SalaStampa.eu, world press service\" \/>\n\t<meta name=\"twitter:label2\" content=\"Tiempo de lectura\" \/>\n\t<meta name=\"twitter:data2\" content=\"12 minutos\" \/>\n<script type=\"application\/ld+json\" class=\"yoast-schema-graph\">{\"@context\":\"https:\\\/\\\/schema.org\",\"@graph\":[{\"@type\":\"Article\",\"@id\":\"https:\\\/\\\/elcanillita.info\\\/press\\\/2023\\\/10\\\/14\\\/la-historia-ensena-que-no-ensena-nada-solamente-se-repite\\\/#article\",\"isPartOf\":{\"@id\":\"https:\\\/\\\/elcanillita.info\\\/press\\\/2023\\\/10\\\/14\\\/la-historia-ensena-que-no-ensena-nada-solamente-se-repite\\\/\"},\"author\":{\"name\":\"SalaStampa.eu, world press service\",\"@id\":\"https:\\\/\\\/elcanillita.info\\\/press\\\/#\\\/schema\\\/person\\\/7fcb79f38045700919f7da6d97e71ba0\"},\"headline\":\"La historia ense\u00f1a que no ense\u00f1a nada, solamente se repite\",\"datePublished\":\"2023-10-14T21:32:34+00:00\",\"dateModified\":\"2023-10-14T22:27:13+00:00\",\"mainEntityOfPage\":{\"@id\":\"https:\\\/\\\/elcanillita.info\\\/press\\\/2023\\\/10\\\/14\\\/la-historia-ensena-que-no-ensena-nada-solamente-se-repite\\\/\"},\"wordCount\":2706,\"publisher\":{\"@id\":\"https:\\\/\\\/elcanillita.info\\\/press\\\/#organization\"},\"image\":{\"@id\":\"https:\\\/\\\/elcanillita.info\\\/press\\\/2023\\\/10\\\/14\\\/la-historia-ensena-que-no-ensena-nada-solamente-se-repite\\\/#primaryimage\"},\"thumbnailUrl\":\"https:\\\/\\\/elcanillita.info\\\/press\\\/images\\\/2023\\\/10\\\/ausarajevo_2_20231014.jpg\",\"keywords\":[\"Israel\",\"MUNDO\"],\"articleSection\":[\".\",\".\",\"Guerra\",\"Medio Oriente\"],\"inLanguage\":\"es-AR\"},{\"@type\":\"WebPage\",\"@id\":\"https:\\\/\\\/elcanillita.info\\\/press\\\/2023\\\/10\\\/14\\\/la-historia-ensena-que-no-ensena-nada-solamente-se-repite\\\/\",\"url\":\"https:\\\/\\\/elcanillita.info\\\/press\\\/2023\\\/10\\\/14\\\/la-historia-ensena-que-no-ensena-nada-solamente-se-repite\\\/\",\"name\":\"La historia ense\u00f1a que no ense\u00f1a nada, solamente se repite - ElCanillita.Info\",\"isPartOf\":{\"@id\":\"https:\\\/\\\/elcanillita.info\\\/press\\\/#website\"},\"primaryImageOfPage\":{\"@id\":\"https:\\\/\\\/elcanillita.info\\\/press\\\/2023\\\/10\\\/14\\\/la-historia-ensena-que-no-ensena-nada-solamente-se-repite\\\/#primaryimage\"},\"image\":{\"@id\":\"https:\\\/\\\/elcanillita.info\\\/press\\\/2023\\\/10\\\/14\\\/la-historia-ensena-que-no-ensena-nada-solamente-se-repite\\\/#primaryimage\"},\"thumbnailUrl\":\"https:\\\/\\\/elcanillita.info\\\/press\\\/images\\\/2023\\\/10\\\/ausarajevo_2_20231014.jpg\",\"datePublished\":\"2023-10-14T21:32:34+00:00\",\"dateModified\":\"2023-10-14T22:27:13+00:00\",\"inLanguage\":\"es-AR\",\"potentialAction\":[{\"@type\":\"ReadAction\",\"target\":[\"https:\\\/\\\/elcanillita.info\\\/press\\\/2023\\\/10\\\/14\\\/la-historia-ensena-que-no-ensena-nada-solamente-se-repite\\\/\"]}]},{\"@type\":\"ImageObject\",\"inLanguage\":\"es-AR\",\"@id\":\"https:\\\/\\\/elcanillita.info\\\/press\\\/2023\\\/10\\\/14\\\/la-historia-ensena-que-no-ensena-nada-solamente-se-repite\\\/#primaryimage\",\"url\":\"https:\\\/\\\/elcanillita.info\\\/press\\\/images\\\/2023\\\/10\\\/ausarajevo_2_20231014.jpg\",\"contentUrl\":\"https:\\\/\\\/elcanillita.info\\\/press\\\/images\\\/2023\\\/10\\\/ausarajevo_2_20231014.jpg\",\"width\":600,\"height\":375},{\"@type\":\"WebSite\",\"@id\":\"https:\\\/\\\/elcanillita.info\\\/press\\\/#website\",\"url\":\"https:\\\/\\\/elcanillita.info\\\/press\\\/\",\"name\":\"ElCanillita.Info\",\"description\":\"desde los Apeninos a los Andes\",\"publisher\":{\"@id\":\"https:\\\/\\\/elcanillita.info\\\/press\\\/#organization\"},\"potentialAction\":[{\"@type\":\"SearchAction\",\"target\":{\"@type\":\"EntryPoint\",\"urlTemplate\":\"https:\\\/\\\/elcanillita.info\\\/press\\\/?s={search_term_string}\"},\"query-input\":{\"@type\":\"PropertyValueSpecification\",\"valueRequired\":true,\"valueName\":\"search_term_string\"}}],\"inLanguage\":\"es-AR\"},{\"@type\":\"Organization\",\"@id\":\"https:\\\/\\\/elcanillita.info\\\/press\\\/#organization\",\"name\":\"Guzzo Photos & Graphic Publications\",\"url\":\"https:\\\/\\\/elcanillita.info\\\/press\\\/\",\"logo\":{\"@type\":\"ImageObject\",\"inLanguage\":\"es-AR\",\"@id\":\"https:\\\/\\\/elcanillita.info\\\/press\\\/#\\\/schema\\\/logo\\\/image\\\/\",\"url\":\"https:\\\/\\\/elcanillita.info\\\/press\\\/images\\\/2020\\\/01\\\/cropped-cropped-cropped-elcanillitainfo.png\",\"contentUrl\":\"https:\\\/\\\/elcanillita.info\\\/press\\\/images\\\/2020\\\/01\\\/cropped-cropped-cropped-elcanillitainfo.png\",\"width\":460,\"height\":50,\"caption\":\"Guzzo Photos & Graphic Publications\"},\"image\":{\"@id\":\"https:\\\/\\\/elcanillita.info\\\/press\\\/#\\\/schema\\\/logo\\\/image\\\/\"},\"sameAs\":[\"https:\\\/\\\/ar-ar.facebook.com\\\/ElCanillitainfo-114249515285712\\\/\"]},{\"@type\":\"Person\",\"@id\":\"https:\\\/\\\/elcanillita.info\\\/press\\\/#\\\/schema\\\/person\\\/7fcb79f38045700919f7da6d97e71ba0\",\"name\":\"SalaStampa.eu, world press service\",\"image\":{\"@type\":\"ImageObject\",\"inLanguage\":\"es-AR\",\"@id\":\"https:\\\/\\\/secure.gravatar.com\\\/avatar\\\/c2f0e0d515a107624234994507816ca4724c7199cef73fc8bedebf6931d73888?s=96&d=mm&r=g\",\"url\":\"https:\\\/\\\/secure.gravatar.com\\\/avatar\\\/c2f0e0d515a107624234994507816ca4724c7199cef73fc8bedebf6931d73888?s=96&d=mm&r=g\",\"contentUrl\":\"https:\\\/\\\/secure.gravatar.com\\\/avatar\\\/c2f0e0d515a107624234994507816ca4724c7199cef73fc8bedebf6931d73888?s=96&d=mm&r=g\",\"caption\":\"SalaStampa.eu, world press service\"}}]}<\/script>\n<!-- \/ Yoast SEO plugin. -->","yoast_head_json":{"title":"La historia ense\u00f1a que no ense\u00f1a nada, solamente se repite - ElCanillita.Info","robots":{"index":"index","follow":"follow","max-snippet":"max-snippet:-1","max-image-preview":"max-image-preview:large","max-video-preview":"max-video-preview:-1"},"canonical":"https:\/\/elcanillita.info\/press\/2023\/10\/14\/la-historia-ensena-que-no-ensena-nada-solamente-se-repite\/","og_locale":"es_ES","og_type":"article","og_title":"La historia ense\u00f1a que no ense\u00f1a nada, solamente se repite - ElCanillita.Info","og_description":"Ejecuci\u00f3n de civiles serbios en Trebinje en los d\u00edas posteriores al ataque de Sarajevo en 1914","og_url":"https:\/\/elcanillita.info\/press\/2023\/10\/14\/la-historia-ensena-que-no-ensena-nada-solamente-se-repite\/","og_site_name":"ElCanillita.Info","article_publisher":"https:\/\/ar-ar.facebook.com\/ElCanillitainfo-114249515285712\/","article_published_time":"2023-10-14T21:32:34+00:00","article_modified_time":"2023-10-14T22:27:13+00:00","og_image":[{"width":600,"height":375,"url":"https:\/\/elcanillita.info\/press\/images\/2023\/10\/ausarajevo_2_20231014.jpg","type":"image\/jpeg"}],"author":"SalaStampa.eu, world press service","twitter_card":"summary_large_image","twitter_misc":{"Escrito por":"SalaStampa.eu, world press service","Tiempo de lectura":"12 minutos"},"schema":{"@context":"https:\/\/schema.org","@graph":[{"@type":"Article","@id":"https:\/\/elcanillita.info\/press\/2023\/10\/14\/la-historia-ensena-que-no-ensena-nada-solamente-se-repite\/#article","isPartOf":{"@id":"https:\/\/elcanillita.info\/press\/2023\/10\/14\/la-historia-ensena-que-no-ensena-nada-solamente-se-repite\/"},"author":{"name":"SalaStampa.eu, world press service","@id":"https:\/\/elcanillita.info\/press\/#\/schema\/person\/7fcb79f38045700919f7da6d97e71ba0"},"headline":"La historia ense\u00f1a que no ense\u00f1a nada, solamente se repite","datePublished":"2023-10-14T21:32:34+00:00","dateModified":"2023-10-14T22:27:13+00:00","mainEntityOfPage":{"@id":"https:\/\/elcanillita.info\/press\/2023\/10\/14\/la-historia-ensena-que-no-ensena-nada-solamente-se-repite\/"},"wordCount":2706,"publisher":{"@id":"https:\/\/elcanillita.info\/press\/#organization"},"image":{"@id":"https:\/\/elcanillita.info\/press\/2023\/10\/14\/la-historia-ensena-que-no-ensena-nada-solamente-se-repite\/#primaryimage"},"thumbnailUrl":"https:\/\/elcanillita.info\/press\/images\/2023\/10\/ausarajevo_2_20231014.jpg","keywords":["Israel","MUNDO"],"articleSection":[".",".","Guerra","Medio Oriente"],"inLanguage":"es-AR"},{"@type":"WebPage","@id":"https:\/\/elcanillita.info\/press\/2023\/10\/14\/la-historia-ensena-que-no-ensena-nada-solamente-se-repite\/","url":"https:\/\/elcanillita.info\/press\/2023\/10\/14\/la-historia-ensena-que-no-ensena-nada-solamente-se-repite\/","name":"La historia ense\u00f1a que no ense\u00f1a nada, solamente se repite - ElCanillita.Info","isPartOf":{"@id":"https:\/\/elcanillita.info\/press\/#website"},"primaryImageOfPage":{"@id":"https:\/\/elcanillita.info\/press\/2023\/10\/14\/la-historia-ensena-que-no-ensena-nada-solamente-se-repite\/#primaryimage"},"image":{"@id":"https:\/\/elcanillita.info\/press\/2023\/10\/14\/la-historia-ensena-que-no-ensena-nada-solamente-se-repite\/#primaryimage"},"thumbnailUrl":"https:\/\/elcanillita.info\/press\/images\/2023\/10\/ausarajevo_2_20231014.jpg","datePublished":"2023-10-14T21:32:34+00:00","dateModified":"2023-10-14T22:27:13+00:00","inLanguage":"es-AR","potentialAction":[{"@type":"ReadAction","target":["https:\/\/elcanillita.info\/press\/2023\/10\/14\/la-historia-ensena-que-no-ensena-nada-solamente-se-repite\/"]}]},{"@type":"ImageObject","inLanguage":"es-AR","@id":"https:\/\/elcanillita.info\/press\/2023\/10\/14\/la-historia-ensena-que-no-ensena-nada-solamente-se-repite\/#primaryimage","url":"https:\/\/elcanillita.info\/press\/images\/2023\/10\/ausarajevo_2_20231014.jpg","contentUrl":"https:\/\/elcanillita.info\/press\/images\/2023\/10\/ausarajevo_2_20231014.jpg","width":600,"height":375},{"@type":"WebSite","@id":"https:\/\/elcanillita.info\/press\/#website","url":"https:\/\/elcanillita.info\/press\/","name":"ElCanillita.Info","description":"desde los Apeninos a los Andes","publisher":{"@id":"https:\/\/elcanillita.info\/press\/#organization"},"potentialAction":[{"@type":"SearchAction","target":{"@type":"EntryPoint","urlTemplate":"https:\/\/elcanillita.info\/press\/?s={search_term_string}"},"query-input":{"@type":"PropertyValueSpecification","valueRequired":true,"valueName":"search_term_string"}}],"inLanguage":"es-AR"},{"@type":"Organization","@id":"https:\/\/elcanillita.info\/press\/#organization","name":"Guzzo Photos & Graphic Publications","url":"https:\/\/elcanillita.info\/press\/","logo":{"@type":"ImageObject","inLanguage":"es-AR","@id":"https:\/\/elcanillita.info\/press\/#\/schema\/logo\/image\/","url":"https:\/\/elcanillita.info\/press\/images\/2020\/01\/cropped-cropped-cropped-elcanillitainfo.png","contentUrl":"https:\/\/elcanillita.info\/press\/images\/2020\/01\/cropped-cropped-cropped-elcanillitainfo.png","width":460,"height":50,"caption":"Guzzo Photos & Graphic Publications"},"image":{"@id":"https:\/\/elcanillita.info\/press\/#\/schema\/logo\/image\/"},"sameAs":["https:\/\/ar-ar.facebook.com\/ElCanillitainfo-114249515285712\/"]},{"@type":"Person","@id":"https:\/\/elcanillita.info\/press\/#\/schema\/person\/7fcb79f38045700919f7da6d97e71ba0","name":"SalaStampa.eu, world press service","image":{"@type":"ImageObject","inLanguage":"es-AR","@id":"https:\/\/secure.gravatar.com\/avatar\/c2f0e0d515a107624234994507816ca4724c7199cef73fc8bedebf6931d73888?s=96&d=mm&r=g","url":"https:\/\/secure.gravatar.com\/avatar\/c2f0e0d515a107624234994507816ca4724c7199cef73fc8bedebf6931d73888?s=96&d=mm&r=g","contentUrl":"https:\/\/secure.gravatar.com\/avatar\/c2f0e0d515a107624234994507816ca4724c7199cef73fc8bedebf6931d73888?s=96&d=mm&r=g","caption":"SalaStampa.eu, world press service"}}]}},"views":411,"_links":{"self":[{"href":"https:\/\/elcanillita.info\/press\/wp-json\/wp\/v2\/posts\/3778","targetHints":{"allow":["GET"]}}],"collection":[{"href":"https:\/\/elcanillita.info\/press\/wp-json\/wp\/v2\/posts"}],"about":[{"href":"https:\/\/elcanillita.info\/press\/wp-json\/wp\/v2\/types\/post"}],"author":[{"embeddable":true,"href":"https:\/\/elcanillita.info\/press\/wp-json\/wp\/v2\/users\/1"}],"replies":[{"embeddable":true,"href":"https:\/\/elcanillita.info\/press\/wp-json\/wp\/v2\/comments?post=3778"}],"version-history":[{"count":0,"href":"https:\/\/elcanillita.info\/press\/wp-json\/wp\/v2\/posts\/3778\/revisions"}],"wp:featuredmedia":[{"embeddable":true,"href":"https:\/\/elcanillita.info\/press\/wp-json\/wp\/v2\/media\/3782"}],"wp:attachment":[{"href":"https:\/\/elcanillita.info\/press\/wp-json\/wp\/v2\/media?parent=3778"}],"wp:term":[{"taxonomy":"category","embeddable":true,"href":"https:\/\/elcanillita.info\/press\/wp-json\/wp\/v2\/categories?post=3778"},{"taxonomy":"post_tag","embeddable":true,"href":"https:\/\/elcanillita.info\/press\/wp-json\/wp\/v2\/tags?post=3778"}],"curies":[{"name":"wp","href":"https:\/\/api.w.org\/{rel}","templated":true}]}}