{"id":3771,"date":"2023-10-06T20:37:00","date_gmt":"2023-10-06T23:37:00","guid":{"rendered":"https:\/\/elcanillita.info\/press\/?p=3771"},"modified":"2023-10-06T20:39:04","modified_gmt":"2023-10-06T23:39:04","slug":"pajaros-perdidos","status":"publish","type":"post","link":"https:\/\/elcanillita.info\/press\/2023\/10\/06\/pajaros-perdidos\/","title":{"rendered":"P\u00e1jaros Perdidos"},"content":{"rendered":"\n<figure class=\"wp-block-image size-full\"><img loading=\"lazy\" decoding=\"async\" width=\"600\" height=\"357\" src=\"https:\/\/elcanillita.info\/press\/images\/2023\/10\/Kisillof_20231007.jpg\" alt=\"\" class=\"wp-image-3772\" srcset=\"https:\/\/elcanillita.info\/press\/images\/2023\/10\/Kisillof_20231007.jpg 600w, https:\/\/elcanillita.info\/press\/images\/2023\/10\/Kisillof_20231007-300x179.jpg 300w\" sizes=\"auto, (max-width: 600px) 100vw, 600px\" \/><figcaption class=\"wp-element-caption\">Gobernador Axel Kiciloff. y Mart\u00edn Insaurralde<\/figcaption><\/figure>\n\n\n\n<p><strong>por Enrique Guillermo Avogadro<\/strong><br><br><small><em>\u201cEl sexo est\u00e1 en todos lados, salvo en la sexualidad\u201d.<br>Jean Baudrillard<\/em><\/small><br><br><strong>Buenos Aires, 7\/10\/2023<\/strong><br>Una verdadera bandada de elegantes cisnes negros sobrevuela y depone sobre la campa\u00f1a oficialista a escasos quince d\u00edas de las cruciales elecciones nacionales. Al affaire de <em>Chocolate <\/em>Rigau, uno m\u00e1s de los muchos que intervienen en la cadena de corrupci\u00f3n en la Legislatura de la Provincia de Buenos Aires y al escandaloso tema de los millonarios contratos suscriptos por Silvina Batakis en el Banco de la Naci\u00f3n, que se intent\u00f3 minimizar con el despido de su Gerente General, se sum\u00f3 la bomba de fragmentaci\u00f3n del periplo sexual, digno de un magnate, del ahora ex Jefe de Gabinete del Gobernador Axel Kiciloff.<\/p>\n\n\n\n<p>Mientras todo el pero\/kirchnerismo est\u00e1 tratando de organizar cortafuegos y encapsular el esc\u00e1ndalo generado por las fotos y videos que public\u00f3 Sof\u00eda Clerici (habr\u00eda que agradec\u00e9rselo, porque impidi\u00f3 el r\u00e1pido archivo del caso) sobre Mart\u00edn Insaurralde, que no tuvo empacho en exhibirse ostentado monta\u00f1as de dinero robado, ayer se agreg\u00f3 otro episodio similar que, esta vez, afecta a Gustavo Men\u00e9ndez, el hist\u00f3rico Intendente de Merlo, de licencia mientras lo reemplaza su hermana, y actual Presidente del Grupo Bapro, que fue denunciado por enriquecimiento il\u00edcito, o sea, por esa enfermedad end\u00e9mica que, salvo raras excepciones, ha afectado siempre a toda la dirigencia del PJ.<\/p>\n\n\n\n<p>Visto el sideral saqueo del que fue v\u00edctima el pa\u00eds entero durante la gesti\u00f3n del matrimonio patag\u00f3nico y ahora, en la medida en que toda esta inmundicia explota mientras la Provincia de Buenos Aires llora el hambre de 56% de sus chicos, y la Argentina tiene al 40% de su poblaci\u00f3n bajo la l\u00ednea de pobreza y al 12% sumido en la indigencia, me pregunto si no cabe, ahora s\u00ed, la calificaci\u00f3n de delitos de lesa humanidad, tal como la define el art\u00edculo 7 del Tratado de Roma, porque es innegable que la magnitud de la corrupci\u00f3n est\u00e1 exterminando a una enorme proporci\u00f3n de nuestros conciudadanos.<\/p>\n\n\n\n<p>Si as\u00ed fuera, cabr\u00eda imputar a todos los integrantes de la organizaci\u00f3n il\u00edcita que coorganiz\u00f3 y comand\u00f3 Cristina Fern\u00e1ndez, incluyendo a Axel Kiciloff por el in\u00e9dito costo que implic\u00f3 su penosa gesti\u00f3n como Viceministro de Econom\u00eda (entre otros, los US$ 16.000 millones del juicio por YPF en que el pa\u00eds acaba de ser condenado) y a Carlos <em>Chino <\/em>Zannini, Procurador del Tesoro, el cual, con el prop\u00f3sito de permitir a su jefa robar otros US$ 5.000 millones, desisti\u00f3 de las medidas pedidas para demostrar que, detr\u00e1s de los Eskenazy estaban los propios Kirchner y, as\u00ed, evitar la condena.<\/p>\n\n\n\n<p>Pese a que los graves episodios de corrupci\u00f3n han tra\u00eddo a la memoria colectiva otros (las fiestitas de Olivos, la bastarda y artificial guerra en la compra de vacunas que tantas vidas cost\u00f3, el vacunatorio VIP), creo que las preocupaciones del oficialismo por el costo pol\u00edtico de esos inoportunos esc\u00e1ndalos no debieran ser demasiado importantes, ya que la oposici\u00f3n, salvo honrad\u00edsimas excepciones, guarda un estruendoso y c\u00f3mplice silencio en relaci\u00f3n con la corrupci\u00f3n rampante que brota, con la fortaleza de fin de ciclo, por todos los poros de los gobiernos de los tres niveles.<\/p>\n\n\n\n<p>En una notable demostraci\u00f3n de la vigencia del s\u00edndrome de Estocolmo, el viernes pasado la CGT, la CTA, los movimientos sociales y hasta la izquierda lograran llevar mucha gente a aplaudir al m\u00e1ximo responsable del infierno en que transcurre su penosa existencia. El <em>Aceitoso <\/em>que promete hacer, si es electo Presidente, lo contrario de las catastr\u00f3ficas medidas que adopta hoy, y que dice saber qu\u00e9 se debe hacer para terminar con la devaluaci\u00f3n del peso y la pobreza que \u00e9l mismo provoca, recibi\u00f3 su ba\u00f1o de multitudes artificiales, transportadas hasta la Plaza de los Dos Congresos por centenares de \u00f3mnibus pagados por sus eternos explotadores.<\/p>\n\n\n\n<p>En el primer debate, la \u00e1vida ciudadan\u00eda esperaba ver a los candidatos presidenciales hablar sobre los problemas que la agobian, exhibir sus proyectos y mostrar las lacras de sus contrincantes; sin embargo, nada de eso se produjo en las m\u00e1s que aburridas dos horas de ese acartonado y condicionado espect\u00e1culo. Inexplicablemente, los contendientes parec\u00edan se\u00f1oritas tomando el t\u00e9 y con inusitada prudencia, ninguno de ellos hizo la menor menci\u00f3n, en los cuestionamientos a Massa, de los esc\u00e1ndalos de <em>Chocolate<\/em>, Batakis o del imp\u00fadico viajero. Por ello, el amper\u00edmetro pol\u00edtico no registr\u00f3 variaci\u00f3n alguna tras tan educada discusi\u00f3n.<\/p>\n\n\n\n<p>Patricia Bullrich, principal blanco de los ataques sospechosamente concertados del oficialismo y de los libertarios, en un pacto que debiera denunciar, desperdici\u00f3 una magn\u00edfica oportunidad para mostrar que no todos son lo mismo, como no es igual su proceder, y que encabezar\u00e1 un gobierno con un comportamiento \u00e9tico estricto y en verdad diferente a este chiquero de descarada corrupci\u00f3n; espero que ma\u00f1ana, en el segundo y \u00faltimo debate, se ponga esos borcegu\u00edes que tanto la distinguen de las mujeres que circulan sobre altos tacos, como actrices destacadas o meras acompa\u00f1antes, en este deprimente escenario pol\u00edtico.<\/p>\n\n\n\n<p>No digo, porque ser\u00eda m\u00e1s que tonto hacerlo, que sea f\u00e1cil o agradable vivir en la Argentina, pero estoy convencido de que vale la pena seguir peleando para que vuelva a serlo, para que podamos convivir en paz y recuperar el futuro para nuestros hijos y nietos.<br><br><\/p>\n\n\n\n<p><small>\u00a9 Copyright 2023 Enrique Guillermo Avogadro<br>\u00a9 2023 ElCanillita.info \/ SalaStampa.Eu, servicio mundial de prensa<\/small><\/p>\n","protected":false},"excerpt":{"rendered":"<p>Ninguno tiene una memoria tan buena para poder ser un perfecto mentiroso.<br \/>\n<small>George Washington<\/small><\/p>\n","protected":false},"author":1,"featured_media":3772,"comment_status":"closed","ping_status":"closed","sticky":false,"template":"","format":"standard","meta":{"footnotes":"","_links_to":"","_links_to_target":""},"categories":[121,108,70,11,118,23],"tags":[29],"class_list":["post-3771","post","type-post","status-publish","format-standard","has-post-thumbnail","hentry","category-dc24","category-blogdiario","category-actualidad","category-america-del-sur","category-corrupcion","category-politica","tag-argentina","entry","double"],"yoast_head":"<!-- This site is optimized with the Yoast SEO plugin v27.4 - https:\/\/yoast.com\/product\/yoast-seo-wordpress\/ -->\n<title>P\u00e1jaros Perdidos - ElCanillita.Info<\/title>\n<meta name=\"description\" content=\"Ninguno tiene una memoria tan buena para poder ser un perfecto mentiroso.George Washington\" \/>\n<meta name=\"robots\" content=\"index, follow, max-snippet:-1, max-image-preview:large, max-video-preview:-1\" \/>\n<link rel=\"canonical\" href=\"https:\/\/elcanillita.info\/press\/2023\/10\/06\/pajaros-perdidos\/\" \/>\n<meta property=\"og:locale\" content=\"es_ES\" \/>\n<meta property=\"og:type\" content=\"article\" \/>\n<meta property=\"og:title\" content=\"P\u00e1jaros Perdidos - ElCanillita.Info\" \/>\n<meta property=\"og:description\" content=\"Ninguno tiene una memoria tan buena para poder ser un perfecto mentiroso.George Washington\" \/>\n<meta property=\"og:url\" content=\"https:\/\/elcanillita.info\/press\/2023\/10\/06\/pajaros-perdidos\/\" \/>\n<meta property=\"og:site_name\" content=\"ElCanillita.Info\" \/>\n<meta property=\"article:publisher\" content=\"https:\/\/ar-ar.facebook.com\/ElCanillitainfo-114249515285712\/\" \/>\n<meta property=\"article:published_time\" content=\"2023-10-06T23:37:00+00:00\" \/>\n<meta property=\"article:modified_time\" content=\"2023-10-06T23:39:04+00:00\" \/>\n<meta property=\"og:image\" content=\"https:\/\/elcanillita.info\/press\/images\/2023\/10\/Kisillof_20231007.jpg\" \/>\n\t<meta property=\"og:image:width\" content=\"600\" \/>\n\t<meta property=\"og:image:height\" content=\"357\" \/>\n\t<meta property=\"og:image:type\" content=\"image\/jpeg\" \/>\n<meta name=\"author\" content=\"SalaStampa.eu, world press service\" \/>\n<meta name=\"twitter:card\" content=\"summary_large_image\" \/>\n<meta name=\"twitter:label1\" content=\"Escrito por\" \/>\n\t<meta name=\"twitter:data1\" content=\"SalaStampa.eu, world press service\" \/>\n\t<meta name=\"twitter:label2\" content=\"Tiempo de lectura\" \/>\n\t<meta name=\"twitter:data2\" content=\"5 minutos\" \/>\n<script type=\"application\/ld+json\" class=\"yoast-schema-graph\">{\"@context\":\"https:\\\/\\\/schema.org\",\"@graph\":[{\"@type\":\"Article\",\"@id\":\"https:\\\/\\\/elcanillita.info\\\/press\\\/2023\\\/10\\\/06\\\/pajaros-perdidos\\\/#article\",\"isPartOf\":{\"@id\":\"https:\\\/\\\/elcanillita.info\\\/press\\\/2023\\\/10\\\/06\\\/pajaros-perdidos\\\/\"},\"author\":{\"name\":\"SalaStampa.eu, world press service\",\"@id\":\"https:\\\/\\\/elcanillita.info\\\/press\\\/#\\\/schema\\\/person\\\/7fcb79f38045700919f7da6d97e71ba0\"},\"headline\":\"P\u00e1jaros Perdidos\",\"datePublished\":\"2023-10-06T23:37:00+00:00\",\"dateModified\":\"2023-10-06T23:39:04+00:00\",\"mainEntityOfPage\":{\"@id\":\"https:\\\/\\\/elcanillita.info\\\/press\\\/2023\\\/10\\\/06\\\/pajaros-perdidos\\\/\"},\"wordCount\":954,\"publisher\":{\"@id\":\"https:\\\/\\\/elcanillita.info\\\/press\\\/#organization\"},\"image\":{\"@id\":\"https:\\\/\\\/elcanillita.info\\\/press\\\/2023\\\/10\\\/06\\\/pajaros-perdidos\\\/#primaryimage\"},\"thumbnailUrl\":\"https:\\\/\\\/elcanillita.info\\\/press\\\/images\\\/2023\\\/10\\\/Kisillof_20231007.jpg\",\"keywords\":[\"Argentina\"],\"articleSection\":[\".\",\".\",\"Actualidad\",\"Am\u00e9rica del Sur\",\"Corrupci\u00f3n\",\"Politica\"],\"inLanguage\":\"es-AR\"},{\"@type\":\"WebPage\",\"@id\":\"https:\\\/\\\/elcanillita.info\\\/press\\\/2023\\\/10\\\/06\\\/pajaros-perdidos\\\/\",\"url\":\"https:\\\/\\\/elcanillita.info\\\/press\\\/2023\\\/10\\\/06\\\/pajaros-perdidos\\\/\",\"name\":\"P\u00e1jaros Perdidos - ElCanillita.Info\",\"isPartOf\":{\"@id\":\"https:\\\/\\\/elcanillita.info\\\/press\\\/#website\"},\"primaryImageOfPage\":{\"@id\":\"https:\\\/\\\/elcanillita.info\\\/press\\\/2023\\\/10\\\/06\\\/pajaros-perdidos\\\/#primaryimage\"},\"image\":{\"@id\":\"https:\\\/\\\/elcanillita.info\\\/press\\\/2023\\\/10\\\/06\\\/pajaros-perdidos\\\/#primaryimage\"},\"thumbnailUrl\":\"https:\\\/\\\/elcanillita.info\\\/press\\\/images\\\/2023\\\/10\\\/Kisillof_20231007.jpg\",\"datePublished\":\"2023-10-06T23:37:00+00:00\",\"dateModified\":\"2023-10-06T23:39:04+00:00\",\"description\":\"Ninguno tiene una memoria tan buena para poder ser un perfecto mentiroso.George Washington\",\"inLanguage\":\"es-AR\",\"potentialAction\":[{\"@type\":\"ReadAction\",\"target\":[\"https:\\\/\\\/elcanillita.info\\\/press\\\/2023\\\/10\\\/06\\\/pajaros-perdidos\\\/\"]}]},{\"@type\":\"ImageObject\",\"inLanguage\":\"es-AR\",\"@id\":\"https:\\\/\\\/elcanillita.info\\\/press\\\/2023\\\/10\\\/06\\\/pajaros-perdidos\\\/#primaryimage\",\"url\":\"https:\\\/\\\/elcanillita.info\\\/press\\\/images\\\/2023\\\/10\\\/Kisillof_20231007.jpg\",\"contentUrl\":\"https:\\\/\\\/elcanillita.info\\\/press\\\/images\\\/2023\\\/10\\\/Kisillof_20231007.jpg\",\"width\":600,\"height\":357},{\"@type\":\"WebSite\",\"@id\":\"https:\\\/\\\/elcanillita.info\\\/press\\\/#website\",\"url\":\"https:\\\/\\\/elcanillita.info\\\/press\\\/\",\"name\":\"ElCanillita.Info\",\"description\":\"desde los Apeninos a los Andes\",\"publisher\":{\"@id\":\"https:\\\/\\\/elcanillita.info\\\/press\\\/#organization\"},\"potentialAction\":[{\"@type\":\"SearchAction\",\"target\":{\"@type\":\"EntryPoint\",\"urlTemplate\":\"https:\\\/\\\/elcanillita.info\\\/press\\\/?s={search_term_string}\"},\"query-input\":{\"@type\":\"PropertyValueSpecification\",\"valueRequired\":true,\"valueName\":\"search_term_string\"}}],\"inLanguage\":\"es-AR\"},{\"@type\":\"Organization\",\"@id\":\"https:\\\/\\\/elcanillita.info\\\/press\\\/#organization\",\"name\":\"Guzzo Photos & Graphic Publications\",\"url\":\"https:\\\/\\\/elcanillita.info\\\/press\\\/\",\"logo\":{\"@type\":\"ImageObject\",\"inLanguage\":\"es-AR\",\"@id\":\"https:\\\/\\\/elcanillita.info\\\/press\\\/#\\\/schema\\\/logo\\\/image\\\/\",\"url\":\"https:\\\/\\\/elcanillita.info\\\/press\\\/images\\\/2020\\\/01\\\/cropped-cropped-cropped-elcanillitainfo.png\",\"contentUrl\":\"https:\\\/\\\/elcanillita.info\\\/press\\\/images\\\/2020\\\/01\\\/cropped-cropped-cropped-elcanillitainfo.png\",\"width\":460,\"height\":50,\"caption\":\"Guzzo Photos & Graphic Publications\"},\"image\":{\"@id\":\"https:\\\/\\\/elcanillita.info\\\/press\\\/#\\\/schema\\\/logo\\\/image\\\/\"},\"sameAs\":[\"https:\\\/\\\/ar-ar.facebook.com\\\/ElCanillitainfo-114249515285712\\\/\"]},{\"@type\":\"Person\",\"@id\":\"https:\\\/\\\/elcanillita.info\\\/press\\\/#\\\/schema\\\/person\\\/7fcb79f38045700919f7da6d97e71ba0\",\"name\":\"SalaStampa.eu, world press service\",\"image\":{\"@type\":\"ImageObject\",\"inLanguage\":\"es-AR\",\"@id\":\"https:\\\/\\\/secure.gravatar.com\\\/avatar\\\/c2f0e0d515a107624234994507816ca4724c7199cef73fc8bedebf6931d73888?s=96&d=mm&r=g\",\"url\":\"https:\\\/\\\/secure.gravatar.com\\\/avatar\\\/c2f0e0d515a107624234994507816ca4724c7199cef73fc8bedebf6931d73888?s=96&d=mm&r=g\",\"contentUrl\":\"https:\\\/\\\/secure.gravatar.com\\\/avatar\\\/c2f0e0d515a107624234994507816ca4724c7199cef73fc8bedebf6931d73888?s=96&d=mm&r=g\",\"caption\":\"SalaStampa.eu, world press service\"}}]}<\/script>\n<!-- \/ Yoast SEO plugin. -->","yoast_head_json":{"title":"P\u00e1jaros Perdidos - ElCanillita.Info","description":"Ninguno tiene una memoria tan buena para poder ser un perfecto mentiroso.George Washington","robots":{"index":"index","follow":"follow","max-snippet":"max-snippet:-1","max-image-preview":"max-image-preview:large","max-video-preview":"max-video-preview:-1"},"canonical":"https:\/\/elcanillita.info\/press\/2023\/10\/06\/pajaros-perdidos\/","og_locale":"es_ES","og_type":"article","og_title":"P\u00e1jaros Perdidos - ElCanillita.Info","og_description":"Ninguno tiene una memoria tan buena para poder ser un perfecto mentiroso.George Washington","og_url":"https:\/\/elcanillita.info\/press\/2023\/10\/06\/pajaros-perdidos\/","og_site_name":"ElCanillita.Info","article_publisher":"https:\/\/ar-ar.facebook.com\/ElCanillitainfo-114249515285712\/","article_published_time":"2023-10-06T23:37:00+00:00","article_modified_time":"2023-10-06T23:39:04+00:00","og_image":[{"width":600,"height":357,"url":"https:\/\/elcanillita.info\/press\/images\/2023\/10\/Kisillof_20231007.jpg","type":"image\/jpeg"}],"author":"SalaStampa.eu, world press service","twitter_card":"summary_large_image","twitter_misc":{"Escrito por":"SalaStampa.eu, world press service","Tiempo de lectura":"5 minutos"},"schema":{"@context":"https:\/\/schema.org","@graph":[{"@type":"Article","@id":"https:\/\/elcanillita.info\/press\/2023\/10\/06\/pajaros-perdidos\/#article","isPartOf":{"@id":"https:\/\/elcanillita.info\/press\/2023\/10\/06\/pajaros-perdidos\/"},"author":{"name":"SalaStampa.eu, world press service","@id":"https:\/\/elcanillita.info\/press\/#\/schema\/person\/7fcb79f38045700919f7da6d97e71ba0"},"headline":"P\u00e1jaros Perdidos","datePublished":"2023-10-06T23:37:00+00:00","dateModified":"2023-10-06T23:39:04+00:00","mainEntityOfPage":{"@id":"https:\/\/elcanillita.info\/press\/2023\/10\/06\/pajaros-perdidos\/"},"wordCount":954,"publisher":{"@id":"https:\/\/elcanillita.info\/press\/#organization"},"image":{"@id":"https:\/\/elcanillita.info\/press\/2023\/10\/06\/pajaros-perdidos\/#primaryimage"},"thumbnailUrl":"https:\/\/elcanillita.info\/press\/images\/2023\/10\/Kisillof_20231007.jpg","keywords":["Argentina"],"articleSection":[".",".","Actualidad","Am\u00e9rica del Sur","Corrupci\u00f3n","Politica"],"inLanguage":"es-AR"},{"@type":"WebPage","@id":"https:\/\/elcanillita.info\/press\/2023\/10\/06\/pajaros-perdidos\/","url":"https:\/\/elcanillita.info\/press\/2023\/10\/06\/pajaros-perdidos\/","name":"P\u00e1jaros Perdidos - ElCanillita.Info","isPartOf":{"@id":"https:\/\/elcanillita.info\/press\/#website"},"primaryImageOfPage":{"@id":"https:\/\/elcanillita.info\/press\/2023\/10\/06\/pajaros-perdidos\/#primaryimage"},"image":{"@id":"https:\/\/elcanillita.info\/press\/2023\/10\/06\/pajaros-perdidos\/#primaryimage"},"thumbnailUrl":"https:\/\/elcanillita.info\/press\/images\/2023\/10\/Kisillof_20231007.jpg","datePublished":"2023-10-06T23:37:00+00:00","dateModified":"2023-10-06T23:39:04+00:00","description":"Ninguno tiene una memoria tan buena para poder ser un perfecto mentiroso.George Washington","inLanguage":"es-AR","potentialAction":[{"@type":"ReadAction","target":["https:\/\/elcanillita.info\/press\/2023\/10\/06\/pajaros-perdidos\/"]}]},{"@type":"ImageObject","inLanguage":"es-AR","@id":"https:\/\/elcanillita.info\/press\/2023\/10\/06\/pajaros-perdidos\/#primaryimage","url":"https:\/\/elcanillita.info\/press\/images\/2023\/10\/Kisillof_20231007.jpg","contentUrl":"https:\/\/elcanillita.info\/press\/images\/2023\/10\/Kisillof_20231007.jpg","width":600,"height":357},{"@type":"WebSite","@id":"https:\/\/elcanillita.info\/press\/#website","url":"https:\/\/elcanillita.info\/press\/","name":"ElCanillita.Info","description":"desde los Apeninos a los Andes","publisher":{"@id":"https:\/\/elcanillita.info\/press\/#organization"},"potentialAction":[{"@type":"SearchAction","target":{"@type":"EntryPoint","urlTemplate":"https:\/\/elcanillita.info\/press\/?s={search_term_string}"},"query-input":{"@type":"PropertyValueSpecification","valueRequired":true,"valueName":"search_term_string"}}],"inLanguage":"es-AR"},{"@type":"Organization","@id":"https:\/\/elcanillita.info\/press\/#organization","name":"Guzzo Photos & Graphic Publications","url":"https:\/\/elcanillita.info\/press\/","logo":{"@type":"ImageObject","inLanguage":"es-AR","@id":"https:\/\/elcanillita.info\/press\/#\/schema\/logo\/image\/","url":"https:\/\/elcanillita.info\/press\/images\/2020\/01\/cropped-cropped-cropped-elcanillitainfo.png","contentUrl":"https:\/\/elcanillita.info\/press\/images\/2020\/01\/cropped-cropped-cropped-elcanillitainfo.png","width":460,"height":50,"caption":"Guzzo Photos & Graphic Publications"},"image":{"@id":"https:\/\/elcanillita.info\/press\/#\/schema\/logo\/image\/"},"sameAs":["https:\/\/ar-ar.facebook.com\/ElCanillitainfo-114249515285712\/"]},{"@type":"Person","@id":"https:\/\/elcanillita.info\/press\/#\/schema\/person\/7fcb79f38045700919f7da6d97e71ba0","name":"SalaStampa.eu, world press service","image":{"@type":"ImageObject","inLanguage":"es-AR","@id":"https:\/\/secure.gravatar.com\/avatar\/c2f0e0d515a107624234994507816ca4724c7199cef73fc8bedebf6931d73888?s=96&d=mm&r=g","url":"https:\/\/secure.gravatar.com\/avatar\/c2f0e0d515a107624234994507816ca4724c7199cef73fc8bedebf6931d73888?s=96&d=mm&r=g","contentUrl":"https:\/\/secure.gravatar.com\/avatar\/c2f0e0d515a107624234994507816ca4724c7199cef73fc8bedebf6931d73888?s=96&d=mm&r=g","caption":"SalaStampa.eu, world press service"}}]}},"views":561,"_links":{"self":[{"href":"https:\/\/elcanillita.info\/press\/wp-json\/wp\/v2\/posts\/3771","targetHints":{"allow":["GET"]}}],"collection":[{"href":"https:\/\/elcanillita.info\/press\/wp-json\/wp\/v2\/posts"}],"about":[{"href":"https:\/\/elcanillita.info\/press\/wp-json\/wp\/v2\/types\/post"}],"author":[{"embeddable":true,"href":"https:\/\/elcanillita.info\/press\/wp-json\/wp\/v2\/users\/1"}],"replies":[{"embeddable":true,"href":"https:\/\/elcanillita.info\/press\/wp-json\/wp\/v2\/comments?post=3771"}],"version-history":[{"count":0,"href":"https:\/\/elcanillita.info\/press\/wp-json\/wp\/v2\/posts\/3771\/revisions"}],"wp:featuredmedia":[{"embeddable":true,"href":"https:\/\/elcanillita.info\/press\/wp-json\/wp\/v2\/media\/3772"}],"wp:attachment":[{"href":"https:\/\/elcanillita.info\/press\/wp-json\/wp\/v2\/media?parent=3771"}],"wp:term":[{"taxonomy":"category","embeddable":true,"href":"https:\/\/elcanillita.info\/press\/wp-json\/wp\/v2\/categories?post=3771"},{"taxonomy":"post_tag","embeddable":true,"href":"https:\/\/elcanillita.info\/press\/wp-json\/wp\/v2\/tags?post=3771"}],"curies":[{"name":"wp","href":"https:\/\/api.w.org\/{rel}","templated":true}]}}